{"id":51725,"date":"2011-10-03T22:04:57","date_gmt":"2011-10-03T21:04:57","guid":{"rendered":"http:\/\/www.visit-ulcinj.com\/blog\/?p=51725"},"modified":"2011-10-03T22:04:58","modified_gmt":"2011-10-03T21:04:58","slug":"sluzba-za-infomisanje-predsjednika-opstine-ulcinj-obavijestava","status":"publish","type":"post","link":"https:\/\/www.visit-ulcinj.com\/blog\/2011\/10\/03\/sluzba-za-infomisanje-predsjednika-opstine-ulcinj-obavijestava\/","title":{"rendered":"Slu\u017eba za infomisanje predsjednika Op\u0161tine Ulcinj obavije\u0161tava"},"content":{"rendered":"<p><a href=\"http:\/\/www.visit-ulcinj.com\/blog\/2011\/10\/03\/sluzba-za-infomisanje-predsjednika-opstine-ulcinj-obavijestava\/komuna-ulqinit-press-2\/\" rel=\"attachment wp-att-51726\"><img loading=\"lazy\" class=\"alignleft size-medium wp-image-51726\" title=\"Komuna-Ulqinit-Press\" src=\"http:\/\/www.visit-ulcinj.com\/blog\/wp-content\/uploads\/2011\/10\/Komuna-Ulqinit-Press-300x240.jpg\" alt=\"\" width=\"300\" height=\"240\" srcset=\"https:\/\/www.visit-ulcinj.com\/blog\/wp-content\/uploads\/2011\/10\/Komuna-Ulqinit-Press-300x240.jpg 300w, https:\/\/www.visit-ulcinj.com\/blog\/wp-content\/uploads\/2011\/10\/Komuna-Ulqinit-Press.jpg 720w\" sizes=\"(max-width: 300px) 100vw, 300px\" \/><\/a>Slu\u017eba za infomisanje predsjednika Op\u0161tine Ulcinj obavije\u0161tava javnost da se Op\u0161tina Ulcinj obratila Vrhovnom dr\u017eavnom tu\u017eila\u0161tvu \u2013 Odjeljenju za suzbijanje organizovanog kriminala, terorizma i ratnih zlo\u010dina i zatra\u017eila pokretanje krivi\u010dnog postupka protiv slu\u017ebenika Sekretarijata za \u017ea\u0161titu imovine i odgovornog radnika arhivske slu\u017ebe Op\u0161tine Ulcinj zbog postojanja sumnje da su po\u010dinili krivi\u010dno djelo zloupotrebe slu\u017eenog polo\u017eaja suprotno zakonu \u0161to je nanijelo veliku \u0161tetu ulcinjskoj op\u0161tini.<\/p>\n<p>Lica protiv kojih se podnosi krivi\u010dna prijava su svojim \u010dinjenjem odnosno ne\u010dinjenjem omogu\u0107ili povra\u0107aj zemlji\u0161ta povr\u0161ine 12.730 m2 u Ulcinjskom polju tre\u0107im licima \u010dime je prourokovana ogromna \u0161teta Op\u0161tini.<\/p>\n<p><strong>Slu\u017eba za informisanje predsjednika Op\u0161tine Ulcinj<\/strong><\/p>\n<p>&nbsp;<\/p>\n","protected":false},"excerpt":{"rendered":"<p>Slu\u017eba za infomisanje predsjednika Op\u0161tine Ulcinj obavije\u0161tava javnost da se Op\u0161tina Ulcinj obratila Vrhovnom dr\u017eavnom tu\u017eila\u0161tvu \u2013 Odjeljenju za suzbijanje organizovanog kriminala, terorizma i ratnih zlo\u010dina i zatra\u017eila pokretanje krivi\u010dnog postupka protiv slu\u017ebenika Sekretarijata za \u017ea\u0161titu imovine i odgovornog radnika arhivske slu\u017ebe Op\u0161tine Ulcinj zbog postojanja sumnje da su po\u010dinili krivi\u010dno djelo zloupotrebe slu\u017eenog polo\u017eaja [&hellip;]<\/p>\n","protected":false},"author":1,"featured_media":0,"comment_status":"open","ping_status":"closed","sticky":false,"template":"","format":"standard","meta":{"spay_email":"","jetpack_publicize_message":"","jetpack_is_tweetstorm":false,"jetpack_publicize_feature_enabled":true},"categories":[8337],"tags":[264,19171,19170,19169,19],"jetpack_publicize_connections":[],"yoast_head":"<!-- This site is optimized with the Yoast SEO plugin v19.1 - https:\/\/yoast.com\/wordpress\/plugins\/seo\/ -->\n<title>Slu\u017eba za infomisanje predsjednika Op\u0161tine Ulcinj obavije\u0161tava - Lajme nga Ulqini<\/title>\n<meta name=\"description\" content=\"Slu\u017eba za infomisanje predsjednika Op\u0161tine Ulcinj obavije\u0161tava javnost da se Op\u0161tina Ulcinj obratila Vrhovnom dr\u017eavnom tu\u017eila\u0161tvu \u2013 Odjeljenju za\" \/>\n<meta name=\"robots\" content=\"index, follow, max-snippet:-1, max-image-preview:large, max-video-preview:-1\" \/>\n<link rel=\"canonical\" href=\"https:\/\/www.visit-ulcinj.com\/blog\/2011\/10\/03\/sluzba-za-infomisanje-predsjednika-opstine-ulcinj-obavijestava\/\" \/>\n<meta property=\"og:locale\" content=\"en_US\" \/>\n<meta property=\"og:type\" content=\"article\" \/>\n<meta property=\"og:title\" content=\"Slu\u017eba za infomisanje predsjednika Op\u0161tine Ulcinj obavije\u0161tava - Lajme nga Ulqini\" \/>\n<meta property=\"og:description\" content=\"Slu\u017eba za infomisanje predsjednika Op\u0161tine Ulcinj obavije\u0161tava javnost da se Op\u0161tina Ulcinj obratila Vrhovnom dr\u017eavnom tu\u017eila\u0161tvu \u2013 Odjeljenju za\" \/>\n<meta property=\"og:url\" content=\"https:\/\/www.visit-ulcinj.com\/blog\/2011\/10\/03\/sluzba-za-infomisanje-predsjednika-opstine-ulcinj-obavijestava\/\" \/>\n<meta property=\"og:site_name\" content=\"Lajme nga Ulqini\" \/>\n<meta property=\"article:published_time\" content=\"2011-10-03T21:04:57+00:00\" \/>\n<meta property=\"article:modified_time\" content=\"2011-10-03T21:04:58+00:00\" \/>\n<meta property=\"og:image\" content=\"http:\/\/www.visit-ulcinj.com\/blog\/wp-content\/uploads\/2011\/10\/Komuna-Ulqinit-Press-300x240.jpg\" \/>\n<meta name=\"twitter:label1\" content=\"Written by\" \/>\n\t<meta name=\"twitter:data1\" content=\"ulqini\" \/>\n\t<meta name=\"twitter:label2\" content=\"Est. reading time\" \/>\n\t<meta name=\"twitter:data2\" content=\"1 minute\" \/>\n<script type=\"application\/ld+json\" class=\"yoast-schema-graph\">{\"@context\":\"https:\/\/schema.org\",\"@graph\":[{\"@type\":\"WebSite\",\"@id\":\"https:\/\/www.visit-ulcinj.com\/blog\/#website\",\"url\":\"https:\/\/www.visit-ulcinj.com\/blog\/\",\"name\":\"Lajme nga Ulqini\",\"description\":\"Lajme,Vijesti,Ulqini,Ulqin,Crna Gora,Mali i Zi\",\"potentialAction\":[{\"@type\":\"SearchAction\",\"target\":{\"@type\":\"EntryPoint\",\"urlTemplate\":\"https:\/\/www.visit-ulcinj.com\/blog\/?s={search_term_string}\"},\"query-input\":\"required name=search_term_string\"}],\"inLanguage\":\"en-US\"},{\"@type\":\"ImageObject\",\"inLanguage\":\"en-US\",\"@id\":\"https:\/\/www.visit-ulcinj.com\/blog\/2011\/10\/03\/sluzba-za-infomisanje-predsjednika-opstine-ulcinj-obavijestava\/#primaryimage\",\"url\":\"https:\/\/www.visit-ulcinj.com\/blog\/wp-content\/uploads\/2011\/10\/Komuna-Ulqinit-Press.jpg\",\"contentUrl\":\"https:\/\/www.visit-ulcinj.com\/blog\/wp-content\/uploads\/2011\/10\/Komuna-Ulqinit-Press.jpg\",\"width\":\"720\",\"height\":\"576\"},{\"@type\":\"WebPage\",\"@id\":\"https:\/\/www.visit-ulcinj.com\/blog\/2011\/10\/03\/sluzba-za-infomisanje-predsjednika-opstine-ulcinj-obavijestava\/#webpage\",\"url\":\"https:\/\/www.visit-ulcinj.com\/blog\/2011\/10\/03\/sluzba-za-infomisanje-predsjednika-opstine-ulcinj-obavijestava\/\",\"name\":\"Slu\u017eba za infomisanje predsjednika Op\u0161tine Ulcinj obavije\u0161tava - Lajme nga Ulqini\",\"isPartOf\":{\"@id\":\"https:\/\/www.visit-ulcinj.com\/blog\/#website\"},\"primaryImageOfPage\":{\"@id\":\"https:\/\/www.visit-ulcinj.com\/blog\/2011\/10\/03\/sluzba-za-infomisanje-predsjednika-opstine-ulcinj-obavijestava\/#primaryimage\"},\"datePublished\":\"2011-10-03T21:04:57+00:00\",\"dateModified\":\"2011-10-03T21:04:58+00:00\",\"author\":{\"@id\":\"https:\/\/www.visit-ulcinj.com\/blog\/#\/schema\/person\/dcab619c614d3038751c63bc2aadc06d\"},\"description\":\"Slu\u017eba za infomisanje predsjednika Op\u0161tine Ulcinj obavije\u0161tava javnost da se Op\u0161tina Ulcinj obratila Vrhovnom dr\u017eavnom tu\u017eila\u0161tvu \u2013 Odjeljenju za\",\"breadcrumb\":{\"@id\":\"https:\/\/www.visit-ulcinj.com\/blog\/2011\/10\/03\/sluzba-za-infomisanje-predsjednika-opstine-ulcinj-obavijestava\/#breadcrumb\"},\"inLanguage\":\"en-US\",\"potentialAction\":[{\"@type\":\"ReadAction\",\"target\":[\"https:\/\/www.visit-ulcinj.com\/blog\/2011\/10\/03\/sluzba-za-infomisanje-predsjednika-opstine-ulcinj-obavijestava\/\"]}]},{\"@type\":\"BreadcrumbList\",\"@id\":\"https:\/\/www.visit-ulcinj.com\/blog\/2011\/10\/03\/sluzba-za-infomisanje-predsjednika-opstine-ulcinj-obavijestava\/#breadcrumb\",\"itemListElement\":[{\"@type\":\"ListItem\",\"position\":1,\"name\":\"Slu\u017eba za infomisanje predsjednika Op\u0161tine Ulcinj obavije\u0161tava\"}]},{\"@type\":\"Person\",\"@id\":\"https:\/\/www.visit-ulcinj.com\/blog\/#\/schema\/person\/dcab619c614d3038751c63bc2aadc06d\",\"name\":\"ulqini\",\"sameAs\":[\"http:\/\/www.visit-ulcinj.com\"],\"url\":\"https:\/\/www.visit-ulcinj.com\/blog\/author\/admin\/\"}]}<\/script>\n<!-- \/ Yoast SEO plugin. -->","yoast_head_json":{"title":"Slu\u017eba za infomisanje predsjednika Op\u0161tine Ulcinj obavije\u0161tava - Lajme nga Ulqini","description":"Slu\u017eba za infomisanje predsjednika Op\u0161tine Ulcinj obavije\u0161tava javnost da se Op\u0161tina Ulcinj obratila Vrhovnom dr\u017eavnom tu\u017eila\u0161tvu \u2013 Odjeljenju za","robots":{"index":"index","follow":"follow","max-snippet":"max-snippet:-1","max-image-preview":"max-image-preview:large","max-video-preview":"max-video-preview:-1"},"canonical":"https:\/\/www.visit-ulcinj.com\/blog\/2011\/10\/03\/sluzba-za-infomisanje-predsjednika-opstine-ulcinj-obavijestava\/","og_locale":"en_US","og_type":"article","og_title":"Slu\u017eba za infomisanje predsjednika Op\u0161tine Ulcinj obavije\u0161tava - Lajme nga Ulqini","og_description":"Slu\u017eba za infomisanje predsjednika Op\u0161tine Ulcinj obavije\u0161tava javnost da se Op\u0161tina Ulcinj obratila Vrhovnom dr\u017eavnom tu\u017eila\u0161tvu \u2013 Odjeljenju za","og_url":"https:\/\/www.visit-ulcinj.com\/blog\/2011\/10\/03\/sluzba-za-infomisanje-predsjednika-opstine-ulcinj-obavijestava\/","og_site_name":"Lajme nga Ulqini","article_published_time":"2011-10-03T21:04:57+00:00","article_modified_time":"2011-10-03T21:04:58+00:00","og_image":[{"url":"http:\/\/www.visit-ulcinj.com\/blog\/wp-content\/uploads\/2011\/10\/Komuna-Ulqinit-Press-300x240.jpg"}],"twitter_misc":{"Written by":"ulqini","Est. reading time":"1 minute"},"schema":{"@context":"https:\/\/schema.org","@graph":[{"@type":"WebSite","@id":"https:\/\/www.visit-ulcinj.com\/blog\/#website","url":"https:\/\/www.visit-ulcinj.com\/blog\/","name":"Lajme nga Ulqini","description":"Lajme,Vijesti,Ulqini,Ulqin,Crna Gora,Mali i Zi","potentialAction":[{"@type":"SearchAction","target":{"@type":"EntryPoint","urlTemplate":"https:\/\/www.visit-ulcinj.com\/blog\/?s={search_term_string}"},"query-input":"required name=search_term_string"}],"inLanguage":"en-US"},{"@type":"ImageObject","inLanguage":"en-US","@id":"https:\/\/www.visit-ulcinj.com\/blog\/2011\/10\/03\/sluzba-za-infomisanje-predsjednika-opstine-ulcinj-obavijestava\/#primaryimage","url":"https:\/\/www.visit-ulcinj.com\/blog\/wp-content\/uploads\/2011\/10\/Komuna-Ulqinit-Press.jpg","contentUrl":"https:\/\/www.visit-ulcinj.com\/blog\/wp-content\/uploads\/2011\/10\/Komuna-Ulqinit-Press.jpg","width":"720","height":"576"},{"@type":"WebPage","@id":"https:\/\/www.visit-ulcinj.com\/blog\/2011\/10\/03\/sluzba-za-infomisanje-predsjednika-opstine-ulcinj-obavijestava\/#webpage","url":"https:\/\/www.visit-ulcinj.com\/blog\/2011\/10\/03\/sluzba-za-infomisanje-predsjednika-opstine-ulcinj-obavijestava\/","name":"Slu\u017eba za infomisanje predsjednika Op\u0161tine Ulcinj obavije\u0161tava - Lajme nga Ulqini","isPartOf":{"@id":"https:\/\/www.visit-ulcinj.com\/blog\/#website"},"primaryImageOfPage":{"@id":"https:\/\/www.visit-ulcinj.com\/blog\/2011\/10\/03\/sluzba-za-infomisanje-predsjednika-opstine-ulcinj-obavijestava\/#primaryimage"},"datePublished":"2011-10-03T21:04:57+00:00","dateModified":"2011-10-03T21:04:58+00:00","author":{"@id":"https:\/\/www.visit-ulcinj.com\/blog\/#\/schema\/person\/dcab619c614d3038751c63bc2aadc06d"},"description":"Slu\u017eba za infomisanje predsjednika Op\u0161tine Ulcinj obavije\u0161tava javnost da se Op\u0161tina Ulcinj obratila Vrhovnom dr\u017eavnom tu\u017eila\u0161tvu \u2013 Odjeljenju za","breadcrumb":{"@id":"https:\/\/www.visit-ulcinj.com\/blog\/2011\/10\/03\/sluzba-za-infomisanje-predsjednika-opstine-ulcinj-obavijestava\/#breadcrumb"},"inLanguage":"en-US","potentialAction":[{"@type":"ReadAction","target":["https:\/\/www.visit-ulcinj.com\/blog\/2011\/10\/03\/sluzba-za-infomisanje-predsjednika-opstine-ulcinj-obavijestava\/"]}]},{"@type":"BreadcrumbList","@id":"https:\/\/www.visit-ulcinj.com\/blog\/2011\/10\/03\/sluzba-za-infomisanje-predsjednika-opstine-ulcinj-obavijestava\/#breadcrumb","itemListElement":[{"@type":"ListItem","position":1,"name":"Slu\u017eba za infomisanje predsjednika Op\u0161tine Ulcinj obavije\u0161tava"}]},{"@type":"Person","@id":"https:\/\/www.visit-ulcinj.com\/blog\/#\/schema\/person\/dcab619c614d3038751c63bc2aadc06d","name":"ulqini","sameAs":["http:\/\/www.visit-ulcinj.com"],"url":"https:\/\/www.visit-ulcinj.com\/blog\/author\/admin\/"}]}},"jetpack_featured_media_url":"","jetpack_sharing_enabled":true,"jetpack_shortlink":"https:\/\/wp.me\/pe6lTn-dsh","_links":{"self":[{"href":"https:\/\/www.visit-ulcinj.com\/blog\/wp-json\/wp\/v2\/posts\/51725"}],"collection":[{"href":"https:\/\/www.visit-ulcinj.com\/blog\/wp-json\/wp\/v2\/posts"}],"about":[{"href":"https:\/\/www.visit-ulcinj.com\/blog\/wp-json\/wp\/v2\/types\/post"}],"author":[{"embeddable":true,"href":"https:\/\/www.visit-ulcinj.com\/blog\/wp-json\/wp\/v2\/users\/1"}],"replies":[{"embeddable":true,"href":"https:\/\/www.visit-ulcinj.com\/blog\/wp-json\/wp\/v2\/comments?post=51725"}],"version-history":[{"count":2,"href":"https:\/\/www.visit-ulcinj.com\/blog\/wp-json\/wp\/v2\/posts\/51725\/revisions"}],"predecessor-version":[{"id":51728,"href":"https:\/\/www.visit-ulcinj.com\/blog\/wp-json\/wp\/v2\/posts\/51725\/revisions\/51728"}],"wp:attachment":[{"href":"https:\/\/www.visit-ulcinj.com\/blog\/wp-json\/wp\/v2\/media?parent=51725"}],"wp:term":[{"taxonomy":"category","embeddable":true,"href":"https:\/\/www.visit-ulcinj.com\/blog\/wp-json\/wp\/v2\/categories?post=51725"},{"taxonomy":"post_tag","embeddable":true,"href":"https:\/\/www.visit-ulcinj.com\/blog\/wp-json\/wp\/v2\/tags?post=51725"}],"curies":[{"name":"wp","href":"https:\/\/api.w.org\/{rel}","templated":true}]}}