{"id":5173,"date":"2008-10-30T15:25:32","date_gmt":"2008-10-30T20:25:32","guid":{"rendered":"http:\/\/www.visit-ulcinj.com\/blog\/?p=5173"},"modified":"2008-11-02T04:20:51","modified_gmt":"2008-11-02T09:20:51","slug":"ulcinjlukic-dao-ostavku-u-pzp","status":"publish","type":"post","link":"https:\/\/www.visit-ulcinj.com\/blog\/2008\/10\/30\/ulcinjlukic-dao-ostavku-u-pzp\/","title":{"rendered":"Ulcinj:Luki? dao ostavku u PzP"},"content":{"rendered":"<p><a href=\"http:\/\/www.visit-ulcinj.com\/blog\/wp-content\/uploads\/2008\/10\/ivo-lukic_pzp-ulcinj.jpg\"><img loading=\"lazy\" class=\"alignleft size-medium wp-image-5125\" title=\"ivo-lukic_pzp-ulcinj\" src=\"http:\/\/www.visit-ulcinj.com\/blog\/wp-content\/uploads\/2008\/10\/ivo-lukic_pzp-ulcinj-300x222.jpg\" alt=\"\" width=\"300\" height=\"222\" srcset=\"https:\/\/www.visit-ulcinj.com\/blog\/wp-content\/uploads\/2008\/10\/ivo-lukic_pzp-ulcinj-300x222.jpg 300w, https:\/\/www.visit-ulcinj.com\/blog\/wp-content\/uploads\/2008\/10\/ivo-lukic_pzp-ulcinj.jpg 432w\" sizes=\"(max-width: 300px) 100vw, 300px\" \/><\/a><strong>Otkazan sastanak medojevi?a sa ulcinjskim odborom<\/strong><br \/>\nUlcinj &#8211; Predsjednik Inicijativnog odbora (IO) Pokreta za promjene u Ulcinju Ivo Luki? podnio je ju?e neopozivu ostavku na tu funkciju, ali nije htio da saop\u0161ti da li ?e istupiti i iz ?lanstva Pokreta.<br \/>\nOn je kazao da je zbog nezainteresovanosti ve?ine ?lanova Odbora, otkazao dana\u0161nju sjednicu na kojoj je trebalo da se pojavi neko iz vrha PzP-a.<br \/>\n\u201cSjednice nema, jer ljudi jednostavno ne?e da do?u kao i u nekoliko navrata ranije. Jedni mi ka\u017eu da ih to vi\u0161e ne interesuje, dok mi se drugi ?ak ni na telefon ne javljaju. Zato sam bio primoran da sjednicu otka\u017eem i ovim putem saop\u0161tim javnosti da sam podnio neopozivu ostavku na mjesto predsjednika IO\u201d, kazao je Luki? \u201cVijestima\u201d.<br \/>\nBura u ulcinjskom odboru PzP-a po?ela je kada je ve?ina ?lanova albanske nacionalnosti najavila da ?e podnijeti ostavku zbog u?e\u0161?a \u0161efa stranke Nebjo\u0161e Medojevi?a na mitingu protiv priznanja Kosova.<br \/>\nJedini ?lan IO koji je javno podnio ostavku Amir Resulbegovi? kazao je da je izigran pona\u0161anjem vrha stranke, najavljuju?i da bi uskoro i ostali ?lanovi mogli napustiti to strana?ko tijelo, ali i Pokret.<br \/>\nObrazla\u017eu?i ostavku, Luki? je kazao da je razo?aran politikom koju vode ?elnici PzP-a, po?ev od sjednice Skup\u0161tine na Cetinju kada je usvojena Rezolucija o ubrzanom pristupu Crne Gore evropskim integracijama, a koju su poslanici Pokreta bojkotovali.<br \/>\n\u201cNakon te sjednice i usvajanja Rezolucije bez poslanika PzP-a, stavio sam prst na ?elo. Negativne reakcije ?elnika partije na odluku Vlade da prizna Kosovo, rije\u0161ile su dilemu\u201d, kazao je Luki?.<br \/>\nPortparol PzP-a Ko?a Pavlovi? potvrdio je da je jedan broj ?lanova Odbora podnio ostavku, isti?u?i da ve?ina insistira da ostane u ?lanstvu Pokreta. On je kazao da su ?lanovi i aktivisti Pokreta u Ulcinju bili izlo\u017eeni velikom pritisku odre?enih \u201cpoliti?kih i drugih struktura u okviru kampanje koju vlast vodi protiv Pokreta\u201d.<br \/>\n\u201cMi razumijemo situaciju u kojoj su se na\u0161le na\u0161e kolege iz Ulcinja. Vrijeme ?e ubrzo pokazati ono \u0161to je bilo vidljivo sve ovo vrijeme &#8211; da je PzP gra?anska partija koja je bila i osta?e jedini siguran oslonac u borbi za za\u0161titu ljudskih i gra?anskih prava svih gra?ana Crne Gore, bilo da su oni Albanci, Srbi, Crnogorci, Hrvati, Bo\u0161njaci ili Muslimani\u201d, kazao je Pavlovi?.<br \/>\nOn je pojasnio da ?e Predsjedni\u0161tvo PzP-a, na sjutra\u0161njoj sjednici, ?im se upozna sa ostavkom Luki?a popuniti upra\u017enjena mjesta u IO i imenovati novog predsjednika IO u Ulcinju.<br \/>\n\u201cRanije formirani deveto?lani IO, koji trenutno broji sedam ?lanova, bi?e popunjen i pro\u0161iren jednim brojem novih ?lanova koji su svojim anga\u017emanom tokom minule predsjedni?ke kampanje pokazali visok stepen posve?enosti na\u0161oj zajedni?koj misiji\u201d, kazao je Pavlovi?.<br \/>\nOn je pojasnio da ranije usvojeni plan Predsjedni\u0161tva PzP predvi?a da Op\u0161tinski odbor u Ulcinju bude formiran najkasnije do kraja februara 2009, isti?u?i da ?e izborni proces u ulcinjskoj organizaciji Pokreta po?eti ve? narednog mjeseca.<br \/>\n<strong>S.A. \u2013 Sa.K.<br \/>\nIzvor \/ Vijesti<\/strong><\/p>\n<!--YouTube Error: bad URL entered-->\n","protected":false},"excerpt":{"rendered":"<p>Otkazan sastanak medojevi?a sa ulcinjskim odborom Ulcinj &#8211; Predsjednik Inicijativnog odbora (IO) Pokreta za promjene u Ulcinju Ivo Luki? podnio je ju?e neopozivu ostavku na tu funkciju, ali nije htio da saop\u0161ti da li ?e istupiti i iz ?lanstva Pokreta. On je kazao da je zbog nezainteresovanosti ve?ine ?lanova Odbora, otkazao dana\u0161nju sjednicu na kojoj [&hellip;]<\/p>\n","protected":false},"author":1,"featured_media":0,"comment_status":"open","ping_status":"closed","sticky":false,"template":"","format":"standard","meta":{"spay_email":"","jetpack_publicize_message":"","jetpack_is_tweetstorm":false,"jetpack_publicize_feature_enabled":true},"categories":[6,12],"tags":[4846,19],"jetpack_publicize_connections":[],"yoast_head":"<!-- This site is optimized with the Yoast SEO plugin v19.1 - https:\/\/yoast.com\/wordpress\/plugins\/seo\/ -->\n<title>Ulcinj:Luki? dao ostavku u PzP - Lajme nga Ulqini<\/title>\n<meta name=\"description\" content=\"Otkazan sastanak medojevi?a sa ulcinjskim odborom Ulcinj - Predsjednik Inicijativnog odbora (IO) Pokreta za promjene u Ulcinju Ivo Luki? podnio je ju?e\" \/>\n<meta name=\"robots\" content=\"index, follow, max-snippet:-1, max-image-preview:large, max-video-preview:-1\" \/>\n<link rel=\"canonical\" href=\"https:\/\/www.visit-ulcinj.com\/blog\/2008\/10\/30\/ulcinjlukic-dao-ostavku-u-pzp\/\" \/>\n<meta property=\"og:locale\" content=\"en_US\" \/>\n<meta property=\"og:type\" content=\"article\" \/>\n<meta property=\"og:title\" content=\"Ulcinj:Luki? dao ostavku u PzP - Lajme nga Ulqini\" \/>\n<meta property=\"og:description\" content=\"Otkazan sastanak medojevi?a sa ulcinjskim odborom Ulcinj - Predsjednik Inicijativnog odbora (IO) Pokreta za promjene u Ulcinju Ivo Luki? podnio je ju?e\" \/>\n<meta property=\"og:url\" content=\"https:\/\/www.visit-ulcinj.com\/blog\/2008\/10\/30\/ulcinjlukic-dao-ostavku-u-pzp\/\" \/>\n<meta property=\"og:site_name\" content=\"Lajme nga Ulqini\" \/>\n<meta property=\"article:published_time\" content=\"2008-10-30T20:25:32+00:00\" \/>\n<meta property=\"article:modified_time\" content=\"2008-11-02T09:20:51+00:00\" \/>\n<meta property=\"og:image\" content=\"http:\/\/www.visit-ulcinj.com\/blog\/wp-content\/uploads\/2008\/10\/ivo-lukic_pzp-ulcinj-300x222.jpg\" \/>\n<meta name=\"twitter:label1\" content=\"Written by\" \/>\n\t<meta name=\"twitter:data1\" content=\"ulqini\" \/>\n\t<meta name=\"twitter:label2\" content=\"Est. reading time\" \/>\n\t<meta name=\"twitter:data2\" content=\"3 minutes\" \/>\n<script type=\"application\/ld+json\" class=\"yoast-schema-graph\">{\"@context\":\"https:\/\/schema.org\",\"@graph\":[{\"@type\":\"WebSite\",\"@id\":\"https:\/\/www.visit-ulcinj.com\/blog\/#website\",\"url\":\"https:\/\/www.visit-ulcinj.com\/blog\/\",\"name\":\"Lajme nga Ulqini\",\"description\":\"Lajme,Vijesti,Ulqini,Ulqin,Crna Gora,Mali i Zi\",\"potentialAction\":[{\"@type\":\"SearchAction\",\"target\":{\"@type\":\"EntryPoint\",\"urlTemplate\":\"https:\/\/www.visit-ulcinj.com\/blog\/?s={search_term_string}\"},\"query-input\":\"required name=search_term_string\"}],\"inLanguage\":\"en-US\"},{\"@type\":\"ImageObject\",\"inLanguage\":\"en-US\",\"@id\":\"https:\/\/www.visit-ulcinj.com\/blog\/2008\/10\/30\/ulcinjlukic-dao-ostavku-u-pzp\/#primaryimage\",\"url\":\"http:\/\/www.visit-ulcinj.com\/blog\/wp-content\/uploads\/2008\/10\/ivo-lukic_pzp-ulcinj-300x222.jpg\",\"contentUrl\":\"http:\/\/www.visit-ulcinj.com\/blog\/wp-content\/uploads\/2008\/10\/ivo-lukic_pzp-ulcinj-300x222.jpg\"},{\"@type\":\"WebPage\",\"@id\":\"https:\/\/www.visit-ulcinj.com\/blog\/2008\/10\/30\/ulcinjlukic-dao-ostavku-u-pzp\/#webpage\",\"url\":\"https:\/\/www.visit-ulcinj.com\/blog\/2008\/10\/30\/ulcinjlukic-dao-ostavku-u-pzp\/\",\"name\":\"Ulcinj:Luki? dao ostavku u PzP - Lajme nga Ulqini\",\"isPartOf\":{\"@id\":\"https:\/\/www.visit-ulcinj.com\/blog\/#website\"},\"primaryImageOfPage\":{\"@id\":\"https:\/\/www.visit-ulcinj.com\/blog\/2008\/10\/30\/ulcinjlukic-dao-ostavku-u-pzp\/#primaryimage\"},\"datePublished\":\"2008-10-30T20:25:32+00:00\",\"dateModified\":\"2008-11-02T09:20:51+00:00\",\"author\":{\"@id\":\"https:\/\/www.visit-ulcinj.com\/blog\/#\/schema\/person\/dcab619c614d3038751c63bc2aadc06d\"},\"description\":\"Otkazan sastanak medojevi?a sa ulcinjskim odborom Ulcinj - Predsjednik Inicijativnog odbora (IO) Pokreta za promjene u Ulcinju Ivo Luki? podnio je ju?e\",\"breadcrumb\":{\"@id\":\"https:\/\/www.visit-ulcinj.com\/blog\/2008\/10\/30\/ulcinjlukic-dao-ostavku-u-pzp\/#breadcrumb\"},\"inLanguage\":\"en-US\",\"potentialAction\":[{\"@type\":\"ReadAction\",\"target\":[\"https:\/\/www.visit-ulcinj.com\/blog\/2008\/10\/30\/ulcinjlukic-dao-ostavku-u-pzp\/\"]}]},{\"@type\":\"BreadcrumbList\",\"@id\":\"https:\/\/www.visit-ulcinj.com\/blog\/2008\/10\/30\/ulcinjlukic-dao-ostavku-u-pzp\/#breadcrumb\",\"itemListElement\":[{\"@type\":\"ListItem\",\"position\":1,\"name\":\"Ulcinj:Luki? dao ostavku u PzP\"}]},{\"@type\":\"Person\",\"@id\":\"https:\/\/www.visit-ulcinj.com\/blog\/#\/schema\/person\/dcab619c614d3038751c63bc2aadc06d\",\"name\":\"ulqini\",\"sameAs\":[\"http:\/\/www.visit-ulcinj.com\"],\"url\":\"https:\/\/www.visit-ulcinj.com\/blog\/author\/admin\/\"}]}<\/script>\n<!-- \/ Yoast SEO plugin. -->","yoast_head_json":{"title":"Ulcinj:Luki? dao ostavku u PzP - Lajme nga Ulqini","description":"Otkazan sastanak medojevi?a sa ulcinjskim odborom Ulcinj - Predsjednik Inicijativnog odbora (IO) Pokreta za promjene u Ulcinju Ivo Luki? podnio je ju?e","robots":{"index":"index","follow":"follow","max-snippet":"max-snippet:-1","max-image-preview":"max-image-preview:large","max-video-preview":"max-video-preview:-1"},"canonical":"https:\/\/www.visit-ulcinj.com\/blog\/2008\/10\/30\/ulcinjlukic-dao-ostavku-u-pzp\/","og_locale":"en_US","og_type":"article","og_title":"Ulcinj:Luki? dao ostavku u PzP - Lajme nga Ulqini","og_description":"Otkazan sastanak medojevi?a sa ulcinjskim odborom Ulcinj - Predsjednik Inicijativnog odbora (IO) Pokreta za promjene u Ulcinju Ivo Luki? podnio je ju?e","og_url":"https:\/\/www.visit-ulcinj.com\/blog\/2008\/10\/30\/ulcinjlukic-dao-ostavku-u-pzp\/","og_site_name":"Lajme nga Ulqini","article_published_time":"2008-10-30T20:25:32+00:00","article_modified_time":"2008-11-02T09:20:51+00:00","og_image":[{"url":"http:\/\/www.visit-ulcinj.com\/blog\/wp-content\/uploads\/2008\/10\/ivo-lukic_pzp-ulcinj-300x222.jpg"}],"twitter_misc":{"Written by":"ulqini","Est. reading time":"3 minutes"},"schema":{"@context":"https:\/\/schema.org","@graph":[{"@type":"WebSite","@id":"https:\/\/www.visit-ulcinj.com\/blog\/#website","url":"https:\/\/www.visit-ulcinj.com\/blog\/","name":"Lajme nga Ulqini","description":"Lajme,Vijesti,Ulqini,Ulqin,Crna Gora,Mali i Zi","potentialAction":[{"@type":"SearchAction","target":{"@type":"EntryPoint","urlTemplate":"https:\/\/www.visit-ulcinj.com\/blog\/?s={search_term_string}"},"query-input":"required name=search_term_string"}],"inLanguage":"en-US"},{"@type":"ImageObject","inLanguage":"en-US","@id":"https:\/\/www.visit-ulcinj.com\/blog\/2008\/10\/30\/ulcinjlukic-dao-ostavku-u-pzp\/#primaryimage","url":"http:\/\/www.visit-ulcinj.com\/blog\/wp-content\/uploads\/2008\/10\/ivo-lukic_pzp-ulcinj-300x222.jpg","contentUrl":"http:\/\/www.visit-ulcinj.com\/blog\/wp-content\/uploads\/2008\/10\/ivo-lukic_pzp-ulcinj-300x222.jpg"},{"@type":"WebPage","@id":"https:\/\/www.visit-ulcinj.com\/blog\/2008\/10\/30\/ulcinjlukic-dao-ostavku-u-pzp\/#webpage","url":"https:\/\/www.visit-ulcinj.com\/blog\/2008\/10\/30\/ulcinjlukic-dao-ostavku-u-pzp\/","name":"Ulcinj:Luki? dao ostavku u PzP - Lajme nga Ulqini","isPartOf":{"@id":"https:\/\/www.visit-ulcinj.com\/blog\/#website"},"primaryImageOfPage":{"@id":"https:\/\/www.visit-ulcinj.com\/blog\/2008\/10\/30\/ulcinjlukic-dao-ostavku-u-pzp\/#primaryimage"},"datePublished":"2008-10-30T20:25:32+00:00","dateModified":"2008-11-02T09:20:51+00:00","author":{"@id":"https:\/\/www.visit-ulcinj.com\/blog\/#\/schema\/person\/dcab619c614d3038751c63bc2aadc06d"},"description":"Otkazan sastanak medojevi?a sa ulcinjskim odborom Ulcinj - Predsjednik Inicijativnog odbora (IO) Pokreta za promjene u Ulcinju Ivo Luki? podnio je ju?e","breadcrumb":{"@id":"https:\/\/www.visit-ulcinj.com\/blog\/2008\/10\/30\/ulcinjlukic-dao-ostavku-u-pzp\/#breadcrumb"},"inLanguage":"en-US","potentialAction":[{"@type":"ReadAction","target":["https:\/\/www.visit-ulcinj.com\/blog\/2008\/10\/30\/ulcinjlukic-dao-ostavku-u-pzp\/"]}]},{"@type":"BreadcrumbList","@id":"https:\/\/www.visit-ulcinj.com\/blog\/2008\/10\/30\/ulcinjlukic-dao-ostavku-u-pzp\/#breadcrumb","itemListElement":[{"@type":"ListItem","position":1,"name":"Ulcinj:Luki? dao ostavku u PzP"}]},{"@type":"Person","@id":"https:\/\/www.visit-ulcinj.com\/blog\/#\/schema\/person\/dcab619c614d3038751c63bc2aadc06d","name":"ulqini","sameAs":["http:\/\/www.visit-ulcinj.com"],"url":"https:\/\/www.visit-ulcinj.com\/blog\/author\/admin\/"}]}},"jetpack_featured_media_url":"","jetpack_sharing_enabled":true,"jetpack_shortlink":"https:\/\/wp.me\/pe6lTn-1lr","_links":{"self":[{"href":"https:\/\/www.visit-ulcinj.com\/blog\/wp-json\/wp\/v2\/posts\/5173"}],"collection":[{"href":"https:\/\/www.visit-ulcinj.com\/blog\/wp-json\/wp\/v2\/posts"}],"about":[{"href":"https:\/\/www.visit-ulcinj.com\/blog\/wp-json\/wp\/v2\/types\/post"}],"author":[{"embeddable":true,"href":"https:\/\/www.visit-ulcinj.com\/blog\/wp-json\/wp\/v2\/users\/1"}],"replies":[{"embeddable":true,"href":"https:\/\/www.visit-ulcinj.com\/blog\/wp-json\/wp\/v2\/comments?post=5173"}],"version-history":[{"count":0,"href":"https:\/\/www.visit-ulcinj.com\/blog\/wp-json\/wp\/v2\/posts\/5173\/revisions"}],"wp:attachment":[{"href":"https:\/\/www.visit-ulcinj.com\/blog\/wp-json\/wp\/v2\/media?parent=5173"}],"wp:term":[{"taxonomy":"category","embeddable":true,"href":"https:\/\/www.visit-ulcinj.com\/blog\/wp-json\/wp\/v2\/categories?post=5173"},{"taxonomy":"post_tag","embeddable":true,"href":"https:\/\/www.visit-ulcinj.com\/blog\/wp-json\/wp\/v2\/tags?post=5173"}],"curies":[{"name":"wp","href":"https:\/\/api.w.org\/{rel}","templated":true}]}}