{"id":51746,"date":"2011-10-04T11:51:17","date_gmt":"2011-10-04T10:51:17","guid":{"rendered":"http:\/\/www.visit-ulcinj.com\/blog\/?p=51746"},"modified":"2011-10-04T12:27:14","modified_gmt":"2011-10-04T11:27:14","slug":"apel-ministrise-se-arsimit-dhe-shkences-te-shqiperise","status":"publish","type":"post","link":"https:\/\/www.visit-ulcinj.com\/blog\/2011\/10\/04\/apel-ministrise-se-arsimit-dhe-shkences-te-shqiperise\/","title":{"rendered":"Apel Ministris\u00eb s\u00eb Arsimit dhe Shkenc\u00ebs  t\u00eb Shqip\u00ebris\u00eb"},"content":{"rendered":"<p style=\"text-align: left;\" align=\"center\"><a href=\"http:\/\/www.visit-ulcinj.com\/blog\/2011\/10\/04\/apel-ministrise-se-arsimit-dhe-shkences-te-shqiperise\/ministria-e-arsimit-dhe-shkences3-10-2011_3\/\" rel=\"attachment wp-att-51751\"><img loading=\"lazy\" class=\"alignleft size-full wp-image-51751\" title=\"Ministria e Arsimit dhe Shkences3.10.2011_3\" src=\"http:\/\/www.visit-ulcinj.com\/blog\/wp-content\/uploads\/2011\/10\/Ministria-e-Arsimit-dhe-Shkences3.10.2011_3.jpg\" alt=\"\" width=\"508\" height=\"180\" \/><\/a><\/p>\n<p align=\"center\">MINISTRIA E ARSIMIT DHE SHKENC\u00cb E SHQIP\u00cbRIS\u00cb<\/p>\n<p align=\"center\">Ministrit Prof. Dr. Myqerem Tafaj<\/p>\n<p>&nbsp;<\/p>\n<p>I nderuar z.Minist\u00ebr,<\/p>\n<p>&nbsp;<\/p>\n<p>Si\u00e7 jeni n\u00eb dijeni k\u00ebt\u00eb vit p\u00ebr t\u00eb par\u00ebn her\u00eb student\u00ebt shqiptare nga Mali i Zi<\/p>\n<p>nuk do t\u00eb mund t\u00eb regjistrohen n\u00eb Univeristetet e Shqiperis\u00eb n\u00eb baz\u00eb t\u00eb kuotave t\u00eb lejuara nga ana e Ministris\u00eb.<\/p>\n<p>Pasi edhe pak dit\u00eb kan\u00eb mbetur nga fillimi i vitit t\u00eb ri akademik, shum\u00eb nga t\u00eb rinjt\u00eb tan\u00eb kan\u00eb mbetur ende pa u regjistruar.<\/p>\n<p>Gjat\u00eb k\u00ebtyre dit\u00ebve kam pasur rast t\u00eb takohem drejtp\u00ebrs\u00ebdrejti me student\u00ebt dhe\u00a0 prind\u00ebrit e tyre t\u00eb cil\u00ebt llogarisin n\u00eb ndihm\u00ebn tuaj dhe n\u00eb tejkalimin e k\u00ebsaj situate t\u00eb krijuar.<\/p>\n<p>Univeristetet e Shqip\u00ebris\u00eb prej vitesh kan\u00eb pritur dhe p\u00ebrcjellur nj\u00eb num\u00ebr t\u00eb madh t\u00eb student\u00ebve shqiptare nga Mali i Zi, andaj shpresojm\u00eb se k\u00ebshtu do t\u00eb jet\u00eb edhe n\u00eb t\u00eb ardhmen<br \/>\n<a href=\"http:\/\/www.visit-ulcinj.com\/blog\/2011\/10\/04\/apel-ministrise-se-arsimit-dhe-shkences-te-shqiperise\/ministria-e-arsimit-dhe-shkences3-10-2011_2\/\" rel=\"attachment wp-att-51748\"><img loading=\"lazy\" class=\"alignleft size-full wp-image-51748\" title=\"Ministria e Arsimit dhe Shkences3.10.2011_2\" src=\"http:\/\/www.visit-ulcinj.com\/blog\/wp-content\/uploads\/2011\/10\/Ministria-e-Arsimit-dhe-Shkences3.10.2011_2.jpg\" alt=\"\" width=\"508\" height=\"174\" \/><\/a><\/p>\n","protected":false},"excerpt":{"rendered":"<p>MINISTRIA E ARSIMIT DHE SHKENC\u00cb E SHQIP\u00cbRIS\u00cb Ministrit Prof. Dr. Myqerem Tafaj &nbsp; I nderuar z.Minist\u00ebr, &nbsp; Si\u00e7 jeni n\u00eb dijeni k\u00ebt\u00eb vit p\u00ebr t\u00eb par\u00ebn her\u00eb student\u00ebt shqiptare nga Mali i Zi nuk do t\u00eb mund t\u00eb regjistrohen n\u00eb Univeristetet e Shqiperis\u00eb n\u00eb baz\u00eb t\u00eb kuotave t\u00eb lejuara nga ana e Ministris\u00eb. Pasi edhe [&hellip;]<\/p>\n","protected":false},"author":1,"featured_media":0,"comment_status":"open","ping_status":"closed","sticky":false,"template":"","format":"standard","meta":{"spay_email":"","jetpack_publicize_message":"","jetpack_is_tweetstorm":false,"jetpack_publicize_feature_enabled":true},"categories":[4],"tags":[229,19172,19173,118,200,18,46,19174],"jetpack_publicize_connections":[],"yoast_head":"<!-- This site is optimized with the Yoast SEO plugin v19.1 - https:\/\/yoast.com\/wordpress\/plugins\/seo\/ -->\n<title>Apel Ministris\u00eb s\u00eb Arsimit dhe Shkenc\u00ebs t\u00eb Shqip\u00ebris\u00eb - Lajme nga Ulqini<\/title>\n<meta name=\"description\" content=\"MINISTRIA E ARSIMIT DHE SHKENC\u00cb E SHQIP\u00cbRIS\u00cb Ministrit Prof. Dr. Myqerem Tafaj &nbsp; I nderuar z.Minist\u00ebr, &nbsp; Si\u00e7 jeni n\u00eb dijeni k\u00ebt\u00eb vit p\u00ebr t\u00eb\" \/>\n<meta name=\"robots\" content=\"index, follow, max-snippet:-1, max-image-preview:large, max-video-preview:-1\" \/>\n<link rel=\"canonical\" href=\"https:\/\/www.visit-ulcinj.com\/blog\/2011\/10\/04\/apel-ministrise-se-arsimit-dhe-shkences-te-shqiperise\/\" \/>\n<meta property=\"og:locale\" content=\"en_US\" \/>\n<meta property=\"og:type\" content=\"article\" \/>\n<meta property=\"og:title\" content=\"Apel Ministris\u00eb s\u00eb Arsimit dhe Shkenc\u00ebs t\u00eb Shqip\u00ebris\u00eb - Lajme nga Ulqini\" \/>\n<meta property=\"og:description\" content=\"MINISTRIA E ARSIMIT DHE SHKENC\u00cb E SHQIP\u00cbRIS\u00cb Ministrit Prof. Dr. Myqerem Tafaj &nbsp; I nderuar z.Minist\u00ebr, &nbsp; Si\u00e7 jeni n\u00eb dijeni k\u00ebt\u00eb vit p\u00ebr t\u00eb\" \/>\n<meta property=\"og:url\" content=\"https:\/\/www.visit-ulcinj.com\/blog\/2011\/10\/04\/apel-ministrise-se-arsimit-dhe-shkences-te-shqiperise\/\" \/>\n<meta property=\"og:site_name\" content=\"Lajme nga Ulqini\" \/>\n<meta property=\"article:published_time\" content=\"2011-10-04T10:51:17+00:00\" \/>\n<meta property=\"article:modified_time\" content=\"2011-10-04T11:27:14+00:00\" \/>\n<meta property=\"og:image\" content=\"http:\/\/www.visit-ulcinj.com\/blog\/wp-content\/uploads\/2011\/10\/Ministria-e-Arsimit-dhe-Shkences3.10.2011_3.jpg\" \/>\n<meta name=\"twitter:label1\" content=\"Written by\" \/>\n\t<meta name=\"twitter:data1\" content=\"ulqini\" \/>\n\t<meta name=\"twitter:label2\" content=\"Est. reading time\" \/>\n\t<meta name=\"twitter:data2\" content=\"1 minute\" \/>\n<script type=\"application\/ld+json\" class=\"yoast-schema-graph\">{\"@context\":\"https:\/\/schema.org\",\"@graph\":[{\"@type\":\"WebSite\",\"@id\":\"https:\/\/www.visit-ulcinj.com\/blog\/#website\",\"url\":\"https:\/\/www.visit-ulcinj.com\/blog\/\",\"name\":\"Lajme nga Ulqini\",\"description\":\"Lajme,Vijesti,Ulqini,Ulqin,Crna Gora,Mali i Zi\",\"potentialAction\":[{\"@type\":\"SearchAction\",\"target\":{\"@type\":\"EntryPoint\",\"urlTemplate\":\"https:\/\/www.visit-ulcinj.com\/blog\/?s={search_term_string}\"},\"query-input\":\"required name=search_term_string\"}],\"inLanguage\":\"en-US\"},{\"@type\":\"ImageObject\",\"inLanguage\":\"en-US\",\"@id\":\"https:\/\/www.visit-ulcinj.com\/blog\/2011\/10\/04\/apel-ministrise-se-arsimit-dhe-shkences-te-shqiperise\/#primaryimage\",\"url\":\"https:\/\/www.visit-ulcinj.com\/blog\/wp-content\/uploads\/2011\/10\/Ministria-e-Arsimit-dhe-Shkences3.10.2011_3.jpg\",\"contentUrl\":\"https:\/\/www.visit-ulcinj.com\/blog\/wp-content\/uploads\/2011\/10\/Ministria-e-Arsimit-dhe-Shkences3.10.2011_3.jpg\",\"width\":\"673\",\"height\":\"185\"},{\"@type\":\"WebPage\",\"@id\":\"https:\/\/www.visit-ulcinj.com\/blog\/2011\/10\/04\/apel-ministrise-se-arsimit-dhe-shkences-te-shqiperise\/#webpage\",\"url\":\"https:\/\/www.visit-ulcinj.com\/blog\/2011\/10\/04\/apel-ministrise-se-arsimit-dhe-shkences-te-shqiperise\/\",\"name\":\"Apel Ministris\u00eb s\u00eb Arsimit dhe Shkenc\u00ebs t\u00eb Shqip\u00ebris\u00eb - Lajme nga Ulqini\",\"isPartOf\":{\"@id\":\"https:\/\/www.visit-ulcinj.com\/blog\/#website\"},\"primaryImageOfPage\":{\"@id\":\"https:\/\/www.visit-ulcinj.com\/blog\/2011\/10\/04\/apel-ministrise-se-arsimit-dhe-shkences-te-shqiperise\/#primaryimage\"},\"datePublished\":\"2011-10-04T10:51:17+00:00\",\"dateModified\":\"2011-10-04T11:27:14+00:00\",\"author\":{\"@id\":\"https:\/\/www.visit-ulcinj.com\/blog\/#\/schema\/person\/dcab619c614d3038751c63bc2aadc06d\"},\"description\":\"MINISTRIA E ARSIMIT DHE SHKENC\u00cb E SHQIP\u00cbRIS\u00cb Ministrit Prof. Dr. Myqerem Tafaj &nbsp; I nderuar z.Minist\u00ebr, &nbsp; Si\u00e7 jeni n\u00eb dijeni k\u00ebt\u00eb vit p\u00ebr t\u00eb\",\"breadcrumb\":{\"@id\":\"https:\/\/www.visit-ulcinj.com\/blog\/2011\/10\/04\/apel-ministrise-se-arsimit-dhe-shkences-te-shqiperise\/#breadcrumb\"},\"inLanguage\":\"en-US\",\"potentialAction\":[{\"@type\":\"ReadAction\",\"target\":[\"https:\/\/www.visit-ulcinj.com\/blog\/2011\/10\/04\/apel-ministrise-se-arsimit-dhe-shkences-te-shqiperise\/\"]}]},{\"@type\":\"BreadcrumbList\",\"@id\":\"https:\/\/www.visit-ulcinj.com\/blog\/2011\/10\/04\/apel-ministrise-se-arsimit-dhe-shkences-te-shqiperise\/#breadcrumb\",\"itemListElement\":[{\"@type\":\"ListItem\",\"position\":1,\"name\":\"Apel Ministris\u00eb s\u00eb Arsimit dhe Shkenc\u00ebs t\u00eb Shqip\u00ebris\u00eb\"}]},{\"@type\":\"Person\",\"@id\":\"https:\/\/www.visit-ulcinj.com\/blog\/#\/schema\/person\/dcab619c614d3038751c63bc2aadc06d\",\"name\":\"ulqini\",\"sameAs\":[\"http:\/\/www.visit-ulcinj.com\"],\"url\":\"https:\/\/www.visit-ulcinj.com\/blog\/author\/admin\/\"}]}<\/script>\n<!-- \/ Yoast SEO plugin. -->","yoast_head_json":{"title":"Apel Ministris\u00eb s\u00eb Arsimit dhe Shkenc\u00ebs t\u00eb Shqip\u00ebris\u00eb - Lajme nga Ulqini","description":"MINISTRIA E ARSIMIT DHE SHKENC\u00cb E SHQIP\u00cbRIS\u00cb Ministrit Prof. Dr. Myqerem Tafaj &nbsp; I nderuar z.Minist\u00ebr, &nbsp; Si\u00e7 jeni n\u00eb dijeni k\u00ebt\u00eb vit p\u00ebr t\u00eb","robots":{"index":"index","follow":"follow","max-snippet":"max-snippet:-1","max-image-preview":"max-image-preview:large","max-video-preview":"max-video-preview:-1"},"canonical":"https:\/\/www.visit-ulcinj.com\/blog\/2011\/10\/04\/apel-ministrise-se-arsimit-dhe-shkences-te-shqiperise\/","og_locale":"en_US","og_type":"article","og_title":"Apel Ministris\u00eb s\u00eb Arsimit dhe Shkenc\u00ebs t\u00eb Shqip\u00ebris\u00eb - Lajme nga Ulqini","og_description":"MINISTRIA E ARSIMIT DHE SHKENC\u00cb E SHQIP\u00cbRIS\u00cb Ministrit Prof. Dr. Myqerem Tafaj &nbsp; I nderuar z.Minist\u00ebr, &nbsp; Si\u00e7 jeni n\u00eb dijeni k\u00ebt\u00eb vit p\u00ebr t\u00eb","og_url":"https:\/\/www.visit-ulcinj.com\/blog\/2011\/10\/04\/apel-ministrise-se-arsimit-dhe-shkences-te-shqiperise\/","og_site_name":"Lajme nga Ulqini","article_published_time":"2011-10-04T10:51:17+00:00","article_modified_time":"2011-10-04T11:27:14+00:00","og_image":[{"url":"http:\/\/www.visit-ulcinj.com\/blog\/wp-content\/uploads\/2011\/10\/Ministria-e-Arsimit-dhe-Shkences3.10.2011_3.jpg"}],"twitter_misc":{"Written by":"ulqini","Est. reading time":"1 minute"},"schema":{"@context":"https:\/\/schema.org","@graph":[{"@type":"WebSite","@id":"https:\/\/www.visit-ulcinj.com\/blog\/#website","url":"https:\/\/www.visit-ulcinj.com\/blog\/","name":"Lajme nga Ulqini","description":"Lajme,Vijesti,Ulqini,Ulqin,Crna Gora,Mali i Zi","potentialAction":[{"@type":"SearchAction","target":{"@type":"EntryPoint","urlTemplate":"https:\/\/www.visit-ulcinj.com\/blog\/?s={search_term_string}"},"query-input":"required name=search_term_string"}],"inLanguage":"en-US"},{"@type":"ImageObject","inLanguage":"en-US","@id":"https:\/\/www.visit-ulcinj.com\/blog\/2011\/10\/04\/apel-ministrise-se-arsimit-dhe-shkences-te-shqiperise\/#primaryimage","url":"https:\/\/www.visit-ulcinj.com\/blog\/wp-content\/uploads\/2011\/10\/Ministria-e-Arsimit-dhe-Shkences3.10.2011_3.jpg","contentUrl":"https:\/\/www.visit-ulcinj.com\/blog\/wp-content\/uploads\/2011\/10\/Ministria-e-Arsimit-dhe-Shkences3.10.2011_3.jpg","width":"673","height":"185"},{"@type":"WebPage","@id":"https:\/\/www.visit-ulcinj.com\/blog\/2011\/10\/04\/apel-ministrise-se-arsimit-dhe-shkences-te-shqiperise\/#webpage","url":"https:\/\/www.visit-ulcinj.com\/blog\/2011\/10\/04\/apel-ministrise-se-arsimit-dhe-shkences-te-shqiperise\/","name":"Apel Ministris\u00eb s\u00eb Arsimit dhe Shkenc\u00ebs t\u00eb Shqip\u00ebris\u00eb - Lajme nga Ulqini","isPartOf":{"@id":"https:\/\/www.visit-ulcinj.com\/blog\/#website"},"primaryImageOfPage":{"@id":"https:\/\/www.visit-ulcinj.com\/blog\/2011\/10\/04\/apel-ministrise-se-arsimit-dhe-shkences-te-shqiperise\/#primaryimage"},"datePublished":"2011-10-04T10:51:17+00:00","dateModified":"2011-10-04T11:27:14+00:00","author":{"@id":"https:\/\/www.visit-ulcinj.com\/blog\/#\/schema\/person\/dcab619c614d3038751c63bc2aadc06d"},"description":"MINISTRIA E ARSIMIT DHE SHKENC\u00cb E SHQIP\u00cbRIS\u00cb Ministrit Prof. Dr. Myqerem Tafaj &nbsp; I nderuar z.Minist\u00ebr, &nbsp; Si\u00e7 jeni n\u00eb dijeni k\u00ebt\u00eb vit p\u00ebr t\u00eb","breadcrumb":{"@id":"https:\/\/www.visit-ulcinj.com\/blog\/2011\/10\/04\/apel-ministrise-se-arsimit-dhe-shkences-te-shqiperise\/#breadcrumb"},"inLanguage":"en-US","potentialAction":[{"@type":"ReadAction","target":["https:\/\/www.visit-ulcinj.com\/blog\/2011\/10\/04\/apel-ministrise-se-arsimit-dhe-shkences-te-shqiperise\/"]}]},{"@type":"BreadcrumbList","@id":"https:\/\/www.visit-ulcinj.com\/blog\/2011\/10\/04\/apel-ministrise-se-arsimit-dhe-shkences-te-shqiperise\/#breadcrumb","itemListElement":[{"@type":"ListItem","position":1,"name":"Apel Ministris\u00eb s\u00eb Arsimit dhe Shkenc\u00ebs t\u00eb Shqip\u00ebris\u00eb"}]},{"@type":"Person","@id":"https:\/\/www.visit-ulcinj.com\/blog\/#\/schema\/person\/dcab619c614d3038751c63bc2aadc06d","name":"ulqini","sameAs":["http:\/\/www.visit-ulcinj.com"],"url":"https:\/\/www.visit-ulcinj.com\/blog\/author\/admin\/"}]}},"jetpack_featured_media_url":"","jetpack_sharing_enabled":true,"jetpack_shortlink":"https:\/\/wp.me\/pe6lTn-dsC","_links":{"self":[{"href":"https:\/\/www.visit-ulcinj.com\/blog\/wp-json\/wp\/v2\/posts\/51746"}],"collection":[{"href":"https:\/\/www.visit-ulcinj.com\/blog\/wp-json\/wp\/v2\/posts"}],"about":[{"href":"https:\/\/www.visit-ulcinj.com\/blog\/wp-json\/wp\/v2\/types\/post"}],"author":[{"embeddable":true,"href":"https:\/\/www.visit-ulcinj.com\/blog\/wp-json\/wp\/v2\/users\/1"}],"replies":[{"embeddable":true,"href":"https:\/\/www.visit-ulcinj.com\/blog\/wp-json\/wp\/v2\/comments?post=51746"}],"version-history":[{"count":8,"href":"https:\/\/www.visit-ulcinj.com\/blog\/wp-json\/wp\/v2\/posts\/51746\/revisions"}],"predecessor-version":[{"id":51764,"href":"https:\/\/www.visit-ulcinj.com\/blog\/wp-json\/wp\/v2\/posts\/51746\/revisions\/51764"}],"wp:attachment":[{"href":"https:\/\/www.visit-ulcinj.com\/blog\/wp-json\/wp\/v2\/media?parent=51746"}],"wp:term":[{"taxonomy":"category","embeddable":true,"href":"https:\/\/www.visit-ulcinj.com\/blog\/wp-json\/wp\/v2\/categories?post=51746"},{"taxonomy":"post_tag","embeddable":true,"href":"https:\/\/www.visit-ulcinj.com\/blog\/wp-json\/wp\/v2\/tags?post=51746"}],"curies":[{"name":"wp","href":"https:\/\/api.w.org\/{rel}","templated":true}]}}