{"id":51756,"date":"2011-10-04T12:06:54","date_gmt":"2011-10-04T11:06:54","guid":{"rendered":"http:\/\/www.visit-ulcinj.com\/blog\/?p=51756"},"modified":"2011-10-04T12:28:32","modified_gmt":"2011-10-04T11:28:32","slug":"apel-univerzitetit-luigj-gurakuqi-shkoder","status":"publish","type":"post","link":"https:\/\/www.visit-ulcinj.com\/blog\/2011\/10\/04\/apel-univerzitetit-luigj-gurakuqi-shkoder\/","title":{"rendered":"Apel Univerzitetit Luigj Gurakuqi Shkod\u00ebr"},"content":{"rendered":"<p style=\"text-align: left;\" align=\"center\"><a href=\"http:\/\/www.visit-ulcinj.com\/blog\/2011\/10\/04\/apel-univerzitetit-luigj-gurakuqi-shkoder\/universiteti-luigj-gurakuqi_1\/\" rel=\"attachment wp-att-51757\"><img loading=\"lazy\" class=\"alignleft size-full wp-image-51757\" title=\"Universiteti Luigj Gurakuqi_1\" src=\"http:\/\/www.visit-ulcinj.com\/blog\/wp-content\/uploads\/2011\/10\/Universiteti-Luigj-Gurakuqi_1.jpg\" alt=\"\" width=\"508\" height=\"128\" srcset=\"https:\/\/www.visit-ulcinj.com\/blog\/wp-content\/uploads\/2011\/10\/Universiteti-Luigj-Gurakuqi_1.jpg 508w, https:\/\/www.visit-ulcinj.com\/blog\/wp-content\/uploads\/2011\/10\/Universiteti-Luigj-Gurakuqi_1-300x75.jpg 300w\" sizes=\"(max-width: 508px) 100vw, 508px\" \/><\/a><\/p>\n<p align=\"center\"><strong>UNIVESITETIT LUIGJ GURAKUQI<\/strong><\/p>\n<p align=\"center\"><strong>Rektori Artan Harxhi<\/strong><\/p>\n<p align=\"center\"><strong>\u00a0<\/strong><\/p>\n<p align=\"right\"><strong><span style=\"text-decoration: underline;\">SHKOD\u00cbR<\/span><\/strong><\/p>\n<p>&nbsp;<\/p>\n<p>&nbsp;<\/p>\n<p>I nderuar prof. Harxhi,<\/p>\n<p>Duke iu d\u00ebrguar p\u00ebrsh\u00ebndetjet e mija t\u00eb sinqerta, m\u00eb lejoni t\u00eb shpreh nj\u00eb shqet\u00ebsim i cili \u00ebsht\u00eb prezent k\u00ebto dit\u00eb n\u00eb rradh\u00ebt e t\u00eb rinjve nga Ulqini e q\u00eb ka t\u00eb b\u00ebj\u00eb me regjistrimin e tyre n\u00eb Universitetin,, Luigj Gurakuqi,,<\/p>\n<p>Dihet, q\u00eb t\u00eb rinjt\u00eb tan\u00eb p\u00ebrher\u00eb kan\u00eb hasur n\u00eb p\u00ebrkrahjen e Universitetit tuaj e n\u00eb baz\u00eb t\u00eb kuotave t\u00eb lejuara ata \u00e7do her\u00eb jan\u00eb regjistruar n\u00eb departamentet ku kan\u00eb d\u00ebshiruar mir\u00ebpo, k\u00ebt\u00eb vit p\u00ebr t\u00eb par\u00ebn her\u00eb ata duhet t\u00eb konkurojn\u00eb barabart\u00eb si t\u00eb gjith\u00eb studet\u00ebt e tjer\u00eb.<\/p>\n<p>Kjo gj\u00eb ka qen\u00eb e papritur p\u00ebr ta andaj\u00a0 ne rradh\u00ebt e tyre ekziston doz\u00eb droaje se do t\u00eb mbesin pa u regjistruar.<\/p>\n<p>K\u00ebrkojm\u00eb ndihm\u00ebn tuaj me qellim t\u00eb zgjidhjes s\u00eb problemit. Ne i jemi drejtuar me shkres\u00eb dhe Ministrit t\u00eb ar\u00ebsimit e jemi t\u00eb bindur q\u00eb p\u00ebrkrahja nuk do t\u00eb mungoj\u00eb.<\/p>\n<p>Jam m\u00ebse i bindur q\u00eb edhe k\u00ebt\u00eb radh\u00eb ndihma juaj nuk do t\u00eb t\u00eb mungoj\u00eb. Mbetemi n\u00eb kontakt dhe ju shpreh konsideratat e mija t\u00eb sinqerta.<br \/>\n<a href=\"http:\/\/www.visit-ulcinj.com\/blog\/2011\/10\/04\/apel-univerzitetit-luigj-gurakuqi-shkoder\/ministria-e-arsimit-dhe-shkences3-10-2011_2-2\/\" rel=\"attachment wp-att-51759\"><img loading=\"lazy\" class=\"alignleft size-full wp-image-51759\" title=\"Ministria e Arsimit dhe Shkences3.10.2011_2\" src=\"http:\/\/www.visit-ulcinj.com\/blog\/wp-content\/uploads\/2011\/10\/Ministria-e-Arsimit-dhe-Shkences3.10.2011_21.jpg\" alt=\"\" width=\"508\" height=\"174\" \/><\/a><\/p>\n","protected":false},"excerpt":{"rendered":"<p>UNIVESITETIT LUIGJ GURAKUQI Rektori Artan Harxhi \u00a0 SHKOD\u00cbR &nbsp; &nbsp; I nderuar prof. Harxhi, Duke iu d\u00ebrguar p\u00ebrsh\u00ebndetjet e mija t\u00eb sinqerta, m\u00eb lejoni t\u00eb shpreh nj\u00eb shqet\u00ebsim i cili \u00ebsht\u00eb prezent k\u00ebto dit\u00eb n\u00eb rradh\u00ebt e t\u00eb rinjve nga Ulqini e q\u00eb ka t\u00eb b\u00ebj\u00eb me regjistrimin e tyre n\u00eb Universitetin,, Luigj Gurakuqi,, Dihet, [&hellip;]<\/p>\n","protected":false},"author":1,"featured_media":0,"comment_status":"open","ping_status":"closed","sticky":false,"template":"","format":"standard","meta":{"spay_email":"","jetpack_publicize_message":"","jetpack_is_tweetstorm":false,"jetpack_publicize_feature_enabled":true},"categories":[14],"tags":[18113,19176,41,200,18,19175],"jetpack_publicize_connections":[],"yoast_head":"<!-- This site is optimized with the Yoast SEO plugin v19.1 - https:\/\/yoast.com\/wordpress\/plugins\/seo\/ -->\n<title>Apel Univerzitetit Luigj Gurakuqi Shkod\u00ebr - Lajme nga Ulqini<\/title>\n<meta name=\"description\" content=\"UNIVESITETIT LUIGJ GURAKUQI Rektori Artan Harxhi \u00a0 SHKOD\u00cbR &nbsp; &nbsp; I nderuar prof. Harxhi, Duke iu d\u00ebrguar p\u00ebrsh\u00ebndetjet e mija t\u00eb sinqerta, m\u00eb\" \/>\n<meta name=\"robots\" content=\"index, follow, max-snippet:-1, max-image-preview:large, max-video-preview:-1\" \/>\n<link rel=\"canonical\" href=\"https:\/\/www.visit-ulcinj.com\/blog\/2011\/10\/04\/apel-univerzitetit-luigj-gurakuqi-shkoder\/\" \/>\n<meta property=\"og:locale\" content=\"en_US\" \/>\n<meta property=\"og:type\" content=\"article\" \/>\n<meta property=\"og:title\" content=\"Apel Univerzitetit Luigj Gurakuqi Shkod\u00ebr - Lajme nga Ulqini\" \/>\n<meta property=\"og:description\" content=\"UNIVESITETIT LUIGJ GURAKUQI Rektori Artan Harxhi \u00a0 SHKOD\u00cbR &nbsp; &nbsp; I nderuar prof. Harxhi, Duke iu d\u00ebrguar p\u00ebrsh\u00ebndetjet e mija t\u00eb sinqerta, m\u00eb\" \/>\n<meta property=\"og:url\" content=\"https:\/\/www.visit-ulcinj.com\/blog\/2011\/10\/04\/apel-univerzitetit-luigj-gurakuqi-shkoder\/\" \/>\n<meta property=\"og:site_name\" content=\"Lajme nga Ulqini\" \/>\n<meta property=\"article:published_time\" content=\"2011-10-04T11:06:54+00:00\" \/>\n<meta property=\"article:modified_time\" content=\"2011-10-04T11:28:32+00:00\" \/>\n<meta property=\"og:image\" content=\"http:\/\/www.visit-ulcinj.com\/blog\/wp-content\/uploads\/2011\/10\/Universiteti-Luigj-Gurakuqi_1.jpg\" \/>\n<meta name=\"twitter:label1\" content=\"Written by\" \/>\n\t<meta name=\"twitter:data1\" content=\"ulqini\" \/>\n\t<meta name=\"twitter:label2\" content=\"Est. reading time\" \/>\n\t<meta name=\"twitter:data2\" content=\"1 minute\" \/>\n<script type=\"application\/ld+json\" class=\"yoast-schema-graph\">{\"@context\":\"https:\/\/schema.org\",\"@graph\":[{\"@type\":\"WebSite\",\"@id\":\"https:\/\/www.visit-ulcinj.com\/blog\/#website\",\"url\":\"https:\/\/www.visit-ulcinj.com\/blog\/\",\"name\":\"Lajme nga Ulqini\",\"description\":\"Lajme,Vijesti,Ulqini,Ulqin,Crna Gora,Mali i Zi\",\"potentialAction\":[{\"@type\":\"SearchAction\",\"target\":{\"@type\":\"EntryPoint\",\"urlTemplate\":\"https:\/\/www.visit-ulcinj.com\/blog\/?s={search_term_string}\"},\"query-input\":\"required name=search_term_string\"}],\"inLanguage\":\"en-US\"},{\"@type\":\"ImageObject\",\"inLanguage\":\"en-US\",\"@id\":\"https:\/\/www.visit-ulcinj.com\/blog\/2011\/10\/04\/apel-univerzitetit-luigj-gurakuqi-shkoder\/#primaryimage\",\"url\":\"https:\/\/www.visit-ulcinj.com\/blog\/wp-content\/uploads\/2011\/10\/Universiteti-Luigj-Gurakuqi_1.jpg\",\"contentUrl\":\"https:\/\/www.visit-ulcinj.com\/blog\/wp-content\/uploads\/2011\/10\/Universiteti-Luigj-Gurakuqi_1.jpg\",\"width\":\"508\",\"height\":\"128\"},{\"@type\":\"WebPage\",\"@id\":\"https:\/\/www.visit-ulcinj.com\/blog\/2011\/10\/04\/apel-univerzitetit-luigj-gurakuqi-shkoder\/#webpage\",\"url\":\"https:\/\/www.visit-ulcinj.com\/blog\/2011\/10\/04\/apel-univerzitetit-luigj-gurakuqi-shkoder\/\",\"name\":\"Apel Univerzitetit Luigj Gurakuqi Shkod\u00ebr - Lajme nga Ulqini\",\"isPartOf\":{\"@id\":\"https:\/\/www.visit-ulcinj.com\/blog\/#website\"},\"primaryImageOfPage\":{\"@id\":\"https:\/\/www.visit-ulcinj.com\/blog\/2011\/10\/04\/apel-univerzitetit-luigj-gurakuqi-shkoder\/#primaryimage\"},\"datePublished\":\"2011-10-04T11:06:54+00:00\",\"dateModified\":\"2011-10-04T11:28:32+00:00\",\"author\":{\"@id\":\"https:\/\/www.visit-ulcinj.com\/blog\/#\/schema\/person\/dcab619c614d3038751c63bc2aadc06d\"},\"description\":\"UNIVESITETIT LUIGJ GURAKUQI Rektori Artan Harxhi \u00a0 SHKOD\u00cbR &nbsp; &nbsp; I nderuar prof. Harxhi, Duke iu d\u00ebrguar p\u00ebrsh\u00ebndetjet e mija t\u00eb sinqerta, m\u00eb\",\"breadcrumb\":{\"@id\":\"https:\/\/www.visit-ulcinj.com\/blog\/2011\/10\/04\/apel-univerzitetit-luigj-gurakuqi-shkoder\/#breadcrumb\"},\"inLanguage\":\"en-US\",\"potentialAction\":[{\"@type\":\"ReadAction\",\"target\":[\"https:\/\/www.visit-ulcinj.com\/blog\/2011\/10\/04\/apel-univerzitetit-luigj-gurakuqi-shkoder\/\"]}]},{\"@type\":\"BreadcrumbList\",\"@id\":\"https:\/\/www.visit-ulcinj.com\/blog\/2011\/10\/04\/apel-univerzitetit-luigj-gurakuqi-shkoder\/#breadcrumb\",\"itemListElement\":[{\"@type\":\"ListItem\",\"position\":1,\"name\":\"Apel Univerzitetit Luigj Gurakuqi Shkod\u00ebr\"}]},{\"@type\":\"Person\",\"@id\":\"https:\/\/www.visit-ulcinj.com\/blog\/#\/schema\/person\/dcab619c614d3038751c63bc2aadc06d\",\"name\":\"ulqini\",\"sameAs\":[\"http:\/\/www.visit-ulcinj.com\"],\"url\":\"https:\/\/www.visit-ulcinj.com\/blog\/author\/admin\/\"}]}<\/script>\n<!-- \/ Yoast SEO plugin. -->","yoast_head_json":{"title":"Apel Univerzitetit Luigj Gurakuqi Shkod\u00ebr - Lajme nga Ulqini","description":"UNIVESITETIT LUIGJ GURAKUQI Rektori Artan Harxhi \u00a0 SHKOD\u00cbR &nbsp; &nbsp; I nderuar prof. Harxhi, Duke iu d\u00ebrguar p\u00ebrsh\u00ebndetjet e mija t\u00eb sinqerta, m\u00eb","robots":{"index":"index","follow":"follow","max-snippet":"max-snippet:-1","max-image-preview":"max-image-preview:large","max-video-preview":"max-video-preview:-1"},"canonical":"https:\/\/www.visit-ulcinj.com\/blog\/2011\/10\/04\/apel-univerzitetit-luigj-gurakuqi-shkoder\/","og_locale":"en_US","og_type":"article","og_title":"Apel Univerzitetit Luigj Gurakuqi Shkod\u00ebr - Lajme nga Ulqini","og_description":"UNIVESITETIT LUIGJ GURAKUQI Rektori Artan Harxhi \u00a0 SHKOD\u00cbR &nbsp; &nbsp; I nderuar prof. Harxhi, Duke iu d\u00ebrguar p\u00ebrsh\u00ebndetjet e mija t\u00eb sinqerta, m\u00eb","og_url":"https:\/\/www.visit-ulcinj.com\/blog\/2011\/10\/04\/apel-univerzitetit-luigj-gurakuqi-shkoder\/","og_site_name":"Lajme nga Ulqini","article_published_time":"2011-10-04T11:06:54+00:00","article_modified_time":"2011-10-04T11:28:32+00:00","og_image":[{"url":"http:\/\/www.visit-ulcinj.com\/blog\/wp-content\/uploads\/2011\/10\/Universiteti-Luigj-Gurakuqi_1.jpg"}],"twitter_misc":{"Written by":"ulqini","Est. reading time":"1 minute"},"schema":{"@context":"https:\/\/schema.org","@graph":[{"@type":"WebSite","@id":"https:\/\/www.visit-ulcinj.com\/blog\/#website","url":"https:\/\/www.visit-ulcinj.com\/blog\/","name":"Lajme nga Ulqini","description":"Lajme,Vijesti,Ulqini,Ulqin,Crna Gora,Mali i Zi","potentialAction":[{"@type":"SearchAction","target":{"@type":"EntryPoint","urlTemplate":"https:\/\/www.visit-ulcinj.com\/blog\/?s={search_term_string}"},"query-input":"required name=search_term_string"}],"inLanguage":"en-US"},{"@type":"ImageObject","inLanguage":"en-US","@id":"https:\/\/www.visit-ulcinj.com\/blog\/2011\/10\/04\/apel-univerzitetit-luigj-gurakuqi-shkoder\/#primaryimage","url":"https:\/\/www.visit-ulcinj.com\/blog\/wp-content\/uploads\/2011\/10\/Universiteti-Luigj-Gurakuqi_1.jpg","contentUrl":"https:\/\/www.visit-ulcinj.com\/blog\/wp-content\/uploads\/2011\/10\/Universiteti-Luigj-Gurakuqi_1.jpg","width":"508","height":"128"},{"@type":"WebPage","@id":"https:\/\/www.visit-ulcinj.com\/blog\/2011\/10\/04\/apel-univerzitetit-luigj-gurakuqi-shkoder\/#webpage","url":"https:\/\/www.visit-ulcinj.com\/blog\/2011\/10\/04\/apel-univerzitetit-luigj-gurakuqi-shkoder\/","name":"Apel Univerzitetit Luigj Gurakuqi Shkod\u00ebr - Lajme nga Ulqini","isPartOf":{"@id":"https:\/\/www.visit-ulcinj.com\/blog\/#website"},"primaryImageOfPage":{"@id":"https:\/\/www.visit-ulcinj.com\/blog\/2011\/10\/04\/apel-univerzitetit-luigj-gurakuqi-shkoder\/#primaryimage"},"datePublished":"2011-10-04T11:06:54+00:00","dateModified":"2011-10-04T11:28:32+00:00","author":{"@id":"https:\/\/www.visit-ulcinj.com\/blog\/#\/schema\/person\/dcab619c614d3038751c63bc2aadc06d"},"description":"UNIVESITETIT LUIGJ GURAKUQI Rektori Artan Harxhi \u00a0 SHKOD\u00cbR &nbsp; &nbsp; I nderuar prof. Harxhi, Duke iu d\u00ebrguar p\u00ebrsh\u00ebndetjet e mija t\u00eb sinqerta, m\u00eb","breadcrumb":{"@id":"https:\/\/www.visit-ulcinj.com\/blog\/2011\/10\/04\/apel-univerzitetit-luigj-gurakuqi-shkoder\/#breadcrumb"},"inLanguage":"en-US","potentialAction":[{"@type":"ReadAction","target":["https:\/\/www.visit-ulcinj.com\/blog\/2011\/10\/04\/apel-univerzitetit-luigj-gurakuqi-shkoder\/"]}]},{"@type":"BreadcrumbList","@id":"https:\/\/www.visit-ulcinj.com\/blog\/2011\/10\/04\/apel-univerzitetit-luigj-gurakuqi-shkoder\/#breadcrumb","itemListElement":[{"@type":"ListItem","position":1,"name":"Apel Univerzitetit Luigj Gurakuqi Shkod\u00ebr"}]},{"@type":"Person","@id":"https:\/\/www.visit-ulcinj.com\/blog\/#\/schema\/person\/dcab619c614d3038751c63bc2aadc06d","name":"ulqini","sameAs":["http:\/\/www.visit-ulcinj.com"],"url":"https:\/\/www.visit-ulcinj.com\/blog\/author\/admin\/"}]}},"jetpack_featured_media_url":"","jetpack_sharing_enabled":true,"jetpack_shortlink":"https:\/\/wp.me\/pe6lTn-dsM","_links":{"self":[{"href":"https:\/\/www.visit-ulcinj.com\/blog\/wp-json\/wp\/v2\/posts\/51756"}],"collection":[{"href":"https:\/\/www.visit-ulcinj.com\/blog\/wp-json\/wp\/v2\/posts"}],"about":[{"href":"https:\/\/www.visit-ulcinj.com\/blog\/wp-json\/wp\/v2\/types\/post"}],"author":[{"embeddable":true,"href":"https:\/\/www.visit-ulcinj.com\/blog\/wp-json\/wp\/v2\/users\/1"}],"replies":[{"embeddable":true,"href":"https:\/\/www.visit-ulcinj.com\/blog\/wp-json\/wp\/v2\/comments?post=51756"}],"version-history":[{"count":4,"href":"https:\/\/www.visit-ulcinj.com\/blog\/wp-json\/wp\/v2\/posts\/51756\/revisions"}],"predecessor-version":[{"id":51766,"href":"https:\/\/www.visit-ulcinj.com\/blog\/wp-json\/wp\/v2\/posts\/51756\/revisions\/51766"}],"wp:attachment":[{"href":"https:\/\/www.visit-ulcinj.com\/blog\/wp-json\/wp\/v2\/media?parent=51756"}],"wp:term":[{"taxonomy":"category","embeddable":true,"href":"https:\/\/www.visit-ulcinj.com\/blog\/wp-json\/wp\/v2\/categories?post=51756"},{"taxonomy":"post_tag","embeddable":true,"href":"https:\/\/www.visit-ulcinj.com\/blog\/wp-json\/wp\/v2\/tags?post=51756"}],"curies":[{"name":"wp","href":"https:\/\/api.w.org\/{rel}","templated":true}]}}