{"id":51768,"date":"2011-10-04T13:07:26","date_gmt":"2011-10-04T12:07:26","guid":{"rendered":"http:\/\/www.visit-ulcinj.com\/blog\/?p=51768"},"modified":"2011-10-04T13:07:26","modified_gmt":"2011-10-04T12:07:26","slug":"canka-ulcinj-ce-u-narednih-godina-postati-divno-mjesto-za-zivot-i-rad","status":"publish","type":"post","link":"https:\/\/www.visit-ulcinj.com\/blog\/2011\/10\/04\/canka-ulcinj-ce-u-narednih-godina-postati-divno-mjesto-za-zivot-i-rad\/","title":{"rendered":"Canka: Ulcinj \u0107e u narednih godina postati divno mjesto za \u017eivot i rad"},"content":{"rendered":"<p><a href=\"http:\/\/www.visit-ulcinj.com\/blog\/wp-content\/uploads\/2011\/10\/Canka_Ulcinj-ce-u-narednih-godina-postati-divno-mjesto-za-zivot-i-rad.jpg\"><img loading=\"lazy\" class=\"alignleft size-full wp-image-51769\" title=\"Canka_Ulcinj ce u narednih godina postati divno mjesto za zivot i rad\" src=\"http:\/\/www.visit-ulcinj.com\/blog\/wp-content\/uploads\/2011\/10\/Canka_Ulcinj-ce-u-narednih-godina-postati-divno-mjesto-za-zivot-i-rad.jpg\" alt=\"\" width=\"508\" height=\"380\" srcset=\"https:\/\/www.visit-ulcinj.com\/blog\/wp-content\/uploads\/2011\/10\/Canka_Ulcinj-ce-u-narednih-godina-postati-divno-mjesto-za-zivot-i-rad.jpg 800w, https:\/\/www.visit-ulcinj.com\/blog\/wp-content\/uploads\/2011\/10\/Canka_Ulcinj-ce-u-narednih-godina-postati-divno-mjesto-za-zivot-i-rad-300x225.jpg 300w\" sizes=\"(max-width: 508px) 100vw, 508px\" \/><\/a>Nema nikakve sumnje da je na\u0161 grad od srijede u\u0161ao u novu fazu razvoja. Svi doga\u0111aji koji su se ove sedmice izde\u0161avali, to svakako potvr\u0111uju. Rije\u010d je, ina\u010de, o prirodnom procesu, i to \u017eelim da svi razumiju. I majka ra\u0111a dijete u mukama, ali sa prvim pla\u010dom zaboravi sve bolove. Osje\u0107a samo u\u017eitak i zadovoljstvo, naro\u010dito ako je dijete zdravo.\u00a0 A ono je dar neba, milost Bo\u017eija, nositelj pozitivne energije. To je upravo ono \u0161to nama treba. Uz najva\u017eniji maj\u010dinski i bo\u017eanski princip: ljubav! Ona mora sve da pro\u017eima. Isklju\u010divo ona ima \u0161irinu, pokazuje iskrenu solidarnost i brigu za ljude, samo ona pokre\u0107e svemir. Zato mi, prolazna bi\u0107a u ovom gradu i na ovom dunjaluku, moramo uvijek imati na umu da smo, prije svega, duhovna bi\u0107a.<br \/>\nKao rezultat tog osnovnog principa do\u0107i \u0107e predan i strastven rad, tra\u017eenje najboljeg savjeta, odlu\u010dnost i odgovornost. To bi najkonkretnije zna\u010dilo da je pro\u0161lo vrijeme mediokriteta, kompleksa\u0161a i ljudi opijenih vla\u0161\u0107u. Da je do\u0161lo doba u kojem se napokon vrednuju znanje i rad. To \u0107e, mo\u017eda, najbolje pokazati sastavi savjetni\u010dkih timova. Naime, sociolozi su izveli pravilo po kojem prvorazredni biraju za svoje savjetnike prvorazredne, drugorazredni biraju tre\u0107erazredne, dok\u00a0 izuzetni biraju izuzetne. Zaklju\u010dak se sam name\u0107e: za sveukupni preobra\u017eaj op\u0161tine treba anga\u017eovati najbolje Ulcinjane ma \u0111e bili i na\u0161e prijatelje, uspje\u0161ne ljude, diljem planete.<br \/>\n<a href=\"http:\/\/www.visit-ulcinj.com\/blog\/wp-content\/uploads\/2011\/10\/Mustafa-Canka_Ulcinj.jpg\"><img loading=\"lazy\" class=\"alignleft size-medium wp-image-51770\" title=\"Mustafa-Canka_Ulcinj\" src=\"http:\/\/www.visit-ulcinj.com\/blog\/wp-content\/uploads\/2011\/10\/Mustafa-Canka_Ulcinj-300x225.jpg\" alt=\"\" width=\"300\" height=\"225\" srcset=\"https:\/\/www.visit-ulcinj.com\/blog\/wp-content\/uploads\/2011\/10\/Mustafa-Canka_Ulcinj-300x225.jpg 300w, https:\/\/www.visit-ulcinj.com\/blog\/wp-content\/uploads\/2011\/10\/Mustafa-Canka_Ulcinj.jpg 604w\" sizes=\"(max-width: 300px) 100vw, 300px\" \/><\/a>To je jedini pravi na\u010din suo\u010davanja sa svim dilemama, otvorenim pitanjima i problemima. Suprotno je stari na\u010din djelovanja, prevazi\u0111eni mentalni sklop, destrukcija. Vi\u0111eli smo to tako\u0111e ovih dana: la\u017ene dojave o bombama, po\u017ear, nemirenje sa novim.<br \/>\nAli, autori i scenaristi tih ne\u010dasnih radnji, ko god oni bili, nijesu o\u010dekivali da \u0107e to samo u\u010dvrstiti jedinstvo gra\u0111ana. Vrijedi ista\u0107i da je po\u017ear na Bijeloj gori pokazao visoku profesionalnost lokalne slu\u017ebe za\u0161tite i potvrdio da se ne smije \u010dekati na reakcije Vlade i njenih institucija.<br \/>\nDa ne ostane nedore\u010deno: ni\u0161ta \u0161to se ov\u0111e radi nije usmjereno protiv nje ili bilo kojeg gra\u0111anina Crne Gore, ali su oni, na\u017ealost, spori i neefikasni, i imaju veoma, veoma mnogo svojih problema.<br \/>\nKoje jo\u0161 poruke mo\u017eemo izvu\u0107i iz ovih posljednjih de\u0161avanja? Morali bi shvatiti da je \u00a0vrijeme isku\u0161enja, potrebni su opreznost uz odlu\u010dnost, samopouzdanje uz tra\u017eenje najboljeg savjeta, naporan rad i znanje uz nepomu\u0107enu vjeru u uspjeh. Ako se tako radi, rezultati ne mogu izostati, bez obzira na sve mogu\u0107e opstrukcije, kojih \u0107e svakako biti. Jo\u0161 ako se ima prava vizija, Ulcinj \u0107e u narednih tri do pet godina postati divno mjesto za \u017eivot i rad.<br \/>\n\u0160to najprije treba uraditi, kako da gra\u0111ani svemu tome daju doprinos? Smatram da je prioritet da Ulcinj bude \u010dist, na\u0161e vode, na\u0161e more i na\u0161a hrana nezaga\u0111eni. Ne smije se vi\u0161e de\u0161avati da se moramo stidjeti pred turistima \u0161to nam je grad tako prljav. Na tom se polju odmah moraju posti\u0107i vidljivi rezultati. Tako\u0111e, javne finansije su u bijednom stanju. Ra\u010duni pro\u0161losti \u0107e tek do\u0107i na naplatu, i prakti\u010dno blokirati ionako praznu op\u0161tinski kasu. Za po\u010detak, trebali bi svi gra\u0111ani koliko, god to mogu i \u0161to prije, da izmire svoje obaveze prema lokalnoj samoupravi. Da se bar nekako progura ova jesen i zima. Onda \u0107e sve, nadam se, biti lak\u0161e. Treba odmah raditi na detaljnim planovima, legalizaciji nelegalno podignutih objekata, a surovo ka\u017enjavati bespravnu gradnju novih. Jo\u0161 stro\u017eije svaki vid korupcije. Moraju se tako\u0111e pozvati na\u0161i iseljenici da se vra\u0107aju i da ula\u017eu. Oni trebaju da udru\u017ee svoj kapital, kao i da sa op\u0161tinom realizuju projekte javno-privatnog partnerstva. Naravno, da prije svega mislim na turizam i poljoprivredu, jer se tu otvara veliki broj radnih mjesta, a nezaposlenost je godinama na\u0161 najve\u0107i ekonomski i socijalni problem.<br \/>\nU svakom slu\u010daju, da bi se na\u0161a op\u0161tina skladno i dugoro\u010dno razvijala, moraju se odli\u010dno poznavati ne samo njeni ukupni potencijali i kretanja u svijetu, ve\u0107 razvoj mora apsolutno biti baziran na odr\u017eivosti i odgovornosti. Jer, ne\u010diji smo potomci, a ako Bog da, bi\u0107emo i ne\u010diji preci.<\/p>\n<p><strong>Mustafa CANKA<\/strong><br \/>\n<!--YouTube Error: bad URL entered--><\/p>\n","protected":false},"excerpt":{"rendered":"<p>Nema nikakve sumnje da je na\u0161 grad od srijede u\u0161ao u novu fazu razvoja. Svi doga\u0111aji koji su se ove sedmice izde\u0161avali, to svakako potvr\u0111uju. Rije\u010d je, ina\u010de, o prirodnom procesu, i to \u017eelim da svi razumiju. I majka ra\u0111a dijete u mukama, ali sa prvim pla\u010dom zaboravi sve bolove. Osje\u0107a samo u\u017eitak i zadovoljstvo, [&hellip;]<\/p>\n","protected":false},"author":1,"featured_media":0,"comment_status":"open","ping_status":"closed","sticky":false,"template":"","format":"standard","meta":{"spay_email":"","jetpack_publicize_message":"","jetpack_is_tweetstorm":false,"jetpack_publicize_feature_enabled":true},"categories":[8337],"tags":[20,19177,5276,19],"jetpack_publicize_connections":[],"yoast_head":"<!-- This site is optimized with the Yoast SEO plugin v19.1 - https:\/\/yoast.com\/wordpress\/plugins\/seo\/ -->\n<title>Canka: Ulcinj \u0107e u narednih godina postati divno mjesto za \u017eivot i rad - Lajme nga Ulqini<\/title>\n<meta name=\"description\" content=\"Nema nikakve sumnje da je na\u0161 grad od srijede u\u0161ao u novu fazu razvoja. Svi doga\u0111aji koji su se ove sedmice izde\u0161avali, to svakako potvr\u0111uju. Rije\u010d je,\" \/>\n<meta name=\"robots\" content=\"index, follow, max-snippet:-1, max-image-preview:large, max-video-preview:-1\" \/>\n<link rel=\"canonical\" href=\"https:\/\/www.visit-ulcinj.com\/blog\/2011\/10\/04\/canka-ulcinj-ce-u-narednih-godina-postati-divno-mjesto-za-zivot-i-rad\/\" \/>\n<meta property=\"og:locale\" content=\"en_US\" \/>\n<meta property=\"og:type\" content=\"article\" \/>\n<meta property=\"og:title\" content=\"Canka: Ulcinj \u0107e u narednih godina postati divno mjesto za \u017eivot i rad - Lajme nga Ulqini\" \/>\n<meta property=\"og:description\" content=\"Nema nikakve sumnje da je na\u0161 grad od srijede u\u0161ao u novu fazu razvoja. Svi doga\u0111aji koji su se ove sedmice izde\u0161avali, to svakako potvr\u0111uju. Rije\u010d je,\" \/>\n<meta property=\"og:url\" content=\"https:\/\/www.visit-ulcinj.com\/blog\/2011\/10\/04\/canka-ulcinj-ce-u-narednih-godina-postati-divno-mjesto-za-zivot-i-rad\/\" \/>\n<meta property=\"og:site_name\" content=\"Lajme nga Ulqini\" \/>\n<meta property=\"article:published_time\" content=\"2011-10-04T12:07:26+00:00\" \/>\n<meta property=\"og:image\" content=\"http:\/\/www.visit-ulcinj.com\/blog\/wp-content\/uploads\/2011\/10\/Canka_Ulcinj-ce-u-narednih-godina-postati-divno-mjesto-za-zivot-i-rad.jpg\" \/>\n<meta name=\"twitter:label1\" content=\"Written by\" \/>\n\t<meta name=\"twitter:data1\" content=\"ulqini\" \/>\n\t<meta name=\"twitter:label2\" content=\"Est. reading time\" \/>\n\t<meta name=\"twitter:data2\" content=\"4 minutes\" \/>\n<script type=\"application\/ld+json\" class=\"yoast-schema-graph\">{\"@context\":\"https:\/\/schema.org\",\"@graph\":[{\"@type\":\"WebSite\",\"@id\":\"https:\/\/www.visit-ulcinj.com\/blog\/#website\",\"url\":\"https:\/\/www.visit-ulcinj.com\/blog\/\",\"name\":\"Lajme nga Ulqini\",\"description\":\"Lajme,Vijesti,Ulqini,Ulqin,Crna Gora,Mali i Zi\",\"potentialAction\":[{\"@type\":\"SearchAction\",\"target\":{\"@type\":\"EntryPoint\",\"urlTemplate\":\"https:\/\/www.visit-ulcinj.com\/blog\/?s={search_term_string}\"},\"query-input\":\"required name=search_term_string\"}],\"inLanguage\":\"en-US\"},{\"@type\":\"ImageObject\",\"inLanguage\":\"en-US\",\"@id\":\"https:\/\/www.visit-ulcinj.com\/blog\/2011\/10\/04\/canka-ulcinj-ce-u-narednih-godina-postati-divno-mjesto-za-zivot-i-rad\/#primaryimage\",\"url\":\"https:\/\/www.visit-ulcinj.com\/blog\/wp-content\/uploads\/2011\/10\/Canka_Ulcinj-ce-u-narednih-godina-postati-divno-mjesto-za-zivot-i-rad.jpg\",\"contentUrl\":\"https:\/\/www.visit-ulcinj.com\/blog\/wp-content\/uploads\/2011\/10\/Canka_Ulcinj-ce-u-narednih-godina-postati-divno-mjesto-za-zivot-i-rad.jpg\",\"width\":\"800\",\"height\":\"600\"},{\"@type\":\"WebPage\",\"@id\":\"https:\/\/www.visit-ulcinj.com\/blog\/2011\/10\/04\/canka-ulcinj-ce-u-narednih-godina-postati-divno-mjesto-za-zivot-i-rad\/#webpage\",\"url\":\"https:\/\/www.visit-ulcinj.com\/blog\/2011\/10\/04\/canka-ulcinj-ce-u-narednih-godina-postati-divno-mjesto-za-zivot-i-rad\/\",\"name\":\"Canka: Ulcinj \u0107e u narednih godina postati divno mjesto za \u017eivot i rad - Lajme nga Ulqini\",\"isPartOf\":{\"@id\":\"https:\/\/www.visit-ulcinj.com\/blog\/#website\"},\"primaryImageOfPage\":{\"@id\":\"https:\/\/www.visit-ulcinj.com\/blog\/2011\/10\/04\/canka-ulcinj-ce-u-narednih-godina-postati-divno-mjesto-za-zivot-i-rad\/#primaryimage\"},\"datePublished\":\"2011-10-04T12:07:26+00:00\",\"dateModified\":\"2011-10-04T12:07:26+00:00\",\"author\":{\"@id\":\"https:\/\/www.visit-ulcinj.com\/blog\/#\/schema\/person\/dcab619c614d3038751c63bc2aadc06d\"},\"description\":\"Nema nikakve sumnje da je na\u0161 grad od srijede u\u0161ao u novu fazu razvoja. Svi doga\u0111aji koji su se ove sedmice izde\u0161avali, to svakako potvr\u0111uju. Rije\u010d je,\",\"breadcrumb\":{\"@id\":\"https:\/\/www.visit-ulcinj.com\/blog\/2011\/10\/04\/canka-ulcinj-ce-u-narednih-godina-postati-divno-mjesto-za-zivot-i-rad\/#breadcrumb\"},\"inLanguage\":\"en-US\",\"potentialAction\":[{\"@type\":\"ReadAction\",\"target\":[\"https:\/\/www.visit-ulcinj.com\/blog\/2011\/10\/04\/canka-ulcinj-ce-u-narednih-godina-postati-divno-mjesto-za-zivot-i-rad\/\"]}]},{\"@type\":\"BreadcrumbList\",\"@id\":\"https:\/\/www.visit-ulcinj.com\/blog\/2011\/10\/04\/canka-ulcinj-ce-u-narednih-godina-postati-divno-mjesto-za-zivot-i-rad\/#breadcrumb\",\"itemListElement\":[{\"@type\":\"ListItem\",\"position\":1,\"name\":\"Canka: Ulcinj \u0107e u narednih godina postati divno mjesto za \u017eivot i rad\"}]},{\"@type\":\"Person\",\"@id\":\"https:\/\/www.visit-ulcinj.com\/blog\/#\/schema\/person\/dcab619c614d3038751c63bc2aadc06d\",\"name\":\"ulqini\",\"sameAs\":[\"http:\/\/www.visit-ulcinj.com\"],\"url\":\"https:\/\/www.visit-ulcinj.com\/blog\/author\/admin\/\"}]}<\/script>\n<!-- \/ Yoast SEO plugin. -->","yoast_head_json":{"title":"Canka: Ulcinj \u0107e u narednih godina postati divno mjesto za \u017eivot i rad - Lajme nga Ulqini","description":"Nema nikakve sumnje da je na\u0161 grad od srijede u\u0161ao u novu fazu razvoja. Svi doga\u0111aji koji su se ove sedmice izde\u0161avali, to svakako potvr\u0111uju. Rije\u010d je,","robots":{"index":"index","follow":"follow","max-snippet":"max-snippet:-1","max-image-preview":"max-image-preview:large","max-video-preview":"max-video-preview:-1"},"canonical":"https:\/\/www.visit-ulcinj.com\/blog\/2011\/10\/04\/canka-ulcinj-ce-u-narednih-godina-postati-divno-mjesto-za-zivot-i-rad\/","og_locale":"en_US","og_type":"article","og_title":"Canka: Ulcinj \u0107e u narednih godina postati divno mjesto za \u017eivot i rad - Lajme nga Ulqini","og_description":"Nema nikakve sumnje da je na\u0161 grad od srijede u\u0161ao u novu fazu razvoja. Svi doga\u0111aji koji su se ove sedmice izde\u0161avali, to svakako potvr\u0111uju. Rije\u010d je,","og_url":"https:\/\/www.visit-ulcinj.com\/blog\/2011\/10\/04\/canka-ulcinj-ce-u-narednih-godina-postati-divno-mjesto-za-zivot-i-rad\/","og_site_name":"Lajme nga Ulqini","article_published_time":"2011-10-04T12:07:26+00:00","og_image":[{"url":"http:\/\/www.visit-ulcinj.com\/blog\/wp-content\/uploads\/2011\/10\/Canka_Ulcinj-ce-u-narednih-godina-postati-divno-mjesto-za-zivot-i-rad.jpg"}],"twitter_misc":{"Written by":"ulqini","Est. reading time":"4 minutes"},"schema":{"@context":"https:\/\/schema.org","@graph":[{"@type":"WebSite","@id":"https:\/\/www.visit-ulcinj.com\/blog\/#website","url":"https:\/\/www.visit-ulcinj.com\/blog\/","name":"Lajme nga Ulqini","description":"Lajme,Vijesti,Ulqini,Ulqin,Crna Gora,Mali i Zi","potentialAction":[{"@type":"SearchAction","target":{"@type":"EntryPoint","urlTemplate":"https:\/\/www.visit-ulcinj.com\/blog\/?s={search_term_string}"},"query-input":"required name=search_term_string"}],"inLanguage":"en-US"},{"@type":"ImageObject","inLanguage":"en-US","@id":"https:\/\/www.visit-ulcinj.com\/blog\/2011\/10\/04\/canka-ulcinj-ce-u-narednih-godina-postati-divno-mjesto-za-zivot-i-rad\/#primaryimage","url":"https:\/\/www.visit-ulcinj.com\/blog\/wp-content\/uploads\/2011\/10\/Canka_Ulcinj-ce-u-narednih-godina-postati-divno-mjesto-za-zivot-i-rad.jpg","contentUrl":"https:\/\/www.visit-ulcinj.com\/blog\/wp-content\/uploads\/2011\/10\/Canka_Ulcinj-ce-u-narednih-godina-postati-divno-mjesto-za-zivot-i-rad.jpg","width":"800","height":"600"},{"@type":"WebPage","@id":"https:\/\/www.visit-ulcinj.com\/blog\/2011\/10\/04\/canka-ulcinj-ce-u-narednih-godina-postati-divno-mjesto-za-zivot-i-rad\/#webpage","url":"https:\/\/www.visit-ulcinj.com\/blog\/2011\/10\/04\/canka-ulcinj-ce-u-narednih-godina-postati-divno-mjesto-za-zivot-i-rad\/","name":"Canka: Ulcinj \u0107e u narednih godina postati divno mjesto za \u017eivot i rad - Lajme nga Ulqini","isPartOf":{"@id":"https:\/\/www.visit-ulcinj.com\/blog\/#website"},"primaryImageOfPage":{"@id":"https:\/\/www.visit-ulcinj.com\/blog\/2011\/10\/04\/canka-ulcinj-ce-u-narednih-godina-postati-divno-mjesto-za-zivot-i-rad\/#primaryimage"},"datePublished":"2011-10-04T12:07:26+00:00","dateModified":"2011-10-04T12:07:26+00:00","author":{"@id":"https:\/\/www.visit-ulcinj.com\/blog\/#\/schema\/person\/dcab619c614d3038751c63bc2aadc06d"},"description":"Nema nikakve sumnje da je na\u0161 grad od srijede u\u0161ao u novu fazu razvoja. Svi doga\u0111aji koji su se ove sedmice izde\u0161avali, to svakako potvr\u0111uju. Rije\u010d je,","breadcrumb":{"@id":"https:\/\/www.visit-ulcinj.com\/blog\/2011\/10\/04\/canka-ulcinj-ce-u-narednih-godina-postati-divno-mjesto-za-zivot-i-rad\/#breadcrumb"},"inLanguage":"en-US","potentialAction":[{"@type":"ReadAction","target":["https:\/\/www.visit-ulcinj.com\/blog\/2011\/10\/04\/canka-ulcinj-ce-u-narednih-godina-postati-divno-mjesto-za-zivot-i-rad\/"]}]},{"@type":"BreadcrumbList","@id":"https:\/\/www.visit-ulcinj.com\/blog\/2011\/10\/04\/canka-ulcinj-ce-u-narednih-godina-postati-divno-mjesto-za-zivot-i-rad\/#breadcrumb","itemListElement":[{"@type":"ListItem","position":1,"name":"Canka: Ulcinj \u0107e u narednih godina postati divno mjesto za \u017eivot i rad"}]},{"@type":"Person","@id":"https:\/\/www.visit-ulcinj.com\/blog\/#\/schema\/person\/dcab619c614d3038751c63bc2aadc06d","name":"ulqini","sameAs":["http:\/\/www.visit-ulcinj.com"],"url":"https:\/\/www.visit-ulcinj.com\/blog\/author\/admin\/"}]}},"jetpack_featured_media_url":"","jetpack_sharing_enabled":true,"jetpack_shortlink":"https:\/\/wp.me\/pe6lTn-dsY","_links":{"self":[{"href":"https:\/\/www.visit-ulcinj.com\/blog\/wp-json\/wp\/v2\/posts\/51768"}],"collection":[{"href":"https:\/\/www.visit-ulcinj.com\/blog\/wp-json\/wp\/v2\/posts"}],"about":[{"href":"https:\/\/www.visit-ulcinj.com\/blog\/wp-json\/wp\/v2\/types\/post"}],"author":[{"embeddable":true,"href":"https:\/\/www.visit-ulcinj.com\/blog\/wp-json\/wp\/v2\/users\/1"}],"replies":[{"embeddable":true,"href":"https:\/\/www.visit-ulcinj.com\/blog\/wp-json\/wp\/v2\/comments?post=51768"}],"version-history":[{"count":2,"href":"https:\/\/www.visit-ulcinj.com\/blog\/wp-json\/wp\/v2\/posts\/51768\/revisions"}],"predecessor-version":[{"id":51773,"href":"https:\/\/www.visit-ulcinj.com\/blog\/wp-json\/wp\/v2\/posts\/51768\/revisions\/51773"}],"wp:attachment":[{"href":"https:\/\/www.visit-ulcinj.com\/blog\/wp-json\/wp\/v2\/media?parent=51768"}],"wp:term":[{"taxonomy":"category","embeddable":true,"href":"https:\/\/www.visit-ulcinj.com\/blog\/wp-json\/wp\/v2\/categories?post=51768"},{"taxonomy":"post_tag","embeddable":true,"href":"https:\/\/www.visit-ulcinj.com\/blog\/wp-json\/wp\/v2\/tags?post=51768"}],"curies":[{"name":"wp","href":"https:\/\/api.w.org\/{rel}","templated":true}]}}