{"id":51777,"date":"2011-10-04T13:40:32","date_gmt":"2011-10-04T12:40:32","guid":{"rendered":"http:\/\/www.visit-ulcinj.com\/blog\/?p=51777"},"modified":"2011-10-04T13:40:32","modified_gmt":"2011-10-04T12:40:32","slug":"dafina-zeqiri-publikon-%e2%80%9cmy-swag%e2%80%9d-video","status":"publish","type":"post","link":"https:\/\/www.visit-ulcinj.com\/blog\/2011\/10\/04\/dafina-zeqiri-publikon-%e2%80%9cmy-swag%e2%80%9d-video\/","title":{"rendered":"Dafina Zeqiri publikon \u201cMy Swag\u201d &#8211; Video"},"content":{"rendered":"<p><strong><a href=\"http:\/\/www.visit-ulcinj.com\/blog\/wp-content\/uploads\/2011\/10\/Dafina-Zeqiri-My-Swag.jpg\"><img loading=\"lazy\" class=\"alignleft size-full wp-image-51778\" title=\"Dafina Zeqiri - My Swag\" src=\"http:\/\/www.visit-ulcinj.com\/blog\/wp-content\/uploads\/2011\/10\/Dafina-Zeqiri-My-Swag.jpg\" alt=\"\" width=\"508\" height=\"380\" \/><\/a>K\u00ebng\u00ebtarja Dafina Zeqiri ka publikuar vidioklipin e k\u00ebng\u00ebs \u201cMy Swag\u201d.<\/strong><\/p>\n<p>K\u00ebnga \u00ebsht\u00eb n\u00eb versionin anglisht dhe p\u00ebr videklipin e k\u00ebsaj k\u00ebnge \u00ebsht\u00eb p\u00ebrkujdesur produksioni \u201cImagine\u201d.<\/p>\n<p>Dafina si gjithmon\u00eb edhe k\u00ebsaj radhe vjen me nj\u00eb stil dhe pamje shum\u00eb t\u00eb ve\u00e7ant\u00eb. K\u00ebng\u00ebtarja ka paralajm\u00ebruar se gjat\u00eb k\u00ebtij muaji, tetor, do t\u00eb publikoj\u00eb albumin e saj t\u00eb radh\u00ebs.<\/p>\n<p>M\u00eb posht\u00eb mund ta shikoni videoklipin e k\u00ebng\u00ebs \u201cMy Swag.<\/p>\n<p><strong>Ekonomisti<br \/>\n<!--YouTube Error: bad URL entered--><br \/>\n<\/strong><\/p>\n","protected":false},"excerpt":{"rendered":"<p>K\u00ebng\u00ebtarja Dafina Zeqiri ka publikuar vidioklipin e k\u00ebng\u00ebs \u201cMy Swag\u201d. K\u00ebnga \u00ebsht\u00eb n\u00eb versionin anglisht dhe p\u00ebr videklipin e k\u00ebsaj k\u00ebnge \u00ebsht\u00eb p\u00ebrkujdesur produksioni \u201cImagine\u201d. Dafina si gjithmon\u00eb edhe k\u00ebsaj radhe vjen me nj\u00eb stil dhe pamje shum\u00eb t\u00eb ve\u00e7ant\u00eb. K\u00ebng\u00ebtarja ka paralajm\u00ebruar se gjat\u00eb k\u00ebtij muaji, tetor, do t\u00eb publikoj\u00eb albumin e saj t\u00eb [&hellip;]<\/p>\n","protected":false},"author":1,"featured_media":0,"comment_status":"open","ping_status":"closed","sticky":false,"template":"","format":"standard","meta":{"spay_email":"","jetpack_publicize_message":"","jetpack_is_tweetstorm":false,"jetpack_publicize_feature_enabled":true},"categories":[1],"tags":[4926,19178],"jetpack_publicize_connections":[],"yoast_head":"<!-- This site is optimized with the Yoast SEO plugin v19.1 - https:\/\/yoast.com\/wordpress\/plugins\/seo\/ -->\n<title>Dafina Zeqiri publikon \u201cMy Swag\u201d - Video - Lajme nga Ulqini<\/title>\n<meta name=\"description\" content=\"K\u00ebng\u00ebtarja Dafina Zeqiri ka publikuar vidioklipin e k\u00ebng\u00ebs \u201cMy Swag\u201d. K\u00ebnga \u00ebsht\u00eb n\u00eb versionin anglisht dhe p\u00ebr videklipin e k\u00ebsaj k\u00ebnge \u00ebsht\u00eb p\u00ebrkujdesur\" \/>\n<meta name=\"robots\" content=\"index, follow, max-snippet:-1, max-image-preview:large, max-video-preview:-1\" \/>\n<link rel=\"canonical\" href=\"https:\/\/www.visit-ulcinj.com\/blog\/2011\/10\/04\/dafina-zeqiri-publikon-\u201cmy-swag\u201d-video\/\" \/>\n<meta property=\"og:locale\" content=\"en_US\" \/>\n<meta property=\"og:type\" content=\"article\" \/>\n<meta property=\"og:title\" content=\"Dafina Zeqiri publikon \u201cMy Swag\u201d - Video - Lajme nga Ulqini\" \/>\n<meta property=\"og:description\" content=\"K\u00ebng\u00ebtarja Dafina Zeqiri ka publikuar vidioklipin e k\u00ebng\u00ebs \u201cMy Swag\u201d. K\u00ebnga \u00ebsht\u00eb n\u00eb versionin anglisht dhe p\u00ebr videklipin e k\u00ebsaj k\u00ebnge \u00ebsht\u00eb p\u00ebrkujdesur\" \/>\n<meta property=\"og:url\" content=\"https:\/\/www.visit-ulcinj.com\/blog\/2011\/10\/04\/dafina-zeqiri-publikon-\u201cmy-swag\u201d-video\/\" \/>\n<meta property=\"og:site_name\" content=\"Lajme nga Ulqini\" \/>\n<meta property=\"article:published_time\" content=\"2011-10-04T12:40:32+00:00\" \/>\n<meta property=\"og:image\" content=\"http:\/\/www.visit-ulcinj.com\/blog\/wp-content\/uploads\/2011\/10\/Dafina-Zeqiri-My-Swag.jpg\" \/>\n<meta name=\"twitter:label1\" content=\"Written by\" \/>\n\t<meta name=\"twitter:data1\" content=\"ulqini\" \/>\n<script type=\"application\/ld+json\" class=\"yoast-schema-graph\">{\"@context\":\"https:\/\/schema.org\",\"@graph\":[{\"@type\":\"WebSite\",\"@id\":\"https:\/\/www.visit-ulcinj.com\/blog\/#website\",\"url\":\"https:\/\/www.visit-ulcinj.com\/blog\/\",\"name\":\"Lajme nga Ulqini\",\"description\":\"Lajme,Vijesti,Ulqini,Ulqin,Crna Gora,Mali i Zi\",\"potentialAction\":[{\"@type\":\"SearchAction\",\"target\":{\"@type\":\"EntryPoint\",\"urlTemplate\":\"https:\/\/www.visit-ulcinj.com\/blog\/?s={search_term_string}\"},\"query-input\":\"required name=search_term_string\"}],\"inLanguage\":\"en-US\"},{\"@type\":\"ImageObject\",\"inLanguage\":\"en-US\",\"@id\":\"https:\/\/www.visit-ulcinj.com\/blog\/2011\/10\/04\/dafina-zeqiri-publikon-%e2%80%9cmy-swag%e2%80%9d-video\/#primaryimage\",\"url\":\"http:\/\/www.visit-ulcinj.com\/blog\/wp-content\/uploads\/2011\/10\/Dafina-Zeqiri-My-Swag.jpg\",\"contentUrl\":\"http:\/\/www.visit-ulcinj.com\/blog\/wp-content\/uploads\/2011\/10\/Dafina-Zeqiri-My-Swag.jpg\"},{\"@type\":\"WebPage\",\"@id\":\"https:\/\/www.visit-ulcinj.com\/blog\/2011\/10\/04\/dafina-zeqiri-publikon-%e2%80%9cmy-swag%e2%80%9d-video\/#webpage\",\"url\":\"https:\/\/www.visit-ulcinj.com\/blog\/2011\/10\/04\/dafina-zeqiri-publikon-%e2%80%9cmy-swag%e2%80%9d-video\/\",\"name\":\"Dafina Zeqiri publikon \u201cMy Swag\u201d - Video - Lajme nga Ulqini\",\"isPartOf\":{\"@id\":\"https:\/\/www.visit-ulcinj.com\/blog\/#website\"},\"primaryImageOfPage\":{\"@id\":\"https:\/\/www.visit-ulcinj.com\/blog\/2011\/10\/04\/dafina-zeqiri-publikon-%e2%80%9cmy-swag%e2%80%9d-video\/#primaryimage\"},\"datePublished\":\"2011-10-04T12:40:32+00:00\",\"dateModified\":\"2011-10-04T12:40:32+00:00\",\"author\":{\"@id\":\"https:\/\/www.visit-ulcinj.com\/blog\/#\/schema\/person\/dcab619c614d3038751c63bc2aadc06d\"},\"description\":\"K\u00ebng\u00ebtarja Dafina Zeqiri ka publikuar vidioklipin e k\u00ebng\u00ebs \u201cMy Swag\u201d. K\u00ebnga \u00ebsht\u00eb n\u00eb versionin anglisht dhe p\u00ebr videklipin e k\u00ebsaj k\u00ebnge \u00ebsht\u00eb p\u00ebrkujdesur\",\"breadcrumb\":{\"@id\":\"https:\/\/www.visit-ulcinj.com\/blog\/2011\/10\/04\/dafina-zeqiri-publikon-%e2%80%9cmy-swag%e2%80%9d-video\/#breadcrumb\"},\"inLanguage\":\"en-US\",\"potentialAction\":[{\"@type\":\"ReadAction\",\"target\":[\"https:\/\/www.visit-ulcinj.com\/blog\/2011\/10\/04\/dafina-zeqiri-publikon-%e2%80%9cmy-swag%e2%80%9d-video\/\"]}]},{\"@type\":\"BreadcrumbList\",\"@id\":\"https:\/\/www.visit-ulcinj.com\/blog\/2011\/10\/04\/dafina-zeqiri-publikon-%e2%80%9cmy-swag%e2%80%9d-video\/#breadcrumb\",\"itemListElement\":[{\"@type\":\"ListItem\",\"position\":1,\"name\":\"Dafina Zeqiri publikon \u201cMy Swag\u201d &#8211; Video\"}]},{\"@type\":\"Person\",\"@id\":\"https:\/\/www.visit-ulcinj.com\/blog\/#\/schema\/person\/dcab619c614d3038751c63bc2aadc06d\",\"name\":\"ulqini\",\"sameAs\":[\"http:\/\/www.visit-ulcinj.com\"],\"url\":\"https:\/\/www.visit-ulcinj.com\/blog\/author\/admin\/\"}]}<\/script>\n<!-- \/ Yoast SEO plugin. -->","yoast_head_json":{"title":"Dafina Zeqiri publikon \u201cMy Swag\u201d - Video - Lajme nga Ulqini","description":"K\u00ebng\u00ebtarja Dafina Zeqiri ka publikuar vidioklipin e k\u00ebng\u00ebs \u201cMy Swag\u201d. K\u00ebnga \u00ebsht\u00eb n\u00eb versionin anglisht dhe p\u00ebr videklipin e k\u00ebsaj k\u00ebnge \u00ebsht\u00eb p\u00ebrkujdesur","robots":{"index":"index","follow":"follow","max-snippet":"max-snippet:-1","max-image-preview":"max-image-preview:large","max-video-preview":"max-video-preview:-1"},"canonical":"https:\/\/www.visit-ulcinj.com\/blog\/2011\/10\/04\/dafina-zeqiri-publikon-\u201cmy-swag\u201d-video\/","og_locale":"en_US","og_type":"article","og_title":"Dafina Zeqiri publikon \u201cMy Swag\u201d - Video - Lajme nga Ulqini","og_description":"K\u00ebng\u00ebtarja Dafina Zeqiri ka publikuar vidioklipin e k\u00ebng\u00ebs \u201cMy Swag\u201d. K\u00ebnga \u00ebsht\u00eb n\u00eb versionin anglisht dhe p\u00ebr videklipin e k\u00ebsaj k\u00ebnge \u00ebsht\u00eb p\u00ebrkujdesur","og_url":"https:\/\/www.visit-ulcinj.com\/blog\/2011\/10\/04\/dafina-zeqiri-publikon-\u201cmy-swag\u201d-video\/","og_site_name":"Lajme nga Ulqini","article_published_time":"2011-10-04T12:40:32+00:00","og_image":[{"url":"http:\/\/www.visit-ulcinj.com\/blog\/wp-content\/uploads\/2011\/10\/Dafina-Zeqiri-My-Swag.jpg"}],"twitter_misc":{"Written by":"ulqini"},"schema":{"@context":"https:\/\/schema.org","@graph":[{"@type":"WebSite","@id":"https:\/\/www.visit-ulcinj.com\/blog\/#website","url":"https:\/\/www.visit-ulcinj.com\/blog\/","name":"Lajme nga Ulqini","description":"Lajme,Vijesti,Ulqini,Ulqin,Crna Gora,Mali i Zi","potentialAction":[{"@type":"SearchAction","target":{"@type":"EntryPoint","urlTemplate":"https:\/\/www.visit-ulcinj.com\/blog\/?s={search_term_string}"},"query-input":"required name=search_term_string"}],"inLanguage":"en-US"},{"@type":"ImageObject","inLanguage":"en-US","@id":"https:\/\/www.visit-ulcinj.com\/blog\/2011\/10\/04\/dafina-zeqiri-publikon-%e2%80%9cmy-swag%e2%80%9d-video\/#primaryimage","url":"http:\/\/www.visit-ulcinj.com\/blog\/wp-content\/uploads\/2011\/10\/Dafina-Zeqiri-My-Swag.jpg","contentUrl":"http:\/\/www.visit-ulcinj.com\/blog\/wp-content\/uploads\/2011\/10\/Dafina-Zeqiri-My-Swag.jpg"},{"@type":"WebPage","@id":"https:\/\/www.visit-ulcinj.com\/blog\/2011\/10\/04\/dafina-zeqiri-publikon-%e2%80%9cmy-swag%e2%80%9d-video\/#webpage","url":"https:\/\/www.visit-ulcinj.com\/blog\/2011\/10\/04\/dafina-zeqiri-publikon-%e2%80%9cmy-swag%e2%80%9d-video\/","name":"Dafina Zeqiri publikon \u201cMy Swag\u201d - Video - Lajme nga Ulqini","isPartOf":{"@id":"https:\/\/www.visit-ulcinj.com\/blog\/#website"},"primaryImageOfPage":{"@id":"https:\/\/www.visit-ulcinj.com\/blog\/2011\/10\/04\/dafina-zeqiri-publikon-%e2%80%9cmy-swag%e2%80%9d-video\/#primaryimage"},"datePublished":"2011-10-04T12:40:32+00:00","dateModified":"2011-10-04T12:40:32+00:00","author":{"@id":"https:\/\/www.visit-ulcinj.com\/blog\/#\/schema\/person\/dcab619c614d3038751c63bc2aadc06d"},"description":"K\u00ebng\u00ebtarja Dafina Zeqiri ka publikuar vidioklipin e k\u00ebng\u00ebs \u201cMy Swag\u201d. K\u00ebnga \u00ebsht\u00eb n\u00eb versionin anglisht dhe p\u00ebr videklipin e k\u00ebsaj k\u00ebnge \u00ebsht\u00eb p\u00ebrkujdesur","breadcrumb":{"@id":"https:\/\/www.visit-ulcinj.com\/blog\/2011\/10\/04\/dafina-zeqiri-publikon-%e2%80%9cmy-swag%e2%80%9d-video\/#breadcrumb"},"inLanguage":"en-US","potentialAction":[{"@type":"ReadAction","target":["https:\/\/www.visit-ulcinj.com\/blog\/2011\/10\/04\/dafina-zeqiri-publikon-%e2%80%9cmy-swag%e2%80%9d-video\/"]}]},{"@type":"BreadcrumbList","@id":"https:\/\/www.visit-ulcinj.com\/blog\/2011\/10\/04\/dafina-zeqiri-publikon-%e2%80%9cmy-swag%e2%80%9d-video\/#breadcrumb","itemListElement":[{"@type":"ListItem","position":1,"name":"Dafina Zeqiri publikon \u201cMy Swag\u201d &#8211; Video"}]},{"@type":"Person","@id":"https:\/\/www.visit-ulcinj.com\/blog\/#\/schema\/person\/dcab619c614d3038751c63bc2aadc06d","name":"ulqini","sameAs":["http:\/\/www.visit-ulcinj.com"],"url":"https:\/\/www.visit-ulcinj.com\/blog\/author\/admin\/"}]}},"jetpack_featured_media_url":"","jetpack_sharing_enabled":true,"jetpack_shortlink":"https:\/\/wp.me\/pe6lTn-dt7","_links":{"self":[{"href":"https:\/\/www.visit-ulcinj.com\/blog\/wp-json\/wp\/v2\/posts\/51777"}],"collection":[{"href":"https:\/\/www.visit-ulcinj.com\/blog\/wp-json\/wp\/v2\/posts"}],"about":[{"href":"https:\/\/www.visit-ulcinj.com\/blog\/wp-json\/wp\/v2\/types\/post"}],"author":[{"embeddable":true,"href":"https:\/\/www.visit-ulcinj.com\/blog\/wp-json\/wp\/v2\/users\/1"}],"replies":[{"embeddable":true,"href":"https:\/\/www.visit-ulcinj.com\/blog\/wp-json\/wp\/v2\/comments?post=51777"}],"version-history":[{"count":1,"href":"https:\/\/www.visit-ulcinj.com\/blog\/wp-json\/wp\/v2\/posts\/51777\/revisions"}],"predecessor-version":[{"id":51779,"href":"https:\/\/www.visit-ulcinj.com\/blog\/wp-json\/wp\/v2\/posts\/51777\/revisions\/51779"}],"wp:attachment":[{"href":"https:\/\/www.visit-ulcinj.com\/blog\/wp-json\/wp\/v2\/media?parent=51777"}],"wp:term":[{"taxonomy":"category","embeddable":true,"href":"https:\/\/www.visit-ulcinj.com\/blog\/wp-json\/wp\/v2\/categories?post=51777"},{"taxonomy":"post_tag","embeddable":true,"href":"https:\/\/www.visit-ulcinj.com\/blog\/wp-json\/wp\/v2\/tags?post=51777"}],"curies":[{"name":"wp","href":"https:\/\/api.w.org\/{rel}","templated":true}]}}