{"id":51782,"date":"2011-10-04T13:54:33","date_gmt":"2011-10-04T12:54:33","guid":{"rendered":"http:\/\/www.visit-ulcinj.com\/blog\/?p=51782"},"modified":"2011-10-04T13:54:33","modified_gmt":"2011-10-04T12:54:33","slug":"g-street-lansojne-klipin-e-dyte-%e2%80%9cjepi-fuqi%e2%80%9d","status":"publish","type":"post","link":"https:\/\/www.visit-ulcinj.com\/blog\/2011\/10\/04\/g-street-lansojne-klipin-e-dyte-%e2%80%9cjepi-fuqi%e2%80%9d\/","title":{"rendered":"G-Street lansojn\u00eb klipin e dyt\u00eb \u201cJepi fuqi\u201d"},"content":{"rendered":"<p><a href=\"http:\/\/www.visit-ulcinj.com\/blog\/wp-content\/uploads\/2011\/10\/G-sTREET_KOSOVE.jpg\"><img loading=\"lazy\" class=\"alignleft size-full wp-image-51783\" title=\"G-sTREET_KOSOVE\" src=\"http:\/\/www.visit-ulcinj.com\/blog\/wp-content\/uploads\/2011\/10\/G-sTREET_KOSOVE.jpg\" alt=\"\" width=\"508\" height=\"380\" \/><\/a>G-Street lansojn\u00eb klipin e tyre t\u00eb dyt\u00eb me titull \u201cJepi fuqi\u201d, q\u00eb \u00ebsht\u00eb rezultat i bashk\u00ebpunimit me Grand Master, nj\u00eb reper i ri nga Podujeva. K\u00ebnga ka p\u00ebr tematik\u00eb problemet e t\u00eb rinjve n\u00eb Kosov\u00eb, ve\u00e7an\u00ebrisht p\u00ebr f\u00ebmij\u00ebt jetim\u00eb. Klipi \u00ebsht\u00eb punuar nga FERmedia nga Ferizaji, teksti i k\u00ebng\u00ebs \u00ebsht\u00eb shkruar nga Mcnia (G-Street), muzika nga sL beatz dhe orkestrimi nga Zar Studio.<\/p>\n<p>M\u00eb posht\u00eb mund ta shikoni klipin \u201cG-Street\u201d.<\/p>\n<p><strong>Telegrafi<\/strong><br \/>\n<!--YouTube Error: bad URL entered--><\/p>\n","protected":false},"excerpt":{"rendered":"<p>G-Street lansojn\u00eb klipin e tyre t\u00eb dyt\u00eb me titull \u201cJepi fuqi\u201d, q\u00eb \u00ebsht\u00eb rezultat i bashk\u00ebpunimit me Grand Master, nj\u00eb reper i ri nga Podujeva. K\u00ebnga ka p\u00ebr tematik\u00eb problemet e t\u00eb rinjve n\u00eb Kosov\u00eb, ve\u00e7an\u00ebrisht p\u00ebr f\u00ebmij\u00ebt jetim\u00eb. Klipi \u00ebsht\u00eb punuar nga FERmedia nga Ferizaji, teksti i k\u00ebng\u00ebs \u00ebsht\u00eb shkruar nga Mcnia (G-Street), muzika [&hellip;]<\/p>\n","protected":false},"author":1,"featured_media":0,"comment_status":"open","ping_status":"closed","sticky":false,"template":"","format":"standard","meta":{"spay_email":"","jetpack_publicize_message":"","jetpack_is_tweetstorm":false,"jetpack_publicize_feature_enabled":true},"categories":[1],"tags":[19179],"jetpack_publicize_connections":[],"yoast_head":"<!-- This site is optimized with the Yoast SEO plugin v19.1 - https:\/\/yoast.com\/wordpress\/plugins\/seo\/ -->\n<title>G-Street lansojn\u00eb klipin e dyt\u00eb \u201cJepi fuqi\u201d - Lajme nga Ulqini<\/title>\n<meta name=\"description\" content=\"G-Street lansojn\u00eb klipin e tyre t\u00eb dyt\u00eb me titull \u201cJepi fuqi\u201d, q\u00eb \u00ebsht\u00eb rezultat i bashk\u00ebpunimit me Grand Master, nj\u00eb reper i ri nga Podujeva. K\u00ebnga ka\" \/>\n<meta name=\"robots\" content=\"index, follow, max-snippet:-1, max-image-preview:large, max-video-preview:-1\" \/>\n<link rel=\"canonical\" href=\"https:\/\/www.visit-ulcinj.com\/blog\/2011\/10\/04\/g-street-lansojne-klipin-e-dyte-\u201cjepi-fuqi\u201d\/\" \/>\n<meta property=\"og:locale\" content=\"en_US\" \/>\n<meta property=\"og:type\" content=\"article\" \/>\n<meta property=\"og:title\" content=\"G-Street lansojn\u00eb klipin e dyt\u00eb \u201cJepi fuqi\u201d - Lajme nga Ulqini\" \/>\n<meta property=\"og:description\" content=\"G-Street lansojn\u00eb klipin e tyre t\u00eb dyt\u00eb me titull \u201cJepi fuqi\u201d, q\u00eb \u00ebsht\u00eb rezultat i bashk\u00ebpunimit me Grand Master, nj\u00eb reper i ri nga Podujeva. K\u00ebnga ka\" \/>\n<meta property=\"og:url\" content=\"https:\/\/www.visit-ulcinj.com\/blog\/2011\/10\/04\/g-street-lansojne-klipin-e-dyte-\u201cjepi-fuqi\u201d\/\" \/>\n<meta property=\"og:site_name\" content=\"Lajme nga Ulqini\" \/>\n<meta property=\"article:published_time\" content=\"2011-10-04T12:54:33+00:00\" \/>\n<meta property=\"og:image\" content=\"http:\/\/www.visit-ulcinj.com\/blog\/wp-content\/uploads\/2011\/10\/G-sTREET_KOSOVE.jpg\" \/>\n<meta name=\"twitter:label1\" content=\"Written by\" \/>\n\t<meta name=\"twitter:data1\" content=\"ulqini\" \/>\n<script type=\"application\/ld+json\" class=\"yoast-schema-graph\">{\"@context\":\"https:\/\/schema.org\",\"@graph\":[{\"@type\":\"WebSite\",\"@id\":\"https:\/\/www.visit-ulcinj.com\/blog\/#website\",\"url\":\"https:\/\/www.visit-ulcinj.com\/blog\/\",\"name\":\"Lajme nga Ulqini\",\"description\":\"Lajme,Vijesti,Ulqini,Ulqin,Crna Gora,Mali i Zi\",\"potentialAction\":[{\"@type\":\"SearchAction\",\"target\":{\"@type\":\"EntryPoint\",\"urlTemplate\":\"https:\/\/www.visit-ulcinj.com\/blog\/?s={search_term_string}\"},\"query-input\":\"required name=search_term_string\"}],\"inLanguage\":\"en-US\"},{\"@type\":\"ImageObject\",\"inLanguage\":\"en-US\",\"@id\":\"https:\/\/www.visit-ulcinj.com\/blog\/2011\/10\/04\/g-street-lansojne-klipin-e-dyte-%e2%80%9cjepi-fuqi%e2%80%9d\/#primaryimage\",\"url\":\"http:\/\/www.visit-ulcinj.com\/blog\/wp-content\/uploads\/2011\/10\/G-sTREET_KOSOVE.jpg\",\"contentUrl\":\"http:\/\/www.visit-ulcinj.com\/blog\/wp-content\/uploads\/2011\/10\/G-sTREET_KOSOVE.jpg\"},{\"@type\":\"WebPage\",\"@id\":\"https:\/\/www.visit-ulcinj.com\/blog\/2011\/10\/04\/g-street-lansojne-klipin-e-dyte-%e2%80%9cjepi-fuqi%e2%80%9d\/#webpage\",\"url\":\"https:\/\/www.visit-ulcinj.com\/blog\/2011\/10\/04\/g-street-lansojne-klipin-e-dyte-%e2%80%9cjepi-fuqi%e2%80%9d\/\",\"name\":\"G-Street lansojn\u00eb klipin e dyt\u00eb \u201cJepi fuqi\u201d - Lajme nga Ulqini\",\"isPartOf\":{\"@id\":\"https:\/\/www.visit-ulcinj.com\/blog\/#website\"},\"primaryImageOfPage\":{\"@id\":\"https:\/\/www.visit-ulcinj.com\/blog\/2011\/10\/04\/g-street-lansojne-klipin-e-dyte-%e2%80%9cjepi-fuqi%e2%80%9d\/#primaryimage\"},\"datePublished\":\"2011-10-04T12:54:33+00:00\",\"dateModified\":\"2011-10-04T12:54:33+00:00\",\"author\":{\"@id\":\"https:\/\/www.visit-ulcinj.com\/blog\/#\/schema\/person\/dcab619c614d3038751c63bc2aadc06d\"},\"description\":\"G-Street lansojn\u00eb klipin e tyre t\u00eb dyt\u00eb me titull \u201cJepi fuqi\u201d, q\u00eb \u00ebsht\u00eb rezultat i bashk\u00ebpunimit me Grand Master, nj\u00eb reper i ri nga Podujeva. K\u00ebnga ka\",\"breadcrumb\":{\"@id\":\"https:\/\/www.visit-ulcinj.com\/blog\/2011\/10\/04\/g-street-lansojne-klipin-e-dyte-%e2%80%9cjepi-fuqi%e2%80%9d\/#breadcrumb\"},\"inLanguage\":\"en-US\",\"potentialAction\":[{\"@type\":\"ReadAction\",\"target\":[\"https:\/\/www.visit-ulcinj.com\/blog\/2011\/10\/04\/g-street-lansojne-klipin-e-dyte-%e2%80%9cjepi-fuqi%e2%80%9d\/\"]}]},{\"@type\":\"BreadcrumbList\",\"@id\":\"https:\/\/www.visit-ulcinj.com\/blog\/2011\/10\/04\/g-street-lansojne-klipin-e-dyte-%e2%80%9cjepi-fuqi%e2%80%9d\/#breadcrumb\",\"itemListElement\":[{\"@type\":\"ListItem\",\"position\":1,\"name\":\"G-Street lansojn\u00eb klipin e dyt\u00eb \u201cJepi fuqi\u201d\"}]},{\"@type\":\"Person\",\"@id\":\"https:\/\/www.visit-ulcinj.com\/blog\/#\/schema\/person\/dcab619c614d3038751c63bc2aadc06d\",\"name\":\"ulqini\",\"sameAs\":[\"http:\/\/www.visit-ulcinj.com\"],\"url\":\"https:\/\/www.visit-ulcinj.com\/blog\/author\/admin\/\"}]}<\/script>\n<!-- \/ Yoast SEO plugin. -->","yoast_head_json":{"title":"G-Street lansojn\u00eb klipin e dyt\u00eb \u201cJepi fuqi\u201d - Lajme nga Ulqini","description":"G-Street lansojn\u00eb klipin e tyre t\u00eb dyt\u00eb me titull \u201cJepi fuqi\u201d, q\u00eb \u00ebsht\u00eb rezultat i bashk\u00ebpunimit me Grand Master, nj\u00eb reper i ri nga Podujeva. K\u00ebnga ka","robots":{"index":"index","follow":"follow","max-snippet":"max-snippet:-1","max-image-preview":"max-image-preview:large","max-video-preview":"max-video-preview:-1"},"canonical":"https:\/\/www.visit-ulcinj.com\/blog\/2011\/10\/04\/g-street-lansojne-klipin-e-dyte-\u201cjepi-fuqi\u201d\/","og_locale":"en_US","og_type":"article","og_title":"G-Street lansojn\u00eb klipin e dyt\u00eb \u201cJepi fuqi\u201d - Lajme nga Ulqini","og_description":"G-Street lansojn\u00eb klipin e tyre t\u00eb dyt\u00eb me titull \u201cJepi fuqi\u201d, q\u00eb \u00ebsht\u00eb rezultat i bashk\u00ebpunimit me Grand Master, nj\u00eb reper i ri nga Podujeva. K\u00ebnga ka","og_url":"https:\/\/www.visit-ulcinj.com\/blog\/2011\/10\/04\/g-street-lansojne-klipin-e-dyte-\u201cjepi-fuqi\u201d\/","og_site_name":"Lajme nga Ulqini","article_published_time":"2011-10-04T12:54:33+00:00","og_image":[{"url":"http:\/\/www.visit-ulcinj.com\/blog\/wp-content\/uploads\/2011\/10\/G-sTREET_KOSOVE.jpg"}],"twitter_misc":{"Written by":"ulqini"},"schema":{"@context":"https:\/\/schema.org","@graph":[{"@type":"WebSite","@id":"https:\/\/www.visit-ulcinj.com\/blog\/#website","url":"https:\/\/www.visit-ulcinj.com\/blog\/","name":"Lajme nga Ulqini","description":"Lajme,Vijesti,Ulqini,Ulqin,Crna Gora,Mali i Zi","potentialAction":[{"@type":"SearchAction","target":{"@type":"EntryPoint","urlTemplate":"https:\/\/www.visit-ulcinj.com\/blog\/?s={search_term_string}"},"query-input":"required name=search_term_string"}],"inLanguage":"en-US"},{"@type":"ImageObject","inLanguage":"en-US","@id":"https:\/\/www.visit-ulcinj.com\/blog\/2011\/10\/04\/g-street-lansojne-klipin-e-dyte-%e2%80%9cjepi-fuqi%e2%80%9d\/#primaryimage","url":"http:\/\/www.visit-ulcinj.com\/blog\/wp-content\/uploads\/2011\/10\/G-sTREET_KOSOVE.jpg","contentUrl":"http:\/\/www.visit-ulcinj.com\/blog\/wp-content\/uploads\/2011\/10\/G-sTREET_KOSOVE.jpg"},{"@type":"WebPage","@id":"https:\/\/www.visit-ulcinj.com\/blog\/2011\/10\/04\/g-street-lansojne-klipin-e-dyte-%e2%80%9cjepi-fuqi%e2%80%9d\/#webpage","url":"https:\/\/www.visit-ulcinj.com\/blog\/2011\/10\/04\/g-street-lansojne-klipin-e-dyte-%e2%80%9cjepi-fuqi%e2%80%9d\/","name":"G-Street lansojn\u00eb klipin e dyt\u00eb \u201cJepi fuqi\u201d - Lajme nga Ulqini","isPartOf":{"@id":"https:\/\/www.visit-ulcinj.com\/blog\/#website"},"primaryImageOfPage":{"@id":"https:\/\/www.visit-ulcinj.com\/blog\/2011\/10\/04\/g-street-lansojne-klipin-e-dyte-%e2%80%9cjepi-fuqi%e2%80%9d\/#primaryimage"},"datePublished":"2011-10-04T12:54:33+00:00","dateModified":"2011-10-04T12:54:33+00:00","author":{"@id":"https:\/\/www.visit-ulcinj.com\/blog\/#\/schema\/person\/dcab619c614d3038751c63bc2aadc06d"},"description":"G-Street lansojn\u00eb klipin e tyre t\u00eb dyt\u00eb me titull \u201cJepi fuqi\u201d, q\u00eb \u00ebsht\u00eb rezultat i bashk\u00ebpunimit me Grand Master, nj\u00eb reper i ri nga Podujeva. K\u00ebnga ka","breadcrumb":{"@id":"https:\/\/www.visit-ulcinj.com\/blog\/2011\/10\/04\/g-street-lansojne-klipin-e-dyte-%e2%80%9cjepi-fuqi%e2%80%9d\/#breadcrumb"},"inLanguage":"en-US","potentialAction":[{"@type":"ReadAction","target":["https:\/\/www.visit-ulcinj.com\/blog\/2011\/10\/04\/g-street-lansojne-klipin-e-dyte-%e2%80%9cjepi-fuqi%e2%80%9d\/"]}]},{"@type":"BreadcrumbList","@id":"https:\/\/www.visit-ulcinj.com\/blog\/2011\/10\/04\/g-street-lansojne-klipin-e-dyte-%e2%80%9cjepi-fuqi%e2%80%9d\/#breadcrumb","itemListElement":[{"@type":"ListItem","position":1,"name":"G-Street lansojn\u00eb klipin e dyt\u00eb \u201cJepi fuqi\u201d"}]},{"@type":"Person","@id":"https:\/\/www.visit-ulcinj.com\/blog\/#\/schema\/person\/dcab619c614d3038751c63bc2aadc06d","name":"ulqini","sameAs":["http:\/\/www.visit-ulcinj.com"],"url":"https:\/\/www.visit-ulcinj.com\/blog\/author\/admin\/"}]}},"jetpack_featured_media_url":"","jetpack_sharing_enabled":true,"jetpack_shortlink":"https:\/\/wp.me\/pe6lTn-dtc","_links":{"self":[{"href":"https:\/\/www.visit-ulcinj.com\/blog\/wp-json\/wp\/v2\/posts\/51782"}],"collection":[{"href":"https:\/\/www.visit-ulcinj.com\/blog\/wp-json\/wp\/v2\/posts"}],"about":[{"href":"https:\/\/www.visit-ulcinj.com\/blog\/wp-json\/wp\/v2\/types\/post"}],"author":[{"embeddable":true,"href":"https:\/\/www.visit-ulcinj.com\/blog\/wp-json\/wp\/v2\/users\/1"}],"replies":[{"embeddable":true,"href":"https:\/\/www.visit-ulcinj.com\/blog\/wp-json\/wp\/v2\/comments?post=51782"}],"version-history":[{"count":2,"href":"https:\/\/www.visit-ulcinj.com\/blog\/wp-json\/wp\/v2\/posts\/51782\/revisions"}],"predecessor-version":[{"id":51785,"href":"https:\/\/www.visit-ulcinj.com\/blog\/wp-json\/wp\/v2\/posts\/51782\/revisions\/51785"}],"wp:attachment":[{"href":"https:\/\/www.visit-ulcinj.com\/blog\/wp-json\/wp\/v2\/media?parent=51782"}],"wp:term":[{"taxonomy":"category","embeddable":true,"href":"https:\/\/www.visit-ulcinj.com\/blog\/wp-json\/wp\/v2\/categories?post=51782"},{"taxonomy":"post_tag","embeddable":true,"href":"https:\/\/www.visit-ulcinj.com\/blog\/wp-json\/wp\/v2\/tags?post=51782"}],"curies":[{"name":"wp","href":"https:\/\/api.w.org\/{rel}","templated":true}]}}