{"id":51786,"date":"2011-10-04T14:01:52","date_gmt":"2011-10-04T13:01:52","guid":{"rendered":"http:\/\/www.visit-ulcinj.com\/blog\/?p=51786"},"modified":"2011-10-04T14:01:52","modified_gmt":"2011-10-04T13:01:52","slug":"pse-u-rikthye-soni-malaj-ne-tirane","status":"publish","type":"post","link":"https:\/\/www.visit-ulcinj.com\/blog\/2011\/10\/04\/pse-u-rikthye-soni-malaj-ne-tirane\/","title":{"rendered":"Pse u rikthye Soni Malaj n\u00eb Tiran\u00eb?"},"content":{"rendered":"<p><a href=\"http:\/\/www.visit-ulcinj.com\/blog\/wp-content\/uploads\/2011\/10\/SONI-MALAJ_MIRKO.jpg\"><img loading=\"lazy\" class=\"alignleft size-full wp-image-51787\" title=\"SONI MALAJ_MIRKO\" src=\"http:\/\/www.visit-ulcinj.com\/blog\/wp-content\/uploads\/2011\/10\/SONI-MALAJ_MIRKO.jpg\" alt=\"\" width=\"508\" height=\"380\" \/><\/a>K\u00ebng\u00ebtarja Soni Malaj ka qen\u00eb k\u00ebt\u00eb fundjav\u00eb n\u00eb Tiran\u00eb. \u201cZhurnal plus\u201d m\u00ebsoi se arsyeja ishte p\u00ebr t\u00eb realizuar nj\u00eb video t\u00eb re.<\/p>\n<p>Por si duket artistja n\u00eb fjal\u00eb ka anulluar shum\u00eb aktivitete muzikore duke qen\u00eb se jeton n\u00eb Spanj\u00eb dhe ka nisur nj\u00eb biznes q\u00eb e ruan emrin e tij me fanatiz\u00ebm, nd\u00ebrsa asaj i mungon shum\u00eb Tirana.<\/p>\n<p>Por m\u00ebsuam gjithashtu se ajo pret t\u00eb sjell\u00eb n\u00eb j\u00ebt\u00eb nj\u00eb f\u00ebmij\u00eb me bashk\u00ebshortin e saj balerinin Mirko, prandaj dhe \u00ebsht\u00eb kjo arsyeja se pse nuk \u00ebsht\u00eb shum\u00eb aktive.<\/p>\n<p><strong>ZHURNAL<br \/>\n<!--YouTube Error: bad URL entered--><br \/>\n<\/strong><\/p>\n","protected":false},"excerpt":{"rendered":"<p>K\u00ebng\u00ebtarja Soni Malaj ka qen\u00eb k\u00ebt\u00eb fundjav\u00eb n\u00eb Tiran\u00eb. \u201cZhurnal plus\u201d m\u00ebsoi se arsyeja ishte p\u00ebr t\u00eb realizuar nj\u00eb video t\u00eb re. Por si duket artistja n\u00eb fjal\u00eb ka anulluar shum\u00eb aktivitete muzikore duke qen\u00eb se jeton n\u00eb Spanj\u00eb dhe ka nisur nj\u00eb biznes q\u00eb e ruan emrin e tij me fanatiz\u00ebm, nd\u00ebrsa asaj i [&hellip;]<\/p>\n","protected":false},"author":1,"featured_media":0,"comment_status":"open","ping_status":"closed","sticky":false,"template":"","format":"standard","meta":{"spay_email":"","jetpack_publicize_message":"","jetpack_is_tweetstorm":false,"jetpack_publicize_feature_enabled":true},"categories":[1],"tags":[19180,4904,42],"jetpack_publicize_connections":[],"yoast_head":"<!-- This site is optimized with the Yoast SEO plugin v19.1 - https:\/\/yoast.com\/wordpress\/plugins\/seo\/ -->\n<title>Pse u rikthye Soni Malaj n\u00eb Tiran\u00eb? - Lajme nga Ulqini<\/title>\n<meta name=\"description\" content=\"K\u00ebng\u00ebtarja Soni Malaj ka qen\u00eb k\u00ebt\u00eb fundjav\u00eb n\u00eb Tiran\u00eb. \u201cZhurnal plus\u201d m\u00ebsoi se arsyeja ishte p\u00ebr t\u00eb realizuar nj\u00eb video t\u00eb re. Por si duket artistja n\u00eb\" \/>\n<meta name=\"robots\" content=\"index, follow, max-snippet:-1, max-image-preview:large, max-video-preview:-1\" \/>\n<link rel=\"canonical\" href=\"https:\/\/www.visit-ulcinj.com\/blog\/2011\/10\/04\/pse-u-rikthye-soni-malaj-ne-tirane\/\" \/>\n<meta property=\"og:locale\" content=\"en_US\" \/>\n<meta property=\"og:type\" content=\"article\" \/>\n<meta property=\"og:title\" content=\"Pse u rikthye Soni Malaj n\u00eb Tiran\u00eb? - Lajme nga Ulqini\" \/>\n<meta property=\"og:description\" content=\"K\u00ebng\u00ebtarja Soni Malaj ka qen\u00eb k\u00ebt\u00eb fundjav\u00eb n\u00eb Tiran\u00eb. \u201cZhurnal plus\u201d m\u00ebsoi se arsyeja ishte p\u00ebr t\u00eb realizuar nj\u00eb video t\u00eb re. Por si duket artistja n\u00eb\" \/>\n<meta property=\"og:url\" content=\"https:\/\/www.visit-ulcinj.com\/blog\/2011\/10\/04\/pse-u-rikthye-soni-malaj-ne-tirane\/\" \/>\n<meta property=\"og:site_name\" content=\"Lajme nga Ulqini\" \/>\n<meta property=\"article:published_time\" content=\"2011-10-04T13:01:52+00:00\" \/>\n<meta property=\"og:image\" content=\"http:\/\/www.visit-ulcinj.com\/blog\/wp-content\/uploads\/2011\/10\/SONI-MALAJ_MIRKO.jpg\" \/>\n<meta name=\"twitter:label1\" content=\"Written by\" \/>\n\t<meta name=\"twitter:data1\" content=\"ulqini\" \/>\n\t<meta name=\"twitter:label2\" content=\"Est. reading time\" \/>\n\t<meta name=\"twitter:data2\" content=\"1 minute\" \/>\n<script type=\"application\/ld+json\" class=\"yoast-schema-graph\">{\"@context\":\"https:\/\/schema.org\",\"@graph\":[{\"@type\":\"WebSite\",\"@id\":\"https:\/\/www.visit-ulcinj.com\/blog\/#website\",\"url\":\"https:\/\/www.visit-ulcinj.com\/blog\/\",\"name\":\"Lajme nga Ulqini\",\"description\":\"Lajme,Vijesti,Ulqini,Ulqin,Crna Gora,Mali i Zi\",\"potentialAction\":[{\"@type\":\"SearchAction\",\"target\":{\"@type\":\"EntryPoint\",\"urlTemplate\":\"https:\/\/www.visit-ulcinj.com\/blog\/?s={search_term_string}\"},\"query-input\":\"required name=search_term_string\"}],\"inLanguage\":\"en-US\"},{\"@type\":\"ImageObject\",\"inLanguage\":\"en-US\",\"@id\":\"https:\/\/www.visit-ulcinj.com\/blog\/2011\/10\/04\/pse-u-rikthye-soni-malaj-ne-tirane\/#primaryimage\",\"url\":\"http:\/\/www.visit-ulcinj.com\/blog\/wp-content\/uploads\/2011\/10\/SONI-MALAJ_MIRKO.jpg\",\"contentUrl\":\"http:\/\/www.visit-ulcinj.com\/blog\/wp-content\/uploads\/2011\/10\/SONI-MALAJ_MIRKO.jpg\"},{\"@type\":\"WebPage\",\"@id\":\"https:\/\/www.visit-ulcinj.com\/blog\/2011\/10\/04\/pse-u-rikthye-soni-malaj-ne-tirane\/#webpage\",\"url\":\"https:\/\/www.visit-ulcinj.com\/blog\/2011\/10\/04\/pse-u-rikthye-soni-malaj-ne-tirane\/\",\"name\":\"Pse u rikthye Soni Malaj n\u00eb Tiran\u00eb? - Lajme nga Ulqini\",\"isPartOf\":{\"@id\":\"https:\/\/www.visit-ulcinj.com\/blog\/#website\"},\"primaryImageOfPage\":{\"@id\":\"https:\/\/www.visit-ulcinj.com\/blog\/2011\/10\/04\/pse-u-rikthye-soni-malaj-ne-tirane\/#primaryimage\"},\"datePublished\":\"2011-10-04T13:01:52+00:00\",\"dateModified\":\"2011-10-04T13:01:52+00:00\",\"author\":{\"@id\":\"https:\/\/www.visit-ulcinj.com\/blog\/#\/schema\/person\/dcab619c614d3038751c63bc2aadc06d\"},\"description\":\"K\u00ebng\u00ebtarja Soni Malaj ka qen\u00eb k\u00ebt\u00eb fundjav\u00eb n\u00eb Tiran\u00eb. \u201cZhurnal plus\u201d m\u00ebsoi se arsyeja ishte p\u00ebr t\u00eb realizuar nj\u00eb video t\u00eb re. Por si duket artistja n\u00eb\",\"breadcrumb\":{\"@id\":\"https:\/\/www.visit-ulcinj.com\/blog\/2011\/10\/04\/pse-u-rikthye-soni-malaj-ne-tirane\/#breadcrumb\"},\"inLanguage\":\"en-US\",\"potentialAction\":[{\"@type\":\"ReadAction\",\"target\":[\"https:\/\/www.visit-ulcinj.com\/blog\/2011\/10\/04\/pse-u-rikthye-soni-malaj-ne-tirane\/\"]}]},{\"@type\":\"BreadcrumbList\",\"@id\":\"https:\/\/www.visit-ulcinj.com\/blog\/2011\/10\/04\/pse-u-rikthye-soni-malaj-ne-tirane\/#breadcrumb\",\"itemListElement\":[{\"@type\":\"ListItem\",\"position\":1,\"name\":\"Pse u rikthye Soni Malaj n\u00eb Tiran\u00eb?\"}]},{\"@type\":\"Person\",\"@id\":\"https:\/\/www.visit-ulcinj.com\/blog\/#\/schema\/person\/dcab619c614d3038751c63bc2aadc06d\",\"name\":\"ulqini\",\"sameAs\":[\"http:\/\/www.visit-ulcinj.com\"],\"url\":\"https:\/\/www.visit-ulcinj.com\/blog\/author\/admin\/\"}]}<\/script>\n<!-- \/ Yoast SEO plugin. -->","yoast_head_json":{"title":"Pse u rikthye Soni Malaj n\u00eb Tiran\u00eb? - Lajme nga Ulqini","description":"K\u00ebng\u00ebtarja Soni Malaj ka qen\u00eb k\u00ebt\u00eb fundjav\u00eb n\u00eb Tiran\u00eb. \u201cZhurnal plus\u201d m\u00ebsoi se arsyeja ishte p\u00ebr t\u00eb realizuar nj\u00eb video t\u00eb re. Por si duket artistja n\u00eb","robots":{"index":"index","follow":"follow","max-snippet":"max-snippet:-1","max-image-preview":"max-image-preview:large","max-video-preview":"max-video-preview:-1"},"canonical":"https:\/\/www.visit-ulcinj.com\/blog\/2011\/10\/04\/pse-u-rikthye-soni-malaj-ne-tirane\/","og_locale":"en_US","og_type":"article","og_title":"Pse u rikthye Soni Malaj n\u00eb Tiran\u00eb? - Lajme nga Ulqini","og_description":"K\u00ebng\u00ebtarja Soni Malaj ka qen\u00eb k\u00ebt\u00eb fundjav\u00eb n\u00eb Tiran\u00eb. \u201cZhurnal plus\u201d m\u00ebsoi se arsyeja ishte p\u00ebr t\u00eb realizuar nj\u00eb video t\u00eb re. Por si duket artistja n\u00eb","og_url":"https:\/\/www.visit-ulcinj.com\/blog\/2011\/10\/04\/pse-u-rikthye-soni-malaj-ne-tirane\/","og_site_name":"Lajme nga Ulqini","article_published_time":"2011-10-04T13:01:52+00:00","og_image":[{"url":"http:\/\/www.visit-ulcinj.com\/blog\/wp-content\/uploads\/2011\/10\/SONI-MALAJ_MIRKO.jpg"}],"twitter_misc":{"Written by":"ulqini","Est. reading time":"1 minute"},"schema":{"@context":"https:\/\/schema.org","@graph":[{"@type":"WebSite","@id":"https:\/\/www.visit-ulcinj.com\/blog\/#website","url":"https:\/\/www.visit-ulcinj.com\/blog\/","name":"Lajme nga Ulqini","description":"Lajme,Vijesti,Ulqini,Ulqin,Crna Gora,Mali i Zi","potentialAction":[{"@type":"SearchAction","target":{"@type":"EntryPoint","urlTemplate":"https:\/\/www.visit-ulcinj.com\/blog\/?s={search_term_string}"},"query-input":"required name=search_term_string"}],"inLanguage":"en-US"},{"@type":"ImageObject","inLanguage":"en-US","@id":"https:\/\/www.visit-ulcinj.com\/blog\/2011\/10\/04\/pse-u-rikthye-soni-malaj-ne-tirane\/#primaryimage","url":"http:\/\/www.visit-ulcinj.com\/blog\/wp-content\/uploads\/2011\/10\/SONI-MALAJ_MIRKO.jpg","contentUrl":"http:\/\/www.visit-ulcinj.com\/blog\/wp-content\/uploads\/2011\/10\/SONI-MALAJ_MIRKO.jpg"},{"@type":"WebPage","@id":"https:\/\/www.visit-ulcinj.com\/blog\/2011\/10\/04\/pse-u-rikthye-soni-malaj-ne-tirane\/#webpage","url":"https:\/\/www.visit-ulcinj.com\/blog\/2011\/10\/04\/pse-u-rikthye-soni-malaj-ne-tirane\/","name":"Pse u rikthye Soni Malaj n\u00eb Tiran\u00eb? - Lajme nga Ulqini","isPartOf":{"@id":"https:\/\/www.visit-ulcinj.com\/blog\/#website"},"primaryImageOfPage":{"@id":"https:\/\/www.visit-ulcinj.com\/blog\/2011\/10\/04\/pse-u-rikthye-soni-malaj-ne-tirane\/#primaryimage"},"datePublished":"2011-10-04T13:01:52+00:00","dateModified":"2011-10-04T13:01:52+00:00","author":{"@id":"https:\/\/www.visit-ulcinj.com\/blog\/#\/schema\/person\/dcab619c614d3038751c63bc2aadc06d"},"description":"K\u00ebng\u00ebtarja Soni Malaj ka qen\u00eb k\u00ebt\u00eb fundjav\u00eb n\u00eb Tiran\u00eb. \u201cZhurnal plus\u201d m\u00ebsoi se arsyeja ishte p\u00ebr t\u00eb realizuar nj\u00eb video t\u00eb re. Por si duket artistja n\u00eb","breadcrumb":{"@id":"https:\/\/www.visit-ulcinj.com\/blog\/2011\/10\/04\/pse-u-rikthye-soni-malaj-ne-tirane\/#breadcrumb"},"inLanguage":"en-US","potentialAction":[{"@type":"ReadAction","target":["https:\/\/www.visit-ulcinj.com\/blog\/2011\/10\/04\/pse-u-rikthye-soni-malaj-ne-tirane\/"]}]},{"@type":"BreadcrumbList","@id":"https:\/\/www.visit-ulcinj.com\/blog\/2011\/10\/04\/pse-u-rikthye-soni-malaj-ne-tirane\/#breadcrumb","itemListElement":[{"@type":"ListItem","position":1,"name":"Pse u rikthye Soni Malaj n\u00eb Tiran\u00eb?"}]},{"@type":"Person","@id":"https:\/\/www.visit-ulcinj.com\/blog\/#\/schema\/person\/dcab619c614d3038751c63bc2aadc06d","name":"ulqini","sameAs":["http:\/\/www.visit-ulcinj.com"],"url":"https:\/\/www.visit-ulcinj.com\/blog\/author\/admin\/"}]}},"jetpack_featured_media_url":"","jetpack_sharing_enabled":true,"jetpack_shortlink":"https:\/\/wp.me\/pe6lTn-dtg","_links":{"self":[{"href":"https:\/\/www.visit-ulcinj.com\/blog\/wp-json\/wp\/v2\/posts\/51786"}],"collection":[{"href":"https:\/\/www.visit-ulcinj.com\/blog\/wp-json\/wp\/v2\/posts"}],"about":[{"href":"https:\/\/www.visit-ulcinj.com\/blog\/wp-json\/wp\/v2\/types\/post"}],"author":[{"embeddable":true,"href":"https:\/\/www.visit-ulcinj.com\/blog\/wp-json\/wp\/v2\/users\/1"}],"replies":[{"embeddable":true,"href":"https:\/\/www.visit-ulcinj.com\/blog\/wp-json\/wp\/v2\/comments?post=51786"}],"version-history":[{"count":2,"href":"https:\/\/www.visit-ulcinj.com\/blog\/wp-json\/wp\/v2\/posts\/51786\/revisions"}],"predecessor-version":[{"id":51789,"href":"https:\/\/www.visit-ulcinj.com\/blog\/wp-json\/wp\/v2\/posts\/51786\/revisions\/51789"}],"wp:attachment":[{"href":"https:\/\/www.visit-ulcinj.com\/blog\/wp-json\/wp\/v2\/media?parent=51786"}],"wp:term":[{"taxonomy":"category","embeddable":true,"href":"https:\/\/www.visit-ulcinj.com\/blog\/wp-json\/wp\/v2\/categories?post=51786"},{"taxonomy":"post_tag","embeddable":true,"href":"https:\/\/www.visit-ulcinj.com\/blog\/wp-json\/wp\/v2\/tags?post=51786"}],"curies":[{"name":"wp","href":"https:\/\/api.w.org\/{rel}","templated":true}]}}