{"id":51790,"date":"2011-10-04T14:14:28","date_gmt":"2011-10-04T13:14:28","guid":{"rendered":"http:\/\/www.visit-ulcinj.com\/blog\/?p=51790"},"modified":"2011-10-04T14:14:28","modified_gmt":"2011-10-04T13:14:28","slug":"elvana-me-klipin-me-te-mire-shqiptar","status":"publish","type":"post","link":"https:\/\/www.visit-ulcinj.com\/blog\/2011\/10\/04\/elvana-me-klipin-me-te-mire-shqiptar\/","title":{"rendered":"Elvana me klipin m\u00eb t\u00eb mir\u00eb shqiptar?"},"content":{"rendered":"<p><strong><a href=\"http:\/\/www.visit-ulcinj.com\/blog\/wp-content\/uploads\/2011\/10\/ELVANA-GJATA.jpg\"><img loading=\"lazy\" class=\"alignleft size-full wp-image-51791\" title=\"ELVANA GJATA\" src=\"http:\/\/www.visit-ulcinj.com\/blog\/wp-content\/uploads\/2011\/10\/ELVANA-GJATA.jpg\" alt=\"\" width=\"508\" height=\"380\" \/><\/a>Elvana Gjata \u00ebsht\u00eb duke realizuar videoklipin e saj m\u00eb t\u00eb ri, realizimin e t\u00eb cilit e ka marr\u00eb p\u00ebrsip\u00ebr \u201cProvideo\u201d.<\/strong><\/p>\n<p>P\u00ebrfaq\u00ebsues t\u00eb produksionit \u201cProvideo\u201d premtojn\u00eb se ky do t\u00eb jet\u00eb nj\u00eb nd\u00ebr klipet m\u00eb t\u00eb mira t\u00eb realizuara deri m\u00eb sot nga ndonj\u00eb artist. Megjithat\u00eb ata refuzojn\u00eb t\u00eb japin m\u00eb shum\u00eb detaje rreth xhirimeve apo fabul\u00ebs s\u00eb klipit.<br \/>\nK\u00ebnga \u00ebsht\u00eb pjes\u00eb e albumit t\u00eb saj t\u00eb fundit \u201cAf\u00ebr dhe larg\u201d, por se p\u00ebr cil\u00ebn k\u00ebng\u00eb b\u00ebhet fjal\u00eb nuk \u00ebsht\u00eb zbuluar ende.<\/p>\n<p><strong>Telegrafi<br \/>\n<!--YouTube Error: bad URL entered--><br \/>\n<\/strong><\/p>\n","protected":false},"excerpt":{"rendered":"<p>Elvana Gjata \u00ebsht\u00eb duke realizuar videoklipin e saj m\u00eb t\u00eb ri, realizimin e t\u00eb cilit e ka marr\u00eb p\u00ebrsip\u00ebr \u201cProvideo\u201d. P\u00ebrfaq\u00ebsues t\u00eb produksionit \u201cProvideo\u201d premtojn\u00eb se ky do t\u00eb jet\u00eb nj\u00eb nd\u00ebr klipet m\u00eb t\u00eb mira t\u00eb realizuara deri m\u00eb sot nga ndonj\u00eb artist. Megjithat\u00eb ata refuzojn\u00eb t\u00eb japin m\u00eb shum\u00eb detaje rreth xhirimeve apo [&hellip;]<\/p>\n","protected":false},"author":1,"featured_media":0,"comment_status":"open","ping_status":"closed","sticky":false,"template":"","format":"standard","meta":{"spay_email":"","jetpack_publicize_message":"","jetpack_is_tweetstorm":false,"jetpack_publicize_feature_enabled":true},"categories":[1],"tags":[7760],"jetpack_publicize_connections":[],"yoast_head":"<!-- This site is optimized with the Yoast SEO plugin v19.1 - https:\/\/yoast.com\/wordpress\/plugins\/seo\/ -->\n<title>Elvana me klipin m\u00eb t\u00eb mir\u00eb shqiptar? - Lajme nga Ulqini<\/title>\n<meta name=\"description\" content=\"Elvana Gjata \u00ebsht\u00eb duke realizuar videoklipin e saj m\u00eb t\u00eb ri, realizimin e t\u00eb cilit e ka marr\u00eb p\u00ebrsip\u00ebr \u201cProvideo\u201d. P\u00ebrfaq\u00ebsues t\u00eb produksionit \u201cProvideo\u201d\" \/>\n<meta name=\"robots\" content=\"index, follow, max-snippet:-1, max-image-preview:large, max-video-preview:-1\" \/>\n<link rel=\"canonical\" href=\"https:\/\/www.visit-ulcinj.com\/blog\/2011\/10\/04\/elvana-me-klipin-me-te-mire-shqiptar\/\" \/>\n<meta property=\"og:locale\" content=\"en_US\" \/>\n<meta property=\"og:type\" content=\"article\" \/>\n<meta property=\"og:title\" content=\"Elvana me klipin m\u00eb t\u00eb mir\u00eb shqiptar? - Lajme nga Ulqini\" \/>\n<meta property=\"og:description\" content=\"Elvana Gjata \u00ebsht\u00eb duke realizuar videoklipin e saj m\u00eb t\u00eb ri, realizimin e t\u00eb cilit e ka marr\u00eb p\u00ebrsip\u00ebr \u201cProvideo\u201d. P\u00ebrfaq\u00ebsues t\u00eb produksionit \u201cProvideo\u201d\" \/>\n<meta property=\"og:url\" content=\"https:\/\/www.visit-ulcinj.com\/blog\/2011\/10\/04\/elvana-me-klipin-me-te-mire-shqiptar\/\" \/>\n<meta property=\"og:site_name\" content=\"Lajme nga Ulqini\" \/>\n<meta property=\"article:published_time\" content=\"2011-10-04T13:14:28+00:00\" \/>\n<meta property=\"og:image\" content=\"http:\/\/www.visit-ulcinj.com\/blog\/wp-content\/uploads\/2011\/10\/ELVANA-GJATA.jpg\" \/>\n<meta name=\"twitter:label1\" content=\"Written by\" \/>\n\t<meta name=\"twitter:data1\" content=\"ulqini\" \/>\n\t<meta name=\"twitter:label2\" content=\"Est. reading time\" \/>\n\t<meta name=\"twitter:data2\" content=\"1 minute\" \/>\n<script type=\"application\/ld+json\" class=\"yoast-schema-graph\">{\"@context\":\"https:\/\/schema.org\",\"@graph\":[{\"@type\":\"WebSite\",\"@id\":\"https:\/\/www.visit-ulcinj.com\/blog\/#website\",\"url\":\"https:\/\/www.visit-ulcinj.com\/blog\/\",\"name\":\"Lajme nga Ulqini\",\"description\":\"Lajme,Vijesti,Ulqini,Ulqin,Crna Gora,Mali i Zi\",\"potentialAction\":[{\"@type\":\"SearchAction\",\"target\":{\"@type\":\"EntryPoint\",\"urlTemplate\":\"https:\/\/www.visit-ulcinj.com\/blog\/?s={search_term_string}\"},\"query-input\":\"required name=search_term_string\"}],\"inLanguage\":\"en-US\"},{\"@type\":\"ImageObject\",\"inLanguage\":\"en-US\",\"@id\":\"https:\/\/www.visit-ulcinj.com\/blog\/2011\/10\/04\/elvana-me-klipin-me-te-mire-shqiptar\/#primaryimage\",\"url\":\"http:\/\/www.visit-ulcinj.com\/blog\/wp-content\/uploads\/2011\/10\/ELVANA-GJATA.jpg\",\"contentUrl\":\"http:\/\/www.visit-ulcinj.com\/blog\/wp-content\/uploads\/2011\/10\/ELVANA-GJATA.jpg\"},{\"@type\":\"WebPage\",\"@id\":\"https:\/\/www.visit-ulcinj.com\/blog\/2011\/10\/04\/elvana-me-klipin-me-te-mire-shqiptar\/#webpage\",\"url\":\"https:\/\/www.visit-ulcinj.com\/blog\/2011\/10\/04\/elvana-me-klipin-me-te-mire-shqiptar\/\",\"name\":\"Elvana me klipin m\u00eb t\u00eb mir\u00eb shqiptar? - Lajme nga Ulqini\",\"isPartOf\":{\"@id\":\"https:\/\/www.visit-ulcinj.com\/blog\/#website\"},\"primaryImageOfPage\":{\"@id\":\"https:\/\/www.visit-ulcinj.com\/blog\/2011\/10\/04\/elvana-me-klipin-me-te-mire-shqiptar\/#primaryimage\"},\"datePublished\":\"2011-10-04T13:14:28+00:00\",\"dateModified\":\"2011-10-04T13:14:28+00:00\",\"author\":{\"@id\":\"https:\/\/www.visit-ulcinj.com\/blog\/#\/schema\/person\/dcab619c614d3038751c63bc2aadc06d\"},\"description\":\"Elvana Gjata \u00ebsht\u00eb duke realizuar videoklipin e saj m\u00eb t\u00eb ri, realizimin e t\u00eb cilit e ka marr\u00eb p\u00ebrsip\u00ebr \u201cProvideo\u201d. P\u00ebrfaq\u00ebsues t\u00eb produksionit \u201cProvideo\u201d\",\"breadcrumb\":{\"@id\":\"https:\/\/www.visit-ulcinj.com\/blog\/2011\/10\/04\/elvana-me-klipin-me-te-mire-shqiptar\/#breadcrumb\"},\"inLanguage\":\"en-US\",\"potentialAction\":[{\"@type\":\"ReadAction\",\"target\":[\"https:\/\/www.visit-ulcinj.com\/blog\/2011\/10\/04\/elvana-me-klipin-me-te-mire-shqiptar\/\"]}]},{\"@type\":\"BreadcrumbList\",\"@id\":\"https:\/\/www.visit-ulcinj.com\/blog\/2011\/10\/04\/elvana-me-klipin-me-te-mire-shqiptar\/#breadcrumb\",\"itemListElement\":[{\"@type\":\"ListItem\",\"position\":1,\"name\":\"Elvana me klipin m\u00eb t\u00eb mir\u00eb shqiptar?\"}]},{\"@type\":\"Person\",\"@id\":\"https:\/\/www.visit-ulcinj.com\/blog\/#\/schema\/person\/dcab619c614d3038751c63bc2aadc06d\",\"name\":\"ulqini\",\"sameAs\":[\"http:\/\/www.visit-ulcinj.com\"],\"url\":\"https:\/\/www.visit-ulcinj.com\/blog\/author\/admin\/\"}]}<\/script>\n<!-- \/ Yoast SEO plugin. -->","yoast_head_json":{"title":"Elvana me klipin m\u00eb t\u00eb mir\u00eb shqiptar? - Lajme nga Ulqini","description":"Elvana Gjata \u00ebsht\u00eb duke realizuar videoklipin e saj m\u00eb t\u00eb ri, realizimin e t\u00eb cilit e ka marr\u00eb p\u00ebrsip\u00ebr \u201cProvideo\u201d. P\u00ebrfaq\u00ebsues t\u00eb produksionit \u201cProvideo\u201d","robots":{"index":"index","follow":"follow","max-snippet":"max-snippet:-1","max-image-preview":"max-image-preview:large","max-video-preview":"max-video-preview:-1"},"canonical":"https:\/\/www.visit-ulcinj.com\/blog\/2011\/10\/04\/elvana-me-klipin-me-te-mire-shqiptar\/","og_locale":"en_US","og_type":"article","og_title":"Elvana me klipin m\u00eb t\u00eb mir\u00eb shqiptar? - Lajme nga Ulqini","og_description":"Elvana Gjata \u00ebsht\u00eb duke realizuar videoklipin e saj m\u00eb t\u00eb ri, realizimin e t\u00eb cilit e ka marr\u00eb p\u00ebrsip\u00ebr \u201cProvideo\u201d. P\u00ebrfaq\u00ebsues t\u00eb produksionit \u201cProvideo\u201d","og_url":"https:\/\/www.visit-ulcinj.com\/blog\/2011\/10\/04\/elvana-me-klipin-me-te-mire-shqiptar\/","og_site_name":"Lajme nga Ulqini","article_published_time":"2011-10-04T13:14:28+00:00","og_image":[{"url":"http:\/\/www.visit-ulcinj.com\/blog\/wp-content\/uploads\/2011\/10\/ELVANA-GJATA.jpg"}],"twitter_misc":{"Written by":"ulqini","Est. reading time":"1 minute"},"schema":{"@context":"https:\/\/schema.org","@graph":[{"@type":"WebSite","@id":"https:\/\/www.visit-ulcinj.com\/blog\/#website","url":"https:\/\/www.visit-ulcinj.com\/blog\/","name":"Lajme nga Ulqini","description":"Lajme,Vijesti,Ulqini,Ulqin,Crna Gora,Mali i Zi","potentialAction":[{"@type":"SearchAction","target":{"@type":"EntryPoint","urlTemplate":"https:\/\/www.visit-ulcinj.com\/blog\/?s={search_term_string}"},"query-input":"required name=search_term_string"}],"inLanguage":"en-US"},{"@type":"ImageObject","inLanguage":"en-US","@id":"https:\/\/www.visit-ulcinj.com\/blog\/2011\/10\/04\/elvana-me-klipin-me-te-mire-shqiptar\/#primaryimage","url":"http:\/\/www.visit-ulcinj.com\/blog\/wp-content\/uploads\/2011\/10\/ELVANA-GJATA.jpg","contentUrl":"http:\/\/www.visit-ulcinj.com\/blog\/wp-content\/uploads\/2011\/10\/ELVANA-GJATA.jpg"},{"@type":"WebPage","@id":"https:\/\/www.visit-ulcinj.com\/blog\/2011\/10\/04\/elvana-me-klipin-me-te-mire-shqiptar\/#webpage","url":"https:\/\/www.visit-ulcinj.com\/blog\/2011\/10\/04\/elvana-me-klipin-me-te-mire-shqiptar\/","name":"Elvana me klipin m\u00eb t\u00eb mir\u00eb shqiptar? - Lajme nga Ulqini","isPartOf":{"@id":"https:\/\/www.visit-ulcinj.com\/blog\/#website"},"primaryImageOfPage":{"@id":"https:\/\/www.visit-ulcinj.com\/blog\/2011\/10\/04\/elvana-me-klipin-me-te-mire-shqiptar\/#primaryimage"},"datePublished":"2011-10-04T13:14:28+00:00","dateModified":"2011-10-04T13:14:28+00:00","author":{"@id":"https:\/\/www.visit-ulcinj.com\/blog\/#\/schema\/person\/dcab619c614d3038751c63bc2aadc06d"},"description":"Elvana Gjata \u00ebsht\u00eb duke realizuar videoklipin e saj m\u00eb t\u00eb ri, realizimin e t\u00eb cilit e ka marr\u00eb p\u00ebrsip\u00ebr \u201cProvideo\u201d. P\u00ebrfaq\u00ebsues t\u00eb produksionit \u201cProvideo\u201d","breadcrumb":{"@id":"https:\/\/www.visit-ulcinj.com\/blog\/2011\/10\/04\/elvana-me-klipin-me-te-mire-shqiptar\/#breadcrumb"},"inLanguage":"en-US","potentialAction":[{"@type":"ReadAction","target":["https:\/\/www.visit-ulcinj.com\/blog\/2011\/10\/04\/elvana-me-klipin-me-te-mire-shqiptar\/"]}]},{"@type":"BreadcrumbList","@id":"https:\/\/www.visit-ulcinj.com\/blog\/2011\/10\/04\/elvana-me-klipin-me-te-mire-shqiptar\/#breadcrumb","itemListElement":[{"@type":"ListItem","position":1,"name":"Elvana me klipin m\u00eb t\u00eb mir\u00eb shqiptar?"}]},{"@type":"Person","@id":"https:\/\/www.visit-ulcinj.com\/blog\/#\/schema\/person\/dcab619c614d3038751c63bc2aadc06d","name":"ulqini","sameAs":["http:\/\/www.visit-ulcinj.com"],"url":"https:\/\/www.visit-ulcinj.com\/blog\/author\/admin\/"}]}},"jetpack_featured_media_url":"","jetpack_sharing_enabled":true,"jetpack_shortlink":"https:\/\/wp.me\/pe6lTn-dtk","_links":{"self":[{"href":"https:\/\/www.visit-ulcinj.com\/blog\/wp-json\/wp\/v2\/posts\/51790"}],"collection":[{"href":"https:\/\/www.visit-ulcinj.com\/blog\/wp-json\/wp\/v2\/posts"}],"about":[{"href":"https:\/\/www.visit-ulcinj.com\/blog\/wp-json\/wp\/v2\/types\/post"}],"author":[{"embeddable":true,"href":"https:\/\/www.visit-ulcinj.com\/blog\/wp-json\/wp\/v2\/users\/1"}],"replies":[{"embeddable":true,"href":"https:\/\/www.visit-ulcinj.com\/blog\/wp-json\/wp\/v2\/comments?post=51790"}],"version-history":[{"count":1,"href":"https:\/\/www.visit-ulcinj.com\/blog\/wp-json\/wp\/v2\/posts\/51790\/revisions"}],"predecessor-version":[{"id":51792,"href":"https:\/\/www.visit-ulcinj.com\/blog\/wp-json\/wp\/v2\/posts\/51790\/revisions\/51792"}],"wp:attachment":[{"href":"https:\/\/www.visit-ulcinj.com\/blog\/wp-json\/wp\/v2\/media?parent=51790"}],"wp:term":[{"taxonomy":"category","embeddable":true,"href":"https:\/\/www.visit-ulcinj.com\/blog\/wp-json\/wp\/v2\/categories?post=51790"},{"taxonomy":"post_tag","embeddable":true,"href":"https:\/\/www.visit-ulcinj.com\/blog\/wp-json\/wp\/v2\/tags?post=51790"}],"curies":[{"name":"wp","href":"https:\/\/api.w.org\/{rel}","templated":true}]}}