{"id":51817,"date":"2011-10-05T08:11:13","date_gmt":"2011-10-05T07:11:13","guid":{"rendered":"http:\/\/www.visit-ulcinj.com\/blog\/?p=51817"},"modified":"2011-10-05T08:11:13","modified_gmt":"2011-10-05T07:11:13","slug":"zonat-e-populluara-nga-shqiptaret-pa-plan-urbanisitik-nga-cafo-boga","status":"publish","type":"post","link":"https:\/\/www.visit-ulcinj.com\/blog\/2011\/10\/05\/zonat-e-populluara-nga-shqiptaret-pa-plan-urbanisitik-nga-cafo-boga\/","title":{"rendered":"Zonat e populluara nga shqiptar\u00ebt pa plan urbanisitik Nga Cafo Boga"},"content":{"rendered":"<p><strong><a href=\"http:\/\/www.visit-ulcinj.com\/blog\/wp-content\/uploads\/2011\/10\/ulqini_Zonat-e-populluara-nga-shqiptar%C3%ABt-pa-plan-urbanisitik-Nga-Cafo-Boga.jpg\"><img loading=\"lazy\" class=\"alignleft size-full wp-image-51818\" title=\"ulqini_Zonat e populluara nga shqiptar\u00ebt pa plan urbanisitik Nga Cafo Boga\" src=\"http:\/\/www.visit-ulcinj.com\/blog\/wp-content\/uploads\/2011\/10\/ulqini_Zonat-e-populluara-nga-shqiptar%C3%ABt-pa-plan-urbanisitik-Nga-Cafo-Boga.jpg\" alt=\"\" width=\"508\" height=\"380\" \/><\/a>Quo vadis shqiptar\u00ebt e Malit t\u00eb Zi (11 )<\/strong><br \/>\nShqiptar\u00ebt jan\u00eb t\u00eb pun\u00ebsuar shum\u00eb m\u00eb pak sesa u takon n\u00eb sektorin e drejt\u00ebsis\u00eb, n\u00eb sigurimin e brendsh\u00ebm dhe nj\u00eb num\u00ebr ministrish, n\u00ebse e krahasojm\u00eb k\u00ebt\u00eb me p\u00ebrqindjen q\u00eb ata z\u00ebn\u00eb n\u00eb popullsin\u00eb totale t\u00eb vendit. Kjo \u00ebsht\u00eb nje shkelje e normave nd\u00ebrkomb\u00ebtare dhe nj\u00eb shqet\u00ebsim madhor p\u00ebr shqiptar\u00ebt. Shqiptar\u00ebt e kualifikuar pun\u00ebsohen kryesisht n\u00eb institucionet informuese dhe arsimore brenda sektorit shqiptar, por nuk kan\u00eb asnj\u00eb shans q\u00eb t\u00eb b\u00ebhen gjykat\u00ebs apo t\u00eb vendosen n\u00eb pozita t\u00eb ngjashme me pesh\u00eb n\u00ebn administrat\u00ebn e sotme shtet\u00ebrore.<br \/>\nMegjith\u00eb v\u00ebshtir\u00ebsit\u00eb ekonomike ekzistuese, Mali i Zi ka mund\u00ebsi t\u00eb jasht\u00ebzakonshme p\u00ebr t\u00eb zhvilluar ekonomin\u00eb e tij, n\u00eb ve\u00e7anti turizmin dhe segmente t\u00eb ekonomis\u00eb q\u00eb lidhen me t\u00eb. Qeveria malazeze ka arritur t\u00eb t\u00ebrheq\u00eb investues t\u00eb huaj, duke p\u00ebrfshir\u00eb rus\u00eb, euro-per\u00ebndimor\u00eb madje edhe nj\u00eb kanadez i cili koh\u00ebt e fundit bleu prona p\u00ebrgjat\u00eb bregut, me premtimin p\u00ebr t\u00eb nd\u00ebrtuar komplekse luksoze t\u00eb klasit t\u00eb lart\u00eb p\u00ebr yje t\u00eb famsh\u00ebm dhe individ\u00eb shum\u00eb t\u00eb pasur. Deri k\u00ebtu gjithshka n\u00eb rregull; mir\u00ebpo k\u00ebto plane duhet t\u00eb p\u00ebrfshijn\u00eb edhe zonat e populluara nga shqiptar\u00ebt, t\u00eb cilat p\u00ebrb\u00ebjn\u00eb pjes\u00ebn m\u00eb t\u00eb bukur t\u00eb bregdetit. Zonat rurale vazhdojn\u00eb t\u00eb jen\u00eb nj\u00eb shqet\u00ebsim i madh p\u00ebr shqiptar\u00ebt n\u00eb Malin e Zi. Pa nd\u00ebrhyrje qeveritare p\u00ebr t\u2019i zhvilluar k\u00ebto hap\u00ebsira duke u krijuar mund\u00ebsi ekonomike njer\u00ebzve q\u00eb jetojn\u00eb aty, ritmet e larta t\u00eb emigracionit do t\u00eb vazhdojn\u00eb derisa k\u00ebto zona t\u00eb zbrazen t\u00ebr\u00ebsisht. P\u00ebr fat t\u00eb keq, kjo \u00ebsht\u00eb b\u00ebr\u00eb realitet n\u00eb shum\u00eb fshatra shqiptare.<br \/>\nZbatim i nj\u00ebansh\u00ebm i ligjeve<br \/>\nNj\u00eb num\u00ebr ligjesh t\u00eb r\u00ebnd\u00ebsishme kan\u00eb hyr\u00eb n\u00eb fuqi n\u00eb Malin e Zi, q\u00eb n\u00eb sip\u00ebrfaqe jan\u00eb n\u00eb p\u00ebrputhje me standardet nd\u00ebrkomb\u00ebtare, mir\u00ebpo ose nuk zbatohen si\u00e7 duhet ose anashkalohen nga statute apo ligje lokale t\u00eb komunave. Dallimi mes asaj \u00e7far\u00eb deklarohet ligj\u00ebrisht nga ligji dhe asaj \u00e7far\u00eb zbatohet n\u00eb praktik\u00eb \u00ebsht\u00eb e dukshme n\u00eb \u00e7do aspekt t\u00eb jet\u00ebs n\u00eb Malin e Zi. Zbatimi i nj\u00ebansh\u00ebm i ligjeve c\u00ebnon k\u00ebdo n\u00eb Malin e Zi, por ata q\u00eb e p\u00ebsojn\u00eb m\u00eb shum\u00eb prej k\u00ebsaj jan\u00eb shqiptar\u00ebt. P\u00ebr shembull, pas referendumit n\u00eb t\u00eb cilin shqiptar\u00ebt kontribuan n\u00eb m\u00ebnyr\u00eb vendimtare, Gjykata Kushtetuese m\u00eb 17 korrik 2007, hoqi dy paragraf\u00eb t\u00eb r\u00ebnd\u00ebsish\u00ebm nga \u201cLigji p\u00ebr lirit\u00eb dhe t\u00eb drejtat e pakicave\u201d, i cili mund\u00ebsonte nj\u00eb p\u00ebrfaq\u00ebsim t\u00eb garantuar t\u00eb shqiptar\u00ebve n\u00eb parlamentin e Malit t\u00eb Zi. Gjykata deklaroi se vendosja e nj\u00eb sistemi q\u00eb garantonte p\u00ebrfaq\u00ebsimin e grupeve t\u00eb pakic\u00ebs ishte jokushtetuese, sepse nenet binin ndesh me parimin e barazis\u00eb s\u00eb sanksionuar nga Kushtetuta e Malit t\u00eb Zi n\u00eb vitin 1991. Qart\u00ebsisht, duke pasur parasysh formulimin e tekstit t\u00eb ri kushtetues t\u00eb 2007-s, nj\u00eb sistem i vendeve t\u00eb rezervuara nuk do t\u00eb ishte m\u00eb jokushtetues, mir\u00ebpo dispozitat e p\u00ebrfaq\u00ebsimit politik t\u00eb pakicave komb\u00ebtare nuk u rikthyen m\u00eb.<br \/>\nNj\u00eb tjet\u00ebr shembull zbatimi t\u00eb padrejt\u00eb t\u00eb ligjit ka t\u00eb b\u00ebj\u00eb me t\u00eb ashtuquajturin ligj \u201cMorsko Dobro\u201d q\u00eb do t\u00eb thot\u00eb \u201ct\u00eb mirat detare\u201d. Ligji synon t\u00eb rregulloj\u00eb zhvillimin e zon\u00ebs bregdetare q\u00eb \u00ebsht\u00eb nj\u00eb gj\u00eb e mir\u00eb; por mund t\u00eb argumentohet se nga ana tjet\u00ebr ky \u00ebsht\u00eb nj\u00eb mekaniz\u00ebm antikushtetues, sepse lejon qeverin\u00eb qendrore t\u00eb shfryt\u00ebzoj\u00eb tokat komunale dhe private pa nj\u00eb d\u00ebmshp\u00ebrblim t\u00eb drejt\u00eb (n\u00eb mos fare pa d\u00ebmshp\u00ebrblim) p\u00ebr komunat. N\u00eb qytete t\u00eb tjera p\u00ebrgjat\u00eb bregdetit malazez, zona bregdetare n\u00ebn kontrollin e qeveris\u00eb ka nj\u00eb kufi prej vet\u00ebm gjasht\u00eb metrash, nd\u00ebrsa n\u00eb qytetin e Ulqinit, ku jan\u00eb shumic\u00eb shqiptar\u00ebt, kufiri zgjerohet deri n\u00eb 2,5 kilometra brenda tok\u00ebs. P\u00ebr shkak t\u00eb k\u00ebtij ligji diskriminues, pjes\u00ebt m\u00eb t\u00eb bukura t\u00eb zon\u00ebs bregdetare t\u00eb Ulqinit (si Ada, Valdanosi, Plazhi i Gjat\u00eb dhe Lumi Buna) i jan\u00eb shpron\u00ebsuar komun\u00ebs dhe jan\u00eb shitur nga qeveria n\u00eb form\u00eb qirash 99-vje\u00e7are. Nj\u00eb diskriminim i ngjash\u00ebm \u00ebsht\u00eb edhe n\u00eb zbatimin e \u201cLigjit p\u00ebr organizimin territorial t\u00eb Malit t\u00eb Zi\u201d, ku shqiptar\u00ebve n\u00eb Tuz u mohohet e drejta q\u00eb t\u00eb rivendosin statusin e komun\u00ebs s\u00eb pavarur.<br \/>\nAbuzimi me ligjin \u00ebsht\u00eb gjithashtu i duksh\u00ebm n\u00eb procesin e privatizimit n\u00eb t\u00eb cilin autoritetet lokale pothuajse nuk jan\u00eb p\u00ebrfshir\u00eb fare dhe t\u00eb drejtat e tyre t\u00eb pron\u00ebsis\u00eb n\u00eb thelb jan\u00eb injoruar. Nj\u00eb shembull i k\u00ebtij abuzimi t\u00eb pushtetit dhe privilegjit nga qeveria \u00ebsht\u00eb privatizimi i nj\u00eb fabrike prodhuese dhe I 500 hektar\u00ebve tok\u00eb, t\u00eb cilat u shit\u00ebn p\u00ebr 6 cent\u00eb p\u00ebr met\u00ebr katror nj\u00eb t\u00eb af\u00ebrmi t\u00eb Gjukanovi\u00e7it, sipas t\u00eb dh\u00ebnave t\u00eb pun\u00ebtor\u00ebve t\u00eb fabrik\u00ebs dhe popullat\u00ebs lokale. Pavar\u00ebsisht nga fakti q\u00eb zona p\u00ebrreth fabrik\u00ebs \u00ebsht\u00eb mo\u00e7alore, me r\u00ebnd\u00ebsi t\u00eb madhe p\u00ebr migrimin e zogjve europian\u00eb, pronari synon t\u00eb nd\u00ebrtoj\u00eb aty sht\u00ebpi dhe kondominiume t\u00eb shtrenjta, q\u00eb do t\u00eb shnd\u00ebrronin p\u00ebrb\u00ebrjen ekologjike dhe demografike t\u00eb zon\u00ebs. Nj\u00eb num\u00ebr hotelesh q\u00eb tha se u privatizuan mbeten t\u00eb rr\u00ebnuara apo t\u00eb shkat\u00ebrruara dhe askush nuk e di se e kujt \u00ebsht\u00eb p\u00ebrgjegj\u00ebsia. Banor\u00ebt lokal\u00eb kan\u00eb mbetur pa asnj\u00eb mund\u00ebsi investimi, p\u00ebrve\u00e7 privatizimit fillestar kur pun\u00ebtor\u00ebve iu dhan\u00eb letra me vler\u00eb q\u00eb p\u00ebrfaq\u00ebsonin pjes\u00ebn e tyre n\u00eb nd\u00ebrmarrje, sipas formulave t\u00eb aprovuara nga qeveria. Pas k\u00ebsaj nd\u00ebrmarrjet u keqadministruan q\u00ebllimisht duke i b\u00ebr\u00eb fare t\u00eb pavlefshme letrat e shp\u00ebrndara. Pas k\u00ebsaj, investues t\u00eb informuar me lidhje qeveritare mund\u00ebn t\u2019i blenin ato p\u00ebr nj\u00eb vler\u00eb qesharake. Diaspora paraqiti nj\u00eb num\u00ebr propozimesh p\u00ebr tender mir\u00ebpo ato u hodh\u00ebn posht\u00eb praktikisht p\u00ebr nj\u00eb arsye apo p\u00ebr nj\u00eb tjet\u00ebr.<br \/>\nShkeljet e t\u00eb drejtave t\u00eb njeriut dhe lirive civile<br \/>\nN\u00eb nj\u00eb shoq\u00ebri t\u00eb p\u00ebrparuar, procesi juridik bazohet n\u00eb vler\u00ebn demokratike sipas t\u00eb cil\u00ebs nj\u00eb person i akuzuar \u00ebsht\u00eb i pafajsh\u00ebm derisa t\u00eb provohet si fajtor n\u00eb gjyq, dhe jo fajtor derisa t\u00eb provoj\u00eb pafaj\u00ebsin\u00eb. Rasti i \u201cOperacionit fluturimi i shqiponjave\u201d, q\u00eb p\u00ebrfshiu arrestimin e disa an\u00ebtar\u00ebve t\u00eb nj\u00eb gjoja celule terroriste n\u00eb Mal\u00ebsi, \u00ebsht\u00eb nj\u00eb shembull q\u00eb tregon se si Mali i Zi ka shkelur procesin gjyq\u00ebsor duke lejuar median q\u00eb t\u00eb botoj\u00eb d\u00ebshmi shtet\u00ebrore kund\u00ebr t\u00eb akuzuarve p\u00ebrpara se t\u00eb fillonte procesi gjyq\u00ebsor n\u00eb m\u00ebnyr\u00eb q\u00eb t\u00eb ndikohej opinioni publik.<br \/>\nVet\u00ebm pak dit\u00eb p\u00ebrpara zgjedhjeve t\u00eb vitit 2006, n\u00eb 9 shtator, Policia Speciale Malazeze dhe skuadra SWAT t\u00eb armatosura deri n\u00eb dh\u00ebmb\u00eb kap\u00ebn 14 shqiptar\u00eb, duke p\u00ebrfshir\u00eb edhe tre t\u00eb cil\u00ebt kishin edhe n\u00ebnshtet\u00ebsi amerikane dhe q\u00eb ishin n\u00eb at\u00eb koh\u00eb me pushime, p\u00ebr nj\u00eb vizit\u00eb n\u00eb vendlindje. Gjat\u00eb k\u00ebtij aksioni, burrat dhe familjet e tyre, duke p\u00ebrfshir\u00eb edhe pleq gra e f\u00ebmij\u00eb u keqtrajtuan fizikisht nga policia. T\u00eb nes\u00ebrmen qeveria l\u00ebshoi nj\u00eb deklarat\u00eb p\u00ebr shtyp duke th\u00ebn\u00eb se nj\u00eb grup terrorist po p\u00ebrgatitej q\u00eb t\u00eb rr\u00ebzonte qeverin\u00eb. P\u00ebr tre muaj me rradh\u00eb ata u mbajt\u00ebn n\u00eb burg, pa iu komunikuar ndonj\u00eb akuz\u00eb kriminale, ndon\u00ebse n\u00eb m\u00ebnyr\u00eb t\u00eb vazhdueshme etiketoheshin n\u00eb shtypin malazez si \u201cterrorist\u00eb\u201d, pra duke iu dhunuar k\u00ebshtu t\u00eb drejt\u00ebn p\u00ebr t\u2019u konsideruar t\u00eb pafajsh\u00ebm. Gjat\u00eb k\u00ebsaj kohe, ata fyheshin, rriheshin p\u00ebr or\u00eb t\u00eb t\u00ebra dhe detyroheshin q\u00eb t\u00eb qendronin n\u00eb pozicione t\u00eb caktuara p\u00ebr periudha t\u00eb st\u00ebrzgjatura kohe si dhe pa ushqim p\u00ebr dit\u00eb t\u00eb t\u00ebra. Askush nuk e di se pse sakt\u00ebsisht ishin arrestuar dhe cila ishte arsyeja e qeveris\u00eb p\u00ebr kapjen e tyre.<br \/>\nKur m\u00eb n\u00eb fund, qeveria malazeze paraqiti akuz\u00ebn zyrtare, ata padit\u00ebn t\u00eb gjith\u00eb grupin p\u00ebr \u201cplanifikim t\u00eb krimeve t\u00eb terrorizmit dhe kryengritjes\u201d, e megjithat\u00eb, qeveria nuk mundi t\u00eb paraqiste as edhe nj\u00eb cop\u00eb d\u00ebshmie dometh\u00ebn\u00ebse. P\u00ebr m\u00eb tep\u00ebr nuk ishte e qart\u00eb se pse e kishte urdh\u00ebruar qeveria k\u00ebt\u00eb aksion, madje edhe se cila deg\u00eb e qeveris\u00eb kishte autorizuar arrestimet.<br \/>\nDisa besojn\u00eb se ky incident \u00ebsht\u00eb fabrikuar p\u00ebr t\u00eb thyer lidhjen mes diaspor\u00ebs shqiptaro-amerikane dhe komunitetit shqiptar n\u00eb Malin e Zi. Fuqia n\u00eb rritje e k\u00ebsaj lidhje \u00ebsht\u00eb v\u00ebn\u00eb re n\u00eb p\u00ebrpjekjet e banor\u00ebve t\u00eb Mal\u00ebsis\u00eb shqiptare p\u00ebr t\u00eb rifituar statusin e komun\u00ebs n\u00eb Tuz, t\u00eb anulluar nga qeveria malazeze n\u00eb vitin 1957. Mir\u00ebpo, cilado q\u00eb t\u00eb ket\u00eb qen\u00eb arsyeja, aksioni ishte nj\u00eb veprim degradues nga ana e qeveris\u00eb malazeze. Veprime t\u00eb k\u00ebsaj natyre nuk jan\u00eb n\u00eb interes t\u00eb vendit dhe d\u00ebmtojn\u00eb p\u00ebrpjekjet e atyre q\u00eb v\u00ebrtet punojn\u00eb p\u00ebr t\u00eb nd\u00ebrtuar nj\u00eb shtet multi-etnik, duke p\u00ebrfshir\u00eb edhe shumic\u00ebn e popullsis\u00eb shqiptare. P\u00ebr m\u00eb tep\u00ebr, kjo lloj mase mund t\u00eb zgjoj\u00eb armiq\u00ebsi t\u00eb m\u00ebtejshme mes shqiptar\u00ebve dhe malazez\u00ebve.<br \/>\nVijon<\/p>\n","protected":false},"excerpt":{"rendered":"<p>Quo vadis shqiptar\u00ebt e Malit t\u00eb Zi (11 ) Shqiptar\u00ebt jan\u00eb t\u00eb pun\u00ebsuar shum\u00eb m\u00eb pak sesa u takon n\u00eb sektorin e drejt\u00ebsis\u00eb, n\u00eb sigurimin e brendsh\u00ebm dhe nj\u00eb num\u00ebr ministrish, n\u00ebse e krahasojm\u00eb k\u00ebt\u00eb me p\u00ebrqindjen q\u00eb ata z\u00ebn\u00eb n\u00eb popullsin\u00eb totale t\u00eb vendit. Kjo \u00ebsht\u00eb nje shkelje e normave nd\u00ebrkomb\u00ebtare dhe nj\u00eb shqet\u00ebsim [&hellip;]<\/p>\n","protected":false},"author":1,"featured_media":0,"comment_status":"open","ping_status":"closed","sticky":false,"template":"","format":"standard","meta":{"spay_email":"","jetpack_publicize_message":"","jetpack_is_tweetstorm":false,"jetpack_publicize_feature_enabled":true},"categories":[14249],"tags":[95,200,18],"jetpack_publicize_connections":[],"yoast_head":"<!-- This site is optimized with the Yoast SEO plugin v19.1 - https:\/\/yoast.com\/wordpress\/plugins\/seo\/ -->\n<title>Zonat e populluara nga shqiptar\u00ebt pa plan urbanisitik Nga Cafo Boga - Lajme nga Ulqini<\/title>\n<meta name=\"description\" content=\"Quo vadis shqiptar\u00ebt e Malit t\u00eb Zi (11 ) Shqiptar\u00ebt jan\u00eb t\u00eb pun\u00ebsuar shum\u00eb m\u00eb pak sesa u takon n\u00eb sektorin e drejt\u00ebsis\u00eb, n\u00eb sigurimin e brendsh\u00ebm dhe nj\u00eb\" \/>\n<meta name=\"robots\" content=\"index, follow, max-snippet:-1, max-image-preview:large, max-video-preview:-1\" \/>\n<link rel=\"canonical\" href=\"https:\/\/www.visit-ulcinj.com\/blog\/2011\/10\/05\/zonat-e-populluara-nga-shqiptaret-pa-plan-urbanisitik-nga-cafo-boga\/\" \/>\n<meta property=\"og:locale\" content=\"en_US\" \/>\n<meta property=\"og:type\" content=\"article\" \/>\n<meta property=\"og:title\" content=\"Zonat e populluara nga shqiptar\u00ebt pa plan urbanisitik Nga Cafo Boga - Lajme nga Ulqini\" \/>\n<meta property=\"og:description\" content=\"Quo vadis shqiptar\u00ebt e Malit t\u00eb Zi (11 ) Shqiptar\u00ebt jan\u00eb t\u00eb pun\u00ebsuar shum\u00eb m\u00eb pak sesa u takon n\u00eb sektorin e drejt\u00ebsis\u00eb, n\u00eb sigurimin e brendsh\u00ebm dhe nj\u00eb\" \/>\n<meta property=\"og:url\" content=\"https:\/\/www.visit-ulcinj.com\/blog\/2011\/10\/05\/zonat-e-populluara-nga-shqiptaret-pa-plan-urbanisitik-nga-cafo-boga\/\" \/>\n<meta property=\"og:site_name\" content=\"Lajme nga Ulqini\" \/>\n<meta property=\"article:published_time\" content=\"2011-10-05T07:11:13+00:00\" \/>\n<meta property=\"og:image\" content=\"http:\/\/www.visit-ulcinj.com\/blog\/wp-content\/uploads\/2011\/10\/ulqini_Zonat-e-populluara-nga-shqiptar%C3%ABt-pa-plan-urbanisitik-Nga-Cafo-Boga.jpg\" \/>\n<meta name=\"twitter:label1\" content=\"Written by\" \/>\n\t<meta name=\"twitter:data1\" content=\"ulqini\" \/>\n\t<meta name=\"twitter:label2\" content=\"Est. reading time\" \/>\n\t<meta name=\"twitter:data2\" content=\"8 minutes\" \/>\n<script type=\"application\/ld+json\" class=\"yoast-schema-graph\">{\"@context\":\"https:\/\/schema.org\",\"@graph\":[{\"@type\":\"WebSite\",\"@id\":\"https:\/\/www.visit-ulcinj.com\/blog\/#website\",\"url\":\"https:\/\/www.visit-ulcinj.com\/blog\/\",\"name\":\"Lajme nga Ulqini\",\"description\":\"Lajme,Vijesti,Ulqini,Ulqin,Crna Gora,Mali i Zi\",\"potentialAction\":[{\"@type\":\"SearchAction\",\"target\":{\"@type\":\"EntryPoint\",\"urlTemplate\":\"https:\/\/www.visit-ulcinj.com\/blog\/?s={search_term_string}\"},\"query-input\":\"required name=search_term_string\"}],\"inLanguage\":\"en-US\"},{\"@type\":\"ImageObject\",\"inLanguage\":\"en-US\",\"@id\":\"https:\/\/www.visit-ulcinj.com\/blog\/2011\/10\/05\/zonat-e-populluara-nga-shqiptaret-pa-plan-urbanisitik-nga-cafo-boga\/#primaryimage\",\"url\":\"http:\/\/www.visit-ulcinj.com\/blog\/wp-content\/uploads\/2011\/10\/ulqini_Zonat-e-populluara-nga-shqiptar%C3%ABt-pa-plan-urbanisitik-Nga-Cafo-Boga.jpg\",\"contentUrl\":\"http:\/\/www.visit-ulcinj.com\/blog\/wp-content\/uploads\/2011\/10\/ulqini_Zonat-e-populluara-nga-shqiptar%C3%ABt-pa-plan-urbanisitik-Nga-Cafo-Boga.jpg\"},{\"@type\":\"WebPage\",\"@id\":\"https:\/\/www.visit-ulcinj.com\/blog\/2011\/10\/05\/zonat-e-populluara-nga-shqiptaret-pa-plan-urbanisitik-nga-cafo-boga\/#webpage\",\"url\":\"https:\/\/www.visit-ulcinj.com\/blog\/2011\/10\/05\/zonat-e-populluara-nga-shqiptaret-pa-plan-urbanisitik-nga-cafo-boga\/\",\"name\":\"Zonat e populluara nga shqiptar\u00ebt pa plan urbanisitik Nga Cafo Boga - Lajme nga Ulqini\",\"isPartOf\":{\"@id\":\"https:\/\/www.visit-ulcinj.com\/blog\/#website\"},\"primaryImageOfPage\":{\"@id\":\"https:\/\/www.visit-ulcinj.com\/blog\/2011\/10\/05\/zonat-e-populluara-nga-shqiptaret-pa-plan-urbanisitik-nga-cafo-boga\/#primaryimage\"},\"datePublished\":\"2011-10-05T07:11:13+00:00\",\"dateModified\":\"2011-10-05T07:11:13+00:00\",\"author\":{\"@id\":\"https:\/\/www.visit-ulcinj.com\/blog\/#\/schema\/person\/dcab619c614d3038751c63bc2aadc06d\"},\"description\":\"Quo vadis shqiptar\u00ebt e Malit t\u00eb Zi (11 ) Shqiptar\u00ebt jan\u00eb t\u00eb pun\u00ebsuar shum\u00eb m\u00eb pak sesa u takon n\u00eb sektorin e drejt\u00ebsis\u00eb, n\u00eb sigurimin e brendsh\u00ebm dhe nj\u00eb\",\"breadcrumb\":{\"@id\":\"https:\/\/www.visit-ulcinj.com\/blog\/2011\/10\/05\/zonat-e-populluara-nga-shqiptaret-pa-plan-urbanisitik-nga-cafo-boga\/#breadcrumb\"},\"inLanguage\":\"en-US\",\"potentialAction\":[{\"@type\":\"ReadAction\",\"target\":[\"https:\/\/www.visit-ulcinj.com\/blog\/2011\/10\/05\/zonat-e-populluara-nga-shqiptaret-pa-plan-urbanisitik-nga-cafo-boga\/\"]}]},{\"@type\":\"BreadcrumbList\",\"@id\":\"https:\/\/www.visit-ulcinj.com\/blog\/2011\/10\/05\/zonat-e-populluara-nga-shqiptaret-pa-plan-urbanisitik-nga-cafo-boga\/#breadcrumb\",\"itemListElement\":[{\"@type\":\"ListItem\",\"position\":1,\"name\":\"Zonat e populluara nga shqiptar\u00ebt pa plan urbanisitik Nga Cafo Boga\"}]},{\"@type\":\"Person\",\"@id\":\"https:\/\/www.visit-ulcinj.com\/blog\/#\/schema\/person\/dcab619c614d3038751c63bc2aadc06d\",\"name\":\"ulqini\",\"sameAs\":[\"http:\/\/www.visit-ulcinj.com\"],\"url\":\"https:\/\/www.visit-ulcinj.com\/blog\/author\/admin\/\"}]}<\/script>\n<!-- \/ Yoast SEO plugin. -->","yoast_head_json":{"title":"Zonat e populluara nga shqiptar\u00ebt pa plan urbanisitik Nga Cafo Boga - Lajme nga Ulqini","description":"Quo vadis shqiptar\u00ebt e Malit t\u00eb Zi (11 ) Shqiptar\u00ebt jan\u00eb t\u00eb pun\u00ebsuar shum\u00eb m\u00eb pak sesa u takon n\u00eb sektorin e drejt\u00ebsis\u00eb, n\u00eb sigurimin e brendsh\u00ebm dhe nj\u00eb","robots":{"index":"index","follow":"follow","max-snippet":"max-snippet:-1","max-image-preview":"max-image-preview:large","max-video-preview":"max-video-preview:-1"},"canonical":"https:\/\/www.visit-ulcinj.com\/blog\/2011\/10\/05\/zonat-e-populluara-nga-shqiptaret-pa-plan-urbanisitik-nga-cafo-boga\/","og_locale":"en_US","og_type":"article","og_title":"Zonat e populluara nga shqiptar\u00ebt pa plan urbanisitik Nga Cafo Boga - Lajme nga Ulqini","og_description":"Quo vadis shqiptar\u00ebt e Malit t\u00eb Zi (11 ) Shqiptar\u00ebt jan\u00eb t\u00eb pun\u00ebsuar shum\u00eb m\u00eb pak sesa u takon n\u00eb sektorin e drejt\u00ebsis\u00eb, n\u00eb sigurimin e brendsh\u00ebm dhe nj\u00eb","og_url":"https:\/\/www.visit-ulcinj.com\/blog\/2011\/10\/05\/zonat-e-populluara-nga-shqiptaret-pa-plan-urbanisitik-nga-cafo-boga\/","og_site_name":"Lajme nga Ulqini","article_published_time":"2011-10-05T07:11:13+00:00","og_image":[{"url":"http:\/\/www.visit-ulcinj.com\/blog\/wp-content\/uploads\/2011\/10\/ulqini_Zonat-e-populluara-nga-shqiptar%C3%ABt-pa-plan-urbanisitik-Nga-Cafo-Boga.jpg"}],"twitter_misc":{"Written by":"ulqini","Est. reading time":"8 minutes"},"schema":{"@context":"https:\/\/schema.org","@graph":[{"@type":"WebSite","@id":"https:\/\/www.visit-ulcinj.com\/blog\/#website","url":"https:\/\/www.visit-ulcinj.com\/blog\/","name":"Lajme nga Ulqini","description":"Lajme,Vijesti,Ulqini,Ulqin,Crna Gora,Mali i Zi","potentialAction":[{"@type":"SearchAction","target":{"@type":"EntryPoint","urlTemplate":"https:\/\/www.visit-ulcinj.com\/blog\/?s={search_term_string}"},"query-input":"required name=search_term_string"}],"inLanguage":"en-US"},{"@type":"ImageObject","inLanguage":"en-US","@id":"https:\/\/www.visit-ulcinj.com\/blog\/2011\/10\/05\/zonat-e-populluara-nga-shqiptaret-pa-plan-urbanisitik-nga-cafo-boga\/#primaryimage","url":"http:\/\/www.visit-ulcinj.com\/blog\/wp-content\/uploads\/2011\/10\/ulqini_Zonat-e-populluara-nga-shqiptar%C3%ABt-pa-plan-urbanisitik-Nga-Cafo-Boga.jpg","contentUrl":"http:\/\/www.visit-ulcinj.com\/blog\/wp-content\/uploads\/2011\/10\/ulqini_Zonat-e-populluara-nga-shqiptar%C3%ABt-pa-plan-urbanisitik-Nga-Cafo-Boga.jpg"},{"@type":"WebPage","@id":"https:\/\/www.visit-ulcinj.com\/blog\/2011\/10\/05\/zonat-e-populluara-nga-shqiptaret-pa-plan-urbanisitik-nga-cafo-boga\/#webpage","url":"https:\/\/www.visit-ulcinj.com\/blog\/2011\/10\/05\/zonat-e-populluara-nga-shqiptaret-pa-plan-urbanisitik-nga-cafo-boga\/","name":"Zonat e populluara nga shqiptar\u00ebt pa plan urbanisitik Nga Cafo Boga - Lajme nga Ulqini","isPartOf":{"@id":"https:\/\/www.visit-ulcinj.com\/blog\/#website"},"primaryImageOfPage":{"@id":"https:\/\/www.visit-ulcinj.com\/blog\/2011\/10\/05\/zonat-e-populluara-nga-shqiptaret-pa-plan-urbanisitik-nga-cafo-boga\/#primaryimage"},"datePublished":"2011-10-05T07:11:13+00:00","dateModified":"2011-10-05T07:11:13+00:00","author":{"@id":"https:\/\/www.visit-ulcinj.com\/blog\/#\/schema\/person\/dcab619c614d3038751c63bc2aadc06d"},"description":"Quo vadis shqiptar\u00ebt e Malit t\u00eb Zi (11 ) Shqiptar\u00ebt jan\u00eb t\u00eb pun\u00ebsuar shum\u00eb m\u00eb pak sesa u takon n\u00eb sektorin e drejt\u00ebsis\u00eb, n\u00eb sigurimin e brendsh\u00ebm dhe nj\u00eb","breadcrumb":{"@id":"https:\/\/www.visit-ulcinj.com\/blog\/2011\/10\/05\/zonat-e-populluara-nga-shqiptaret-pa-plan-urbanisitik-nga-cafo-boga\/#breadcrumb"},"inLanguage":"en-US","potentialAction":[{"@type":"ReadAction","target":["https:\/\/www.visit-ulcinj.com\/blog\/2011\/10\/05\/zonat-e-populluara-nga-shqiptaret-pa-plan-urbanisitik-nga-cafo-boga\/"]}]},{"@type":"BreadcrumbList","@id":"https:\/\/www.visit-ulcinj.com\/blog\/2011\/10\/05\/zonat-e-populluara-nga-shqiptaret-pa-plan-urbanisitik-nga-cafo-boga\/#breadcrumb","itemListElement":[{"@type":"ListItem","position":1,"name":"Zonat e populluara nga shqiptar\u00ebt pa plan urbanisitik Nga Cafo Boga"}]},{"@type":"Person","@id":"https:\/\/www.visit-ulcinj.com\/blog\/#\/schema\/person\/dcab619c614d3038751c63bc2aadc06d","name":"ulqini","sameAs":["http:\/\/www.visit-ulcinj.com"],"url":"https:\/\/www.visit-ulcinj.com\/blog\/author\/admin\/"}]}},"jetpack_featured_media_url":"","jetpack_sharing_enabled":true,"jetpack_shortlink":"https:\/\/wp.me\/pe6lTn-dtL","_links":{"self":[{"href":"https:\/\/www.visit-ulcinj.com\/blog\/wp-json\/wp\/v2\/posts\/51817"}],"collection":[{"href":"https:\/\/www.visit-ulcinj.com\/blog\/wp-json\/wp\/v2\/posts"}],"about":[{"href":"https:\/\/www.visit-ulcinj.com\/blog\/wp-json\/wp\/v2\/types\/post"}],"author":[{"embeddable":true,"href":"https:\/\/www.visit-ulcinj.com\/blog\/wp-json\/wp\/v2\/users\/1"}],"replies":[{"embeddable":true,"href":"https:\/\/www.visit-ulcinj.com\/blog\/wp-json\/wp\/v2\/comments?post=51817"}],"version-history":[{"count":1,"href":"https:\/\/www.visit-ulcinj.com\/blog\/wp-json\/wp\/v2\/posts\/51817\/revisions"}],"predecessor-version":[{"id":51819,"href":"https:\/\/www.visit-ulcinj.com\/blog\/wp-json\/wp\/v2\/posts\/51817\/revisions\/51819"}],"wp:attachment":[{"href":"https:\/\/www.visit-ulcinj.com\/blog\/wp-json\/wp\/v2\/media?parent=51817"}],"wp:term":[{"taxonomy":"category","embeddable":true,"href":"https:\/\/www.visit-ulcinj.com\/blog\/wp-json\/wp\/v2\/categories?post=51817"},{"taxonomy":"post_tag","embeddable":true,"href":"https:\/\/www.visit-ulcinj.com\/blog\/wp-json\/wp\/v2\/tags?post=51817"}],"curies":[{"name":"wp","href":"https:\/\/api.w.org\/{rel}","templated":true}]}}