{"id":51820,"date":"2011-10-05T17:16:53","date_gmt":"2011-10-05T16:16:53","guid":{"rendered":"http:\/\/www.visit-ulcinj.com\/blog\/?p=51820"},"modified":"2011-10-09T13:14:37","modified_gmt":"2011-10-09T12:14:37","slug":"moikom-zeqo-i-dhuroi-500-libra-bibliotekes-se-ulqinit-video","status":"publish","type":"post","link":"https:\/\/www.visit-ulcinj.com\/blog\/2011\/10\/05\/moikom-zeqo-i-dhuroi-500-libra-bibliotekes-se-ulqinit-video\/","title":{"rendered":"Moikom Zeqo i dhuroi 500 libra Bibliotek\u00ebs s\u00eb Ulqinit &#8211; Video"},"content":{"rendered":"<p><a href=\"http:\/\/www.visit-ulcinj.com\/blog\/wp-content\/uploads\/2011\/10\/Moikom-Zeqo-ulqin_ulqini.jpg\"><img loading=\"lazy\" class=\"alignleft size-full wp-image-51821\" title=\"Moikom Zeqo ulqin_ulqini\" src=\"http:\/\/www.visit-ulcinj.com\/blog\/wp-content\/uploads\/2011\/10\/Moikom-Zeqo-ulqin_ulqini.jpg\" alt=\"\" width=\"330\" height=\"450\" \/><\/a>Shkrimtari dhe studiuesi i mir\u00ebnjohur nga Tirana, Moikom Zeqo, dit\u00ebn e mart\u00eb Bibliotek\u00ebs s\u00eb Ulqinit, nga bibiloteka pesonale, i dhuroi 500 libra, duke kontribuar k\u00ebshtu n\u00eb p\u00ebrmir\u00ebsimin e fondit t\u00eb librit shqip n\u00eb k\u00ebt\u00eb bibliotek\u00eb, njofton KosovaLive.<\/p>\n<p>M\u00eb vjen shum\u00eb mir\u00eb q\u00eb mund t\u00eb flas p\u00ebr kontributin tim\u00eb n\u00eb sjelljen e librit shqip n\u00eb trevat e Malit t\u00eb Zi e sidomos n\u00eb Ulqin dhe kurdo q\u00eb m\u00eb jepet rasti un\u00eb nuk l\u00eb pa p\u00ebrmendur k\u00ebt\u00eb fakt. Dhurata m\u00eb e madhe p\u00ebr shqiptar\u00ebt e Ulqinit, sidomos n\u00eb begatimin e jet\u00ebs kulturore, duke pasur parasysh se libri ka qen\u00eb nj\u00eb zon\u00eb e ndaluar p\u00ebr shqiptar\u00ebt e Malit t\u00eb Zi.<\/p>\n<p>Biblioteka e Ulqinit,ka marr\u00eb dhurat\u00eb dit\u00ebn e mart\u00eb \u00a0nga Moikom Zeqo 500 libra. Ndaj edhe s\u2019mund t\u00eb mos e fal\u00ebnderohet z. Moikom Zeqo, p\u00ebr k\u00ebt\u00eb dhe nj\u00ebher\u00ebsh p\u00ebr iniciativ\u00ebn q\u00eb ka b\u00eb p\u00ebr Bibliotek\u00ebn e Ulqinit.Duke u nisur nga kjo, k\u00ebtu n\u00eb Ulqin nuk ka qen\u00eb e udh\u00ebs q\u00eb t\u2019i ndahen shum\u00ebkujt mir\u00ebnjohje, e duke vler\u00ebsuar k\u00ebt\u00eb kontribut kaq t\u00eb madh t\u00eb z. Moikom Zeqo.<br \/>\nKomuna e Ulqinit dhe Biblioteka e Ulqinit i dha\u00a0 mir\u00ebnjohje z. Moikom Zeqo duke u faliminderuar.<br \/>\nMoikom Zeqo ka dh\u00ebn\u00eb kontributin e madh q\u00eb libri shqip t\u00eb prek\u00eb Ulqinin, at\u00eb lib\u00ebr q\u00eb p\u00ebr ne dikur ka qen\u00eb \u00ebnd\u00ebrr.<br \/>\nDisa t\u00eb panishm\u00ebm I urojn z.Moikom Zeqo t\u00eb jen\u00eb p\u00ebr shum\u00eb vite t\u00eb tjera n\u00eb jet\u00ebn shqiptare t\u00eb Ulqinit dhe t\u00eb botojn\u00eb sa m\u00eb tep\u00ebr libra. Un\u00eb jam n\u00eb dijeni t\u00eb aktivitetit t\u00eb tij\u00eb, e di mir\u00eb q\u00eb numri i librave q\u00eb aj\u00eb boton \u00ebsht\u00eb i madh, por un\u00eb i uroj t\u00eb botoj\u00eb edhe m\u00eb shum\u00eb. T\u00eb mos ndalet dhe t\u00eb vazhdoj\u00eb t\u00eb jet\u00eb p\u00ebrkrah shqiptar\u00ebve kudo ku ata jetojn\u00eb dhe t\u00eb vazhdoj\u00eb t\u00eb mbaj\u00eb k\u00ebt\u00eb komunikim me ta.<\/p>\n<p><strong>Di\u00e7ka p\u00ebr Moikom Zeqo<\/strong><\/p>\n<p>Moikom Zeqo ka lindur m\u00eb 3 qershor 1949, n\u00eb qytetin e Durr\u00ebsit. M\u00eb 1971 \u00ebsht\u00eb diplomuar n\u00eb Universitetin e Tiran\u00ebs p\u00ebr filologji dhe let\u00ebrsi. M\u00eb von\u00eb \u00ebsht\u00eb diplomuar p\u00ebr histori dhe arkeologji si dhe ka b\u00ebr\u00eb studime pasuniversitare n\u00eb Rom\u00eb, n\u00eb Athin\u00eb, dhe n\u00eb Washington D.C.. Ka punuar si redaktor letrar n\u00eb gazet\u00ebn \u201cDrita\u201d dhe arkeolog dhe specialist i artit t\u00eb lasht\u00eb pran\u00eb Akademis\u00eb s\u00eb Shkencave. \u00cbsht\u00eb Doktor i Shkencave dhe mban Urdh\u00ebrin e Lart\u00eb \u201cMjesht\u00ebr i Madh\u201d. \u00cbsht\u00eb autori i 62 librave me poezi, proz\u00eb, studime arkeologjike, p\u00ebr historin\u00eb e artit, si dhe t\u00eb nje num\u00ebri skenaresh p\u00ebr filma kinematografike e televiziv\u00eb me karakter arkeologjik dhe kulturor. Ka marr\u00eb disa her\u00eb \u00e7mime t\u00eb para p\u00ebr librat e tij. Krijime t\u00eb Moikom Zeqos jan\u00eb p\u00ebrkthyer n\u00eb gjuh\u00ebt anglisht, fr\u00ebngjisht, greqisht, italisht, s\u00ebrbokroatisht, bullgarisht, rumanisht, polonisht, danisht, esperanto, gjermanisht si dhe n\u00eb gjuh\u00ebn ton\u00eb. \u00cbsht\u00eb autor i tre ekspozitave vetiake n\u00eb piktur\u00eb. Ka p\u00ebrfaq\u00ebsuar Shqip\u00ebrin\u00eb n\u00eb Konferenca Shkencore Nd\u00ebrkomb\u00ebtare me dhjetra her\u00eb dhe \u00ebsht\u00eb vler\u00ebsuar nga personalitete t\u00eb larta t\u00eb kultur\u00ebs shqiptare dhe t\u00eb huaj. Moikom Zeqo \u00ebsht\u00eb sot nj\u00eb nga personalitetet m\u00eb t\u00eb m\u00ebdha dhe t\u00eb njohura t\u00eb kultur\u00ebs son\u00eb komb\u00ebtare. Veprat e tij dallohen p\u00ebr nj\u00eb stil lakonik, t\u00eb ngjeshur dhe erudit\u00eb dhe mbahet si pionier i postmodernizmit n\u00eb letrat shqipe.<br \/>\n<!--YouTube Error: bad URL entered--><\/p>\n","protected":false},"excerpt":{"rendered":"<p>Shkrimtari dhe studiuesi i mir\u00ebnjohur nga Tirana, Moikom Zeqo, dit\u00ebn e mart\u00eb Bibliotek\u00ebs s\u00eb Ulqinit, nga bibiloteka pesonale, i dhuroi 500 libra, duke kontribuar k\u00ebshtu n\u00eb p\u00ebrmir\u00ebsimin e fondit t\u00eb librit shqip n\u00eb k\u00ebt\u00eb bibliotek\u00eb, njofton KosovaLive. M\u00eb vjen shum\u00eb mir\u00eb q\u00eb mund t\u00eb flas p\u00ebr kontributin tim\u00eb n\u00eb sjelljen e librit shqip n\u00eb trevat [&hellip;]<\/p>\n","protected":false},"author":1,"featured_media":0,"comment_status":"closed","ping_status":"closed","sticky":false,"template":"","format":"standard","meta":{"spay_email":"","jetpack_publicize_message":"","jetpack_is_tweetstorm":false,"jetpack_publicize_feature_enabled":true},"categories":[4,1],"tags":[19182,19184,19183,297,19181,200,18],"jetpack_publicize_connections":[],"yoast_head":"<!-- This site is optimized with the Yoast SEO plugin v19.1 - https:\/\/yoast.com\/wordpress\/plugins\/seo\/ -->\n<title>Moikom Zeqo i dhuroi 500 libra Bibliotek\u00ebs s\u00eb Ulqinit - Video - Lajme nga Ulqini<\/title>\n<meta name=\"description\" content=\"Shkrimtari dhe studiuesi i mir\u00ebnjohur nga Tirana, Moikom Zeqo, dit\u00ebn e mart\u00eb Bibliotek\u00ebs s\u00eb Ulqinit, nga bibiloteka pesonale, i dhuroi 500 libra, duke\" \/>\n<meta name=\"robots\" content=\"index, follow, max-snippet:-1, max-image-preview:large, max-video-preview:-1\" \/>\n<link rel=\"canonical\" href=\"https:\/\/www.visit-ulcinj.com\/blog\/2011\/10\/05\/moikom-zeqo-i-dhuroi-500-libra-bibliotekes-se-ulqinit-video\/\" \/>\n<meta property=\"og:locale\" content=\"en_US\" \/>\n<meta property=\"og:type\" content=\"article\" \/>\n<meta property=\"og:title\" content=\"Moikom Zeqo i dhuroi 500 libra Bibliotek\u00ebs s\u00eb Ulqinit - Video - Lajme nga Ulqini\" \/>\n<meta property=\"og:description\" content=\"Shkrimtari dhe studiuesi i mir\u00ebnjohur nga Tirana, Moikom Zeqo, dit\u00ebn e mart\u00eb Bibliotek\u00ebs s\u00eb Ulqinit, nga bibiloteka pesonale, i dhuroi 500 libra, duke\" \/>\n<meta property=\"og:url\" content=\"https:\/\/www.visit-ulcinj.com\/blog\/2011\/10\/05\/moikom-zeqo-i-dhuroi-500-libra-bibliotekes-se-ulqinit-video\/\" \/>\n<meta property=\"og:site_name\" content=\"Lajme nga Ulqini\" \/>\n<meta property=\"article:published_time\" content=\"2011-10-05T16:16:53+00:00\" \/>\n<meta property=\"article:modified_time\" content=\"2011-10-09T12:14:37+00:00\" \/>\n<meta property=\"og:image\" content=\"http:\/\/www.visit-ulcinj.com\/blog\/wp-content\/uploads\/2011\/10\/Moikom-Zeqo-ulqin_ulqini.jpg\" \/>\n<meta name=\"twitter:label1\" content=\"Written by\" \/>\n\t<meta name=\"twitter:data1\" content=\"ulqini\" \/>\n\t<meta name=\"twitter:label2\" content=\"Est. reading time\" \/>\n\t<meta name=\"twitter:data2\" content=\"3 minutes\" \/>\n<script type=\"application\/ld+json\" class=\"yoast-schema-graph\">{\"@context\":\"https:\/\/schema.org\",\"@graph\":[{\"@type\":\"WebSite\",\"@id\":\"https:\/\/www.visit-ulcinj.com\/blog\/#website\",\"url\":\"https:\/\/www.visit-ulcinj.com\/blog\/\",\"name\":\"Lajme nga Ulqini\",\"description\":\"Lajme,Vijesti,Ulqini,Ulqin,Crna Gora,Mali i Zi\",\"potentialAction\":[{\"@type\":\"SearchAction\",\"target\":{\"@type\":\"EntryPoint\",\"urlTemplate\":\"https:\/\/www.visit-ulcinj.com\/blog\/?s={search_term_string}\"},\"query-input\":\"required name=search_term_string\"}],\"inLanguage\":\"en-US\"},{\"@type\":\"ImageObject\",\"inLanguage\":\"en-US\",\"@id\":\"https:\/\/www.visit-ulcinj.com\/blog\/2011\/10\/05\/moikom-zeqo-i-dhuroi-500-libra-bibliotekes-se-ulqinit-video\/#primaryimage\",\"url\":\"https:\/\/www.visit-ulcinj.com\/blog\/wp-content\/uploads\/2011\/10\/Moikom-Zeqo-ulqin_ulqini.jpg\",\"contentUrl\":\"https:\/\/www.visit-ulcinj.com\/blog\/wp-content\/uploads\/2011\/10\/Moikom-Zeqo-ulqin_ulqini.jpg\",\"width\":\"482\",\"height\":\"522\"},{\"@type\":\"WebPage\",\"@id\":\"https:\/\/www.visit-ulcinj.com\/blog\/2011\/10\/05\/moikom-zeqo-i-dhuroi-500-libra-bibliotekes-se-ulqinit-video\/#webpage\",\"url\":\"https:\/\/www.visit-ulcinj.com\/blog\/2011\/10\/05\/moikom-zeqo-i-dhuroi-500-libra-bibliotekes-se-ulqinit-video\/\",\"name\":\"Moikom Zeqo i dhuroi 500 libra Bibliotek\u00ebs s\u00eb Ulqinit - Video - Lajme nga Ulqini\",\"isPartOf\":{\"@id\":\"https:\/\/www.visit-ulcinj.com\/blog\/#website\"},\"primaryImageOfPage\":{\"@id\":\"https:\/\/www.visit-ulcinj.com\/blog\/2011\/10\/05\/moikom-zeqo-i-dhuroi-500-libra-bibliotekes-se-ulqinit-video\/#primaryimage\"},\"datePublished\":\"2011-10-05T16:16:53+00:00\",\"dateModified\":\"2011-10-09T12:14:37+00:00\",\"author\":{\"@id\":\"https:\/\/www.visit-ulcinj.com\/blog\/#\/schema\/person\/dcab619c614d3038751c63bc2aadc06d\"},\"description\":\"Shkrimtari dhe studiuesi i mir\u00ebnjohur nga Tirana, Moikom Zeqo, dit\u00ebn e mart\u00eb Bibliotek\u00ebs s\u00eb Ulqinit, nga bibiloteka pesonale, i dhuroi 500 libra, duke\",\"breadcrumb\":{\"@id\":\"https:\/\/www.visit-ulcinj.com\/blog\/2011\/10\/05\/moikom-zeqo-i-dhuroi-500-libra-bibliotekes-se-ulqinit-video\/#breadcrumb\"},\"inLanguage\":\"en-US\",\"potentialAction\":[{\"@type\":\"ReadAction\",\"target\":[\"https:\/\/www.visit-ulcinj.com\/blog\/2011\/10\/05\/moikom-zeqo-i-dhuroi-500-libra-bibliotekes-se-ulqinit-video\/\"]}]},{\"@type\":\"BreadcrumbList\",\"@id\":\"https:\/\/www.visit-ulcinj.com\/blog\/2011\/10\/05\/moikom-zeqo-i-dhuroi-500-libra-bibliotekes-se-ulqinit-video\/#breadcrumb\",\"itemListElement\":[{\"@type\":\"ListItem\",\"position\":1,\"name\":\"Moikom Zeqo i dhuroi 500 libra Bibliotek\u00ebs s\u00eb Ulqinit &#8211; Video\"}]},{\"@type\":\"Person\",\"@id\":\"https:\/\/www.visit-ulcinj.com\/blog\/#\/schema\/person\/dcab619c614d3038751c63bc2aadc06d\",\"name\":\"ulqini\",\"sameAs\":[\"http:\/\/www.visit-ulcinj.com\"],\"url\":\"https:\/\/www.visit-ulcinj.com\/blog\/author\/admin\/\"}]}<\/script>\n<!-- \/ Yoast SEO plugin. -->","yoast_head_json":{"title":"Moikom Zeqo i dhuroi 500 libra Bibliotek\u00ebs s\u00eb Ulqinit - Video - Lajme nga Ulqini","description":"Shkrimtari dhe studiuesi i mir\u00ebnjohur nga Tirana, Moikom Zeqo, dit\u00ebn e mart\u00eb Bibliotek\u00ebs s\u00eb Ulqinit, nga bibiloteka pesonale, i dhuroi 500 libra, duke","robots":{"index":"index","follow":"follow","max-snippet":"max-snippet:-1","max-image-preview":"max-image-preview:large","max-video-preview":"max-video-preview:-1"},"canonical":"https:\/\/www.visit-ulcinj.com\/blog\/2011\/10\/05\/moikom-zeqo-i-dhuroi-500-libra-bibliotekes-se-ulqinit-video\/","og_locale":"en_US","og_type":"article","og_title":"Moikom Zeqo i dhuroi 500 libra Bibliotek\u00ebs s\u00eb Ulqinit - Video - Lajme nga Ulqini","og_description":"Shkrimtari dhe studiuesi i mir\u00ebnjohur nga Tirana, Moikom Zeqo, dit\u00ebn e mart\u00eb Bibliotek\u00ebs s\u00eb Ulqinit, nga bibiloteka pesonale, i dhuroi 500 libra, duke","og_url":"https:\/\/www.visit-ulcinj.com\/blog\/2011\/10\/05\/moikom-zeqo-i-dhuroi-500-libra-bibliotekes-se-ulqinit-video\/","og_site_name":"Lajme nga Ulqini","article_published_time":"2011-10-05T16:16:53+00:00","article_modified_time":"2011-10-09T12:14:37+00:00","og_image":[{"url":"http:\/\/www.visit-ulcinj.com\/blog\/wp-content\/uploads\/2011\/10\/Moikom-Zeqo-ulqin_ulqini.jpg"}],"twitter_misc":{"Written by":"ulqini","Est. reading time":"3 minutes"},"schema":{"@context":"https:\/\/schema.org","@graph":[{"@type":"WebSite","@id":"https:\/\/www.visit-ulcinj.com\/blog\/#website","url":"https:\/\/www.visit-ulcinj.com\/blog\/","name":"Lajme nga Ulqini","description":"Lajme,Vijesti,Ulqini,Ulqin,Crna Gora,Mali i Zi","potentialAction":[{"@type":"SearchAction","target":{"@type":"EntryPoint","urlTemplate":"https:\/\/www.visit-ulcinj.com\/blog\/?s={search_term_string}"},"query-input":"required name=search_term_string"}],"inLanguage":"en-US"},{"@type":"ImageObject","inLanguage":"en-US","@id":"https:\/\/www.visit-ulcinj.com\/blog\/2011\/10\/05\/moikom-zeqo-i-dhuroi-500-libra-bibliotekes-se-ulqinit-video\/#primaryimage","url":"https:\/\/www.visit-ulcinj.com\/blog\/wp-content\/uploads\/2011\/10\/Moikom-Zeqo-ulqin_ulqini.jpg","contentUrl":"https:\/\/www.visit-ulcinj.com\/blog\/wp-content\/uploads\/2011\/10\/Moikom-Zeqo-ulqin_ulqini.jpg","width":"482","height":"522"},{"@type":"WebPage","@id":"https:\/\/www.visit-ulcinj.com\/blog\/2011\/10\/05\/moikom-zeqo-i-dhuroi-500-libra-bibliotekes-se-ulqinit-video\/#webpage","url":"https:\/\/www.visit-ulcinj.com\/blog\/2011\/10\/05\/moikom-zeqo-i-dhuroi-500-libra-bibliotekes-se-ulqinit-video\/","name":"Moikom Zeqo i dhuroi 500 libra Bibliotek\u00ebs s\u00eb Ulqinit - Video - Lajme nga Ulqini","isPartOf":{"@id":"https:\/\/www.visit-ulcinj.com\/blog\/#website"},"primaryImageOfPage":{"@id":"https:\/\/www.visit-ulcinj.com\/blog\/2011\/10\/05\/moikom-zeqo-i-dhuroi-500-libra-bibliotekes-se-ulqinit-video\/#primaryimage"},"datePublished":"2011-10-05T16:16:53+00:00","dateModified":"2011-10-09T12:14:37+00:00","author":{"@id":"https:\/\/www.visit-ulcinj.com\/blog\/#\/schema\/person\/dcab619c614d3038751c63bc2aadc06d"},"description":"Shkrimtari dhe studiuesi i mir\u00ebnjohur nga Tirana, Moikom Zeqo, dit\u00ebn e mart\u00eb Bibliotek\u00ebs s\u00eb Ulqinit, nga bibiloteka pesonale, i dhuroi 500 libra, duke","breadcrumb":{"@id":"https:\/\/www.visit-ulcinj.com\/blog\/2011\/10\/05\/moikom-zeqo-i-dhuroi-500-libra-bibliotekes-se-ulqinit-video\/#breadcrumb"},"inLanguage":"en-US","potentialAction":[{"@type":"ReadAction","target":["https:\/\/www.visit-ulcinj.com\/blog\/2011\/10\/05\/moikom-zeqo-i-dhuroi-500-libra-bibliotekes-se-ulqinit-video\/"]}]},{"@type":"BreadcrumbList","@id":"https:\/\/www.visit-ulcinj.com\/blog\/2011\/10\/05\/moikom-zeqo-i-dhuroi-500-libra-bibliotekes-se-ulqinit-video\/#breadcrumb","itemListElement":[{"@type":"ListItem","position":1,"name":"Moikom Zeqo i dhuroi 500 libra Bibliotek\u00ebs s\u00eb Ulqinit &#8211; Video"}]},{"@type":"Person","@id":"https:\/\/www.visit-ulcinj.com\/blog\/#\/schema\/person\/dcab619c614d3038751c63bc2aadc06d","name":"ulqini","sameAs":["http:\/\/www.visit-ulcinj.com"],"url":"https:\/\/www.visit-ulcinj.com\/blog\/author\/admin\/"}]}},"jetpack_featured_media_url":"","jetpack_sharing_enabled":true,"jetpack_shortlink":"https:\/\/wp.me\/pe6lTn-dtO","_links":{"self":[{"href":"https:\/\/www.visit-ulcinj.com\/blog\/wp-json\/wp\/v2\/posts\/51820"}],"collection":[{"href":"https:\/\/www.visit-ulcinj.com\/blog\/wp-json\/wp\/v2\/posts"}],"about":[{"href":"https:\/\/www.visit-ulcinj.com\/blog\/wp-json\/wp\/v2\/types\/post"}],"author":[{"embeddable":true,"href":"https:\/\/www.visit-ulcinj.com\/blog\/wp-json\/wp\/v2\/users\/1"}],"replies":[{"embeddable":true,"href":"https:\/\/www.visit-ulcinj.com\/blog\/wp-json\/wp\/v2\/comments?post=51820"}],"version-history":[{"count":7,"href":"https:\/\/www.visit-ulcinj.com\/blog\/wp-json\/wp\/v2\/posts\/51820\/revisions"}],"predecessor-version":[{"id":51823,"href":"https:\/\/www.visit-ulcinj.com\/blog\/wp-json\/wp\/v2\/posts\/51820\/revisions\/51823"}],"wp:attachment":[{"href":"https:\/\/www.visit-ulcinj.com\/blog\/wp-json\/wp\/v2\/media?parent=51820"}],"wp:term":[{"taxonomy":"category","embeddable":true,"href":"https:\/\/www.visit-ulcinj.com\/blog\/wp-json\/wp\/v2\/categories?post=51820"},{"taxonomy":"post_tag","embeddable":true,"href":"https:\/\/www.visit-ulcinj.com\/blog\/wp-json\/wp\/v2\/tags?post=51820"}],"curies":[{"name":"wp","href":"https:\/\/api.w.org\/{rel}","templated":true}]}}