{"id":5184,"date":"2008-10-30T17:27:50","date_gmt":"2008-10-30T22:27:50","guid":{"rendered":"http:\/\/www.visit-ulcinj.com\/blog\/?p=5184"},"modified":"2008-10-30T17:27:50","modified_gmt":"2008-10-30T22:27:50","slug":"veprimet-destruktive-te-opozites","status":"publish","type":"post","link":"https:\/\/www.visit-ulcinj.com\/blog\/2008\/10\/30\/veprimet-destruktive-te-opozites\/","title":{"rendered":"Veprimet destruktive t\u00eb opozit\u00ebs"},"content":{"rendered":"<p><a href=\"http:\/\/www.visit-ulcinj.com\/blog\/wp-content\/uploads\/2008\/02\/nail_draga.jpg\"><img loading=\"lazy\" class=\"alignleft size-medium wp-image-663\" title=\"Nail_Draga\" src=\"http:\/\/www.visit-ulcinj.com\/blog\/wp-content\/uploads\/2008\/02\/nail_draga.jpg\" alt=\"\" width=\"248\" height=\"300\" \/><\/a>Njohja e pavar\u00ebsis\u00eb s\u00eb Kosov\u00ebs nga Qeveria e Malit t\u00eb Zi, ishte shkas q\u00eb n\u00eb tubim protestues opozita proserbe t\u00eb shpalos\u00eb p\u00ebrseri proflilin politik q\u00eb ve\u00e7ohej me paragjykime, mitologji dhe me qasje neofashiste, nga del se pushteti aktual nuk ka nevoj\u00eb t\u00eb shqet\u00ebsohet, sepse nga veprimet e tyre iracionale dhe destruktive p\u00ebrfocojn\u00eb pushtetin e M.Gjukanoviqit n\u00eb koh\u00eb t\u00eb pacaktuar.<br \/>\n<strong>Vendim i pritur nga Qeveria e Malit t\u00eb Zi<\/strong><br \/>\nNga shpallja e Pavar\u00ebsis\u00eb s\u00eb Kosov\u00ebs me 17 shkurt 2008, nuk ka pasur dilem\u00eb s\u00eb Mali i Zi do t\u00eb njoh\u00eb zyrtarisht pavar\u00ebsin\u00eb e saj, por \u00e7\u00ebshtja ka qen\u00eb se kur nj\u00eb akt i till\u00eb do t\u00eb zyrtarizohej. Dhe ne ket\u00eb aspekt ka pasur dilema t\u00eb ndryshme, duke marr\u00eb parasysh s\u00eb n\u00eb Mal t\u00eb Zi jetojn\u00eb rreth 32% t\u00eb popullsis\u00eb t\u00eb deklaruar si serbe n\u00eb aspektin komb\u00ebtar, t\u00eb cil\u00ebt jan\u00eb deklaruar publikisht nga p\u00ebrfaq\u00ebsuesit e tyre politik\u00eb se do ta refuzojn\u00eb n\u00eb \u00e7do aspekt nj\u00eb vendim t\u00eb till\u00eb t\u00eb Qeveris\u00eb. Por, duke marr\u00eb parasysh rrethanat shoq\u00ebrore, momentin politik dhe mbi t\u00eb gjitha interesin nacional t\u00eb Malit t\u00eb Zi, vendimin p\u00ebr njohjen e pavar\u00ebsis\u00eb s\u00eb Kosov\u00ebs, Qeveria e Malit t\u00eb Zi e mori nj\u00ebzeri m\u00eb 9 tetor 2008. Po at\u00eb dit\u00eb, nj\u00eb vendim t\u00eb till\u00eb e mori edhe Qeveria e Maqedonis\u00eb, madje ne lidhje me ket\u00eb akt t\u00eb dy qeverit\u00eb kan\u00eb dalur me nj\u00eb kumtes\u00eb t\u00eb p\u00ebrbashk\u00ebt, q\u00eb \u00ebsht\u00eb rast i rrall\u00eb n\u00eb diplomacin\u00eb nd\u00ebrkomb\u00ebtare. Por, nuk ka dilem\u00eb se ka ekzistuar nj\u00eb koordinim ne mes t\u00eb dy qeverive, madje mund t\u00eb thuhet se ka ekzistur nj\u00eb skenar dhe regji e p\u00ebrbashk\u00ebt.<br \/>\nNuk ka dilem\u00eb se vendimi i Qeveris\u00eb s\u00eb Malit t\u00eb Zi ishte akt i guximsh\u00ebm, duke vler\u00ebsuar me realiz\u00ebm momentin politik, nd\u00ebrsa shtyrja e njohjes s\u00eb pavar\u00ebsis\u00eb s\u00eb Kosov\u00ebs do t\u00eb ishte nj\u00eb verb\u00ebri politike. Madje kryeministri M.Gjukanoviqi e ka b\u00ebr\u00eb t\u00eb qart\u00eb se &#8220;n\u00ebse Mali i Zi dhe Rajoni d\u00ebshirojn\u00eb t\u00eb jen\u00eb pjes\u00eb t\u00eb Evrop\u00ebs, at\u00ebher\u00eb, sipas tij duhet t\u00eb respektohen standardet e saj&#8221;. Madje ai \u00ebsht\u00eb decid kur thot\u00eb se &#8220;n\u00eb pyetje ka qen\u00eb nd\u00ebrtimi i besimit dhe partneritetit me BE dhe NATO apo n\u00eb an\u00ebn tjet\u00ebr mb\u00ebshtetja e iluzioneve t\u00eb Serbis\u00eb&#8221;. Ai ka shtuar se Podgorica d\u00ebshiron marr\u00ebdh\u00ebnie t\u00eb mira fqinj\u00ebsore me Shqip\u00ebrin\u00eb, Kosoven dhe Serbin\u00eb. Me njohjen e Kosov\u00ebs Mali i Zi p\u00ebr vete ka prodhuar favore dhe &#8220;nuk do t`i kthehet iluzioneve dhe miteve&#8221;, por drejt synimeve evropiane dhe euroatlanike dhe do t\u00eb avancoj\u00eb me at\u00eb shpejt\u00ebsi, me t\u00eb cil\u00ebn \u00ebsht\u00eb n\u00eb gjendje q\u00eb t\u00eb p\u00ebrqafoj\u00eb standardet evropiane&#8221;, \u00ebsht\u00eb shprehur kryeministri M.Gjukanoviqi n\u00eb nj\u00eb intervist\u00eb p\u00ebr B92. Nuk ka dilem\u00eb se nj\u00eb vendim i till\u00eb q\u00eb \u00ebsht\u00eb merit\u00eb para s\u00eb gjithash e kryeministrit M.Gjukanoviqi, paraqet nj\u00eb goditje tjet\u00ebr p\u00ebr politik\u00ebn neofashiste serbe e cila edhe pas largimit nga skena t\u00eb S.Millosheviqit, ndaj fqinj\u00ebve dhe sidomos ndaj shqiptar\u00ebve vazhdohet n\u00eb m\u00ebnyr\u00eb identike si m\u00eb par\u00eb.<\/p>\n<p><strong>Reagimi i Qeveris\u00eb serbe &#8211; &#8220;hakmarrje diplomatike&#8221;<\/strong><br \/>\nPor derisa n\u00eb Podgoric\u00eb u muar vendimi p\u00ebr njohjen e pavar\u00ebsis\u00eb s\u00eb Kosov\u00ebs, nuk vonoi reagimi nga Qeveria e Serbis\u00eb, sepse po at\u00eb dit\u00eb, ajo shpalli &#8220;persona non grata&#8221; ambasadoren e Malit t\u00eb Zi, n\u00eb Beograd, duke i len\u00eb afat prej 72 or\u00ebsh q\u00eb t\u00eb largohet nga Beogradi. Po ashtu n\u00eb m\u00ebnyr\u00eb analoge u veprua edhe ndaj ambasadorit t\u00eb Maqedonis\u00eb. Ishte ky nj\u00eb vendim i nxituar i Beogradit, duke shprehur k\u00ebshtu mllefin ndaj k\u00ebtyre dy vendeve, por \u00ebsht\u00eb indikative se n\u00eb t\u00eb nj\u00ebjt\u00ebn m\u00ebnyr\u00eb nuk \u00ebsht\u00eb vepruar ndaj 48 shtet\u00ebve t\u00eb tjera t\u00eb cilat e kan\u00eb njohur m\u00eb par\u00eb pavar\u00ebsin\u00eb e Kosov\u00ebs. Nga ana tjet\u00ebr, si Podgorica ashtu dhe Shkupi nuk kan\u00eb vepruar n\u00eb m\u00ebnyr\u00eb identike, duke treguar nj\u00eb qendrim diplomatik i cili \u00ebsht\u00eb vler\u00ebsuar n\u00eb qarqet nd\u00ebrkomb\u00ebtare.<br \/>\nNuk ka dilem\u00eb se nj\u00eb veprim i till\u00eb ndaj Podgoric\u00ebs dhe Shkupit ishte nj\u00eb hakmarrje dhe nj\u00eb nd\u00ebshkim q\u00eb zakonisht \u00ebsht\u00eb personal, ishte i nxituar me ngarkes\u00eb emocionale. Zat\u00ebn nuk ka si t\u00eb jet\u00eb ndryshme, kur kemi parasysh t\u00eb kaluar\u00ebn historike t\u00eb pakt\u00ebn nga fillimi i shekullit t\u00eb kaluar, sepse k\u00ebto dy vende Beogradi vazhdimisht i ka konsideruar si zona t\u00eb veta t\u00eb influenc\u00ebs. Por, Beogradi ka harruar, se politika \u00ebsht\u00eb arti i s\u00eb mundshmes, dhe se nuk ka interesa t\u00eb p\u00ebrhershme, por ato ndryshojn\u00eb var\u00ebsisht nga rrethanat aktuale politike, n\u00eb rajon dhe m\u00eb gjer\u00eb. Por, politika serbe duhet ta kuptoj\u00eb se Mali i Zi dhe Maqedonia tashm\u00eb jan\u00eb shtete t\u00eb pavarura dhe nuk jan\u00eb me protektorate t\u00eb Serbis\u00eb. N\u00eb k\u00ebt\u00eb m\u00ebnyr\u00eb duhet kuptuar edhe votimin pro Serbis\u00eb t\u00eb Malit t\u00eb Zi n\u00eb OKB p\u00ebr d\u00ebrgimin e rezolut\u00ebs serbe Gjykat\u00ebs Nd\u00ebrkomb\u00ebtare t\u00eb Drejt\u00ebsis\u00eb n\u00eb Hag\u00eb n\u00eb lidhje me ligjshm\u00ebrin\u00eb e shpalljes s\u00eb Pavar\u00ebsis\u00eb s\u00eb Kosov\u00ebs, nd\u00ebrsa nj\u00eb dit\u00eb m\u00eb pas Mali i Zi njohu zyrtarisht Pavar\u00ebsin\u00eb e Kosov\u00ebs.<br \/>\n<strong><br \/>\nSindromi i hegjemonizmit t\u00eb opozit\u00ebs proserbe<\/strong><br \/>\nNga shp\u00ebrb\u00ebrja e ish-Jugosllavis\u00eb dhe formimi i shtat\u00eb shteteve t\u00eb reja me njohje nd\u00ebrkomb\u00ebtare nuk ka dilem\u00eb se humb\u00ebs m\u00eb t\u00eb m\u00ebdh\u00ebnj jan\u00eb serb\u00ebt, t\u00eb cil\u00ebt edhe praktikisht kan\u00eb d\u00ebshtuar n\u00eb konceptin e tyre hegjemonist p\u00ebr shtetin e &#8220;Serbis\u00eb s\u00eb Madhe&#8221;. Madje, serb\u00ebt nuk jan\u00eb t\u00eb p\u00ebrgatitur as emocionalisht e as politikisht, p\u00ebr t\u00eb pranuar realitetin se pas shp\u00ebrb\u00ebrjes s\u00eb ish-Jugosllavis\u00eb, me ta nuk ka d\u00ebshiruar t\u00eb jetoj\u00eb askush, sepse \u00e7dokush d\u00ebshiron t\u00eb jet\u00eb i pavarur dhe sovran p\u00ebr t\u00eb vendosur p\u00ebr fatin e vet.<br \/>\nSerb\u00ebt harrojn\u00eb se nga luft\u00ebrat ballkanike 1912\/1913 sip\u00ebrfaqa e territorit t\u00eb tyre u dyfishua duke okupuar fillimisht Kosov\u00ebn e Maqedonin\u00eb t\u00eb cilat u quajt\u00ebn me termin gjeografik &#8220;Serbia e Jugut&#8221; dhe m\u00eb pas n\u00eb Kuvendin e Podgoric\u00ebs(1918), suprimuan pavar\u00ebsin\u00eb e Malit t\u00eb Zi, duke ia bashk\u00ebngjitur Serbis\u00eb, m\u00eb pas Mbret\u00ebris\u00eb SKS, me konceptin e ri rajonal si &#8220;Banovina e Zet\u00ebs&#8221;.<br \/>\nDuke qen\u00eb t\u00eb helmuar nga sindromi i hegjemonizmit dhe duke e llogaritur Malin e Zi si pjes\u00eb t\u00eb territorit t\u00eb tyre qoft\u00eb si provinc\u00eb apo rajon, serb\u00ebt, pavar\u00ebsin\u00eb e Malit t\u00eb Zi m\u00eb 21 maj 2006 e kan\u00eb marr\u00eb tragjikisht, sepse nuk kan\u00eb mundur ta paramendojn\u00eb se do t\u00eb ndahet &#8220;nj\u00ebri sy&#8221; i kok\u00ebs s\u00eb p\u00ebrbashk\u00ebt. Andaj, nuk ishte \u00e7udi se ata n\u00eb m\u00ebnyr\u00eb plebishitare votuan kund\u00ebr pavar\u00ebsis\u00eb s\u00eb Malit t\u00eb Zi, por p\u00ebsuan fiasko, sepse blloku pro pavar\u00ebsis\u00eb ishte m\u00eb dominues.<br \/>\nPor, edhe pse Mali i Zi u pavar\u00ebsu dhe u njoh nd\u00ebrkomb\u00ebtarisht, p\u00ebr serb\u00ebt ky \u00ebsht\u00eb nj\u00eb realitet i papranuesh\u00ebm. Madje serb\u00ebt qoft\u00eb n\u00eb Mal t\u00eb Zi apo n\u00eb Serbi ndaj pavar\u00ebsis\u00eb s\u00eb Malit t\u00eb Zi kan\u00eb qasje mohuese sepse sipas tyre ky vend \u00ebsht\u00eb &#8220;sparta serbe&#8221;.<br \/>\nOrganizimi i protest\u00ebs m\u00eb 13 tetor me rastin e njohjes s\u00eb pavar\u00ebsis\u00eb s\u00eb Kosov\u00ebs nga ana e qeveris\u00eb s\u00eb Malit t\u00eb Zi, b\u00ebri q\u00eb p\u00ebrs\u00ebri n\u00eb opinion t\u00eb shprehin mllefin e akumuluar m\u00eb her\u00ebt por edhe nj\u00ebherit duke paralajm\u00ebruar se si do t\u00eb veprojn\u00eb n\u00ebse ndonj\u00ebher\u00eb do t\u00eb vijn\u00eb n\u00eb pushtet. Deklaratat e pjes\u00ebmarr\u00ebsve nuk paraqesin ndonj\u00eb befasi, sepse opinionit t\u00eb gjer\u00eb i jan\u00eb t\u00eb njohur, por \u00ebsht\u00eb fatkeq\u00ebsi se si nuk kan\u00eb nxjerr\u00eb m\u00ebsime pas t\u00eb gjithave \u00e7ka ka ngjar\u00eb n\u00eb ish-Jugosllavi. Diskutimet dhe atmosfera e protest\u00ebs ishte d\u00ebshp\u00ebruese, sepse ishte identike me vitet 1991 e m\u00eb pas kur n\u00eb Mal t\u00eb Zi, n\u00eb \u00e7do moment rrezikohej jeta e qytetar\u00ebve n\u00eb p\u00ebrgjith\u00ebsi, e sidomos e popujve pakic\u00eb n\u00eb ve\u00e7anti. Nuk ka dilem\u00eb se nga nj\u00eb situat\u00eb e till\u00eb p\u00ebrs\u00ebri do t\u00eb kemi nj\u00eb homogjenizim t\u00eb qytetar\u00ebve t\u00eb ndar\u00eb n\u00eb dy blloqe n\u00eb ata pro Malit t\u00eb Zi me pushtetin aktual dhe n\u00eb ata proserb\u00eb t\u00eb cil\u00ebt jan\u00eb kund\u00ebr \u00e7do elementi shtet\u00ebror t\u00eb k\u00ebti vendi.<\/p>\n<p><strong>Pushteti aktual p\u00ebrfituesi m\u00eb i madh<\/strong><br \/>\nOrganizimi i protest\u00ebs m\u00eb 13 tetor, pjes\u00ebmarrja e p\u00ebrfaq\u00ebsuesve t\u00eb opozit\u00ebs, diskutimi i tyre dhe incidentet e krijuara n\u00eb fund t\u00eb protest\u00ebs, d\u00ebshmuan se opozita serbe dhe proserbe, ka mbetur ende me konceptet e mitologjis\u00eb mesjetare dhe aspiratave ekspansioniste me qasje hegjemoniste.<br \/>\nK\u00ebrkesat e paraqitura n\u00eb ket\u00eb protest\u00eb si: anulimi i vendimit p\u00ebr njohjen e pavar\u00ebsis\u00eb s\u00eb Kosov\u00ebs, mbajtja e referendumit p\u00ebr nj\u00eb \u00e7\u00ebshtje t\u00eb till\u00eb dhe zgjedhjet e parakohshme parlamentare, d\u00ebshmojn\u00eb n\u00eb m\u00ebnyr\u00eb transparente se kjo opozit\u00eb nuk ka m\u00ebsuar asgj\u00eb nga e kaluara dhe se nga situata e krijuar p\u00ebrfitues m\u00eb i madh \u00ebsht\u00eb pushteti aktual.<br \/>\nMadje, mund t\u00eb thuhet lirisht, se M.Gjukanoviqi nuk ka nevoj\u00eb p\u00ebr ndonj\u00eb fushat\u00eb parazgjedhore, sepse ket\u00eb pun\u00eb \u00ebsht\u00eb duke ia kryer n\u00eb m\u00ebnyr\u00eb perfekte opozita serbe, duke ia p\u00ebrforcuar pushtetin n\u00eb nj\u00eb koh\u00eb t\u00eb pacaktuar. Pamjet nga protesta dhe fjalori i p\u00ebrdorur nga lider\u00ebt politik\u00eb, e n\u00eb ve\u00e7anti nga p\u00ebrfaq\u00ebsuesi i KOS-it i cili kishte deklarata klero-neofashiste, pushtetit aktual i japin legjitimitet t\u00eb plot\u00eb edhe para faktorit nd\u00ebrkomb\u00ebtar.<br \/>\n<strong><br \/>\nShqiptar\u00ebt n\u00eb Mal t\u00eb Zi t\u00eb pakonsoliduar<\/strong><br \/>\nNjohja e pavar\u00ebsis\u00eb s\u00eb Kosov\u00ebs nga Qeveria e Malit t\u00eb Zi nuk ka dilem\u00eb s\u00eb do t\u00eb ndikoj\u00eb qoft\u00eb edhe n\u00eb m\u00ebnyr\u00eb indirekte n\u00eb avansimin e pozit\u00ebs dhe t\u00eb statusit t\u00eb shqiptar\u00ebve n\u00eb ket\u00eb mjedis. N\u00eb ket\u00eb aspekt shqiptar\u00ebt n\u00eb Mal t\u00eb Zi kan\u00eb nj\u00eb p\u00ebrpar\u00ebsi sepse si Mali i Zi ashtu edhe Kosova, m\u00eb par\u00eb ishin n\u00eb shtetin e p\u00ebrbashk\u00ebt i cili filloi t\u00eb dekompozohej n\u00eb vitin 1991, nd\u00ebrsa p\u00ebrfundimisht u shp\u00ebrb\u00eb n\u00eb vitin 1992.Andaj, relacionet e nd\u00ebrsjella t\u00eb m\u00ebhershme besoj se do t\u00eb jen\u00eb nj\u00eb element pozitiv n\u00eb marr\u00ebdh\u00ebniet dypal\u00ebshe qeveritare.<br \/>\nPor, situata e re e cila do t\u00eb pasoj\u00eb me vendosjen e marr\u00ebdh\u00ebnieve diplomatike midis t\u00eb dy vendeve p\u00ebr t\u00eb qen\u00eb n\u00eb favor t\u00eb shqiptar\u00ebve n\u00eb Mal t\u00eb Zi, duhet patjet\u00ebr t\u00eb jet\u00eb n\u00eb favor t\u00eb konsolidimit t\u00eb shqiptar\u00ebve n\u00eb Mal t\u00eb Zi. Nj\u00eb konstatim i till\u00eb nuk \u00ebsht\u00eb di\u00e7ka e panjohur, sepse nga organizimi i referendumit p\u00ebr pavar\u00ebsi t\u00eb Malit t\u00eb Zi(21 maj 2006), si dhe zgjedhjet parlamentare(10 shtator 2006), marr\u00ebdh\u00ebniet n\u00eb mes subjekt\u00ebve politike t\u00eb shqiptar\u00ebve jan\u00eb n\u00ebn \u00e7do nivel. Andaj mendoj se fillimisht nevojitet nj\u00eb konsolidim i subjekteve politike e k\u00ebtu e kemi fjal\u00ebn kryesisht p\u00ebr ato parlamentare t\u00eb cilat duhet t\u00eb gjejn\u00eb minimumin e vullnetit p\u00ebr bashk\u00ebpunim kur \u00ebsht\u00eb fjala p\u00ebr \u00e7\u00ebshtjet komb\u00ebtare. Sepse k\u00ebto dy vitet e fundit ka ngjar\u00eb jo rrall\u00eb q\u00eb p\u00ebr \u00e7\u00ebshtje identike t\u00eb ekzistojn\u00eb qasje t\u00eb kund\u00ebrta, q\u00eb nuk jan\u00eb n\u00eb favor t\u00eb shqiptar\u00ebve n\u00eb ket\u00eb mjedis. Edhe pse ka ekzistuar nj\u00eb iniciativ\u00eb nga L\u00ebvizja &#8220;Atdheu na bashkon&#8221;(Nju Jork) e cila organizoi nj\u00eb takim n\u00eb Ulqin, m\u00eb 4 prill 2008, ky takim nuk ishte i kompletuar sepse mungoi pjes\u00ebmarrja e udh\u00ebheq\u00ebsis\u00eb s\u00eb UDSH-s\u00eb. Nga situata momentale e mosbashk\u00ebpunimit e cila \u00ebsht\u00eb n\u00ebn \u00e7do nivel, mbetet t\u00eb shpresojm\u00eb se nj\u00eb takim, qoft\u00eb i nivelit konsultativ ne mes t\u00eb gjitha subjekt\u00ebve politike t\u00eb shqiptar\u00ebve n\u00eb Mal t\u00eb Zi dhe t\u00eb mbahet n\u00eb t\u00eb ardhmen e af\u00ebrt, duke pasur p\u00ebr moto fillimisht mund\u00ebsin\u00eb e bashk\u00ebpunimit p\u00ebr avancimin e pozit\u00ebs dhe statusit t\u00eb shqiptar\u00ebve n\u00eb k\u00ebt\u00eb mjedis.<br \/>\n<strong>Dr. Nail Draga<br \/>\nKoha Javore<\/strong><\/p>\n","protected":false},"excerpt":{"rendered":"<p>Njohja e pavar\u00ebsis\u00eb s\u00eb Kosov\u00ebs nga Qeveria e Malit t\u00eb Zi, ishte shkas q\u00eb n\u00eb tubim protestues opozita proserbe t\u00eb shpalos\u00eb p\u00ebrseri proflilin politik q\u00eb ve\u00e7ohej me paragjykime, mitologji dhe me qasje neofashiste, nga del se pushteti aktual nuk ka nevoj\u00eb t\u00eb shqet\u00ebsohet, sepse nga veprimet e tyre iracionale dhe destruktive p\u00ebrfocojn\u00eb pushtetin e M.Gjukanoviqit [&hellip;]<\/p>\n","protected":false},"author":1,"featured_media":0,"comment_status":"open","ping_status":"closed","sticky":false,"template":"","format":"standard","meta":{"spay_email":"","jetpack_publicize_message":"","jetpack_is_tweetstorm":false,"jetpack_publicize_feature_enabled":true},"categories":[14,12],"tags":[2761,95],"jetpack_publicize_connections":[],"yoast_head":"<!-- This site is optimized with the Yoast SEO plugin v19.1 - https:\/\/yoast.com\/wordpress\/plugins\/seo\/ -->\n<title>Veprimet destruktive t\u00eb opozit\u00ebs - Lajme nga Ulqini<\/title>\n<meta name=\"description\" content=\"Njohja e pavar\u00ebsis\u00eb s\u00eb Kosov\u00ebs nga Qeveria e Malit t\u00eb Zi, ishte shkas q\u00eb n\u00eb tubim protestues opozita proserbe t\u00eb shpalos\u00eb p\u00ebrseri proflilin politik q\u00eb\" \/>\n<meta name=\"robots\" content=\"index, follow, max-snippet:-1, max-image-preview:large, max-video-preview:-1\" \/>\n<link rel=\"canonical\" href=\"https:\/\/www.visit-ulcinj.com\/blog\/2008\/10\/30\/veprimet-destruktive-te-opozites\/\" \/>\n<meta property=\"og:locale\" content=\"en_US\" \/>\n<meta property=\"og:type\" content=\"article\" \/>\n<meta property=\"og:title\" content=\"Veprimet destruktive t\u00eb opozit\u00ebs - Lajme nga Ulqini\" \/>\n<meta property=\"og:description\" content=\"Njohja e pavar\u00ebsis\u00eb s\u00eb Kosov\u00ebs nga Qeveria e Malit t\u00eb Zi, ishte shkas q\u00eb n\u00eb tubim protestues opozita proserbe t\u00eb shpalos\u00eb p\u00ebrseri proflilin politik q\u00eb\" \/>\n<meta property=\"og:url\" content=\"https:\/\/www.visit-ulcinj.com\/blog\/2008\/10\/30\/veprimet-destruktive-te-opozites\/\" \/>\n<meta property=\"og:site_name\" content=\"Lajme nga Ulqini\" \/>\n<meta property=\"article:published_time\" content=\"2008-10-30T22:27:50+00:00\" \/>\n<meta property=\"og:image\" content=\"http:\/\/www.visit-ulcinj.com\/blog\/wp-content\/uploads\/2008\/02\/nail_draga.jpg\" \/>\n<meta name=\"twitter:label1\" content=\"Written by\" \/>\n\t<meta name=\"twitter:data1\" content=\"ulqini\" \/>\n\t<meta name=\"twitter:label2\" content=\"Est. reading time\" \/>\n\t<meta name=\"twitter:data2\" content=\"10 minutes\" \/>\n<script type=\"application\/ld+json\" class=\"yoast-schema-graph\">{\"@context\":\"https:\/\/schema.org\",\"@graph\":[{\"@type\":\"WebSite\",\"@id\":\"https:\/\/www.visit-ulcinj.com\/blog\/#website\",\"url\":\"https:\/\/www.visit-ulcinj.com\/blog\/\",\"name\":\"Lajme nga Ulqini\",\"description\":\"Lajme,Vijesti,Ulqini,Ulqin,Crna Gora,Mali i Zi\",\"potentialAction\":[{\"@type\":\"SearchAction\",\"target\":{\"@type\":\"EntryPoint\",\"urlTemplate\":\"https:\/\/www.visit-ulcinj.com\/blog\/?s={search_term_string}\"},\"query-input\":\"required name=search_term_string\"}],\"inLanguage\":\"en-US\"},{\"@type\":\"ImageObject\",\"inLanguage\":\"en-US\",\"@id\":\"https:\/\/www.visit-ulcinj.com\/blog\/2008\/10\/30\/veprimet-destruktive-te-opozites\/#primaryimage\",\"url\":\"http:\/\/www.visit-ulcinj.com\/blog\/wp-content\/uploads\/2008\/02\/nail_draga.jpg\",\"contentUrl\":\"http:\/\/www.visit-ulcinj.com\/blog\/wp-content\/uploads\/2008\/02\/nail_draga.jpg\"},{\"@type\":\"WebPage\",\"@id\":\"https:\/\/www.visit-ulcinj.com\/blog\/2008\/10\/30\/veprimet-destruktive-te-opozites\/#webpage\",\"url\":\"https:\/\/www.visit-ulcinj.com\/blog\/2008\/10\/30\/veprimet-destruktive-te-opozites\/\",\"name\":\"Veprimet destruktive t\u00eb opozit\u00ebs - Lajme nga Ulqini\",\"isPartOf\":{\"@id\":\"https:\/\/www.visit-ulcinj.com\/blog\/#website\"},\"primaryImageOfPage\":{\"@id\":\"https:\/\/www.visit-ulcinj.com\/blog\/2008\/10\/30\/veprimet-destruktive-te-opozites\/#primaryimage\"},\"datePublished\":\"2008-10-30T22:27:50+00:00\",\"dateModified\":\"2008-10-30T22:27:50+00:00\",\"author\":{\"@id\":\"https:\/\/www.visit-ulcinj.com\/blog\/#\/schema\/person\/dcab619c614d3038751c63bc2aadc06d\"},\"description\":\"Njohja e pavar\u00ebsis\u00eb s\u00eb Kosov\u00ebs nga Qeveria e Malit t\u00eb Zi, ishte shkas q\u00eb n\u00eb tubim protestues opozita proserbe t\u00eb shpalos\u00eb p\u00ebrseri proflilin politik q\u00eb\",\"breadcrumb\":{\"@id\":\"https:\/\/www.visit-ulcinj.com\/blog\/2008\/10\/30\/veprimet-destruktive-te-opozites\/#breadcrumb\"},\"inLanguage\":\"en-US\",\"potentialAction\":[{\"@type\":\"ReadAction\",\"target\":[\"https:\/\/www.visit-ulcinj.com\/blog\/2008\/10\/30\/veprimet-destruktive-te-opozites\/\"]}]},{\"@type\":\"BreadcrumbList\",\"@id\":\"https:\/\/www.visit-ulcinj.com\/blog\/2008\/10\/30\/veprimet-destruktive-te-opozites\/#breadcrumb\",\"itemListElement\":[{\"@type\":\"ListItem\",\"position\":1,\"name\":\"Veprimet destruktive t\u00eb opozit\u00ebs\"}]},{\"@type\":\"Person\",\"@id\":\"https:\/\/www.visit-ulcinj.com\/blog\/#\/schema\/person\/dcab619c614d3038751c63bc2aadc06d\",\"name\":\"ulqini\",\"sameAs\":[\"http:\/\/www.visit-ulcinj.com\"],\"url\":\"https:\/\/www.visit-ulcinj.com\/blog\/author\/admin\/\"}]}<\/script>\n<!-- \/ Yoast SEO plugin. -->","yoast_head_json":{"title":"Veprimet destruktive t\u00eb opozit\u00ebs - Lajme nga Ulqini","description":"Njohja e pavar\u00ebsis\u00eb s\u00eb Kosov\u00ebs nga Qeveria e Malit t\u00eb Zi, ishte shkas q\u00eb n\u00eb tubim protestues opozita proserbe t\u00eb shpalos\u00eb p\u00ebrseri proflilin politik q\u00eb","robots":{"index":"index","follow":"follow","max-snippet":"max-snippet:-1","max-image-preview":"max-image-preview:large","max-video-preview":"max-video-preview:-1"},"canonical":"https:\/\/www.visit-ulcinj.com\/blog\/2008\/10\/30\/veprimet-destruktive-te-opozites\/","og_locale":"en_US","og_type":"article","og_title":"Veprimet destruktive t\u00eb opozit\u00ebs - Lajme nga Ulqini","og_description":"Njohja e pavar\u00ebsis\u00eb s\u00eb Kosov\u00ebs nga Qeveria e Malit t\u00eb Zi, ishte shkas q\u00eb n\u00eb tubim protestues opozita proserbe t\u00eb shpalos\u00eb p\u00ebrseri proflilin politik q\u00eb","og_url":"https:\/\/www.visit-ulcinj.com\/blog\/2008\/10\/30\/veprimet-destruktive-te-opozites\/","og_site_name":"Lajme nga Ulqini","article_published_time":"2008-10-30T22:27:50+00:00","og_image":[{"url":"http:\/\/www.visit-ulcinj.com\/blog\/wp-content\/uploads\/2008\/02\/nail_draga.jpg"}],"twitter_misc":{"Written by":"ulqini","Est. reading time":"10 minutes"},"schema":{"@context":"https:\/\/schema.org","@graph":[{"@type":"WebSite","@id":"https:\/\/www.visit-ulcinj.com\/blog\/#website","url":"https:\/\/www.visit-ulcinj.com\/blog\/","name":"Lajme nga Ulqini","description":"Lajme,Vijesti,Ulqini,Ulqin,Crna Gora,Mali i Zi","potentialAction":[{"@type":"SearchAction","target":{"@type":"EntryPoint","urlTemplate":"https:\/\/www.visit-ulcinj.com\/blog\/?s={search_term_string}"},"query-input":"required name=search_term_string"}],"inLanguage":"en-US"},{"@type":"ImageObject","inLanguage":"en-US","@id":"https:\/\/www.visit-ulcinj.com\/blog\/2008\/10\/30\/veprimet-destruktive-te-opozites\/#primaryimage","url":"http:\/\/www.visit-ulcinj.com\/blog\/wp-content\/uploads\/2008\/02\/nail_draga.jpg","contentUrl":"http:\/\/www.visit-ulcinj.com\/blog\/wp-content\/uploads\/2008\/02\/nail_draga.jpg"},{"@type":"WebPage","@id":"https:\/\/www.visit-ulcinj.com\/blog\/2008\/10\/30\/veprimet-destruktive-te-opozites\/#webpage","url":"https:\/\/www.visit-ulcinj.com\/blog\/2008\/10\/30\/veprimet-destruktive-te-opozites\/","name":"Veprimet destruktive t\u00eb opozit\u00ebs - Lajme nga Ulqini","isPartOf":{"@id":"https:\/\/www.visit-ulcinj.com\/blog\/#website"},"primaryImageOfPage":{"@id":"https:\/\/www.visit-ulcinj.com\/blog\/2008\/10\/30\/veprimet-destruktive-te-opozites\/#primaryimage"},"datePublished":"2008-10-30T22:27:50+00:00","dateModified":"2008-10-30T22:27:50+00:00","author":{"@id":"https:\/\/www.visit-ulcinj.com\/blog\/#\/schema\/person\/dcab619c614d3038751c63bc2aadc06d"},"description":"Njohja e pavar\u00ebsis\u00eb s\u00eb Kosov\u00ebs nga Qeveria e Malit t\u00eb Zi, ishte shkas q\u00eb n\u00eb tubim protestues opozita proserbe t\u00eb shpalos\u00eb p\u00ebrseri proflilin politik q\u00eb","breadcrumb":{"@id":"https:\/\/www.visit-ulcinj.com\/blog\/2008\/10\/30\/veprimet-destruktive-te-opozites\/#breadcrumb"},"inLanguage":"en-US","potentialAction":[{"@type":"ReadAction","target":["https:\/\/www.visit-ulcinj.com\/blog\/2008\/10\/30\/veprimet-destruktive-te-opozites\/"]}]},{"@type":"BreadcrumbList","@id":"https:\/\/www.visit-ulcinj.com\/blog\/2008\/10\/30\/veprimet-destruktive-te-opozites\/#breadcrumb","itemListElement":[{"@type":"ListItem","position":1,"name":"Veprimet destruktive t\u00eb opozit\u00ebs"}]},{"@type":"Person","@id":"https:\/\/www.visit-ulcinj.com\/blog\/#\/schema\/person\/dcab619c614d3038751c63bc2aadc06d","name":"ulqini","sameAs":["http:\/\/www.visit-ulcinj.com"],"url":"https:\/\/www.visit-ulcinj.com\/blog\/author\/admin\/"}]}},"jetpack_featured_media_url":"","jetpack_sharing_enabled":true,"jetpack_shortlink":"https:\/\/wp.me\/pe6lTn-1lC","_links":{"self":[{"href":"https:\/\/www.visit-ulcinj.com\/blog\/wp-json\/wp\/v2\/posts\/5184"}],"collection":[{"href":"https:\/\/www.visit-ulcinj.com\/blog\/wp-json\/wp\/v2\/posts"}],"about":[{"href":"https:\/\/www.visit-ulcinj.com\/blog\/wp-json\/wp\/v2\/types\/post"}],"author":[{"embeddable":true,"href":"https:\/\/www.visit-ulcinj.com\/blog\/wp-json\/wp\/v2\/users\/1"}],"replies":[{"embeddable":true,"href":"https:\/\/www.visit-ulcinj.com\/blog\/wp-json\/wp\/v2\/comments?post=5184"}],"version-history":[{"count":0,"href":"https:\/\/www.visit-ulcinj.com\/blog\/wp-json\/wp\/v2\/posts\/5184\/revisions"}],"wp:attachment":[{"href":"https:\/\/www.visit-ulcinj.com\/blog\/wp-json\/wp\/v2\/media?parent=5184"}],"wp:term":[{"taxonomy":"category","embeddable":true,"href":"https:\/\/www.visit-ulcinj.com\/blog\/wp-json\/wp\/v2\/categories?post=5184"},{"taxonomy":"post_tag","embeddable":true,"href":"https:\/\/www.visit-ulcinj.com\/blog\/wp-json\/wp\/v2\/tags?post=5184"}],"curies":[{"name":"wp","href":"https:\/\/api.w.org\/{rel}","templated":true}]}}