{"id":51841,"date":"2011-10-06T18:19:59","date_gmt":"2011-10-06T17:19:59","guid":{"rendered":"http:\/\/www.visit-ulcinj.com\/blog\/?p=51841"},"modified":"2011-10-06T18:28:57","modified_gmt":"2011-10-06T17:28:57","slug":"shkreli-marreveshje-e-jo-shantazh","status":"publish","type":"post","link":"https:\/\/www.visit-ulcinj.com\/blog\/2011\/10\/06\/shkreli-marreveshje-e-jo-shantazh\/","title":{"rendered":"Shkreli: Marr\u00ebveshje e jo shantazh"},"content":{"rendered":"<p><a href=\"http:\/\/www.visit-ulcinj.com\/blog\/wp-content\/uploads\/2011\/10\/Luigj-Lui-Shkrela.jpg\"><img loading=\"lazy\" class=\"alignleft size-full wp-image-51842\" title=\"Luigj Lui Shkrela\" src=\"http:\/\/www.visit-ulcinj.com\/blog\/wp-content\/uploads\/2011\/10\/Luigj-Lui-Shkrela.jpg\" alt=\"\" width=\"330\" height=\"405\" \/><\/a>Deputeti i PDS Luigj Shkreli konsideron se p\u00ebrgjegj\u00ebsia maksimale e parlamentit n\u00ebnkupton aprovimin si dhe mosmiratimin e propozimit opozitar p\u00ebr ndryshimet kushtetutese.<\/p>\n<p>Shkreli n\u00eb deklerat\u00ebn p\u00ebr Radion Antena M ka theksuar se orientimi i parlamentit , p\u00ebr dhe kontra propozimit t\u00eb opozit\u00ebs p\u00ebr ndryshimin e Kushtetut\u00ebs \u00ebsht\u00eb form\u00eb e p\u00ebrgjegj\u00ebsi sepse konsideron se shantazhet nuk duhet t\u00eb jen\u00eb ide udh\u00ebheq\u00ebse n\u00eb pun\u00ebn e parlamentit. Konsideroj se nuk \u00ebsht\u00eb afirmative t\u00eb licitohet me t\u00eb arriturat e Malit t\u00eb Zi n\u00eb vitin 2006 n\u00eb referendum. K\u00ebto jan\u00eb \u00e7\u00ebshtje identiteti dhe natyrisht edhe ato mund t\u00eb ndryshohen por jo me shantazhe por p\u00ebrmes bisediemeve . P\u00ebrndryshe Kuvendi i Malit t\u00eb Zi do t\u00eb debatoj\u00eb me 11 t\u00eb k\u00ebtij muaji p\u00ebr propozimin opozitar\u00eb p\u00ebr ndryshimet kushtetutese. Presidenti Filip Vujanoviq ka deklaruar se pret q\u00eb deputet\u00ebt me p\u00ebrgjegj\u00ebsi maksimale do ta shqyrtojn\u00eb propozimin e opozit\u00ebs.<\/p>\n<p>T\u00eb p\u00ebrkujtojm\u00eb se disa deputet\u00eb t\u00eb koalicionit n\u00eb pushtet\u00eb kan\u00eb paralajm\u00ebruar m\u00eb par\u00eb se nuk do ti p\u00ebrkrahin ndryshimet kushtetutese t\u00eb propozuara nga opozita . Opozita n\u00eb t\u00eb vrtetet k\u00ebrkon q\u00eb n\u00eb m\u00ebnyr\u00eb adekuate t\u00eb zgjidhen \u00e7\u00ebshtjet e identitetit \u2013 gjuha, flamuri dhe himni.<\/p>\n<p><strong>TVCG<\/strong><br \/>\n<strong>VIDEO TV VIJESTI &#8211; PRIZMA<\/strong><br \/>\n[flv]http:\/\/a21.video2.blip.tv\/12280009514466\/Rtvvijesti-prizma280911407.flv[\/flv]<\/p>\n","protected":false},"excerpt":{"rendered":"<p>Deputeti i PDS Luigj Shkreli konsideron se p\u00ebrgjegj\u00ebsia maksimale e parlamentit n\u00ebnkupton aprovimin si dhe mosmiratimin e propozimit opozitar p\u00ebr ndryshimet kushtetutese. Shkreli n\u00eb deklerat\u00ebn p\u00ebr Radion Antena M ka theksuar se orientimi i parlamentit , p\u00ebr dhe kontra propozimit t\u00eb opozit\u00ebs p\u00ebr ndryshimin e Kushtetut\u00ebs \u00ebsht\u00eb form\u00eb e p\u00ebrgjegj\u00ebsi sepse konsideron se shantazhet nuk [&hellip;]<\/p>\n","protected":false},"author":1,"featured_media":0,"comment_status":"open","ping_status":"closed","sticky":false,"template":"","format":"standard","meta":{"spay_email":"","jetpack_publicize_message":"","jetpack_is_tweetstorm":false,"jetpack_publicize_feature_enabled":true},"categories":[6],"tags":[19185],"jetpack_publicize_connections":[],"yoast_head":"<!-- This site is optimized with the Yoast SEO plugin v19.1 - https:\/\/yoast.com\/wordpress\/plugins\/seo\/ -->\n<title>Shkreli: Marr\u00ebveshje e jo shantazh - Lajme nga Ulqini<\/title>\n<meta name=\"description\" content=\"Deputeti i PDS Luigj Shkreli konsideron se p\u00ebrgjegj\u00ebsia maksimale e parlamentit n\u00ebnkupton aprovimin si dhe mosmiratimin e propozimit opozitar p\u00ebr\" \/>\n<meta name=\"robots\" content=\"index, follow, max-snippet:-1, max-image-preview:large, max-video-preview:-1\" \/>\n<link rel=\"canonical\" href=\"https:\/\/www.visit-ulcinj.com\/blog\/2011\/10\/06\/shkreli-marreveshje-e-jo-shantazh\/\" \/>\n<meta property=\"og:locale\" content=\"en_US\" \/>\n<meta property=\"og:type\" content=\"article\" \/>\n<meta property=\"og:title\" content=\"Shkreli: Marr\u00ebveshje e jo shantazh - Lajme nga Ulqini\" \/>\n<meta property=\"og:description\" content=\"Deputeti i PDS Luigj Shkreli konsideron se p\u00ebrgjegj\u00ebsia maksimale e parlamentit n\u00ebnkupton aprovimin si dhe mosmiratimin e propozimit opozitar p\u00ebr\" \/>\n<meta property=\"og:url\" content=\"https:\/\/www.visit-ulcinj.com\/blog\/2011\/10\/06\/shkreli-marreveshje-e-jo-shantazh\/\" \/>\n<meta property=\"og:site_name\" content=\"Lajme nga Ulqini\" \/>\n<meta property=\"article:published_time\" content=\"2011-10-06T17:19:59+00:00\" \/>\n<meta property=\"article:modified_time\" content=\"2011-10-06T17:28:57+00:00\" \/>\n<meta property=\"og:image\" content=\"http:\/\/www.visit-ulcinj.com\/blog\/wp-content\/uploads\/2011\/10\/Luigj-Lui-Shkrela.jpg\" \/>\n<meta name=\"twitter:label1\" content=\"Written by\" \/>\n\t<meta name=\"twitter:data1\" content=\"ulqini\" \/>\n\t<meta name=\"twitter:label2\" content=\"Est. reading time\" \/>\n\t<meta name=\"twitter:data2\" content=\"1 minute\" \/>\n<script type=\"application\/ld+json\" class=\"yoast-schema-graph\">{\"@context\":\"https:\/\/schema.org\",\"@graph\":[{\"@type\":\"WebSite\",\"@id\":\"https:\/\/www.visit-ulcinj.com\/blog\/#website\",\"url\":\"https:\/\/www.visit-ulcinj.com\/blog\/\",\"name\":\"Lajme nga Ulqini\",\"description\":\"Lajme,Vijesti,Ulqini,Ulqin,Crna Gora,Mali i Zi\",\"potentialAction\":[{\"@type\":\"SearchAction\",\"target\":{\"@type\":\"EntryPoint\",\"urlTemplate\":\"https:\/\/www.visit-ulcinj.com\/blog\/?s={search_term_string}\"},\"query-input\":\"required name=search_term_string\"}],\"inLanguage\":\"en-US\"},{\"@type\":\"ImageObject\",\"inLanguage\":\"en-US\",\"@id\":\"https:\/\/www.visit-ulcinj.com\/blog\/2011\/10\/06\/shkreli-marreveshje-e-jo-shantazh\/#primaryimage\",\"url\":\"https:\/\/www.visit-ulcinj.com\/blog\/wp-content\/uploads\/2011\/10\/Luigj-Lui-Shkrela.jpg\",\"contentUrl\":\"https:\/\/www.visit-ulcinj.com\/blog\/wp-content\/uploads\/2011\/10\/Luigj-Lui-Shkrela.jpg\",\"width\":\"366\",\"height\":\"405\"},{\"@type\":\"WebPage\",\"@id\":\"https:\/\/www.visit-ulcinj.com\/blog\/2011\/10\/06\/shkreli-marreveshje-e-jo-shantazh\/#webpage\",\"url\":\"https:\/\/www.visit-ulcinj.com\/blog\/2011\/10\/06\/shkreli-marreveshje-e-jo-shantazh\/\",\"name\":\"Shkreli: Marr\u00ebveshje e jo shantazh - Lajme nga Ulqini\",\"isPartOf\":{\"@id\":\"https:\/\/www.visit-ulcinj.com\/blog\/#website\"},\"primaryImageOfPage\":{\"@id\":\"https:\/\/www.visit-ulcinj.com\/blog\/2011\/10\/06\/shkreli-marreveshje-e-jo-shantazh\/#primaryimage\"},\"datePublished\":\"2011-10-06T17:19:59+00:00\",\"dateModified\":\"2011-10-06T17:28:57+00:00\",\"author\":{\"@id\":\"https:\/\/www.visit-ulcinj.com\/blog\/#\/schema\/person\/dcab619c614d3038751c63bc2aadc06d\"},\"description\":\"Deputeti i PDS Luigj Shkreli konsideron se p\u00ebrgjegj\u00ebsia maksimale e parlamentit n\u00ebnkupton aprovimin si dhe mosmiratimin e propozimit opozitar p\u00ebr\",\"breadcrumb\":{\"@id\":\"https:\/\/www.visit-ulcinj.com\/blog\/2011\/10\/06\/shkreli-marreveshje-e-jo-shantazh\/#breadcrumb\"},\"inLanguage\":\"en-US\",\"potentialAction\":[{\"@type\":\"ReadAction\",\"target\":[\"https:\/\/www.visit-ulcinj.com\/blog\/2011\/10\/06\/shkreli-marreveshje-e-jo-shantazh\/\"]}]},{\"@type\":\"BreadcrumbList\",\"@id\":\"https:\/\/www.visit-ulcinj.com\/blog\/2011\/10\/06\/shkreli-marreveshje-e-jo-shantazh\/#breadcrumb\",\"itemListElement\":[{\"@type\":\"ListItem\",\"position\":1,\"name\":\"Shkreli: Marr\u00ebveshje e jo shantazh\"}]},{\"@type\":\"Person\",\"@id\":\"https:\/\/www.visit-ulcinj.com\/blog\/#\/schema\/person\/dcab619c614d3038751c63bc2aadc06d\",\"name\":\"ulqini\",\"sameAs\":[\"http:\/\/www.visit-ulcinj.com\"],\"url\":\"https:\/\/www.visit-ulcinj.com\/blog\/author\/admin\/\"}]}<\/script>\n<!-- \/ Yoast SEO plugin. -->","yoast_head_json":{"title":"Shkreli: Marr\u00ebveshje e jo shantazh - Lajme nga Ulqini","description":"Deputeti i PDS Luigj Shkreli konsideron se p\u00ebrgjegj\u00ebsia maksimale e parlamentit n\u00ebnkupton aprovimin si dhe mosmiratimin e propozimit opozitar p\u00ebr","robots":{"index":"index","follow":"follow","max-snippet":"max-snippet:-1","max-image-preview":"max-image-preview:large","max-video-preview":"max-video-preview:-1"},"canonical":"https:\/\/www.visit-ulcinj.com\/blog\/2011\/10\/06\/shkreli-marreveshje-e-jo-shantazh\/","og_locale":"en_US","og_type":"article","og_title":"Shkreli: Marr\u00ebveshje e jo shantazh - Lajme nga Ulqini","og_description":"Deputeti i PDS Luigj Shkreli konsideron se p\u00ebrgjegj\u00ebsia maksimale e parlamentit n\u00ebnkupton aprovimin si dhe mosmiratimin e propozimit opozitar p\u00ebr","og_url":"https:\/\/www.visit-ulcinj.com\/blog\/2011\/10\/06\/shkreli-marreveshje-e-jo-shantazh\/","og_site_name":"Lajme nga Ulqini","article_published_time":"2011-10-06T17:19:59+00:00","article_modified_time":"2011-10-06T17:28:57+00:00","og_image":[{"url":"http:\/\/www.visit-ulcinj.com\/blog\/wp-content\/uploads\/2011\/10\/Luigj-Lui-Shkrela.jpg"}],"twitter_misc":{"Written by":"ulqini","Est. reading time":"1 minute"},"schema":{"@context":"https:\/\/schema.org","@graph":[{"@type":"WebSite","@id":"https:\/\/www.visit-ulcinj.com\/blog\/#website","url":"https:\/\/www.visit-ulcinj.com\/blog\/","name":"Lajme nga Ulqini","description":"Lajme,Vijesti,Ulqini,Ulqin,Crna Gora,Mali i Zi","potentialAction":[{"@type":"SearchAction","target":{"@type":"EntryPoint","urlTemplate":"https:\/\/www.visit-ulcinj.com\/blog\/?s={search_term_string}"},"query-input":"required name=search_term_string"}],"inLanguage":"en-US"},{"@type":"ImageObject","inLanguage":"en-US","@id":"https:\/\/www.visit-ulcinj.com\/blog\/2011\/10\/06\/shkreli-marreveshje-e-jo-shantazh\/#primaryimage","url":"https:\/\/www.visit-ulcinj.com\/blog\/wp-content\/uploads\/2011\/10\/Luigj-Lui-Shkrela.jpg","contentUrl":"https:\/\/www.visit-ulcinj.com\/blog\/wp-content\/uploads\/2011\/10\/Luigj-Lui-Shkrela.jpg","width":"366","height":"405"},{"@type":"WebPage","@id":"https:\/\/www.visit-ulcinj.com\/blog\/2011\/10\/06\/shkreli-marreveshje-e-jo-shantazh\/#webpage","url":"https:\/\/www.visit-ulcinj.com\/blog\/2011\/10\/06\/shkreli-marreveshje-e-jo-shantazh\/","name":"Shkreli: Marr\u00ebveshje e jo shantazh - Lajme nga Ulqini","isPartOf":{"@id":"https:\/\/www.visit-ulcinj.com\/blog\/#website"},"primaryImageOfPage":{"@id":"https:\/\/www.visit-ulcinj.com\/blog\/2011\/10\/06\/shkreli-marreveshje-e-jo-shantazh\/#primaryimage"},"datePublished":"2011-10-06T17:19:59+00:00","dateModified":"2011-10-06T17:28:57+00:00","author":{"@id":"https:\/\/www.visit-ulcinj.com\/blog\/#\/schema\/person\/dcab619c614d3038751c63bc2aadc06d"},"description":"Deputeti i PDS Luigj Shkreli konsideron se p\u00ebrgjegj\u00ebsia maksimale e parlamentit n\u00ebnkupton aprovimin si dhe mosmiratimin e propozimit opozitar p\u00ebr","breadcrumb":{"@id":"https:\/\/www.visit-ulcinj.com\/blog\/2011\/10\/06\/shkreli-marreveshje-e-jo-shantazh\/#breadcrumb"},"inLanguage":"en-US","potentialAction":[{"@type":"ReadAction","target":["https:\/\/www.visit-ulcinj.com\/blog\/2011\/10\/06\/shkreli-marreveshje-e-jo-shantazh\/"]}]},{"@type":"BreadcrumbList","@id":"https:\/\/www.visit-ulcinj.com\/blog\/2011\/10\/06\/shkreli-marreveshje-e-jo-shantazh\/#breadcrumb","itemListElement":[{"@type":"ListItem","position":1,"name":"Shkreli: Marr\u00ebveshje e jo shantazh"}]},{"@type":"Person","@id":"https:\/\/www.visit-ulcinj.com\/blog\/#\/schema\/person\/dcab619c614d3038751c63bc2aadc06d","name":"ulqini","sameAs":["http:\/\/www.visit-ulcinj.com"],"url":"https:\/\/www.visit-ulcinj.com\/blog\/author\/admin\/"}]}},"jetpack_featured_media_url":"","jetpack_sharing_enabled":true,"jetpack_shortlink":"https:\/\/wp.me\/pe6lTn-du9","_links":{"self":[{"href":"https:\/\/www.visit-ulcinj.com\/blog\/wp-json\/wp\/v2\/posts\/51841"}],"collection":[{"href":"https:\/\/www.visit-ulcinj.com\/blog\/wp-json\/wp\/v2\/posts"}],"about":[{"href":"https:\/\/www.visit-ulcinj.com\/blog\/wp-json\/wp\/v2\/types\/post"}],"author":[{"embeddable":true,"href":"https:\/\/www.visit-ulcinj.com\/blog\/wp-json\/wp\/v2\/users\/1"}],"replies":[{"embeddable":true,"href":"https:\/\/www.visit-ulcinj.com\/blog\/wp-json\/wp\/v2\/comments?post=51841"}],"version-history":[{"count":3,"href":"https:\/\/www.visit-ulcinj.com\/blog\/wp-json\/wp\/v2\/posts\/51841\/revisions"}],"predecessor-version":[{"id":51849,"href":"https:\/\/www.visit-ulcinj.com\/blog\/wp-json\/wp\/v2\/posts\/51841\/revisions\/51849"}],"wp:attachment":[{"href":"https:\/\/www.visit-ulcinj.com\/blog\/wp-json\/wp\/v2\/media?parent=51841"}],"wp:term":[{"taxonomy":"category","embeddable":true,"href":"https:\/\/www.visit-ulcinj.com\/blog\/wp-json\/wp\/v2\/categories?post=51841"},{"taxonomy":"post_tag","embeddable":true,"href":"https:\/\/www.visit-ulcinj.com\/blog\/wp-json\/wp\/v2\/tags?post=51841"}],"curies":[{"name":"wp","href":"https:\/\/api.w.org\/{rel}","templated":true}]}}