{"id":51845,"date":"2011-10-06T18:28:31","date_gmt":"2011-10-06T17:28:31","guid":{"rendered":"http:\/\/www.visit-ulcinj.com\/blog\/?p=51845"},"modified":"2011-10-06T18:28:44","modified_gmt":"2011-10-06T17:28:44","slug":"skrelja-identitetska-pitanja-mogu-biti-predmet-dogovora-ali-ne-i-ucjene","status":"publish","type":"post","link":"https:\/\/www.visit-ulcinj.com\/blog\/2011\/10\/06\/skrelja-identitetska-pitanja-mogu-biti-predmet-dogovora-ali-ne-i-ucjene\/","title":{"rendered":"\u0160krelja: Identitetska pitanja mogu biti predmet dogovora , ali ne i ucjene"},"content":{"rendered":"<p><a href=\"http:\/\/www.visit-ulcinj.com\/blog\/wp-content\/uploads\/2011\/10\/Luigj-Lui-Shkrela.1.jpg\"><img loading=\"lazy\" class=\"alignleft size-full wp-image-51846\" title=\"Luigj Lui Shkrela.1\" src=\"http:\/\/www.visit-ulcinj.com\/blog\/wp-content\/uploads\/2011\/10\/Luigj-Lui-Shkrela.1.jpg\" alt=\"\" width=\"508\" height=\"380\" \/><\/a>Poslanik DPS-a Lui\u0111 \u0160krelja smatra da maksimalna odgovornost parlamenta podrazumijeva \u00a0prihvatanje kao i neprihvatanje opozicionog prijedloga za izmjenu Ustava.<\/p>\n<p>Skup\u0161tina Crne Gore raspravlja\u0107e 11. oktobra opozicioni prijedlog za izmjene Ustava. Crnogorski predsjednik Filip Vujanovi\u0107 \u00a0izjavio je da o\u010dekuje da poslanici \u00a0sa maksimalnom odgovorno\u0161\u0107u razmotre \u00a0\u00a0inicijativu opozicije. Poslanik DPS-a i \u010dlan Odbora za ustavna pitanja i zakonodavstvo\u00a0 Lui\u0111 \u0160krelja u izjavi za Antenu M obja\u0161njava \u00a0\u0161ta se, prema njegovom mi\u0161ljenju podrazumijeva pod maksimalnom odgovorno\u0161\u0107u parlamenta:<\/p>\n<p>\u201cOpredjeljenje parlanmenta i \u00a0ZA\u00a0 i PROTIV\u00a0 prijedloga opozicicije za izmjenu Ustava, vid je\u00a0 odgovornosti. Ucjene ne bi trebalo da budu ideja vodilja u radu parlamenta. Li\u010dno smatram da nije afirmativno licitirati sa onim \u0161to je Crna Gora ostvarila 2006.god. \u00a0na referendumu. To su identitetska pitranja. Naravno da su i\u00a0 ta pitanja podlozna promjenama, ali ne ucjenama ve\u0107 dogovorom.Prerano je da se Crna Gora odrekne ne\u010dega \u0161to su 2006. god. gra\u0111ani ostvarili \u00a0na referendumu.\u00bb<\/p>\n<p>Podsjetimo pojedini predstavnici vladaju\u0107e koalicije ranije su\u00a0 najavili\u00a0 da ne\u0107e podr\u017eati ustavne promjene koje je predlo\u017eila opozicija. Opozicija, naime, tra\u017ei da se adekvatno rije\u0161e identitetska pitanja &#8211; jezik, zastava i himna.<\/p>\n<p><a href=\" Poslanik DPS-a Lui\u0111 \u0160krelja smatra da maksimalna odgovornost parlamenta podrazumijeva  prihvatanje kao i neprihvatanje opozicionog prijedloga za izmjenu Ustava. Skup\u0161tina Crne Gore raspravlja\u0107e 11. oktobra opozicioni prijedlog za izmjene Ustava. Crnogorski predsjednik Filip Vujanovi\u0107  izjavio je da o\u010dekuje da poslanici  sa maksimalnom odgovorno\u0161\u0107u razmotre   inicijativu opozicije. Poslanik DPS-a i \u010dlan Odbora za ustavna pitanja i zakonodavstvo  Lui\u0111 \u0160krelja u izjavi za Antenu M obja\u0161njava  \u0161ta se, prema njegovom mi\u0161ljenju podrazumijeva pod maksimalnom odgovorno\u0161\u0107u parlamenta: \u201cOpredjeljenje parlanmenta i  ZA  i PROTIV  prijedloga opozicicije za izmjenu Ustava, vid je  odgovornosti. Ucjene ne bi trebalo da budu ideja vodilja u radu parlamenta. Li\u010dno smatram da nije afirmativno licitirati sa onim \u0161to je Crna Gora ostvarila 2006.god.  na referendumu. To su identitetska pitranja. Naravno da su i  ta pitanja podlozna promjenama, ali ne ucjenama ve\u0107 dogovorom.Prerano je da se Crna Gora odrekne ne\u010dega \u0161to su 2006. god. gra\u0111ani ostvarili  na referendumu.\u00bb Podsjetimo pojedini predstavnici vladaju\u0107e koalicije ranije su  najavili  da ne\u0107e podr\u017eati ustavne promjene koje je predlo\u017eila opozicija. Opozicija, naime, tra\u017ei da se adekvatno rije\u0161e identitetska pitanja - jezik, zastava i himna. Sanja Novakovi\u0107 Radio Antena M\" target=\"_blank\"><strong>Sanja Novakovi\u0107<\/strong><br \/>\n<strong> Radio Antena M<\/strong><\/a><\/p>\n<p><strong>VIDEO TV VIJESTI &#8211; PRIZMA<\/strong><br \/>\n[flv]http:\/\/a21.video2.blip.tv\/12280009514466\/Rtvvijesti-prizma280911407.flv[\/flv]<\/p>\n","protected":false},"excerpt":{"rendered":"<p>Poslanik DPS-a Lui\u0111 \u0160krelja smatra da maksimalna odgovornost parlamenta podrazumijeva \u00a0prihvatanje kao i neprihvatanje opozicionog prijedloga za izmjenu Ustava. Skup\u0161tina Crne Gore raspravlja\u0107e 11. oktobra opozicioni prijedlog za izmjene Ustava. Crnogorski predsjednik Filip Vujanovi\u0107 \u00a0izjavio je da o\u010dekuje da poslanici \u00a0sa maksimalnom odgovorno\u0161\u0107u razmotre \u00a0\u00a0inicijativu opozicije. Poslanik DPS-a i \u010dlan Odbora za ustavna pitanja i [&hellip;]<\/p>\n","protected":false},"author":1,"featured_media":0,"comment_status":"open","ping_status":"closed","sticky":false,"template":"","format":"standard","meta":{"spay_email":"","jetpack_publicize_message":"","jetpack_is_tweetstorm":false,"jetpack_publicize_feature_enabled":true},"categories":[8337],"tags":[19186],"jetpack_publicize_connections":[],"yoast_head":"<!-- This site is optimized with the Yoast SEO plugin v19.1 - https:\/\/yoast.com\/wordpress\/plugins\/seo\/ -->\n<title>\u0160krelja: Identitetska pitanja mogu biti predmet dogovora , ali ne i ucjene - Lajme nga Ulqini<\/title>\n<meta name=\"description\" content=\"Poslanik DPS-a Lui\u0111 \u0160krelja smatra da maksimalna odgovornost parlamenta podrazumijeva \u00a0prihvatanje kao i neprihvatanje opozicionog prijedloga za izmjenu\" \/>\n<meta name=\"robots\" content=\"index, follow, max-snippet:-1, max-image-preview:large, max-video-preview:-1\" \/>\n<link rel=\"canonical\" href=\"https:\/\/www.visit-ulcinj.com\/blog\/2011\/10\/06\/skrelja-identitetska-pitanja-mogu-biti-predmet-dogovora-ali-ne-i-ucjene\/\" \/>\n<meta property=\"og:locale\" content=\"en_US\" \/>\n<meta property=\"og:type\" content=\"article\" \/>\n<meta property=\"og:title\" content=\"\u0160krelja: Identitetska pitanja mogu biti predmet dogovora , ali ne i ucjene - Lajme nga Ulqini\" \/>\n<meta property=\"og:description\" content=\"Poslanik DPS-a Lui\u0111 \u0160krelja smatra da maksimalna odgovornost parlamenta podrazumijeva \u00a0prihvatanje kao i neprihvatanje opozicionog prijedloga za izmjenu\" \/>\n<meta property=\"og:url\" content=\"https:\/\/www.visit-ulcinj.com\/blog\/2011\/10\/06\/skrelja-identitetska-pitanja-mogu-biti-predmet-dogovora-ali-ne-i-ucjene\/\" \/>\n<meta property=\"og:site_name\" content=\"Lajme nga Ulqini\" \/>\n<meta property=\"article:published_time\" content=\"2011-10-06T17:28:31+00:00\" \/>\n<meta property=\"article:modified_time\" content=\"2011-10-06T17:28:44+00:00\" \/>\n<meta property=\"og:image\" content=\"http:\/\/www.visit-ulcinj.com\/blog\/wp-content\/uploads\/2011\/10\/Luigj-Lui-Shkrela.1.jpg\" \/>\n<meta name=\"twitter:label1\" content=\"Written by\" \/>\n\t<meta name=\"twitter:data1\" content=\"ulqini\" \/>\n\t<meta name=\"twitter:label2\" content=\"Est. reading time\" \/>\n\t<meta name=\"twitter:data2\" content=\"1 minute\" \/>\n<script type=\"application\/ld+json\" class=\"yoast-schema-graph\">{\"@context\":\"https:\/\/schema.org\",\"@graph\":[{\"@type\":\"WebSite\",\"@id\":\"https:\/\/www.visit-ulcinj.com\/blog\/#website\",\"url\":\"https:\/\/www.visit-ulcinj.com\/blog\/\",\"name\":\"Lajme nga Ulqini\",\"description\":\"Lajme,Vijesti,Ulqini,Ulqin,Crna Gora,Mali i Zi\",\"potentialAction\":[{\"@type\":\"SearchAction\",\"target\":{\"@type\":\"EntryPoint\",\"urlTemplate\":\"https:\/\/www.visit-ulcinj.com\/blog\/?s={search_term_string}\"},\"query-input\":\"required name=search_term_string\"}],\"inLanguage\":\"en-US\"},{\"@type\":\"ImageObject\",\"inLanguage\":\"en-US\",\"@id\":\"https:\/\/www.visit-ulcinj.com\/blog\/2011\/10\/06\/skrelja-identitetska-pitanja-mogu-biti-predmet-dogovora-ali-ne-i-ucjene\/#primaryimage\",\"url\":\"https:\/\/www.visit-ulcinj.com\/blog\/wp-content\/uploads\/2011\/10\/Luigj-Lui-Shkrela.1.jpg\",\"contentUrl\":\"https:\/\/www.visit-ulcinj.com\/blog\/wp-content\/uploads\/2011\/10\/Luigj-Lui-Shkrela.1.jpg\",\"width\":\"720\",\"height\":\"404\"},{\"@type\":\"WebPage\",\"@id\":\"https:\/\/www.visit-ulcinj.com\/blog\/2011\/10\/06\/skrelja-identitetska-pitanja-mogu-biti-predmet-dogovora-ali-ne-i-ucjene\/#webpage\",\"url\":\"https:\/\/www.visit-ulcinj.com\/blog\/2011\/10\/06\/skrelja-identitetska-pitanja-mogu-biti-predmet-dogovora-ali-ne-i-ucjene\/\",\"name\":\"\u0160krelja: Identitetska pitanja mogu biti predmet dogovora , ali ne i ucjene - Lajme nga Ulqini\",\"isPartOf\":{\"@id\":\"https:\/\/www.visit-ulcinj.com\/blog\/#website\"},\"primaryImageOfPage\":{\"@id\":\"https:\/\/www.visit-ulcinj.com\/blog\/2011\/10\/06\/skrelja-identitetska-pitanja-mogu-biti-predmet-dogovora-ali-ne-i-ucjene\/#primaryimage\"},\"datePublished\":\"2011-10-06T17:28:31+00:00\",\"dateModified\":\"2011-10-06T17:28:44+00:00\",\"author\":{\"@id\":\"https:\/\/www.visit-ulcinj.com\/blog\/#\/schema\/person\/dcab619c614d3038751c63bc2aadc06d\"},\"description\":\"Poslanik DPS-a Lui\u0111 \u0160krelja smatra da maksimalna odgovornost parlamenta podrazumijeva \u00a0prihvatanje kao i neprihvatanje opozicionog prijedloga za izmjenu\",\"breadcrumb\":{\"@id\":\"https:\/\/www.visit-ulcinj.com\/blog\/2011\/10\/06\/skrelja-identitetska-pitanja-mogu-biti-predmet-dogovora-ali-ne-i-ucjene\/#breadcrumb\"},\"inLanguage\":\"en-US\",\"potentialAction\":[{\"@type\":\"ReadAction\",\"target\":[\"https:\/\/www.visit-ulcinj.com\/blog\/2011\/10\/06\/skrelja-identitetska-pitanja-mogu-biti-predmet-dogovora-ali-ne-i-ucjene\/\"]}]},{\"@type\":\"BreadcrumbList\",\"@id\":\"https:\/\/www.visit-ulcinj.com\/blog\/2011\/10\/06\/skrelja-identitetska-pitanja-mogu-biti-predmet-dogovora-ali-ne-i-ucjene\/#breadcrumb\",\"itemListElement\":[{\"@type\":\"ListItem\",\"position\":1,\"name\":\"\u0160krelja: Identitetska pitanja mogu biti predmet dogovora , ali ne i ucjene\"}]},{\"@type\":\"Person\",\"@id\":\"https:\/\/www.visit-ulcinj.com\/blog\/#\/schema\/person\/dcab619c614d3038751c63bc2aadc06d\",\"name\":\"ulqini\",\"sameAs\":[\"http:\/\/www.visit-ulcinj.com\"],\"url\":\"https:\/\/www.visit-ulcinj.com\/blog\/author\/admin\/\"}]}<\/script>\n<!-- \/ Yoast SEO plugin. -->","yoast_head_json":{"title":"\u0160krelja: Identitetska pitanja mogu biti predmet dogovora , ali ne i ucjene - Lajme nga Ulqini","description":"Poslanik DPS-a Lui\u0111 \u0160krelja smatra da maksimalna odgovornost parlamenta podrazumijeva \u00a0prihvatanje kao i neprihvatanje opozicionog prijedloga za izmjenu","robots":{"index":"index","follow":"follow","max-snippet":"max-snippet:-1","max-image-preview":"max-image-preview:large","max-video-preview":"max-video-preview:-1"},"canonical":"https:\/\/www.visit-ulcinj.com\/blog\/2011\/10\/06\/skrelja-identitetska-pitanja-mogu-biti-predmet-dogovora-ali-ne-i-ucjene\/","og_locale":"en_US","og_type":"article","og_title":"\u0160krelja: Identitetska pitanja mogu biti predmet dogovora , ali ne i ucjene - Lajme nga Ulqini","og_description":"Poslanik DPS-a Lui\u0111 \u0160krelja smatra da maksimalna odgovornost parlamenta podrazumijeva \u00a0prihvatanje kao i neprihvatanje opozicionog prijedloga za izmjenu","og_url":"https:\/\/www.visit-ulcinj.com\/blog\/2011\/10\/06\/skrelja-identitetska-pitanja-mogu-biti-predmet-dogovora-ali-ne-i-ucjene\/","og_site_name":"Lajme nga Ulqini","article_published_time":"2011-10-06T17:28:31+00:00","article_modified_time":"2011-10-06T17:28:44+00:00","og_image":[{"url":"http:\/\/www.visit-ulcinj.com\/blog\/wp-content\/uploads\/2011\/10\/Luigj-Lui-Shkrela.1.jpg"}],"twitter_misc":{"Written by":"ulqini","Est. reading time":"1 minute"},"schema":{"@context":"https:\/\/schema.org","@graph":[{"@type":"WebSite","@id":"https:\/\/www.visit-ulcinj.com\/blog\/#website","url":"https:\/\/www.visit-ulcinj.com\/blog\/","name":"Lajme nga Ulqini","description":"Lajme,Vijesti,Ulqini,Ulqin,Crna Gora,Mali i Zi","potentialAction":[{"@type":"SearchAction","target":{"@type":"EntryPoint","urlTemplate":"https:\/\/www.visit-ulcinj.com\/blog\/?s={search_term_string}"},"query-input":"required name=search_term_string"}],"inLanguage":"en-US"},{"@type":"ImageObject","inLanguage":"en-US","@id":"https:\/\/www.visit-ulcinj.com\/blog\/2011\/10\/06\/skrelja-identitetska-pitanja-mogu-biti-predmet-dogovora-ali-ne-i-ucjene\/#primaryimage","url":"https:\/\/www.visit-ulcinj.com\/blog\/wp-content\/uploads\/2011\/10\/Luigj-Lui-Shkrela.1.jpg","contentUrl":"https:\/\/www.visit-ulcinj.com\/blog\/wp-content\/uploads\/2011\/10\/Luigj-Lui-Shkrela.1.jpg","width":"720","height":"404"},{"@type":"WebPage","@id":"https:\/\/www.visit-ulcinj.com\/blog\/2011\/10\/06\/skrelja-identitetska-pitanja-mogu-biti-predmet-dogovora-ali-ne-i-ucjene\/#webpage","url":"https:\/\/www.visit-ulcinj.com\/blog\/2011\/10\/06\/skrelja-identitetska-pitanja-mogu-biti-predmet-dogovora-ali-ne-i-ucjene\/","name":"\u0160krelja: Identitetska pitanja mogu biti predmet dogovora , ali ne i ucjene - Lajme nga Ulqini","isPartOf":{"@id":"https:\/\/www.visit-ulcinj.com\/blog\/#website"},"primaryImageOfPage":{"@id":"https:\/\/www.visit-ulcinj.com\/blog\/2011\/10\/06\/skrelja-identitetska-pitanja-mogu-biti-predmet-dogovora-ali-ne-i-ucjene\/#primaryimage"},"datePublished":"2011-10-06T17:28:31+00:00","dateModified":"2011-10-06T17:28:44+00:00","author":{"@id":"https:\/\/www.visit-ulcinj.com\/blog\/#\/schema\/person\/dcab619c614d3038751c63bc2aadc06d"},"description":"Poslanik DPS-a Lui\u0111 \u0160krelja smatra da maksimalna odgovornost parlamenta podrazumijeva \u00a0prihvatanje kao i neprihvatanje opozicionog prijedloga za izmjenu","breadcrumb":{"@id":"https:\/\/www.visit-ulcinj.com\/blog\/2011\/10\/06\/skrelja-identitetska-pitanja-mogu-biti-predmet-dogovora-ali-ne-i-ucjene\/#breadcrumb"},"inLanguage":"en-US","potentialAction":[{"@type":"ReadAction","target":["https:\/\/www.visit-ulcinj.com\/blog\/2011\/10\/06\/skrelja-identitetska-pitanja-mogu-biti-predmet-dogovora-ali-ne-i-ucjene\/"]}]},{"@type":"BreadcrumbList","@id":"https:\/\/www.visit-ulcinj.com\/blog\/2011\/10\/06\/skrelja-identitetska-pitanja-mogu-biti-predmet-dogovora-ali-ne-i-ucjene\/#breadcrumb","itemListElement":[{"@type":"ListItem","position":1,"name":"\u0160krelja: Identitetska pitanja mogu biti predmet dogovora , ali ne i ucjene"}]},{"@type":"Person","@id":"https:\/\/www.visit-ulcinj.com\/blog\/#\/schema\/person\/dcab619c614d3038751c63bc2aadc06d","name":"ulqini","sameAs":["http:\/\/www.visit-ulcinj.com"],"url":"https:\/\/www.visit-ulcinj.com\/blog\/author\/admin\/"}]}},"jetpack_featured_media_url":"","jetpack_sharing_enabled":true,"jetpack_shortlink":"https:\/\/wp.me\/pe6lTn-dud","_links":{"self":[{"href":"https:\/\/www.visit-ulcinj.com\/blog\/wp-json\/wp\/v2\/posts\/51845"}],"collection":[{"href":"https:\/\/www.visit-ulcinj.com\/blog\/wp-json\/wp\/v2\/posts"}],"about":[{"href":"https:\/\/www.visit-ulcinj.com\/blog\/wp-json\/wp\/v2\/types\/post"}],"author":[{"embeddable":true,"href":"https:\/\/www.visit-ulcinj.com\/blog\/wp-json\/wp\/v2\/users\/1"}],"replies":[{"embeddable":true,"href":"https:\/\/www.visit-ulcinj.com\/blog\/wp-json\/wp\/v2\/comments?post=51845"}],"version-history":[{"count":2,"href":"https:\/\/www.visit-ulcinj.com\/blog\/wp-json\/wp\/v2\/posts\/51845\/revisions"}],"predecessor-version":[{"id":51848,"href":"https:\/\/www.visit-ulcinj.com\/blog\/wp-json\/wp\/v2\/posts\/51845\/revisions\/51848"}],"wp:attachment":[{"href":"https:\/\/www.visit-ulcinj.com\/blog\/wp-json\/wp\/v2\/media?parent=51845"}],"wp:term":[{"taxonomy":"category","embeddable":true,"href":"https:\/\/www.visit-ulcinj.com\/blog\/wp-json\/wp\/v2\/categories?post=51845"},{"taxonomy":"post_tag","embeddable":true,"href":"https:\/\/www.visit-ulcinj.com\/blog\/wp-json\/wp\/v2\/tags?post=51845"}],"curies":[{"name":"wp","href":"https:\/\/api.w.org\/{rel}","templated":true}]}}