{"id":51856,"date":"2011-10-07T18:02:40","date_gmt":"2011-10-07T17:02:40","guid":{"rendered":"http:\/\/www.visit-ulcinj.com\/blog\/?p=51856"},"modified":"2011-10-07T18:02:40","modified_gmt":"2011-10-07T17:02:40","slug":"web-faqja-e-komunes-se-ulqinit-ne-funkcion","status":"publish","type":"post","link":"https:\/\/www.visit-ulcinj.com\/blog\/2011\/10\/07\/web-faqja-e-komunes-se-ulqinit-ne-funkcion\/","title":{"rendered":"Web faqja e komun\u00ebs s\u00eb Ulqinit n\u00eb funkcion"},"content":{"rendered":"<p><strong><a href=\"http:\/\/www.visit-ulcinj.com\/blog\/wp-content\/uploads\/2011\/10\/Komuna-e-Ulqinit_Info.jpg\"><img loading=\"lazy\" class=\"alignleft size-full wp-image-51857\" title=\"Komuna e Ulqinit_Info\" src=\"http:\/\/www.visit-ulcinj.com\/blog\/wp-content\/uploads\/2011\/10\/Komuna-e-Ulqinit_Info.jpg\" alt=\"\" width=\"508\" height=\"360\" \/><\/a>Kumtes\u00eb: Web faqja e komun\u00ebs.\u00a0<\/strong><\/p>\n<p>Ju informojm\u00eb q\u00eb pas nj\u00eb kohe t\u00eb gjat\u00eb \u00ebsht\u00eb riaktivizuar web faqja e komun\u00ebs s\u00eb Ulqinit.<\/p>\n<p><strong>www.komunaeulqinit.com\u00a0 dhe www.opstinaulcinj.com<\/strong><\/p>\n<p>Jemi duke punuar ne nd\u00ebrtimin e nj\u00eb versionit t\u00eb ri t\u00eb sajtit i cili do te jet\u00eb edhe m\u00eb interaktiv dhe do ket\u00eb nj\u00eb fond m\u00eb t\u00eb madh t\u00eb informacioneve p\u00ebr qytetar\u00ebt dhe sigurisht do ta radhisin komun\u00ebn tone n\u00eb nj\u00eb komun\u00eb m\u00eb transparente dhe n\u00eb sh\u00ebrbim t\u00eb qytetarit.<\/p>\n<p><strong>Sh\u00ebrbimi p\u00ebr informim i kabinetit t\u00eb Kryetarit.<\/strong><\/p>\n","protected":false},"excerpt":{"rendered":"<p>Kumtes\u00eb: Web faqja e komun\u00ebs.\u00a0 Ju informojm\u00eb q\u00eb pas nj\u00eb kohe t\u00eb gjat\u00eb \u00ebsht\u00eb riaktivizuar web faqja e komun\u00ebs s\u00eb Ulqinit. www.komunaeulqinit.com\u00a0 dhe www.opstinaulcinj.com Jemi duke punuar ne nd\u00ebrtimin e nj\u00eb versionit t\u00eb ri t\u00eb sajtit i cili do te jet\u00eb edhe m\u00eb interaktiv dhe do ket\u00eb nj\u00eb fond m\u00eb t\u00eb madh t\u00eb informacioneve p\u00ebr [&hellip;]<\/p>\n","protected":false},"author":1,"featured_media":0,"comment_status":"open","ping_status":"closed","sticky":false,"template":"","format":"standard","meta":{"spay_email":"","jetpack_publicize_message":"","jetpack_is_tweetstorm":false,"jetpack_publicize_feature_enabled":true},"categories":[6950],"tags":[18270,200,18,19188,19189,19190],"jetpack_publicize_connections":[],"yoast_head":"<!-- This site is optimized with the Yoast SEO plugin v19.1 - https:\/\/yoast.com\/wordpress\/plugins\/seo\/ -->\n<title>Web faqja e komun\u00ebs s\u00eb Ulqinit n\u00eb funkcion - Lajme nga Ulqini<\/title>\n<meta name=\"description\" content=\"Kumtes\u00eb: Web faqja e komun\u00ebs.\u00a0 Ju informojm\u00eb q\u00eb pas nj\u00eb kohe t\u00eb gjat\u00eb \u00ebsht\u00eb riaktivizuar web faqja e komun\u00ebs s\u00eb Ulqinit. www.komunaeulqinit.com\u00a0 dhe\" \/>\n<meta name=\"robots\" content=\"index, follow, max-snippet:-1, max-image-preview:large, max-video-preview:-1\" \/>\n<link rel=\"canonical\" href=\"https:\/\/www.visit-ulcinj.com\/blog\/2011\/10\/07\/web-faqja-e-komunes-se-ulqinit-ne-funkcion\/\" \/>\n<meta property=\"og:locale\" content=\"en_US\" \/>\n<meta property=\"og:type\" content=\"article\" \/>\n<meta property=\"og:title\" content=\"Web faqja e komun\u00ebs s\u00eb Ulqinit n\u00eb funkcion - Lajme nga Ulqini\" \/>\n<meta property=\"og:description\" content=\"Kumtes\u00eb: Web faqja e komun\u00ebs.\u00a0 Ju informojm\u00eb q\u00eb pas nj\u00eb kohe t\u00eb gjat\u00eb \u00ebsht\u00eb riaktivizuar web faqja e komun\u00ebs s\u00eb Ulqinit. www.komunaeulqinit.com\u00a0 dhe\" \/>\n<meta property=\"og:url\" content=\"https:\/\/www.visit-ulcinj.com\/blog\/2011\/10\/07\/web-faqja-e-komunes-se-ulqinit-ne-funkcion\/\" \/>\n<meta property=\"og:site_name\" content=\"Lajme nga Ulqini\" \/>\n<meta property=\"article:published_time\" content=\"2011-10-07T17:02:40+00:00\" \/>\n<meta property=\"og:image\" content=\"http:\/\/www.visit-ulcinj.com\/blog\/wp-content\/uploads\/2011\/10\/Komuna-e-Ulqinit_Info.jpg\" \/>\n<meta name=\"twitter:label1\" content=\"Written by\" \/>\n\t<meta name=\"twitter:data1\" content=\"ulqini\" \/>\n<script type=\"application\/ld+json\" class=\"yoast-schema-graph\">{\"@context\":\"https:\/\/schema.org\",\"@graph\":[{\"@type\":\"WebSite\",\"@id\":\"https:\/\/www.visit-ulcinj.com\/blog\/#website\",\"url\":\"https:\/\/www.visit-ulcinj.com\/blog\/\",\"name\":\"Lajme nga Ulqini\",\"description\":\"Lajme,Vijesti,Ulqini,Ulqin,Crna Gora,Mali i Zi\",\"potentialAction\":[{\"@type\":\"SearchAction\",\"target\":{\"@type\":\"EntryPoint\",\"urlTemplate\":\"https:\/\/www.visit-ulcinj.com\/blog\/?s={search_term_string}\"},\"query-input\":\"required name=search_term_string\"}],\"inLanguage\":\"en-US\"},{\"@type\":\"ImageObject\",\"inLanguage\":\"en-US\",\"@id\":\"https:\/\/www.visit-ulcinj.com\/blog\/2011\/10\/07\/web-faqja-e-komunes-se-ulqinit-ne-funkcion\/#primaryimage\",\"url\":\"https:\/\/www.visit-ulcinj.com\/blog\/wp-content\/uploads\/2011\/10\/Komuna-e-Ulqinit_Info.jpg\",\"contentUrl\":\"https:\/\/www.visit-ulcinj.com\/blog\/wp-content\/uploads\/2011\/10\/Komuna-e-Ulqinit_Info.jpg\",\"width\":\"936\",\"height\":\"477\"},{\"@type\":\"WebPage\",\"@id\":\"https:\/\/www.visit-ulcinj.com\/blog\/2011\/10\/07\/web-faqja-e-komunes-se-ulqinit-ne-funkcion\/#webpage\",\"url\":\"https:\/\/www.visit-ulcinj.com\/blog\/2011\/10\/07\/web-faqja-e-komunes-se-ulqinit-ne-funkcion\/\",\"name\":\"Web faqja e komun\u00ebs s\u00eb Ulqinit n\u00eb funkcion - Lajme nga Ulqini\",\"isPartOf\":{\"@id\":\"https:\/\/www.visit-ulcinj.com\/blog\/#website\"},\"primaryImageOfPage\":{\"@id\":\"https:\/\/www.visit-ulcinj.com\/blog\/2011\/10\/07\/web-faqja-e-komunes-se-ulqinit-ne-funkcion\/#primaryimage\"},\"datePublished\":\"2011-10-07T17:02:40+00:00\",\"dateModified\":\"2011-10-07T17:02:40+00:00\",\"author\":{\"@id\":\"https:\/\/www.visit-ulcinj.com\/blog\/#\/schema\/person\/dcab619c614d3038751c63bc2aadc06d\"},\"description\":\"Kumtes\u00eb: Web faqja e komun\u00ebs.\u00a0 Ju informojm\u00eb q\u00eb pas nj\u00eb kohe t\u00eb gjat\u00eb \u00ebsht\u00eb riaktivizuar web faqja e komun\u00ebs s\u00eb Ulqinit. www.komunaeulqinit.com\u00a0 dhe\",\"breadcrumb\":{\"@id\":\"https:\/\/www.visit-ulcinj.com\/blog\/2011\/10\/07\/web-faqja-e-komunes-se-ulqinit-ne-funkcion\/#breadcrumb\"},\"inLanguage\":\"en-US\",\"potentialAction\":[{\"@type\":\"ReadAction\",\"target\":[\"https:\/\/www.visit-ulcinj.com\/blog\/2011\/10\/07\/web-faqja-e-komunes-se-ulqinit-ne-funkcion\/\"]}]},{\"@type\":\"BreadcrumbList\",\"@id\":\"https:\/\/www.visit-ulcinj.com\/blog\/2011\/10\/07\/web-faqja-e-komunes-se-ulqinit-ne-funkcion\/#breadcrumb\",\"itemListElement\":[{\"@type\":\"ListItem\",\"position\":1,\"name\":\"Web faqja e komun\u00ebs s\u00eb Ulqinit n\u00eb funkcion\"}]},{\"@type\":\"Person\",\"@id\":\"https:\/\/www.visit-ulcinj.com\/blog\/#\/schema\/person\/dcab619c614d3038751c63bc2aadc06d\",\"name\":\"ulqini\",\"sameAs\":[\"http:\/\/www.visit-ulcinj.com\"],\"url\":\"https:\/\/www.visit-ulcinj.com\/blog\/author\/admin\/\"}]}<\/script>\n<!-- \/ Yoast SEO plugin. -->","yoast_head_json":{"title":"Web faqja e komun\u00ebs s\u00eb Ulqinit n\u00eb funkcion - Lajme nga Ulqini","description":"Kumtes\u00eb: Web faqja e komun\u00ebs.\u00a0 Ju informojm\u00eb q\u00eb pas nj\u00eb kohe t\u00eb gjat\u00eb \u00ebsht\u00eb riaktivizuar web faqja e komun\u00ebs s\u00eb Ulqinit. www.komunaeulqinit.com\u00a0 dhe","robots":{"index":"index","follow":"follow","max-snippet":"max-snippet:-1","max-image-preview":"max-image-preview:large","max-video-preview":"max-video-preview:-1"},"canonical":"https:\/\/www.visit-ulcinj.com\/blog\/2011\/10\/07\/web-faqja-e-komunes-se-ulqinit-ne-funkcion\/","og_locale":"en_US","og_type":"article","og_title":"Web faqja e komun\u00ebs s\u00eb Ulqinit n\u00eb funkcion - Lajme nga Ulqini","og_description":"Kumtes\u00eb: Web faqja e komun\u00ebs.\u00a0 Ju informojm\u00eb q\u00eb pas nj\u00eb kohe t\u00eb gjat\u00eb \u00ebsht\u00eb riaktivizuar web faqja e komun\u00ebs s\u00eb Ulqinit. www.komunaeulqinit.com\u00a0 dhe","og_url":"https:\/\/www.visit-ulcinj.com\/blog\/2011\/10\/07\/web-faqja-e-komunes-se-ulqinit-ne-funkcion\/","og_site_name":"Lajme nga Ulqini","article_published_time":"2011-10-07T17:02:40+00:00","og_image":[{"url":"http:\/\/www.visit-ulcinj.com\/blog\/wp-content\/uploads\/2011\/10\/Komuna-e-Ulqinit_Info.jpg"}],"twitter_misc":{"Written by":"ulqini"},"schema":{"@context":"https:\/\/schema.org","@graph":[{"@type":"WebSite","@id":"https:\/\/www.visit-ulcinj.com\/blog\/#website","url":"https:\/\/www.visit-ulcinj.com\/blog\/","name":"Lajme nga Ulqini","description":"Lajme,Vijesti,Ulqini,Ulqin,Crna Gora,Mali i Zi","potentialAction":[{"@type":"SearchAction","target":{"@type":"EntryPoint","urlTemplate":"https:\/\/www.visit-ulcinj.com\/blog\/?s={search_term_string}"},"query-input":"required name=search_term_string"}],"inLanguage":"en-US"},{"@type":"ImageObject","inLanguage":"en-US","@id":"https:\/\/www.visit-ulcinj.com\/blog\/2011\/10\/07\/web-faqja-e-komunes-se-ulqinit-ne-funkcion\/#primaryimage","url":"https:\/\/www.visit-ulcinj.com\/blog\/wp-content\/uploads\/2011\/10\/Komuna-e-Ulqinit_Info.jpg","contentUrl":"https:\/\/www.visit-ulcinj.com\/blog\/wp-content\/uploads\/2011\/10\/Komuna-e-Ulqinit_Info.jpg","width":"936","height":"477"},{"@type":"WebPage","@id":"https:\/\/www.visit-ulcinj.com\/blog\/2011\/10\/07\/web-faqja-e-komunes-se-ulqinit-ne-funkcion\/#webpage","url":"https:\/\/www.visit-ulcinj.com\/blog\/2011\/10\/07\/web-faqja-e-komunes-se-ulqinit-ne-funkcion\/","name":"Web faqja e komun\u00ebs s\u00eb Ulqinit n\u00eb funkcion - Lajme nga Ulqini","isPartOf":{"@id":"https:\/\/www.visit-ulcinj.com\/blog\/#website"},"primaryImageOfPage":{"@id":"https:\/\/www.visit-ulcinj.com\/blog\/2011\/10\/07\/web-faqja-e-komunes-se-ulqinit-ne-funkcion\/#primaryimage"},"datePublished":"2011-10-07T17:02:40+00:00","dateModified":"2011-10-07T17:02:40+00:00","author":{"@id":"https:\/\/www.visit-ulcinj.com\/blog\/#\/schema\/person\/dcab619c614d3038751c63bc2aadc06d"},"description":"Kumtes\u00eb: Web faqja e komun\u00ebs.\u00a0 Ju informojm\u00eb q\u00eb pas nj\u00eb kohe t\u00eb gjat\u00eb \u00ebsht\u00eb riaktivizuar web faqja e komun\u00ebs s\u00eb Ulqinit. www.komunaeulqinit.com\u00a0 dhe","breadcrumb":{"@id":"https:\/\/www.visit-ulcinj.com\/blog\/2011\/10\/07\/web-faqja-e-komunes-se-ulqinit-ne-funkcion\/#breadcrumb"},"inLanguage":"en-US","potentialAction":[{"@type":"ReadAction","target":["https:\/\/www.visit-ulcinj.com\/blog\/2011\/10\/07\/web-faqja-e-komunes-se-ulqinit-ne-funkcion\/"]}]},{"@type":"BreadcrumbList","@id":"https:\/\/www.visit-ulcinj.com\/blog\/2011\/10\/07\/web-faqja-e-komunes-se-ulqinit-ne-funkcion\/#breadcrumb","itemListElement":[{"@type":"ListItem","position":1,"name":"Web faqja e komun\u00ebs s\u00eb Ulqinit n\u00eb funkcion"}]},{"@type":"Person","@id":"https:\/\/www.visit-ulcinj.com\/blog\/#\/schema\/person\/dcab619c614d3038751c63bc2aadc06d","name":"ulqini","sameAs":["http:\/\/www.visit-ulcinj.com"],"url":"https:\/\/www.visit-ulcinj.com\/blog\/author\/admin\/"}]}},"jetpack_featured_media_url":"","jetpack_sharing_enabled":true,"jetpack_shortlink":"https:\/\/wp.me\/pe6lTn-duo","_links":{"self":[{"href":"https:\/\/www.visit-ulcinj.com\/blog\/wp-json\/wp\/v2\/posts\/51856"}],"collection":[{"href":"https:\/\/www.visit-ulcinj.com\/blog\/wp-json\/wp\/v2\/posts"}],"about":[{"href":"https:\/\/www.visit-ulcinj.com\/blog\/wp-json\/wp\/v2\/types\/post"}],"author":[{"embeddable":true,"href":"https:\/\/www.visit-ulcinj.com\/blog\/wp-json\/wp\/v2\/users\/1"}],"replies":[{"embeddable":true,"href":"https:\/\/www.visit-ulcinj.com\/blog\/wp-json\/wp\/v2\/comments?post=51856"}],"version-history":[{"count":1,"href":"https:\/\/www.visit-ulcinj.com\/blog\/wp-json\/wp\/v2\/posts\/51856\/revisions"}],"predecessor-version":[{"id":51858,"href":"https:\/\/www.visit-ulcinj.com\/blog\/wp-json\/wp\/v2\/posts\/51856\/revisions\/51858"}],"wp:attachment":[{"href":"https:\/\/www.visit-ulcinj.com\/blog\/wp-json\/wp\/v2\/media?parent=51856"}],"wp:term":[{"taxonomy":"category","embeddable":true,"href":"https:\/\/www.visit-ulcinj.com\/blog\/wp-json\/wp\/v2\/categories?post=51856"},{"taxonomy":"post_tag","embeddable":true,"href":"https:\/\/www.visit-ulcinj.com\/blog\/wp-json\/wp\/v2\/tags?post=51856"}],"curies":[{"name":"wp","href":"https:\/\/api.w.org\/{rel}","templated":true}]}}