{"id":51864,"date":"2011-10-08T08:23:51","date_gmt":"2011-10-08T07:23:51","guid":{"rendered":"http:\/\/www.visit-ulcinj.com\/blog\/?p=51864"},"modified":"2011-10-09T13:19:50","modified_gmt":"2011-10-09T12:19:50","slug":"shqipja-komplikon-konkursin-e-fondit-te-pakicave-ne-mal-te-zi","status":"publish","type":"post","link":"https:\/\/www.visit-ulcinj.com\/blog\/2011\/10\/08\/shqipja-komplikon-konkursin-e-fondit-te-pakicave-ne-mal-te-zi\/","title":{"rendered":"Shqipja komplikon konkursin e Fondit t\u00eb pakicave n\u00eb Mal t\u00eb Zi"},"content":{"rendered":"<p><a href=\"http:\/\/www.visit-ulcinj.com\/blog\/wp-content\/uploads\/2011\/10\/Mehmet-Bardhi.jpg\"><img loading=\"lazy\" class=\"alignleft size-full wp-image-51865\" title=\"Mehmet Bardhi\" src=\"http:\/\/www.visit-ulcinj.com\/blog\/wp-content\/uploads\/2011\/10\/Mehmet-Bardhi.jpg\" alt=\"\" width=\"330\" height=\"430\" \/><\/a>Podgoric\u00eb, 7 tetor &#8211; P\u00ebrkthimi n\u00eb gjuh\u00ebn shqipe i tekstit t\u00eb Konkursit t\u00eb sivjetm\u00eb p\u00ebr shp\u00ebrndarjen e mjeteve financiare t\u00eb Fondit t\u00eb pakicave t\u00eb Malit t\u00eb Zi, ka v\u00ebn\u00eb n\u00eb gjendje shum\u00eb t\u00eb keqe shoq\u00ebrin\u00eb civile dhe individ\u00ebt, t\u00eb cil\u00ebt pretendojn\u00eb t\u00eb kandidojn\u00eb projektet e tyre n\u00eb gjuh\u00ebn shqipe, njofton KosovaLive.<\/p>\n<p>Ky konkurs mbyllet t\u00eb mart\u00ebn e ardhshme, edhe n\u00ebse Fondi dhe p\u00ebrfaq\u00ebsuesit politik t\u00eb shqiptar\u00ebve n\u00eb K\u00ebshillin drejtues t\u00eb tij, kandidat\u00ebt shqiptar\u00eb, t\u00eb cil\u00ebt projektet e tyre duan t&#8217;i dor\u00ebzojn\u00eb n\u00eb gjuh\u00ebn e tyre amtare, mund t\u00eb humbin t\u00eb drejt\u00ebn e p\u00ebrkrahjes me mjete financiare nga ky fond.<\/p>\n<p>\u201cP\u00ebrkthimi paraprak i tekstit t\u00eb konkursit ka qen\u00eb tmerr\u00ebsisht i p\u00ebrkthyer dob\u00ebt, i pakuptuesh\u00ebm fare. Kam k\u00ebrkuar q\u00eb urrgjentisht t\u00eb b\u00ebhen p\u00ebrmir\u00ebsime edhe derisa t\u00eb kryehet si\u00e7 duhet kjo pun\u00eb, t\u00eb mos vendoset n\u00eb faqen e internetit t\u00eb Fondit t\u00eb pakicave prej nga t\u00eb interesuarit mund t\u00eb furnizohen me k\u00ebt\u00eb formular, ose t\u00eb shtyhet afati i dor\u00ebzimit t\u00eb projeteve\u201d,- deklaroi p\u00ebr Kosovalive t\u00eb premten Mehmet Bardhi, kryetar dhe deputet i Lidhjes Demokratike n\u00eb Mal t\u00eb Zi, an\u00ebtar i K\u00ebshillit drejtues t\u00eb Fondit t\u00eb pakicave n\u00eb Mal t\u00eb Zi.<\/p>\n<p>Bardhi thot\u00eb se n\u00eb Fond nuk ndodhet i pun\u00ebsuar asnj\u00eb shqiptar, e sipas tij, ky \u00ebsht\u00eb nj\u00eb diskriminim i hap\u00ebt ndaj shqiptar\u00ebve.<\/p>\n<p><strong>KOHA NET<\/strong><\/p>\n","protected":false},"excerpt":{"rendered":"<p>Podgoric\u00eb, 7 tetor &#8211; P\u00ebrkthimi n\u00eb gjuh\u00ebn shqipe i tekstit t\u00eb Konkursit t\u00eb sivjetm\u00eb p\u00ebr shp\u00ebrndarjen e mjeteve financiare t\u00eb Fondit t\u00eb pakicave t\u00eb Malit t\u00eb Zi, ka v\u00ebn\u00eb n\u00eb gjendje shum\u00eb t\u00eb keqe shoq\u00ebrin\u00eb civile dhe individ\u00ebt, t\u00eb cil\u00ebt pretendojn\u00eb t\u00eb kandidojn\u00eb projektet e tyre n\u00eb gjuh\u00ebn shqipe, njofton KosovaLive. Ky konkurs mbyllet t\u00eb [&hellip;]<\/p>\n","protected":false},"author":1,"featured_media":0,"comment_status":"open","ping_status":"closed","sticky":false,"template":"","format":"standard","meta":{"spay_email":"","jetpack_publicize_message":"","jetpack_is_tweetstorm":false,"jetpack_publicize_feature_enabled":true},"categories":[11],"tags":[347,200,18],"jetpack_publicize_connections":[],"yoast_head":"<!-- This site is optimized with the Yoast SEO plugin v19.1 - https:\/\/yoast.com\/wordpress\/plugins\/seo\/ -->\n<title>Shqipja komplikon konkursin e Fondit t\u00eb pakicave n\u00eb Mal t\u00eb Zi - Lajme nga Ulqini<\/title>\n<meta name=\"description\" content=\"Podgoric\u00eb, 7 tetor - P\u00ebrkthimi n\u00eb gjuh\u00ebn shqipe i tekstit t\u00eb Konkursit t\u00eb sivjetm\u00eb p\u00ebr shp\u00ebrndarjen e mjeteve financiare t\u00eb Fondit t\u00eb pakicave t\u00eb Malit t\u00eb\" \/>\n<meta name=\"robots\" content=\"index, follow, max-snippet:-1, max-image-preview:large, max-video-preview:-1\" \/>\n<link rel=\"canonical\" href=\"https:\/\/www.visit-ulcinj.com\/blog\/2011\/10\/08\/shqipja-komplikon-konkursin-e-fondit-te-pakicave-ne-mal-te-zi\/\" \/>\n<meta property=\"og:locale\" content=\"en_US\" \/>\n<meta property=\"og:type\" content=\"article\" \/>\n<meta property=\"og:title\" content=\"Shqipja komplikon konkursin e Fondit t\u00eb pakicave n\u00eb Mal t\u00eb Zi - Lajme nga Ulqini\" \/>\n<meta property=\"og:description\" content=\"Podgoric\u00eb, 7 tetor - P\u00ebrkthimi n\u00eb gjuh\u00ebn shqipe i tekstit t\u00eb Konkursit t\u00eb sivjetm\u00eb p\u00ebr shp\u00ebrndarjen e mjeteve financiare t\u00eb Fondit t\u00eb pakicave t\u00eb Malit t\u00eb\" \/>\n<meta property=\"og:url\" content=\"https:\/\/www.visit-ulcinj.com\/blog\/2011\/10\/08\/shqipja-komplikon-konkursin-e-fondit-te-pakicave-ne-mal-te-zi\/\" \/>\n<meta property=\"og:site_name\" content=\"Lajme nga Ulqini\" \/>\n<meta property=\"article:published_time\" content=\"2011-10-08T07:23:51+00:00\" \/>\n<meta property=\"article:modified_time\" content=\"2011-10-09T12:19:50+00:00\" \/>\n<meta property=\"og:image\" content=\"http:\/\/www.visit-ulcinj.com\/blog\/wp-content\/uploads\/2011\/10\/Mehmet-Bardhi.jpg\" \/>\n<meta name=\"twitter:label1\" content=\"Written by\" \/>\n\t<meta name=\"twitter:data1\" content=\"ulqini\" \/>\n\t<meta name=\"twitter:label2\" content=\"Est. reading time\" \/>\n\t<meta name=\"twitter:data2\" content=\"1 minute\" \/>\n<script type=\"application\/ld+json\" class=\"yoast-schema-graph\">{\"@context\":\"https:\/\/schema.org\",\"@graph\":[{\"@type\":\"WebSite\",\"@id\":\"https:\/\/www.visit-ulcinj.com\/blog\/#website\",\"url\":\"https:\/\/www.visit-ulcinj.com\/blog\/\",\"name\":\"Lajme nga Ulqini\",\"description\":\"Lajme,Vijesti,Ulqini,Ulqin,Crna Gora,Mali i Zi\",\"potentialAction\":[{\"@type\":\"SearchAction\",\"target\":{\"@type\":\"EntryPoint\",\"urlTemplate\":\"https:\/\/www.visit-ulcinj.com\/blog\/?s={search_term_string}\"},\"query-input\":\"required name=search_term_string\"}],\"inLanguage\":\"en-US\"},{\"@type\":\"ImageObject\",\"inLanguage\":\"en-US\",\"@id\":\"https:\/\/www.visit-ulcinj.com\/blog\/2011\/10\/08\/shqipja-komplikon-konkursin-e-fondit-te-pakicave-ne-mal-te-zi\/#primaryimage\",\"url\":\"https:\/\/www.visit-ulcinj.com\/blog\/wp-content\/uploads\/2011\/10\/Mehmet-Bardhi.jpg\",\"contentUrl\":\"https:\/\/www.visit-ulcinj.com\/blog\/wp-content\/uploads\/2011\/10\/Mehmet-Bardhi.jpg\",\"width\":\"407\",\"height\":\"637\"},{\"@type\":\"WebPage\",\"@id\":\"https:\/\/www.visit-ulcinj.com\/blog\/2011\/10\/08\/shqipja-komplikon-konkursin-e-fondit-te-pakicave-ne-mal-te-zi\/#webpage\",\"url\":\"https:\/\/www.visit-ulcinj.com\/blog\/2011\/10\/08\/shqipja-komplikon-konkursin-e-fondit-te-pakicave-ne-mal-te-zi\/\",\"name\":\"Shqipja komplikon konkursin e Fondit t\u00eb pakicave n\u00eb Mal t\u00eb Zi - Lajme nga Ulqini\",\"isPartOf\":{\"@id\":\"https:\/\/www.visit-ulcinj.com\/blog\/#website\"},\"primaryImageOfPage\":{\"@id\":\"https:\/\/www.visit-ulcinj.com\/blog\/2011\/10\/08\/shqipja-komplikon-konkursin-e-fondit-te-pakicave-ne-mal-te-zi\/#primaryimage\"},\"datePublished\":\"2011-10-08T07:23:51+00:00\",\"dateModified\":\"2011-10-09T12:19:50+00:00\",\"author\":{\"@id\":\"https:\/\/www.visit-ulcinj.com\/blog\/#\/schema\/person\/dcab619c614d3038751c63bc2aadc06d\"},\"description\":\"Podgoric\u00eb, 7 tetor - P\u00ebrkthimi n\u00eb gjuh\u00ebn shqipe i tekstit t\u00eb Konkursit t\u00eb sivjetm\u00eb p\u00ebr shp\u00ebrndarjen e mjeteve financiare t\u00eb Fondit t\u00eb pakicave t\u00eb Malit t\u00eb\",\"breadcrumb\":{\"@id\":\"https:\/\/www.visit-ulcinj.com\/blog\/2011\/10\/08\/shqipja-komplikon-konkursin-e-fondit-te-pakicave-ne-mal-te-zi\/#breadcrumb\"},\"inLanguage\":\"en-US\",\"potentialAction\":[{\"@type\":\"ReadAction\",\"target\":[\"https:\/\/www.visit-ulcinj.com\/blog\/2011\/10\/08\/shqipja-komplikon-konkursin-e-fondit-te-pakicave-ne-mal-te-zi\/\"]}]},{\"@type\":\"BreadcrumbList\",\"@id\":\"https:\/\/www.visit-ulcinj.com\/blog\/2011\/10\/08\/shqipja-komplikon-konkursin-e-fondit-te-pakicave-ne-mal-te-zi\/#breadcrumb\",\"itemListElement\":[{\"@type\":\"ListItem\",\"position\":1,\"name\":\"Shqipja komplikon konkursin e Fondit t\u00eb pakicave n\u00eb Mal t\u00eb Zi\"}]},{\"@type\":\"Person\",\"@id\":\"https:\/\/www.visit-ulcinj.com\/blog\/#\/schema\/person\/dcab619c614d3038751c63bc2aadc06d\",\"name\":\"ulqini\",\"sameAs\":[\"http:\/\/www.visit-ulcinj.com\"],\"url\":\"https:\/\/www.visit-ulcinj.com\/blog\/author\/admin\/\"}]}<\/script>\n<!-- \/ Yoast SEO plugin. -->","yoast_head_json":{"title":"Shqipja komplikon konkursin e Fondit t\u00eb pakicave n\u00eb Mal t\u00eb Zi - Lajme nga Ulqini","description":"Podgoric\u00eb, 7 tetor - P\u00ebrkthimi n\u00eb gjuh\u00ebn shqipe i tekstit t\u00eb Konkursit t\u00eb sivjetm\u00eb p\u00ebr shp\u00ebrndarjen e mjeteve financiare t\u00eb Fondit t\u00eb pakicave t\u00eb Malit t\u00eb","robots":{"index":"index","follow":"follow","max-snippet":"max-snippet:-1","max-image-preview":"max-image-preview:large","max-video-preview":"max-video-preview:-1"},"canonical":"https:\/\/www.visit-ulcinj.com\/blog\/2011\/10\/08\/shqipja-komplikon-konkursin-e-fondit-te-pakicave-ne-mal-te-zi\/","og_locale":"en_US","og_type":"article","og_title":"Shqipja komplikon konkursin e Fondit t\u00eb pakicave n\u00eb Mal t\u00eb Zi - Lajme nga Ulqini","og_description":"Podgoric\u00eb, 7 tetor - P\u00ebrkthimi n\u00eb gjuh\u00ebn shqipe i tekstit t\u00eb Konkursit t\u00eb sivjetm\u00eb p\u00ebr shp\u00ebrndarjen e mjeteve financiare t\u00eb Fondit t\u00eb pakicave t\u00eb Malit t\u00eb","og_url":"https:\/\/www.visit-ulcinj.com\/blog\/2011\/10\/08\/shqipja-komplikon-konkursin-e-fondit-te-pakicave-ne-mal-te-zi\/","og_site_name":"Lajme nga Ulqini","article_published_time":"2011-10-08T07:23:51+00:00","article_modified_time":"2011-10-09T12:19:50+00:00","og_image":[{"url":"http:\/\/www.visit-ulcinj.com\/blog\/wp-content\/uploads\/2011\/10\/Mehmet-Bardhi.jpg"}],"twitter_misc":{"Written by":"ulqini","Est. reading time":"1 minute"},"schema":{"@context":"https:\/\/schema.org","@graph":[{"@type":"WebSite","@id":"https:\/\/www.visit-ulcinj.com\/blog\/#website","url":"https:\/\/www.visit-ulcinj.com\/blog\/","name":"Lajme nga Ulqini","description":"Lajme,Vijesti,Ulqini,Ulqin,Crna Gora,Mali i Zi","potentialAction":[{"@type":"SearchAction","target":{"@type":"EntryPoint","urlTemplate":"https:\/\/www.visit-ulcinj.com\/blog\/?s={search_term_string}"},"query-input":"required name=search_term_string"}],"inLanguage":"en-US"},{"@type":"ImageObject","inLanguage":"en-US","@id":"https:\/\/www.visit-ulcinj.com\/blog\/2011\/10\/08\/shqipja-komplikon-konkursin-e-fondit-te-pakicave-ne-mal-te-zi\/#primaryimage","url":"https:\/\/www.visit-ulcinj.com\/blog\/wp-content\/uploads\/2011\/10\/Mehmet-Bardhi.jpg","contentUrl":"https:\/\/www.visit-ulcinj.com\/blog\/wp-content\/uploads\/2011\/10\/Mehmet-Bardhi.jpg","width":"407","height":"637"},{"@type":"WebPage","@id":"https:\/\/www.visit-ulcinj.com\/blog\/2011\/10\/08\/shqipja-komplikon-konkursin-e-fondit-te-pakicave-ne-mal-te-zi\/#webpage","url":"https:\/\/www.visit-ulcinj.com\/blog\/2011\/10\/08\/shqipja-komplikon-konkursin-e-fondit-te-pakicave-ne-mal-te-zi\/","name":"Shqipja komplikon konkursin e Fondit t\u00eb pakicave n\u00eb Mal t\u00eb Zi - Lajme nga Ulqini","isPartOf":{"@id":"https:\/\/www.visit-ulcinj.com\/blog\/#website"},"primaryImageOfPage":{"@id":"https:\/\/www.visit-ulcinj.com\/blog\/2011\/10\/08\/shqipja-komplikon-konkursin-e-fondit-te-pakicave-ne-mal-te-zi\/#primaryimage"},"datePublished":"2011-10-08T07:23:51+00:00","dateModified":"2011-10-09T12:19:50+00:00","author":{"@id":"https:\/\/www.visit-ulcinj.com\/blog\/#\/schema\/person\/dcab619c614d3038751c63bc2aadc06d"},"description":"Podgoric\u00eb, 7 tetor - P\u00ebrkthimi n\u00eb gjuh\u00ebn shqipe i tekstit t\u00eb Konkursit t\u00eb sivjetm\u00eb p\u00ebr shp\u00ebrndarjen e mjeteve financiare t\u00eb Fondit t\u00eb pakicave t\u00eb Malit t\u00eb","breadcrumb":{"@id":"https:\/\/www.visit-ulcinj.com\/blog\/2011\/10\/08\/shqipja-komplikon-konkursin-e-fondit-te-pakicave-ne-mal-te-zi\/#breadcrumb"},"inLanguage":"en-US","potentialAction":[{"@type":"ReadAction","target":["https:\/\/www.visit-ulcinj.com\/blog\/2011\/10\/08\/shqipja-komplikon-konkursin-e-fondit-te-pakicave-ne-mal-te-zi\/"]}]},{"@type":"BreadcrumbList","@id":"https:\/\/www.visit-ulcinj.com\/blog\/2011\/10\/08\/shqipja-komplikon-konkursin-e-fondit-te-pakicave-ne-mal-te-zi\/#breadcrumb","itemListElement":[{"@type":"ListItem","position":1,"name":"Shqipja komplikon konkursin e Fondit t\u00eb pakicave n\u00eb Mal t\u00eb Zi"}]},{"@type":"Person","@id":"https:\/\/www.visit-ulcinj.com\/blog\/#\/schema\/person\/dcab619c614d3038751c63bc2aadc06d","name":"ulqini","sameAs":["http:\/\/www.visit-ulcinj.com"],"url":"https:\/\/www.visit-ulcinj.com\/blog\/author\/admin\/"}]}},"jetpack_featured_media_url":"","jetpack_sharing_enabled":true,"jetpack_shortlink":"https:\/\/wp.me\/pe6lTn-duw","_links":{"self":[{"href":"https:\/\/www.visit-ulcinj.com\/blog\/wp-json\/wp\/v2\/posts\/51864"}],"collection":[{"href":"https:\/\/www.visit-ulcinj.com\/blog\/wp-json\/wp\/v2\/posts"}],"about":[{"href":"https:\/\/www.visit-ulcinj.com\/blog\/wp-json\/wp\/v2\/types\/post"}],"author":[{"embeddable":true,"href":"https:\/\/www.visit-ulcinj.com\/blog\/wp-json\/wp\/v2\/users\/1"}],"replies":[{"embeddable":true,"href":"https:\/\/www.visit-ulcinj.com\/blog\/wp-json\/wp\/v2\/comments?post=51864"}],"version-history":[{"count":3,"href":"https:\/\/www.visit-ulcinj.com\/blog\/wp-json\/wp\/v2\/posts\/51864\/revisions"}],"predecessor-version":[{"id":51902,"href":"https:\/\/www.visit-ulcinj.com\/blog\/wp-json\/wp\/v2\/posts\/51864\/revisions\/51902"}],"wp:attachment":[{"href":"https:\/\/www.visit-ulcinj.com\/blog\/wp-json\/wp\/v2\/media?parent=51864"}],"wp:term":[{"taxonomy":"category","embeddable":true,"href":"https:\/\/www.visit-ulcinj.com\/blog\/wp-json\/wp\/v2\/categories?post=51864"},{"taxonomy":"post_tag","embeddable":true,"href":"https:\/\/www.visit-ulcinj.com\/blog\/wp-json\/wp\/v2\/tags?post=51864"}],"curies":[{"name":"wp","href":"https:\/\/api.w.org\/{rel}","templated":true}]}}