{"id":51868,"date":"2011-10-08T14:05:34","date_gmt":"2011-10-08T13:05:34","guid":{"rendered":"http:\/\/www.visit-ulcinj.com\/blog\/?p=51868"},"modified":"2011-10-08T14:05:56","modified_gmt":"2011-10-08T13:05:56","slug":"albanci-jos-vagaju","status":"publish","type":"post","link":"https:\/\/www.visit-ulcinj.com\/blog\/2011\/10\/08\/albanci-jos-vagaju\/","title":{"rendered":"Albanci jo\u0161 vagaju"},"content":{"rendered":"<p><a href=\"http:\/\/www.visit-ulcinj.com\/blog\/wp-content\/uploads\/2011\/10\/Mehmet-Bardhi_Vasel-Sinistaj_Genci-Nimanbegu_FOTO-MONTAZHE.1.jpg\"><img loading=\"lazy\" class=\"alignleft size-full wp-image-51869\" title=\"Mehmet-Bardhi_Vasel-Sinistaj_Genci-Nimanbegu_FOTO-MONTAZHE.1\" src=\"http:\/\/www.visit-ulcinj.com\/blog\/wp-content\/uploads\/2011\/10\/Mehmet-Bardhi_Vasel-Sinistaj_Genci-Nimanbegu_FOTO-MONTAZHE.1.jpg\" alt=\"\" width=\"508\" height=\"380\" \/><\/a>Neizvjesno je da li \u0107e poslanici albanskih partija uop\u0161te u\u010destvovati na sjednici Skup\u0161tine na Cetinju 11. oktobra, za kada je zakazana rasprava o opozicionom predlogu za promjenu Ustava, potvrdio je za &#8220;Dan&#8221; \u0161ef kluba albanskih partija Vaselj Sini\u0161taj.<br \/>\n&#8211; Vidje\u0107emo da li \u0107emo uop\u0161te biti tog dana na Cetinju. Prilikom usvajanja izbornog zakona ni vlast ni opozicija nam nijesu dali mnogo nade i \u0161anse. Jo\u0161 nijesmo zauzeli kona\u010dni stav, ali \u0107emo vidjeti ho\u0107emo li u\u010destvovati u raspravi. Vidje\u0107emo da li treba da budemo dio onoga \u0161to zna\u010di kr\u0161enje Ustava &#8211; istakao je Sini\u0161taj.<br \/>\nOn je, me\u0111utim, dodao da je opoziciona inicijativa za promjenu najvi\u0161eg pravnog akta po sadr\u017eaju bolja od Vladinog predloga.<br \/>\n&#8211; Tu postoje rje\u0161enja oko pravosu\u0111a, manjinskih i ve\u0107inskih naroda i pitanja jezika. Tu ima odre\u0111enih stvari koje su i u na\u0161em interesu, ali vidje\u0107emo &#8211; zaklju\u010dio je Sini\u0161taj.<br \/>\nIz Demokratske partije socijalista poru\u010deno je ju\u010de, nakon \u0161to je njihov potpredsjednik i predsjednik dr\u017eave Filip Vujanovi\u0107 poru\u010dio da o\u010dekuje odgovoran odnos Skup\u0161tine prema opozicionoj inicijativi, da i &#8220;opredjeljenje parlamenta i za i protiv predloga opozicionih stranaka predstavlja vid odgovornosti&#8221;.<br \/>\n&#8211; Ucjene ne bi trebalo da budu ideja vodilja u radu parlamenta. Li\u010dno smatram da nije afirmativno licitirati sa onim \u0161to je Crna Gora ostvarila 2006. godine na referendumu. To su identitetska pitanja. Naravno da su i ta pitanja podlo\u017ena promjenama, ali ne ucjenama ve\u0107 dogovorom &#8211; kazao je poslanik DPS-a i \u010dlan odbora za ustavna pitanja i zakonodavstvo Ljui\u0111 \u0160krelja.<br \/>\nOn je, u izjavi za Radio Antena M, zaklju\u010dio da je &#8220;prerano da se Crna Gora odrekne ne\u010dega \u0161to su 2006. godine gra\u0111ani ostvarili na referendumu&#8221;.<br \/>\nOpozicionom inicijativom za promjenu Ustava, pored ostalog, tra\u017ei se da srpski jezik dobije status slu\u017ebenog, a da trobojka bude narodna zastava. Opozicione partije tra\u017ee i da se Ustavom defini\u0161e da se predsjednik Vrhovnog suda, vrhovni dr\u017eavni tu\u017eilac i za\u0161titnik ljudskih prava i sloboda biraju dvotre\u0107inskom ve\u0107inom. U inicijativi se predla\u017ee i da ne zastarijevaju krivi\u010dna djela iz oblasti organizovanog kriminala i korupcije.<\/p>\n<p><a href=\"http:\/\/www.dan.co.me\/?nivo=3&amp;rubrika=Politika&amp;clanak=300495&amp;datum=2011-10-07\" target=\"_blank\"><strong>V.R.<\/strong><br \/>\n<strong> Izvor : DAN<\/strong><\/a><\/p>\n<p><strong>EMISIJA REPLIKA TVCG<\/strong><br \/>\n[flv]http:\/\/www.rtcg.me\/images\/biblioteka\/audio_video_arhiva\/replika_15092011.flv[\/flv]<\/p>\n","protected":false},"excerpt":{"rendered":"<p>Neizvjesno je da li \u0107e poslanici albanskih partija uop\u0161te u\u010destvovati na sjednici Skup\u0161tine na Cetinju 11. oktobra, za kada je zakazana rasprava o opozicionom predlogu za promjenu Ustava, potvrdio je za &#8220;Dan&#8221; \u0161ef kluba albanskih partija Vaselj Sini\u0161taj. &#8211; Vidje\u0107emo da li \u0107emo uop\u0161te biti tog dana na Cetinju. Prilikom usvajanja izbornog zakona ni vlast [&hellip;]<\/p>\n","protected":false},"author":1,"featured_media":0,"comment_status":"open","ping_status":"closed","sticky":false,"template":"","format":"standard","meta":{"spay_email":"","jetpack_publicize_message":"","jetpack_is_tweetstorm":false,"jetpack_publicize_feature_enabled":true},"categories":[8337],"tags":[2787],"jetpack_publicize_connections":[],"yoast_head":"<!-- This site is optimized with the Yoast SEO plugin v19.1 - https:\/\/yoast.com\/wordpress\/plugins\/seo\/ -->\n<title>Albanci jo\u0161 vagaju - Lajme nga Ulqini<\/title>\n<meta name=\"description\" content=\"Neizvjesno je da li \u0107e poslanici albanskih partija uop\u0161te u\u010destvovati na sjednici Skup\u0161tine na Cetinju 11. oktobra, za kada je zakazana rasprava o\" \/>\n<meta name=\"robots\" content=\"index, follow, max-snippet:-1, max-image-preview:large, max-video-preview:-1\" \/>\n<link rel=\"canonical\" href=\"https:\/\/www.visit-ulcinj.com\/blog\/2011\/10\/08\/albanci-jos-vagaju\/\" \/>\n<meta property=\"og:locale\" content=\"en_US\" \/>\n<meta property=\"og:type\" content=\"article\" \/>\n<meta property=\"og:title\" content=\"Albanci jo\u0161 vagaju - Lajme nga Ulqini\" \/>\n<meta property=\"og:description\" content=\"Neizvjesno je da li \u0107e poslanici albanskih partija uop\u0161te u\u010destvovati na sjednici Skup\u0161tine na Cetinju 11. oktobra, za kada je zakazana rasprava o\" \/>\n<meta property=\"og:url\" content=\"https:\/\/www.visit-ulcinj.com\/blog\/2011\/10\/08\/albanci-jos-vagaju\/\" \/>\n<meta property=\"og:site_name\" content=\"Lajme nga Ulqini\" \/>\n<meta property=\"article:published_time\" content=\"2011-10-08T13:05:34+00:00\" \/>\n<meta property=\"article:modified_time\" content=\"2011-10-08T13:05:56+00:00\" \/>\n<meta property=\"og:image\" content=\"http:\/\/www.visit-ulcinj.com\/blog\/wp-content\/uploads\/2011\/10\/Mehmet-Bardhi_Vasel-Sinistaj_Genci-Nimanbegu_FOTO-MONTAZHE.1.jpg\" \/>\n<meta name=\"twitter:label1\" content=\"Written by\" \/>\n\t<meta name=\"twitter:data1\" content=\"ulqini\" \/>\n\t<meta name=\"twitter:label2\" content=\"Est. reading time\" \/>\n\t<meta name=\"twitter:data2\" content=\"2 minutes\" \/>\n<script type=\"application\/ld+json\" class=\"yoast-schema-graph\">{\"@context\":\"https:\/\/schema.org\",\"@graph\":[{\"@type\":\"WebSite\",\"@id\":\"https:\/\/www.visit-ulcinj.com\/blog\/#website\",\"url\":\"https:\/\/www.visit-ulcinj.com\/blog\/\",\"name\":\"Lajme nga Ulqini\",\"description\":\"Lajme,Vijesti,Ulqini,Ulqin,Crna Gora,Mali i Zi\",\"potentialAction\":[{\"@type\":\"SearchAction\",\"target\":{\"@type\":\"EntryPoint\",\"urlTemplate\":\"https:\/\/www.visit-ulcinj.com\/blog\/?s={search_term_string}\"},\"query-input\":\"required name=search_term_string\"}],\"inLanguage\":\"en-US\"},{\"@type\":\"ImageObject\",\"inLanguage\":\"en-US\",\"@id\":\"https:\/\/www.visit-ulcinj.com\/blog\/2011\/10\/08\/albanci-jos-vagaju\/#primaryimage\",\"url\":\"https:\/\/www.visit-ulcinj.com\/blog\/wp-content\/uploads\/2011\/10\/Mehmet-Bardhi_Vasel-Sinistaj_Genci-Nimanbegu_FOTO-MONTAZHE.1.jpg\",\"contentUrl\":\"https:\/\/www.visit-ulcinj.com\/blog\/wp-content\/uploads\/2011\/10\/Mehmet-Bardhi_Vasel-Sinistaj_Genci-Nimanbegu_FOTO-MONTAZHE.1.jpg\",\"width\":\"792\",\"height\":\"677\"},{\"@type\":\"WebPage\",\"@id\":\"https:\/\/www.visit-ulcinj.com\/blog\/2011\/10\/08\/albanci-jos-vagaju\/#webpage\",\"url\":\"https:\/\/www.visit-ulcinj.com\/blog\/2011\/10\/08\/albanci-jos-vagaju\/\",\"name\":\"Albanci jo\u0161 vagaju - Lajme nga Ulqini\",\"isPartOf\":{\"@id\":\"https:\/\/www.visit-ulcinj.com\/blog\/#website\"},\"primaryImageOfPage\":{\"@id\":\"https:\/\/www.visit-ulcinj.com\/blog\/2011\/10\/08\/albanci-jos-vagaju\/#primaryimage\"},\"datePublished\":\"2011-10-08T13:05:34+00:00\",\"dateModified\":\"2011-10-08T13:05:56+00:00\",\"author\":{\"@id\":\"https:\/\/www.visit-ulcinj.com\/blog\/#\/schema\/person\/dcab619c614d3038751c63bc2aadc06d\"},\"description\":\"Neizvjesno je da li \u0107e poslanici albanskih partija uop\u0161te u\u010destvovati na sjednici Skup\u0161tine na Cetinju 11. oktobra, za kada je zakazana rasprava o\",\"breadcrumb\":{\"@id\":\"https:\/\/www.visit-ulcinj.com\/blog\/2011\/10\/08\/albanci-jos-vagaju\/#breadcrumb\"},\"inLanguage\":\"en-US\",\"potentialAction\":[{\"@type\":\"ReadAction\",\"target\":[\"https:\/\/www.visit-ulcinj.com\/blog\/2011\/10\/08\/albanci-jos-vagaju\/\"]}]},{\"@type\":\"BreadcrumbList\",\"@id\":\"https:\/\/www.visit-ulcinj.com\/blog\/2011\/10\/08\/albanci-jos-vagaju\/#breadcrumb\",\"itemListElement\":[{\"@type\":\"ListItem\",\"position\":1,\"name\":\"Albanci jo\u0161 vagaju\"}]},{\"@type\":\"Person\",\"@id\":\"https:\/\/www.visit-ulcinj.com\/blog\/#\/schema\/person\/dcab619c614d3038751c63bc2aadc06d\",\"name\":\"ulqini\",\"sameAs\":[\"http:\/\/www.visit-ulcinj.com\"],\"url\":\"https:\/\/www.visit-ulcinj.com\/blog\/author\/admin\/\"}]}<\/script>\n<!-- \/ Yoast SEO plugin. -->","yoast_head_json":{"title":"Albanci jo\u0161 vagaju - Lajme nga Ulqini","description":"Neizvjesno je da li \u0107e poslanici albanskih partija uop\u0161te u\u010destvovati na sjednici Skup\u0161tine na Cetinju 11. oktobra, za kada je zakazana rasprava o","robots":{"index":"index","follow":"follow","max-snippet":"max-snippet:-1","max-image-preview":"max-image-preview:large","max-video-preview":"max-video-preview:-1"},"canonical":"https:\/\/www.visit-ulcinj.com\/blog\/2011\/10\/08\/albanci-jos-vagaju\/","og_locale":"en_US","og_type":"article","og_title":"Albanci jo\u0161 vagaju - Lajme nga Ulqini","og_description":"Neizvjesno je da li \u0107e poslanici albanskih partija uop\u0161te u\u010destvovati na sjednici Skup\u0161tine na Cetinju 11. oktobra, za kada je zakazana rasprava o","og_url":"https:\/\/www.visit-ulcinj.com\/blog\/2011\/10\/08\/albanci-jos-vagaju\/","og_site_name":"Lajme nga Ulqini","article_published_time":"2011-10-08T13:05:34+00:00","article_modified_time":"2011-10-08T13:05:56+00:00","og_image":[{"url":"http:\/\/www.visit-ulcinj.com\/blog\/wp-content\/uploads\/2011\/10\/Mehmet-Bardhi_Vasel-Sinistaj_Genci-Nimanbegu_FOTO-MONTAZHE.1.jpg"}],"twitter_misc":{"Written by":"ulqini","Est. reading time":"2 minutes"},"schema":{"@context":"https:\/\/schema.org","@graph":[{"@type":"WebSite","@id":"https:\/\/www.visit-ulcinj.com\/blog\/#website","url":"https:\/\/www.visit-ulcinj.com\/blog\/","name":"Lajme nga Ulqini","description":"Lajme,Vijesti,Ulqini,Ulqin,Crna Gora,Mali i Zi","potentialAction":[{"@type":"SearchAction","target":{"@type":"EntryPoint","urlTemplate":"https:\/\/www.visit-ulcinj.com\/blog\/?s={search_term_string}"},"query-input":"required name=search_term_string"}],"inLanguage":"en-US"},{"@type":"ImageObject","inLanguage":"en-US","@id":"https:\/\/www.visit-ulcinj.com\/blog\/2011\/10\/08\/albanci-jos-vagaju\/#primaryimage","url":"https:\/\/www.visit-ulcinj.com\/blog\/wp-content\/uploads\/2011\/10\/Mehmet-Bardhi_Vasel-Sinistaj_Genci-Nimanbegu_FOTO-MONTAZHE.1.jpg","contentUrl":"https:\/\/www.visit-ulcinj.com\/blog\/wp-content\/uploads\/2011\/10\/Mehmet-Bardhi_Vasel-Sinistaj_Genci-Nimanbegu_FOTO-MONTAZHE.1.jpg","width":"792","height":"677"},{"@type":"WebPage","@id":"https:\/\/www.visit-ulcinj.com\/blog\/2011\/10\/08\/albanci-jos-vagaju\/#webpage","url":"https:\/\/www.visit-ulcinj.com\/blog\/2011\/10\/08\/albanci-jos-vagaju\/","name":"Albanci jo\u0161 vagaju - Lajme nga Ulqini","isPartOf":{"@id":"https:\/\/www.visit-ulcinj.com\/blog\/#website"},"primaryImageOfPage":{"@id":"https:\/\/www.visit-ulcinj.com\/blog\/2011\/10\/08\/albanci-jos-vagaju\/#primaryimage"},"datePublished":"2011-10-08T13:05:34+00:00","dateModified":"2011-10-08T13:05:56+00:00","author":{"@id":"https:\/\/www.visit-ulcinj.com\/blog\/#\/schema\/person\/dcab619c614d3038751c63bc2aadc06d"},"description":"Neizvjesno je da li \u0107e poslanici albanskih partija uop\u0161te u\u010destvovati na sjednici Skup\u0161tine na Cetinju 11. oktobra, za kada je zakazana rasprava o","breadcrumb":{"@id":"https:\/\/www.visit-ulcinj.com\/blog\/2011\/10\/08\/albanci-jos-vagaju\/#breadcrumb"},"inLanguage":"en-US","potentialAction":[{"@type":"ReadAction","target":["https:\/\/www.visit-ulcinj.com\/blog\/2011\/10\/08\/albanci-jos-vagaju\/"]}]},{"@type":"BreadcrumbList","@id":"https:\/\/www.visit-ulcinj.com\/blog\/2011\/10\/08\/albanci-jos-vagaju\/#breadcrumb","itemListElement":[{"@type":"ListItem","position":1,"name":"Albanci jo\u0161 vagaju"}]},{"@type":"Person","@id":"https:\/\/www.visit-ulcinj.com\/blog\/#\/schema\/person\/dcab619c614d3038751c63bc2aadc06d","name":"ulqini","sameAs":["http:\/\/www.visit-ulcinj.com"],"url":"https:\/\/www.visit-ulcinj.com\/blog\/author\/admin\/"}]}},"jetpack_featured_media_url":"","jetpack_sharing_enabled":true,"jetpack_shortlink":"https:\/\/wp.me\/pe6lTn-duA","_links":{"self":[{"href":"https:\/\/www.visit-ulcinj.com\/blog\/wp-json\/wp\/v2\/posts\/51868"}],"collection":[{"href":"https:\/\/www.visit-ulcinj.com\/blog\/wp-json\/wp\/v2\/posts"}],"about":[{"href":"https:\/\/www.visit-ulcinj.com\/blog\/wp-json\/wp\/v2\/types\/post"}],"author":[{"embeddable":true,"href":"https:\/\/www.visit-ulcinj.com\/blog\/wp-json\/wp\/v2\/users\/1"}],"replies":[{"embeddable":true,"href":"https:\/\/www.visit-ulcinj.com\/blog\/wp-json\/wp\/v2\/comments?post=51868"}],"version-history":[{"count":2,"href":"https:\/\/www.visit-ulcinj.com\/blog\/wp-json\/wp\/v2\/posts\/51868\/revisions"}],"predecessor-version":[{"id":51871,"href":"https:\/\/www.visit-ulcinj.com\/blog\/wp-json\/wp\/v2\/posts\/51868\/revisions\/51871"}],"wp:attachment":[{"href":"https:\/\/www.visit-ulcinj.com\/blog\/wp-json\/wp\/v2\/media?parent=51868"}],"wp:term":[{"taxonomy":"category","embeddable":true,"href":"https:\/\/www.visit-ulcinj.com\/blog\/wp-json\/wp\/v2\/categories?post=51868"},{"taxonomy":"post_tag","embeddable":true,"href":"https:\/\/www.visit-ulcinj.com\/blog\/wp-json\/wp\/v2\/tags?post=51868"}],"curies":[{"name":"wp","href":"https:\/\/api.w.org\/{rel}","templated":true}]}}