{"id":51880,"date":"2011-10-08T20:15:28","date_gmt":"2011-10-08T19:15:28","guid":{"rendered":"http:\/\/www.visit-ulcinj.com\/blog\/?p=51880"},"modified":"2011-10-13T12:49:33","modified_gmt":"2011-10-13T11:49:33","slug":"me13-10-2011mbledhja-e-pare-e-seances-se-dyte-te-kuvendit-te-komunes-se-ulqinit","status":"publish","type":"post","link":"https:\/\/www.visit-ulcinj.com\/blog\/2011\/10\/08\/me13-10-2011mbledhja-e-pare-e-seances-se-dyte-te-kuvendit-te-komunes-se-ulqinit\/","title":{"rendered":"M\u00eb 13.10.2011Mbledhja e par\u00eb e Seanc\u00ebs s\u00eb dyt\u00eb t\u00eb Kuvendit t\u00eb Komun\u00ebs s\u00eb Ulqinit"},"content":{"rendered":"<p><strong><a href=\"http:\/\/www.visit-ulcinj.com\/blog\/wp-content\/uploads\/2011\/10\/Kuvendi-i-Komunes-se-Ulqinit.jpg\"><img loading=\"lazy\" class=\"alignleft size-full wp-image-51881\" title=\"Kuvendi i Komunes se Ulqinit\" src=\"http:\/\/www.visit-ulcinj.com\/blog\/wp-content\/uploads\/2011\/10\/Kuvendi-i-Komunes-se-Ulqinit.jpg\" alt=\"\" width=\"508\" height=\"380\" \/><\/a>CRNA GORA<\/strong><\/p>\n<p><strong>MALI I ZI<\/strong><\/p>\n<p><strong>SKUP\u0160TINA OP\u0160TINE ULCINJ<\/strong><\/p>\n<p><strong>KUVENDI KOMUNAL ULQIN<\/strong><\/p>\n<p><strong>Br.\/Nr. 02 \u2013 4726\/2011<\/strong><\/p>\n<p><strong>Ulcinj\/Ulqin, 04. 10. 2011.g.<\/strong><\/p>\n<p><em>N\u00eb baz\u00eb t\u00eb nenit 46 t\u00eb Ligjit mbi vet\u00ebqeverisjen lokale (\u201cFl. zyr. RMZ\u201d, nr. 42\/03, 28\/04, 75\/05 dhe 13\/06 dhe \u201cFl. zyr. MZ\u201d, nr. 88\/09 dhe 3\/10) dhe nenit 77 t\u00eb Rregullores s\u00eb Kuvendit t\u00eb kmun\u00ebs s\u00eb Ulqinit (\u201cFl. zyr. MZ\u201d \u2013 dispozitat e komun\u00ebs, nr. 17\/08,<\/em><\/p>\n<p><strong>T H \u00cb R R A S<\/strong><\/p>\n<p><strong>MBLEDHJEN E PAR\u00cb T\u00cb SEANC\u00cbS S\u00cb DYT\u00cb T\u00cb KUVENDIT T\u00cb KOMUN\u00cbS S\u00cb ULQINIT<\/strong><\/p>\n<p>P\u00ebr k\u00ebt\u00eb mbledhje propozoj k\u00ebt\u00eb<\/p>\n<p><strong>R e n d\u00a0\u00a0\u00a0 d i t e:<\/strong><\/p>\n<p>&#8211;\u00a0\u00a0\u00a0\u00a0\u00a0\u00a0\u00a0\u00a0\u00a0 Verifikimi i procesverbalit nga mbledhja e par\u00eb e jasht\u00ebzakonshme e Kuvendit, mbajtur, m\u00eb 22. 09. 2011,<\/p>\n<p>&#8211;\u00a0\u00a0\u00a0\u00a0\u00a0\u00a0\u00a0\u00a0\u00a0 Verifikimi i procesverbalit nga mbledhja e dyt\u00eb e jasht\u00ebzakonshme e Kuvendit, mbajtur, m\u00eb 28. 09. 2011.<\/p>\n<ol start=\"1\">\n<li>Pyetjet dhe p\u00ebrgjigjet e k\u00ebshilltar\u00ebve,<\/li>\n<li>Informat\u00eb mbi realizimin e Buxhetit t\u00eb Komun\u00ebs s\u00eb Ulqinit p\u00ebr n\u00ebnt\u00eb (9) muajt e par\u00eb t\u00eb vitit 2011,<\/li>\n<\/ol>\n<p><strong><em><span style=\"text-decoration: underline;\">Shkarkimi i trupave punuese t\u00eb Kuvendit<\/span><\/em><\/strong><\/p>\n<ol start=\"1\">\n<li>Propozim Vendimi mbi shkarkimin e K\u00ebshillit p\u00ebr zgjedhje dhe em\u00ebrime,<\/li>\n<li>Propozim Vendimi mbi shkarkimin e Komisionit zgjedhor komunal,<\/li>\n<li>Propozim Vendimi mbi shkarkimin e K\u00ebshillit p\u00ebr Statut dhe dispozita,<\/li>\n<li>Propozim Vendimi mbi shkarkimin e K\u00ebshillit p\u00ebr financa, ekonomi dhe zhvillim t\u00eb Komun\u00ebs,<\/li>\n<li>Propozim Vendimi mbi shkarkimin e K\u00ebshillit p\u00ebr bashk\u00ebpunim nd\u00ebr \u2013 komunal dhe nd\u00ebrkomb\u00ebtar dhe bashk\u00ebpunim me diaspor\u00eb,<\/li>\n<li>Propozim Vendimi mbi shkarkimin e K\u00ebshillit p\u00ebr veprimtari shoq\u00ebrore, parashtresa dhe ankesa,<\/li>\n<li>Propozim Vendimi mbi shkarkimin e K\u00ebshillit p\u00ebr planifikimin dhe rregullimin e hap\u00ebsir\u00ebs dhe veprimtari komunale \u2013 banesore,<\/li>\n<\/ol>\n<p>10.\u00a0 Propozim Vendimi mbi shkarkimin e K\u00ebshillit p\u00ebr barazi gjinore,<\/p>\n<p>11.\u00a0 Propozim Vendimi mbi shkarkimin e Komisionit p\u00ebr mbrojtjen e midisit jet\u00ebsor,<\/p>\n<p>12.\u00a0 Propozim Vendimi mbi shkarkimin e Komisionit p\u00ebr dh\u00ebnien e propozimeve p\u00ebr em\u00ebrtimin e lagjeve, rrug\u00ebve, shesheve dhe institucioneve,<\/p>\n<p>13.\u00a0 Propozim Vendimi mbi shkarkimin e Komisionit p\u00ebr p\u00ebrmir\u00ebsimin e pozit\u00ebs s\u00eb personave me invaliditet dhe aft\u00ebsi t\u00eb kufizuar etj.<\/p>\n<p><strong><em><span style=\"text-decoration: underline;\">Em\u00ebrimi i trupave punuese t\u00eb Kuvendit<\/span><\/em><\/strong><\/p>\n<p>14.\u00a0 Propozim Vendimi p\u00ebr em\u00ebrimin e K\u00ebshillit p\u00ebr zgjedhje dhe em\u00ebrime,<\/p>\n<p>15.\u00a0 Propozim Vendimi p\u00ebr em\u00ebrimin e Komisionit zgjedhor Komunal,<\/p>\n<p>16.\u00a0 Propozim Vendimi p\u00ebr em\u00ebrimin e K\u00ebshillit p\u00ebr Statut dhe dispozita,<\/p>\n<p>17.\u00a0 Propozim Vendimi p\u00ebr em\u00ebrimin e K\u00ebshillit p\u00ebr financa, ekonomi dhe zhvillim t\u00eb Komun\u00ebs,<\/p>\n<p>18.\u00a0 Propozim Vendimi p\u00ebr em\u00ebrimin e K\u00ebshillit p\u00ebr bashk\u00ebpunim nd\u00ebr \u2013 komunal dhe nd\u00ebrkomb\u00ebtar dhe bashk\u00ebpunim me diaspor\u00ebn,<\/p>\n<p>19.\u00a0 Propozim Vendimi p\u00ebr em\u00ebrimin e K\u00ebshillit p\u00ebr veprimtari shoq\u00ebrore, parashtresa dhe ankesa,<\/p>\n<p>20.\u00a0 Propozim Vendimi p\u00ebr em\u00ebrimin e K\u00ebshillit p\u00ebr planifikimin dhe rregullimin e hapsir\u00ebs dhe veprimtari komunale \u2013 banesore,<\/p>\n<p>21.\u00a0 Propozim Vendimi p\u00ebr em\u00ebrimin e K\u00ebshillit p\u00ebr barazi gjinore,<\/p>\n<p>22.\u00a0 Propozim Vendimi p\u00ebr em\u00ebrimin e Komisionit p\u00ebr mbrojtjen e midisit jet\u00ebsor,<\/p>\n<p>23.\u00a0 Propozim Vendimi p\u00ebr em\u00ebrimin e Komisionit p\u00ebr dh\u00ebnien e propozimeve p\u00ebr em\u00ebrtimin e lagjeve, rrug\u00ebve, shesheve dhe institucioneve,<\/p>\n<p>24.\u00a0 Propozim Vendimi p\u00ebr em\u00ebrimin e Komisionit p\u00ebr p\u00ebrmir\u00ebsimin e pozit\u00ebs s\u00eb personave me invaliditet dhe aft\u00ebsi t\u00eb kufizuar etj.<\/p>\n<p><strong><em><span style=\"text-decoration: underline;\">Shkarkimi i k\u00ebshillave drejtues<\/span><\/em><\/strong><\/p>\n<p>25.\u00a0 Propozim Vendimi p\u00ebr shkarkimin e KD t\u00eb NP \u201cQendra p\u00ebr kultur\u00eb\u201d,<\/p>\n<p>26.\u00a0 Propozim Vendimi p\u00ebr shkarkimin e KD t\u00eb NP \u201cUPIN\u201d,<\/p>\n<p>27.\u00a0 Propozim Vendimi p\u00ebr shkarkimin e KD t\u00eb NP \u201cP\u00ebr rritjen dhe mbrojtjen e eg\u00ebrsirave\u201d,<\/p>\n<p>28.\u00a0 Propozim Vendimi p\u00ebr shkarkimin e KD t\u00eb NP \u201cUj\u00ebsjell\u00ebsi dhe kanalizimi\u201d Ulqin dhe<\/p>\n<p>29.\u00a0 Propozim Vendimi p\u00ebr shkarkimin e KD t\u00eb NP \u201cVeprimtarit\u00eb komunale\u201d Ulqin.<\/p>\n<p><strong><em><span style=\"text-decoration: underline;\">Em\u00ebrimi i k\u00ebshillave drejtuese<\/span><\/em><\/strong><\/p>\n<p>30.\u00a0 Propozim Vendimi p\u00ebr em\u00ebrimin e KD t\u00eb NP \u201cQendra p\u00ebr kultur\u00eb\u201d,<\/p>\n<p>31.\u00a0 Propozim Vendimi p\u00ebr em\u00ebrimin e KD t\u00eb NP \u201cUPIN\u201d,<\/p>\n<p>32.\u00a0 Propozim Vendimi p\u00ebr em\u00ebrimin e KD t\u00eb NP \u201cP\u00ebr rritjen dhe mbrojtjen e eg\u00ebrsirave\u201d,<\/p>\n<p>33.\u00a0 Propozim Vendimi p\u00ebr em\u00ebrimin e KD t\u00eb NP \u201cUj\u00ebsjell\u00ebsi dhe kanalizimi\u201d Ulqin dhe<\/p>\n<p>34.\u00a0 Propozim Vendimi p\u00ebr em\u00ebrimin e KD t\u00eb NP \u201cVeprimtarit\u00eb komunale\u201d Ulqin.<\/p>\n<p><strong><em><span style=\"text-decoration: underline;\">Dh\u00ebnia e p\u00eblqimit<\/span><\/em><\/strong><\/p>\n<p>35.\u00a0 Propozim i Aktvendimeve p\u00ebr dh\u00ebnien e p\u00eblqimit n\u00eb Vendimin p\u00ebr em\u00ebrimin e ___ n\u00ebnkryetar\u00ebve t\u00eb Komun\u00ebs,<\/p>\n<p>36.\u00a0 Propozimi i Aktvendimit p\u00ebr dh\u00ebnien e p\u00eblqimit n\u00eb Vendimin mbi shkarkimin e Kryeadministratorit t\u00eb Komun\u00ebs,<\/p>\n<p>37.\u00a0 Propozimi i Aktvendimit p\u00ebr dh\u00ebnien e p\u00eblqimit n\u00eb Vendimin n\u00eb Vendimin mbi em\u00ebrimin e Kryeadministratorit t\u00eb Komun\u00ebs.<\/p>\n<p>Mbledhja do t\u00eb mbahet me dat\u00ebn 13. 10. 2011, n\u00eb sall\u00ebn e madhe t\u00eb Kuvendit t\u00eb Komun\u00ebs dhe fillon n\u00eb or\u00ebn 11.00.<\/p>\n<p><strong>P.S.<\/strong><br \/>\nK R Y E T A R I<\/p>\n<p>Milazim Mustafa d.v.<\/p>\n<p><strong>Burimi: Komuna e Ulqinit<br \/>\n<!--YouTube Error: bad URL entered--><br \/>\n<\/strong><\/p>\n","protected":false},"excerpt":{"rendered":"<p>CRNA GORA MALI I ZI SKUP\u0160TINA OP\u0160TINE ULCINJ KUVENDI KOMUNAL ULQIN Br.\/Nr. 02 \u2013 4726\/2011 Ulcinj\/Ulqin, 04. 10. 2011.g. N\u00eb baz\u00eb t\u00eb nenit 46 t\u00eb Ligjit mbi vet\u00ebqeverisjen lokale (\u201cFl. zyr. RMZ\u201d, nr. 42\/03, 28\/04, 75\/05 dhe 13\/06 dhe \u201cFl. zyr. MZ\u201d, nr. 88\/09 dhe 3\/10) dhe nenit 77 t\u00eb Rregullores s\u00eb Kuvendit t\u00eb kmun\u00ebs [&hellip;]<\/p>\n","protected":false},"author":1,"featured_media":0,"comment_status":"open","ping_status":"closed","sticky":false,"template":"","format":"standard","meta":{"spay_email":"","jetpack_publicize_message":"","jetpack_is_tweetstorm":false,"jetpack_publicize_feature_enabled":true},"categories":[6],"tags":[14525,15858,19211,15868,2761,14505,15864,15869,1073,15854,13756,14502,297,15865,15853,15857,15871,15870,15856,14518,15861,15866,14516,15862,15860,14514,15859,200,18,12690,14510,15863,15867,1797,15855],"jetpack_publicize_connections":[],"yoast_head":"<!-- This site is optimized with the Yoast SEO plugin v19.1 - https:\/\/yoast.com\/wordpress\/plugins\/seo\/ -->\n<title>M\u00eb 13.10.2011Mbledhja e par\u00eb e Seanc\u00ebs s\u00eb dyt\u00eb t\u00eb Kuvendit t\u00eb Komun\u00ebs s\u00eb Ulqinit - Lajme nga Ulqini<\/title>\n<meta name=\"description\" content=\"CRNA GORA MALI I ZI SKUP\u0160TINA OP\u0160TINE ULCINJ KUVENDI KOMUNAL ULQIN Br.\/Nr. 02 \u2013 4726\/2011 Ulcinj\/Ulqin, 04. 10. 2011.g. N\u00eb baz\u00eb t\u00eb nenit 46 t\u00eb Ligjit mbi\" \/>\n<meta name=\"robots\" content=\"index, follow, max-snippet:-1, max-image-preview:large, max-video-preview:-1\" \/>\n<link rel=\"canonical\" href=\"https:\/\/www.visit-ulcinj.com\/blog\/2011\/10\/08\/me13-10-2011mbledhja-e-pare-e-seances-se-dyte-te-kuvendit-te-komunes-se-ulqinit\/\" \/>\n<meta property=\"og:locale\" content=\"en_US\" \/>\n<meta property=\"og:type\" content=\"article\" \/>\n<meta property=\"og:title\" content=\"M\u00eb 13.10.2011Mbledhja e par\u00eb e Seanc\u00ebs s\u00eb dyt\u00eb t\u00eb Kuvendit t\u00eb Komun\u00ebs s\u00eb Ulqinit - Lajme nga Ulqini\" \/>\n<meta property=\"og:description\" content=\"CRNA GORA MALI I ZI SKUP\u0160TINA OP\u0160TINE ULCINJ KUVENDI KOMUNAL ULQIN Br.\/Nr. 02 \u2013 4726\/2011 Ulcinj\/Ulqin, 04. 10. 2011.g. N\u00eb baz\u00eb t\u00eb nenit 46 t\u00eb Ligjit mbi\" \/>\n<meta property=\"og:url\" content=\"https:\/\/www.visit-ulcinj.com\/blog\/2011\/10\/08\/me13-10-2011mbledhja-e-pare-e-seances-se-dyte-te-kuvendit-te-komunes-se-ulqinit\/\" \/>\n<meta property=\"og:site_name\" content=\"Lajme nga Ulqini\" \/>\n<meta property=\"article:published_time\" content=\"2011-10-08T19:15:28+00:00\" \/>\n<meta property=\"article:modified_time\" content=\"2011-10-13T11:49:33+00:00\" \/>\n<meta property=\"og:image\" content=\"http:\/\/www.visit-ulcinj.com\/blog\/wp-content\/uploads\/2011\/10\/Kuvendi-i-Komunes-se-Ulqinit.jpg\" \/>\n<meta name=\"twitter:label1\" content=\"Written by\" \/>\n\t<meta name=\"twitter:data1\" content=\"ulqini\" \/>\n\t<meta name=\"twitter:label2\" content=\"Est. reading time\" \/>\n\t<meta name=\"twitter:data2\" content=\"4 minutes\" \/>\n<script type=\"application\/ld+json\" class=\"yoast-schema-graph\">{\"@context\":\"https:\/\/schema.org\",\"@graph\":[{\"@type\":\"WebSite\",\"@id\":\"https:\/\/www.visit-ulcinj.com\/blog\/#website\",\"url\":\"https:\/\/www.visit-ulcinj.com\/blog\/\",\"name\":\"Lajme nga Ulqini\",\"description\":\"Lajme,Vijesti,Ulqini,Ulqin,Crna Gora,Mali i Zi\",\"potentialAction\":[{\"@type\":\"SearchAction\",\"target\":{\"@type\":\"EntryPoint\",\"urlTemplate\":\"https:\/\/www.visit-ulcinj.com\/blog\/?s={search_term_string}\"},\"query-input\":\"required name=search_term_string\"}],\"inLanguage\":\"en-US\"},{\"@type\":\"ImageObject\",\"inLanguage\":\"en-US\",\"@id\":\"https:\/\/www.visit-ulcinj.com\/blog\/2011\/10\/08\/me13-10-2011mbledhja-e-pare-e-seances-se-dyte-te-kuvendit-te-komunes-se-ulqinit\/#primaryimage\",\"url\":\"https:\/\/www.visit-ulcinj.com\/blog\/wp-content\/uploads\/2011\/10\/Kuvendi-i-Komunes-se-Ulqinit.jpg\",\"contentUrl\":\"https:\/\/www.visit-ulcinj.com\/blog\/wp-content\/uploads\/2011\/10\/Kuvendi-i-Komunes-se-Ulqinit.jpg\",\"width\":\"720\",\"height\":\"480\"},{\"@type\":\"WebPage\",\"@id\":\"https:\/\/www.visit-ulcinj.com\/blog\/2011\/10\/08\/me13-10-2011mbledhja-e-pare-e-seances-se-dyte-te-kuvendit-te-komunes-se-ulqinit\/#webpage\",\"url\":\"https:\/\/www.visit-ulcinj.com\/blog\/2011\/10\/08\/me13-10-2011mbledhja-e-pare-e-seances-se-dyte-te-kuvendit-te-komunes-se-ulqinit\/\",\"name\":\"M\u00eb 13.10.2011Mbledhja e par\u00eb e Seanc\u00ebs s\u00eb dyt\u00eb t\u00eb Kuvendit t\u00eb Komun\u00ebs s\u00eb Ulqinit - Lajme nga Ulqini\",\"isPartOf\":{\"@id\":\"https:\/\/www.visit-ulcinj.com\/blog\/#website\"},\"primaryImageOfPage\":{\"@id\":\"https:\/\/www.visit-ulcinj.com\/blog\/2011\/10\/08\/me13-10-2011mbledhja-e-pare-e-seances-se-dyte-te-kuvendit-te-komunes-se-ulqinit\/#primaryimage\"},\"datePublished\":\"2011-10-08T19:15:28+00:00\",\"dateModified\":\"2011-10-13T11:49:33+00:00\",\"author\":{\"@id\":\"https:\/\/www.visit-ulcinj.com\/blog\/#\/schema\/person\/dcab619c614d3038751c63bc2aadc06d\"},\"description\":\"CRNA GORA MALI I ZI SKUP\u0160TINA OP\u0160TINE ULCINJ KUVENDI KOMUNAL ULQIN Br.\/Nr. 02 \u2013 4726\/2011 Ulcinj\/Ulqin, 04. 10. 2011.g. N\u00eb baz\u00eb t\u00eb nenit 46 t\u00eb Ligjit mbi\",\"breadcrumb\":{\"@id\":\"https:\/\/www.visit-ulcinj.com\/blog\/2011\/10\/08\/me13-10-2011mbledhja-e-pare-e-seances-se-dyte-te-kuvendit-te-komunes-se-ulqinit\/#breadcrumb\"},\"inLanguage\":\"en-US\",\"potentialAction\":[{\"@type\":\"ReadAction\",\"target\":[\"https:\/\/www.visit-ulcinj.com\/blog\/2011\/10\/08\/me13-10-2011mbledhja-e-pare-e-seances-se-dyte-te-kuvendit-te-komunes-se-ulqinit\/\"]}]},{\"@type\":\"BreadcrumbList\",\"@id\":\"https:\/\/www.visit-ulcinj.com\/blog\/2011\/10\/08\/me13-10-2011mbledhja-e-pare-e-seances-se-dyte-te-kuvendit-te-komunes-se-ulqinit\/#breadcrumb\",\"itemListElement\":[{\"@type\":\"ListItem\",\"position\":1,\"name\":\"M\u00eb 13.10.2011Mbledhja e par\u00eb e Seanc\u00ebs s\u00eb dyt\u00eb t\u00eb Kuvendit t\u00eb Komun\u00ebs s\u00eb Ulqinit\"}]},{\"@type\":\"Person\",\"@id\":\"https:\/\/www.visit-ulcinj.com\/blog\/#\/schema\/person\/dcab619c614d3038751c63bc2aadc06d\",\"name\":\"ulqini\",\"sameAs\":[\"http:\/\/www.visit-ulcinj.com\"],\"url\":\"https:\/\/www.visit-ulcinj.com\/blog\/author\/admin\/\"}]}<\/script>\n<!-- \/ Yoast SEO plugin. -->","yoast_head_json":{"title":"M\u00eb 13.10.2011Mbledhja e par\u00eb e Seanc\u00ebs s\u00eb dyt\u00eb t\u00eb Kuvendit t\u00eb Komun\u00ebs s\u00eb Ulqinit - Lajme nga Ulqini","description":"CRNA GORA MALI I ZI SKUP\u0160TINA OP\u0160TINE ULCINJ KUVENDI KOMUNAL ULQIN Br.\/Nr. 02 \u2013 4726\/2011 Ulcinj\/Ulqin, 04. 10. 2011.g. N\u00eb baz\u00eb t\u00eb nenit 46 t\u00eb Ligjit mbi","robots":{"index":"index","follow":"follow","max-snippet":"max-snippet:-1","max-image-preview":"max-image-preview:large","max-video-preview":"max-video-preview:-1"},"canonical":"https:\/\/www.visit-ulcinj.com\/blog\/2011\/10\/08\/me13-10-2011mbledhja-e-pare-e-seances-se-dyte-te-kuvendit-te-komunes-se-ulqinit\/","og_locale":"en_US","og_type":"article","og_title":"M\u00eb 13.10.2011Mbledhja e par\u00eb e Seanc\u00ebs s\u00eb dyt\u00eb t\u00eb Kuvendit t\u00eb Komun\u00ebs s\u00eb Ulqinit - Lajme nga Ulqini","og_description":"CRNA GORA MALI I ZI SKUP\u0160TINA OP\u0160TINE ULCINJ KUVENDI KOMUNAL ULQIN Br.\/Nr. 02 \u2013 4726\/2011 Ulcinj\/Ulqin, 04. 10. 2011.g. N\u00eb baz\u00eb t\u00eb nenit 46 t\u00eb Ligjit mbi","og_url":"https:\/\/www.visit-ulcinj.com\/blog\/2011\/10\/08\/me13-10-2011mbledhja-e-pare-e-seances-se-dyte-te-kuvendit-te-komunes-se-ulqinit\/","og_site_name":"Lajme nga Ulqini","article_published_time":"2011-10-08T19:15:28+00:00","article_modified_time":"2011-10-13T11:49:33+00:00","og_image":[{"url":"http:\/\/www.visit-ulcinj.com\/blog\/wp-content\/uploads\/2011\/10\/Kuvendi-i-Komunes-se-Ulqinit.jpg"}],"twitter_misc":{"Written by":"ulqini","Est. reading time":"4 minutes"},"schema":{"@context":"https:\/\/schema.org","@graph":[{"@type":"WebSite","@id":"https:\/\/www.visit-ulcinj.com\/blog\/#website","url":"https:\/\/www.visit-ulcinj.com\/blog\/","name":"Lajme nga Ulqini","description":"Lajme,Vijesti,Ulqini,Ulqin,Crna Gora,Mali i Zi","potentialAction":[{"@type":"SearchAction","target":{"@type":"EntryPoint","urlTemplate":"https:\/\/www.visit-ulcinj.com\/blog\/?s={search_term_string}"},"query-input":"required name=search_term_string"}],"inLanguage":"en-US"},{"@type":"ImageObject","inLanguage":"en-US","@id":"https:\/\/www.visit-ulcinj.com\/blog\/2011\/10\/08\/me13-10-2011mbledhja-e-pare-e-seances-se-dyte-te-kuvendit-te-komunes-se-ulqinit\/#primaryimage","url":"https:\/\/www.visit-ulcinj.com\/blog\/wp-content\/uploads\/2011\/10\/Kuvendi-i-Komunes-se-Ulqinit.jpg","contentUrl":"https:\/\/www.visit-ulcinj.com\/blog\/wp-content\/uploads\/2011\/10\/Kuvendi-i-Komunes-se-Ulqinit.jpg","width":"720","height":"480"},{"@type":"WebPage","@id":"https:\/\/www.visit-ulcinj.com\/blog\/2011\/10\/08\/me13-10-2011mbledhja-e-pare-e-seances-se-dyte-te-kuvendit-te-komunes-se-ulqinit\/#webpage","url":"https:\/\/www.visit-ulcinj.com\/blog\/2011\/10\/08\/me13-10-2011mbledhja-e-pare-e-seances-se-dyte-te-kuvendit-te-komunes-se-ulqinit\/","name":"M\u00eb 13.10.2011Mbledhja e par\u00eb e Seanc\u00ebs s\u00eb dyt\u00eb t\u00eb Kuvendit t\u00eb Komun\u00ebs s\u00eb Ulqinit - Lajme nga Ulqini","isPartOf":{"@id":"https:\/\/www.visit-ulcinj.com\/blog\/#website"},"primaryImageOfPage":{"@id":"https:\/\/www.visit-ulcinj.com\/blog\/2011\/10\/08\/me13-10-2011mbledhja-e-pare-e-seances-se-dyte-te-kuvendit-te-komunes-se-ulqinit\/#primaryimage"},"datePublished":"2011-10-08T19:15:28+00:00","dateModified":"2011-10-13T11:49:33+00:00","author":{"@id":"https:\/\/www.visit-ulcinj.com\/blog\/#\/schema\/person\/dcab619c614d3038751c63bc2aadc06d"},"description":"CRNA GORA MALI I ZI SKUP\u0160TINA OP\u0160TINE ULCINJ KUVENDI KOMUNAL ULQIN Br.\/Nr. 02 \u2013 4726\/2011 Ulcinj\/Ulqin, 04. 10. 2011.g. N\u00eb baz\u00eb t\u00eb nenit 46 t\u00eb Ligjit mbi","breadcrumb":{"@id":"https:\/\/www.visit-ulcinj.com\/blog\/2011\/10\/08\/me13-10-2011mbledhja-e-pare-e-seances-se-dyte-te-kuvendit-te-komunes-se-ulqinit\/#breadcrumb"},"inLanguage":"en-US","potentialAction":[{"@type":"ReadAction","target":["https:\/\/www.visit-ulcinj.com\/blog\/2011\/10\/08\/me13-10-2011mbledhja-e-pare-e-seances-se-dyte-te-kuvendit-te-komunes-se-ulqinit\/"]}]},{"@type":"BreadcrumbList","@id":"https:\/\/www.visit-ulcinj.com\/blog\/2011\/10\/08\/me13-10-2011mbledhja-e-pare-e-seances-se-dyte-te-kuvendit-te-komunes-se-ulqinit\/#breadcrumb","itemListElement":[{"@type":"ListItem","position":1,"name":"M\u00eb 13.10.2011Mbledhja e par\u00eb e Seanc\u00ebs s\u00eb dyt\u00eb t\u00eb Kuvendit t\u00eb Komun\u00ebs s\u00eb Ulqinit"}]},{"@type":"Person","@id":"https:\/\/www.visit-ulcinj.com\/blog\/#\/schema\/person\/dcab619c614d3038751c63bc2aadc06d","name":"ulqini","sameAs":["http:\/\/www.visit-ulcinj.com"],"url":"https:\/\/www.visit-ulcinj.com\/blog\/author\/admin\/"}]}},"jetpack_featured_media_url":"","jetpack_sharing_enabled":true,"jetpack_shortlink":"https:\/\/wp.me\/pe6lTn-duM","_links":{"self":[{"href":"https:\/\/www.visit-ulcinj.com\/blog\/wp-json\/wp\/v2\/posts\/51880"}],"collection":[{"href":"https:\/\/www.visit-ulcinj.com\/blog\/wp-json\/wp\/v2\/posts"}],"about":[{"href":"https:\/\/www.visit-ulcinj.com\/blog\/wp-json\/wp\/v2\/types\/post"}],"author":[{"embeddable":true,"href":"https:\/\/www.visit-ulcinj.com\/blog\/wp-json\/wp\/v2\/users\/1"}],"replies":[{"embeddable":true,"href":"https:\/\/www.visit-ulcinj.com\/blog\/wp-json\/wp\/v2\/comments?post=51880"}],"version-history":[{"count":7,"href":"https:\/\/www.visit-ulcinj.com\/blog\/wp-json\/wp\/v2\/posts\/51880\/revisions"}],"predecessor-version":[{"id":51888,"href":"https:\/\/www.visit-ulcinj.com\/blog\/wp-json\/wp\/v2\/posts\/51880\/revisions\/51888"}],"wp:attachment":[{"href":"https:\/\/www.visit-ulcinj.com\/blog\/wp-json\/wp\/v2\/media?parent=51880"}],"wp:term":[{"taxonomy":"category","embeddable":true,"href":"https:\/\/www.visit-ulcinj.com\/blog\/wp-json\/wp\/v2\/categories?post=51880"},{"taxonomy":"post_tag","embeddable":true,"href":"https:\/\/www.visit-ulcinj.com\/blog\/wp-json\/wp\/v2\/tags?post=51880"}],"curies":[{"name":"wp","href":"https:\/\/api.w.org\/{rel}","templated":true}]}}