{"id":5190,"date":"2008-10-31T06:41:16","date_gmt":"2008-10-31T11:41:16","guid":{"rendered":"http:\/\/www.visit-ulcinj.com\/blog\/?p=5190"},"modified":"2008-11-02T04:20:36","modified_gmt":"2008-11-02T09:20:36","slug":"bugajskikosova-nuk-duhet-te-bjere-ne-gjume","status":"publish","type":"post","link":"https:\/\/www.visit-ulcinj.com\/blog\/2008\/10\/31\/bugajskikosova-nuk-duhet-te-bjere-ne-gjume\/","title":{"rendered":"Bugajski:Kosova nuk duhet t\u00eb bjer\u00eb n\u00eb gjum\u00eb"},"content":{"rendered":"<p><a href=\"http:\/\/www.visit-ulcinj.com\/blog\/wp-content\/uploads\/2008\/02\/janus-bugajski.jpg\"><img loading=\"lazy\" class=\"size-medium wp-image-487 alignleft\" title=\"Janu\u0161 Bugajski\" src=\"http:\/\/www.visit-ulcinj.com\/blog\/wp-content\/uploads\/2008\/02\/janus-bugajski.jpg\" alt=\"\" width=\"227\" height=\"299\" \/><\/a>Analisti i \u00e7\u00ebshtjeve evropiane dhe ballkanike, Janusz Bugajski, ka vler\u00ebsuar se hapja e ambasadave t\u00eb Kosov\u00ebs n\u00eb kryeqytetet per\u00ebndimore \u00ebsht\u00eb nj\u00eb ngjarje shum\u00eb e r\u00ebnd\u00ebsishme p\u00ebr pranin\u00eb e saj n\u00eb sken\u00ebn nd\u00ebrkomb\u00ebtare.<br \/>\nSipas analistit Bugajski, \u201cKosova nuk \u00ebsht\u00eb m\u00eb n\u00eb krye t\u00eb list\u00ebs s\u00eb problemeve t\u00eb Ballkanit, por aktualisht \u00ebsht\u00eb Bosnja, e cila ka tani disa v\u00ebshtir\u00ebsi n\u00eb funksionimin shtet\u00ebror dhe n\u00eb rrug\u00ebn drejt Bashkimit Evropian\u201d. S\u00eb dyti, sipas tij, \u00ebsht\u00eb Maqedonia, e cila po p\u00ebrballet me kund\u00ebrshtimet e Greqis\u00eb lidhur me emrin, tem\u00eb q\u00eb po mban pezull an\u00ebtar\u00ebsimin e saj n\u00eb NATO dhe n\u00eb Bashkimin Evropian&#8221;.<br \/>\nNga ana tjet\u00ebr, sa i takon Kosov\u00ebs, \u201cajo ka pasur disa zhvillime t\u00eb r\u00ebnd\u00ebsishme; njohja nga Mali i Zi, njohja nga Maqedonia, pra, njohja nga shumica e fqinj\u00ebve, tha Bugajski.<br \/>\n\u201cHapi tjet\u00ebr do t\u00eb duhet t\u00eb jet\u00eb nj\u00eb veprimtari m\u00eb aktive nd\u00ebrkomb\u00ebtare p\u00ebr t\u00eb shtuar numrin e vendeve q\u00eb e njohin pavar\u00ebsin\u00eb, dhe p\u00ebr t\u2019u an\u00ebtar\u00ebsuar n\u00eb institucionet nd\u00ebrkomb\u00ebtare. Gjithashtu ata duhet t\u00eb parandalojn\u00eb ndonj\u00eb ndarje, p\u00ebr t\u00eb cilat b\u00ebhet presion nga serb\u00ebt\u201d, tha ai.<br \/>\n\u201cMendoj se \u00ebsht\u00eb mir\u00eb p\u00ebr Kosov\u00ebn q\u00eb t\u00eb jet\u00eb jasht\u00eb titujve kryesor\u00eb t\u00eb shtypit nd\u00ebrkomb\u00ebtar\u201d, tha analisti Bugajski, por nga ana tjet\u00ebr, sipas tij, \u201cajo nuk duhet t\u00eb bjer\u00eb n\u00eb gjum\u00eb (si sleep mode e nj\u00eb kompjuteri), p\u00ebrkundrazi duhet t\u00eb jet\u00eb m\u00eb aktive\u201d.<br \/>\nSipas Bugajskit, \u201cm\u00eb e mira do t\u00eb ishte tani ngritja e nj\u00eb ekonomie produktive, p\u00ebrfshirja e saj n\u00eb mekanizmat rajonale t\u00eb biznesit dhe n\u00eb nismat rajonale t\u00eb Evrop\u00ebs Juglindore, t\u00eb vendos\u00eb marr\u00ebdh\u00ebnie t\u00eb ngushta me Bashkimin Evropian dhe Shtetet e Bashkuara t\u00eb Amerik\u00ebs, si dhe t\u00eb vazhdoj\u00eb fushat\u00ebn p\u00ebr njohjen e pavar\u00ebsis\u00eb kudo n\u00ebp\u00ebr bot\u00eb\u201d.<br \/>\nKa shum\u00eb mund\u00ebsi t\u00eb tjera p\u00ebr k\u00ebto njohje, si\u00e7 jan\u00eb vendet muslimane, dhe p\u00ebr k\u00ebt\u00eb, sipas tij, mund t\u00eb ndihmoj\u00eb edhe Shqip\u00ebria.<br \/>\n\u201cRusia &#8211; tha Bugajski &#8211; do t\u00eb d\u00ebshironte q\u00eb Kosova t\u00eb ishte nj\u00eb shtet i ngrir\u00eb, sepse ajo nuk ka zhvillim ekonomik dhe nuk \u00ebsht\u00eb ende an\u00ebtare e institucioneve nd\u00ebrkomb\u00ebtare, dhe n\u00eb k\u00ebt\u00eb gjendje mund t\u00eb shihet si nj\u00eb d\u00ebshtim i NATO-s dhe BE-s\u00eb, t\u00eb cilat po p\u00ebrpiqen ta b\u00ebjn\u00eb Kosov\u00ebn nj\u00eb \u00e7\u00ebshtje t\u00eb suksesshme. K\u00ebshtu, suksesi i Per\u00ebndimit me Kosov\u00ebn do t\u00eb jet\u00eb nj\u00eb d\u00ebshtim p\u00ebr Rusin\u00eb&#8221;.<br \/>\nPor, sipas analistit Bugajski, n\u00ebse Serbia ec\u00ebn drejt an\u00ebtar\u00ebsimit n\u00eb NATO dhe Kosova shihet praktikisht si e pavarur, Rusia nuk mund ta p\u00ebrdor\u00eb m\u00eb Serbin\u00eb si nj\u00eb avantazh. \u201cN\u00ebse Serbia kthen syt\u00eb nga Per\u00ebndimi, kjo \u00ebsht\u00eb nj\u00eb humbje p\u00ebr Rusin\u00eb. Mosk\u00ebs i intereson q\u00eb Serbia t\u00eb mbetet jasht\u00eb integrimeve, sepse i nevojitet si nj\u00eb pik\u00ebmb\u00ebshtetje n\u00eb rajon\u201d, tha ai.<br \/>\n<strong>Burimi \/ VoA<\/strong><\/p>\n<!--YouTube Error: bad URL entered-->\n","protected":false},"excerpt":{"rendered":"<p>Analisti i \u00e7\u00ebshtjeve evropiane dhe ballkanike, Janusz Bugajski, ka vler\u00ebsuar se hapja e ambasadave t\u00eb Kosov\u00ebs n\u00eb kryeqytetet per\u00ebndimore \u00ebsht\u00eb nj\u00eb ngjarje shum\u00eb e r\u00ebnd\u00ebsishme p\u00ebr pranin\u00eb e saj n\u00eb sken\u00ebn nd\u00ebrkomb\u00ebtare. Sipas analistit Bugajski, \u201cKosova nuk \u00ebsht\u00eb m\u00eb n\u00eb krye t\u00eb list\u00ebs s\u00eb problemeve t\u00eb Ballkanit, por aktualisht \u00ebsht\u00eb Bosnja, e cila ka tani [&hellip;]<\/p>\n","protected":false},"author":1,"featured_media":0,"comment_status":"open","ping_status":"closed","sticky":false,"template":"","format":"standard","meta":{"spay_email":"","jetpack_publicize_message":"","jetpack_is_tweetstorm":false,"jetpack_publicize_feature_enabled":true},"categories":[11,12],"tags":[3529,49],"jetpack_publicize_connections":[],"yoast_head":"<!-- This site is optimized with the Yoast SEO plugin v19.1 - https:\/\/yoast.com\/wordpress\/plugins\/seo\/ -->\n<title>Bugajski:Kosova nuk duhet t\u00eb bjer\u00eb n\u00eb gjum\u00eb - Lajme nga Ulqini<\/title>\n<meta name=\"description\" content=\"Analisti i \u00e7\u00ebshtjeve evropiane dhe ballkanike, Janusz Bugajski, ka vler\u00ebsuar se hapja e ambasadave t\u00eb Kosov\u00ebs n\u00eb kryeqytetet per\u00ebndimore \u00ebsht\u00eb nj\u00eb ngjarje\" \/>\n<meta name=\"robots\" content=\"index, follow, max-snippet:-1, max-image-preview:large, max-video-preview:-1\" \/>\n<link rel=\"canonical\" href=\"https:\/\/www.visit-ulcinj.com\/blog\/2008\/10\/31\/bugajskikosova-nuk-duhet-te-bjere-ne-gjume\/\" \/>\n<meta property=\"og:locale\" content=\"en_US\" \/>\n<meta property=\"og:type\" content=\"article\" \/>\n<meta property=\"og:title\" content=\"Bugajski:Kosova nuk duhet t\u00eb bjer\u00eb n\u00eb gjum\u00eb - Lajme nga Ulqini\" \/>\n<meta property=\"og:description\" content=\"Analisti i \u00e7\u00ebshtjeve evropiane dhe ballkanike, Janusz Bugajski, ka vler\u00ebsuar se hapja e ambasadave t\u00eb Kosov\u00ebs n\u00eb kryeqytetet per\u00ebndimore \u00ebsht\u00eb nj\u00eb ngjarje\" \/>\n<meta property=\"og:url\" content=\"https:\/\/www.visit-ulcinj.com\/blog\/2008\/10\/31\/bugajskikosova-nuk-duhet-te-bjere-ne-gjume\/\" \/>\n<meta property=\"og:site_name\" content=\"Lajme nga Ulqini\" \/>\n<meta property=\"article:published_time\" content=\"2008-10-31T11:41:16+00:00\" \/>\n<meta property=\"article:modified_time\" content=\"2008-11-02T09:20:36+00:00\" \/>\n<meta property=\"og:image\" content=\"http:\/\/www.visit-ulcinj.com\/blog\/wp-content\/uploads\/2008\/02\/janus-bugajski.jpg\" \/>\n<meta name=\"twitter:label1\" content=\"Written by\" \/>\n\t<meta name=\"twitter:data1\" content=\"ulqini\" \/>\n\t<meta name=\"twitter:label2\" content=\"Est. reading time\" \/>\n\t<meta name=\"twitter:data2\" content=\"3 minutes\" \/>\n<script type=\"application\/ld+json\" class=\"yoast-schema-graph\">{\"@context\":\"https:\/\/schema.org\",\"@graph\":[{\"@type\":\"WebSite\",\"@id\":\"https:\/\/www.visit-ulcinj.com\/blog\/#website\",\"url\":\"https:\/\/www.visit-ulcinj.com\/blog\/\",\"name\":\"Lajme nga Ulqini\",\"description\":\"Lajme,Vijesti,Ulqini,Ulqin,Crna Gora,Mali i Zi\",\"potentialAction\":[{\"@type\":\"SearchAction\",\"target\":{\"@type\":\"EntryPoint\",\"urlTemplate\":\"https:\/\/www.visit-ulcinj.com\/blog\/?s={search_term_string}\"},\"query-input\":\"required name=search_term_string\"}],\"inLanguage\":\"en-US\"},{\"@type\":\"ImageObject\",\"inLanguage\":\"en-US\",\"@id\":\"https:\/\/www.visit-ulcinj.com\/blog\/2008\/10\/31\/bugajskikosova-nuk-duhet-te-bjere-ne-gjume\/#primaryimage\",\"url\":\"http:\/\/www.visit-ulcinj.com\/blog\/wp-content\/uploads\/2008\/02\/janus-bugajski.jpg\",\"contentUrl\":\"http:\/\/www.visit-ulcinj.com\/blog\/wp-content\/uploads\/2008\/02\/janus-bugajski.jpg\"},{\"@type\":\"WebPage\",\"@id\":\"https:\/\/www.visit-ulcinj.com\/blog\/2008\/10\/31\/bugajskikosova-nuk-duhet-te-bjere-ne-gjume\/#webpage\",\"url\":\"https:\/\/www.visit-ulcinj.com\/blog\/2008\/10\/31\/bugajskikosova-nuk-duhet-te-bjere-ne-gjume\/\",\"name\":\"Bugajski:Kosova nuk duhet t\u00eb bjer\u00eb n\u00eb gjum\u00eb - Lajme nga Ulqini\",\"isPartOf\":{\"@id\":\"https:\/\/www.visit-ulcinj.com\/blog\/#website\"},\"primaryImageOfPage\":{\"@id\":\"https:\/\/www.visit-ulcinj.com\/blog\/2008\/10\/31\/bugajskikosova-nuk-duhet-te-bjere-ne-gjume\/#primaryimage\"},\"datePublished\":\"2008-10-31T11:41:16+00:00\",\"dateModified\":\"2008-11-02T09:20:36+00:00\",\"author\":{\"@id\":\"https:\/\/www.visit-ulcinj.com\/blog\/#\/schema\/person\/dcab619c614d3038751c63bc2aadc06d\"},\"description\":\"Analisti i \u00e7\u00ebshtjeve evropiane dhe ballkanike, Janusz Bugajski, ka vler\u00ebsuar se hapja e ambasadave t\u00eb Kosov\u00ebs n\u00eb kryeqytetet per\u00ebndimore \u00ebsht\u00eb nj\u00eb ngjarje\",\"breadcrumb\":{\"@id\":\"https:\/\/www.visit-ulcinj.com\/blog\/2008\/10\/31\/bugajskikosova-nuk-duhet-te-bjere-ne-gjume\/#breadcrumb\"},\"inLanguage\":\"en-US\",\"potentialAction\":[{\"@type\":\"ReadAction\",\"target\":[\"https:\/\/www.visit-ulcinj.com\/blog\/2008\/10\/31\/bugajskikosova-nuk-duhet-te-bjere-ne-gjume\/\"]}]},{\"@type\":\"BreadcrumbList\",\"@id\":\"https:\/\/www.visit-ulcinj.com\/blog\/2008\/10\/31\/bugajskikosova-nuk-duhet-te-bjere-ne-gjume\/#breadcrumb\",\"itemListElement\":[{\"@type\":\"ListItem\",\"position\":1,\"name\":\"Bugajski:Kosova nuk duhet t\u00eb bjer\u00eb n\u00eb gjum\u00eb\"}]},{\"@type\":\"Person\",\"@id\":\"https:\/\/www.visit-ulcinj.com\/blog\/#\/schema\/person\/dcab619c614d3038751c63bc2aadc06d\",\"name\":\"ulqini\",\"sameAs\":[\"http:\/\/www.visit-ulcinj.com\"],\"url\":\"https:\/\/www.visit-ulcinj.com\/blog\/author\/admin\/\"}]}<\/script>\n<!-- \/ Yoast SEO plugin. -->","yoast_head_json":{"title":"Bugajski:Kosova nuk duhet t\u00eb bjer\u00eb n\u00eb gjum\u00eb - Lajme nga Ulqini","description":"Analisti i \u00e7\u00ebshtjeve evropiane dhe ballkanike, Janusz Bugajski, ka vler\u00ebsuar se hapja e ambasadave t\u00eb Kosov\u00ebs n\u00eb kryeqytetet per\u00ebndimore \u00ebsht\u00eb nj\u00eb ngjarje","robots":{"index":"index","follow":"follow","max-snippet":"max-snippet:-1","max-image-preview":"max-image-preview:large","max-video-preview":"max-video-preview:-1"},"canonical":"https:\/\/www.visit-ulcinj.com\/blog\/2008\/10\/31\/bugajskikosova-nuk-duhet-te-bjere-ne-gjume\/","og_locale":"en_US","og_type":"article","og_title":"Bugajski:Kosova nuk duhet t\u00eb bjer\u00eb n\u00eb gjum\u00eb - Lajme nga Ulqini","og_description":"Analisti i \u00e7\u00ebshtjeve evropiane dhe ballkanike, Janusz Bugajski, ka vler\u00ebsuar se hapja e ambasadave t\u00eb Kosov\u00ebs n\u00eb kryeqytetet per\u00ebndimore \u00ebsht\u00eb nj\u00eb ngjarje","og_url":"https:\/\/www.visit-ulcinj.com\/blog\/2008\/10\/31\/bugajskikosova-nuk-duhet-te-bjere-ne-gjume\/","og_site_name":"Lajme nga Ulqini","article_published_time":"2008-10-31T11:41:16+00:00","article_modified_time":"2008-11-02T09:20:36+00:00","og_image":[{"url":"http:\/\/www.visit-ulcinj.com\/blog\/wp-content\/uploads\/2008\/02\/janus-bugajski.jpg"}],"twitter_misc":{"Written by":"ulqini","Est. reading time":"3 minutes"},"schema":{"@context":"https:\/\/schema.org","@graph":[{"@type":"WebSite","@id":"https:\/\/www.visit-ulcinj.com\/blog\/#website","url":"https:\/\/www.visit-ulcinj.com\/blog\/","name":"Lajme nga Ulqini","description":"Lajme,Vijesti,Ulqini,Ulqin,Crna Gora,Mali i Zi","potentialAction":[{"@type":"SearchAction","target":{"@type":"EntryPoint","urlTemplate":"https:\/\/www.visit-ulcinj.com\/blog\/?s={search_term_string}"},"query-input":"required name=search_term_string"}],"inLanguage":"en-US"},{"@type":"ImageObject","inLanguage":"en-US","@id":"https:\/\/www.visit-ulcinj.com\/blog\/2008\/10\/31\/bugajskikosova-nuk-duhet-te-bjere-ne-gjume\/#primaryimage","url":"http:\/\/www.visit-ulcinj.com\/blog\/wp-content\/uploads\/2008\/02\/janus-bugajski.jpg","contentUrl":"http:\/\/www.visit-ulcinj.com\/blog\/wp-content\/uploads\/2008\/02\/janus-bugajski.jpg"},{"@type":"WebPage","@id":"https:\/\/www.visit-ulcinj.com\/blog\/2008\/10\/31\/bugajskikosova-nuk-duhet-te-bjere-ne-gjume\/#webpage","url":"https:\/\/www.visit-ulcinj.com\/blog\/2008\/10\/31\/bugajskikosova-nuk-duhet-te-bjere-ne-gjume\/","name":"Bugajski:Kosova nuk duhet t\u00eb bjer\u00eb n\u00eb gjum\u00eb - Lajme nga Ulqini","isPartOf":{"@id":"https:\/\/www.visit-ulcinj.com\/blog\/#website"},"primaryImageOfPage":{"@id":"https:\/\/www.visit-ulcinj.com\/blog\/2008\/10\/31\/bugajskikosova-nuk-duhet-te-bjere-ne-gjume\/#primaryimage"},"datePublished":"2008-10-31T11:41:16+00:00","dateModified":"2008-11-02T09:20:36+00:00","author":{"@id":"https:\/\/www.visit-ulcinj.com\/blog\/#\/schema\/person\/dcab619c614d3038751c63bc2aadc06d"},"description":"Analisti i \u00e7\u00ebshtjeve evropiane dhe ballkanike, Janusz Bugajski, ka vler\u00ebsuar se hapja e ambasadave t\u00eb Kosov\u00ebs n\u00eb kryeqytetet per\u00ebndimore \u00ebsht\u00eb nj\u00eb ngjarje","breadcrumb":{"@id":"https:\/\/www.visit-ulcinj.com\/blog\/2008\/10\/31\/bugajskikosova-nuk-duhet-te-bjere-ne-gjume\/#breadcrumb"},"inLanguage":"en-US","potentialAction":[{"@type":"ReadAction","target":["https:\/\/www.visit-ulcinj.com\/blog\/2008\/10\/31\/bugajskikosova-nuk-duhet-te-bjere-ne-gjume\/"]}]},{"@type":"BreadcrumbList","@id":"https:\/\/www.visit-ulcinj.com\/blog\/2008\/10\/31\/bugajskikosova-nuk-duhet-te-bjere-ne-gjume\/#breadcrumb","itemListElement":[{"@type":"ListItem","position":1,"name":"Bugajski:Kosova nuk duhet t\u00eb bjer\u00eb n\u00eb gjum\u00eb"}]},{"@type":"Person","@id":"https:\/\/www.visit-ulcinj.com\/blog\/#\/schema\/person\/dcab619c614d3038751c63bc2aadc06d","name":"ulqini","sameAs":["http:\/\/www.visit-ulcinj.com"],"url":"https:\/\/www.visit-ulcinj.com\/blog\/author\/admin\/"}]}},"jetpack_featured_media_url":"","jetpack_sharing_enabled":true,"jetpack_shortlink":"https:\/\/wp.me\/pe6lTn-1lI","_links":{"self":[{"href":"https:\/\/www.visit-ulcinj.com\/blog\/wp-json\/wp\/v2\/posts\/5190"}],"collection":[{"href":"https:\/\/www.visit-ulcinj.com\/blog\/wp-json\/wp\/v2\/posts"}],"about":[{"href":"https:\/\/www.visit-ulcinj.com\/blog\/wp-json\/wp\/v2\/types\/post"}],"author":[{"embeddable":true,"href":"https:\/\/www.visit-ulcinj.com\/blog\/wp-json\/wp\/v2\/users\/1"}],"replies":[{"embeddable":true,"href":"https:\/\/www.visit-ulcinj.com\/blog\/wp-json\/wp\/v2\/comments?post=5190"}],"version-history":[{"count":0,"href":"https:\/\/www.visit-ulcinj.com\/blog\/wp-json\/wp\/v2\/posts\/5190\/revisions"}],"wp:attachment":[{"href":"https:\/\/www.visit-ulcinj.com\/blog\/wp-json\/wp\/v2\/media?parent=5190"}],"wp:term":[{"taxonomy":"category","embeddable":true,"href":"https:\/\/www.visit-ulcinj.com\/blog\/wp-json\/wp\/v2\/categories?post=5190"},{"taxonomy":"post_tag","embeddable":true,"href":"https:\/\/www.visit-ulcinj.com\/blog\/wp-json\/wp\/v2\/tags?post=5190"}],"curies":[{"name":"wp","href":"https:\/\/api.w.org\/{rel}","templated":true}]}}