{"id":51940,"date":"2011-10-09T21:10:03","date_gmt":"2011-10-09T20:10:03","guid":{"rendered":"http:\/\/www.visit-ulcinj.com\/blog\/?p=51940"},"modified":"2011-10-09T21:54:06","modified_gmt":"2011-10-09T20:54:06","slug":"suad-mehmeti-nje-kenge-per-ulqinin-%e2%80%9cqytet-i-bekuar%e2%80%9d-video","status":"publish","type":"post","link":"https:\/\/www.visit-ulcinj.com\/blog\/2011\/10\/09\/suad-mehmeti-nje-kenge-per-ulqinin-%e2%80%9cqytet-i-bekuar%e2%80%9d-video\/","title":{"rendered":"Suad Mehmeti nj\u00eb k\u00ebng\u00eb p\u00ebr Ulqinin \u201cQytet i bekuar\u201d &#8211; Video"},"content":{"rendered":"<p><a href=\"http:\/\/www.visit-ulcinj.com\/blog\/wp-content\/uploads\/2011\/10\/Suad-Mehmeti_Ulqin_Ulqini.jpg\"><img loading=\"lazy\" class=\"alignleft size-full wp-image-51941\" title=\"Suad Mehmeti_Ulqin_Ulqini\" src=\"http:\/\/www.visit-ulcinj.com\/blog\/wp-content\/uploads\/2011\/10\/Suad-Mehmeti_Ulqin_Ulqini.jpg\" alt=\"\" width=\"508\" height=\"380\" srcset=\"https:\/\/www.visit-ulcinj.com\/blog\/wp-content\/uploads\/2011\/10\/Suad-Mehmeti_Ulqin_Ulqini.jpg 720w, https:\/\/www.visit-ulcinj.com\/blog\/wp-content\/uploads\/2011\/10\/Suad-Mehmeti_Ulqin_Ulqini-300x225.jpg 300w\" sizes=\"(max-width: 508px) 100vw, 508px\" \/><\/a>Nuk ishte nj\u00eb dalldi momenti, por nj\u00eb k\u00ebng\u00eb e frym\u00ebzuar nga dashuria q\u00eb t\u00eb l\u00eb pa gjum\u00eb. Ai shquhet p\u00ebr balada si kjo e fundit n\u00eb O Ulqin \u201cQytet i bekuar\u201d, por Suad Mehmeti i kthehet pas shum\u00eb vitesh k\u00ebnges t\u00eb Ulqinit t\u00eb tij\u00eb. Suad Mehmeti zbulon t\u00eb fshehtat e jet\u00ebs s\u00eb tij, dhe sjell\u00eb n\u00eb klipin e ri, ku trishtimi p\u00ebr eklipsimin e muzik\u00ebs s\u00eb v\u00ebrtet\u00eb, dashurin\u00eb dhe nostalgjin\u00eb p\u00ebr Ulqinin e dikurshme vijn\u00eb n\u00eb nj\u00eb ditar muzikor.<\/p>\n<p>Kjo eshte kenga e pare qe Suad Mehmeti ia kushton \u00a0qytetit t\u00eb Ulqinit. Autor i teksit t\u00eb k\u00ebng\u00ebs \u00ebsht\u00eb Suad Mehmeti, muzika \u00ebsht\u00eb e realizuar nga Imi Nimanbegu dhe k\u00ebndohet nga vet\u00eb Suadi.<br \/>\nM\u00eb posht\u00eb mund ta shikoni videoklipin e k\u00ebng\u00ebs&#8221;Qytet i bekuar&#8221;,nga Suad Mehmeti.<\/p>\n<!--YouTube Error: bad URL entered-->\n","protected":false},"excerpt":{"rendered":"<p>Nuk ishte nj\u00eb dalldi momenti, por nj\u00eb k\u00ebng\u00eb e frym\u00ebzuar nga dashuria q\u00eb t\u00eb l\u00eb pa gjum\u00eb. Ai shquhet p\u00ebr balada si kjo e fundit n\u00eb O Ulqin \u201cQytet i bekuar\u201d, por Suad Mehmeti i kthehet pas shum\u00eb vitesh k\u00ebnges t\u00eb Ulqinit t\u00eb tij\u00eb. Suad Mehmeti zbulon t\u00eb fshehtat e jet\u00ebs s\u00eb tij, dhe sjell\u00eb [&hellip;]<\/p>\n","protected":false},"author":1,"featured_media":0,"comment_status":"open","ping_status":"closed","sticky":false,"template":"","format":"standard","meta":{"spay_email":"","jetpack_publicize_message":"","jetpack_is_tweetstorm":false,"jetpack_publicize_feature_enabled":true},"categories":[1],"tags":[13005,200,18],"jetpack_publicize_connections":[],"yoast_head":"<!-- This site is optimized with the Yoast SEO plugin v19.1 - https:\/\/yoast.com\/wordpress\/plugins\/seo\/ -->\n<title>Suad Mehmeti nj\u00eb k\u00ebng\u00eb p\u00ebr Ulqinin \u201cQytet i bekuar\u201d - Video - Lajme nga Ulqini<\/title>\n<meta name=\"description\" content=\"Nuk ishte nj\u00eb dalldi momenti, por nj\u00eb k\u00ebng\u00eb e frym\u00ebzuar nga dashuria q\u00eb t\u00eb l\u00eb pa gjum\u00eb. Ai shquhet p\u00ebr balada si kjo e fundit n\u00eb O Ulqin \u201cQytet i bekuar\u201d,\" \/>\n<meta name=\"robots\" content=\"index, follow, max-snippet:-1, max-image-preview:large, max-video-preview:-1\" \/>\n<link rel=\"canonical\" href=\"https:\/\/www.visit-ulcinj.com\/blog\/2011\/10\/09\/suad-mehmeti-nje-kenge-per-ulqinin-\u201cqytet-i-bekuar\u201d-video\/\" \/>\n<meta property=\"og:locale\" content=\"en_US\" \/>\n<meta property=\"og:type\" content=\"article\" \/>\n<meta property=\"og:title\" content=\"Suad Mehmeti nj\u00eb k\u00ebng\u00eb p\u00ebr Ulqinin \u201cQytet i bekuar\u201d - Video - Lajme nga Ulqini\" \/>\n<meta property=\"og:description\" content=\"Nuk ishte nj\u00eb dalldi momenti, por nj\u00eb k\u00ebng\u00eb e frym\u00ebzuar nga dashuria q\u00eb t\u00eb l\u00eb pa gjum\u00eb. Ai shquhet p\u00ebr balada si kjo e fundit n\u00eb O Ulqin \u201cQytet i bekuar\u201d,\" \/>\n<meta property=\"og:url\" content=\"https:\/\/www.visit-ulcinj.com\/blog\/2011\/10\/09\/suad-mehmeti-nje-kenge-per-ulqinin-\u201cqytet-i-bekuar\u201d-video\/\" \/>\n<meta property=\"og:site_name\" content=\"Lajme nga Ulqini\" \/>\n<meta property=\"article:published_time\" content=\"2011-10-09T20:10:03+00:00\" \/>\n<meta property=\"article:modified_time\" content=\"2011-10-09T20:54:06+00:00\" \/>\n<meta property=\"og:image\" content=\"http:\/\/www.visit-ulcinj.com\/blog\/wp-content\/uploads\/2011\/10\/Suad-Mehmeti_Ulqin_Ulqini.jpg\" \/>\n<meta name=\"twitter:label1\" content=\"Written by\" \/>\n\t<meta name=\"twitter:data1\" content=\"ulqini\" \/>\n\t<meta name=\"twitter:label2\" content=\"Est. reading time\" \/>\n\t<meta name=\"twitter:data2\" content=\"1 minute\" \/>\n<script type=\"application\/ld+json\" class=\"yoast-schema-graph\">{\"@context\":\"https:\/\/schema.org\",\"@graph\":[{\"@type\":\"WebSite\",\"@id\":\"https:\/\/www.visit-ulcinj.com\/blog\/#website\",\"url\":\"https:\/\/www.visit-ulcinj.com\/blog\/\",\"name\":\"Lajme nga Ulqini\",\"description\":\"Lajme,Vijesti,Ulqini,Ulqin,Crna Gora,Mali i Zi\",\"potentialAction\":[{\"@type\":\"SearchAction\",\"target\":{\"@type\":\"EntryPoint\",\"urlTemplate\":\"https:\/\/www.visit-ulcinj.com\/blog\/?s={search_term_string}\"},\"query-input\":\"required name=search_term_string\"}],\"inLanguage\":\"en-US\"},{\"@type\":\"ImageObject\",\"inLanguage\":\"en-US\",\"@id\":\"https:\/\/www.visit-ulcinj.com\/blog\/2011\/10\/09\/suad-mehmeti-nje-kenge-per-ulqinin-%e2%80%9cqytet-i-bekuar%e2%80%9d-video\/#primaryimage\",\"url\":\"https:\/\/www.visit-ulcinj.com\/blog\/wp-content\/uploads\/2011\/10\/Suad-Mehmeti_Ulqin_Ulqini.jpg\",\"contentUrl\":\"https:\/\/www.visit-ulcinj.com\/blog\/wp-content\/uploads\/2011\/10\/Suad-Mehmeti_Ulqin_Ulqini.jpg\",\"width\":\"720\",\"height\":\"540\"},{\"@type\":\"WebPage\",\"@id\":\"https:\/\/www.visit-ulcinj.com\/blog\/2011\/10\/09\/suad-mehmeti-nje-kenge-per-ulqinin-%e2%80%9cqytet-i-bekuar%e2%80%9d-video\/#webpage\",\"url\":\"https:\/\/www.visit-ulcinj.com\/blog\/2011\/10\/09\/suad-mehmeti-nje-kenge-per-ulqinin-%e2%80%9cqytet-i-bekuar%e2%80%9d-video\/\",\"name\":\"Suad Mehmeti nj\u00eb k\u00ebng\u00eb p\u00ebr Ulqinin \u201cQytet i bekuar\u201d - Video - Lajme nga Ulqini\",\"isPartOf\":{\"@id\":\"https:\/\/www.visit-ulcinj.com\/blog\/#website\"},\"primaryImageOfPage\":{\"@id\":\"https:\/\/www.visit-ulcinj.com\/blog\/2011\/10\/09\/suad-mehmeti-nje-kenge-per-ulqinin-%e2%80%9cqytet-i-bekuar%e2%80%9d-video\/#primaryimage\"},\"datePublished\":\"2011-10-09T20:10:03+00:00\",\"dateModified\":\"2011-10-09T20:54:06+00:00\",\"author\":{\"@id\":\"https:\/\/www.visit-ulcinj.com\/blog\/#\/schema\/person\/dcab619c614d3038751c63bc2aadc06d\"},\"description\":\"Nuk ishte nj\u00eb dalldi momenti, por nj\u00eb k\u00ebng\u00eb e frym\u00ebzuar nga dashuria q\u00eb t\u00eb l\u00eb pa gjum\u00eb. Ai shquhet p\u00ebr balada si kjo e fundit n\u00eb O Ulqin \u201cQytet i bekuar\u201d,\",\"breadcrumb\":{\"@id\":\"https:\/\/www.visit-ulcinj.com\/blog\/2011\/10\/09\/suad-mehmeti-nje-kenge-per-ulqinin-%e2%80%9cqytet-i-bekuar%e2%80%9d-video\/#breadcrumb\"},\"inLanguage\":\"en-US\",\"potentialAction\":[{\"@type\":\"ReadAction\",\"target\":[\"https:\/\/www.visit-ulcinj.com\/blog\/2011\/10\/09\/suad-mehmeti-nje-kenge-per-ulqinin-%e2%80%9cqytet-i-bekuar%e2%80%9d-video\/\"]}]},{\"@type\":\"BreadcrumbList\",\"@id\":\"https:\/\/www.visit-ulcinj.com\/blog\/2011\/10\/09\/suad-mehmeti-nje-kenge-per-ulqinin-%e2%80%9cqytet-i-bekuar%e2%80%9d-video\/#breadcrumb\",\"itemListElement\":[{\"@type\":\"ListItem\",\"position\":1,\"name\":\"Suad Mehmeti nj\u00eb k\u00ebng\u00eb p\u00ebr Ulqinin \u201cQytet i bekuar\u201d &#8211; Video\"}]},{\"@type\":\"Person\",\"@id\":\"https:\/\/www.visit-ulcinj.com\/blog\/#\/schema\/person\/dcab619c614d3038751c63bc2aadc06d\",\"name\":\"ulqini\",\"sameAs\":[\"http:\/\/www.visit-ulcinj.com\"],\"url\":\"https:\/\/www.visit-ulcinj.com\/blog\/author\/admin\/\"}]}<\/script>\n<!-- \/ Yoast SEO plugin. -->","yoast_head_json":{"title":"Suad Mehmeti nj\u00eb k\u00ebng\u00eb p\u00ebr Ulqinin \u201cQytet i bekuar\u201d - Video - Lajme nga Ulqini","description":"Nuk ishte nj\u00eb dalldi momenti, por nj\u00eb k\u00ebng\u00eb e frym\u00ebzuar nga dashuria q\u00eb t\u00eb l\u00eb pa gjum\u00eb. Ai shquhet p\u00ebr balada si kjo e fundit n\u00eb O Ulqin \u201cQytet i bekuar\u201d,","robots":{"index":"index","follow":"follow","max-snippet":"max-snippet:-1","max-image-preview":"max-image-preview:large","max-video-preview":"max-video-preview:-1"},"canonical":"https:\/\/www.visit-ulcinj.com\/blog\/2011\/10\/09\/suad-mehmeti-nje-kenge-per-ulqinin-\u201cqytet-i-bekuar\u201d-video\/","og_locale":"en_US","og_type":"article","og_title":"Suad Mehmeti nj\u00eb k\u00ebng\u00eb p\u00ebr Ulqinin \u201cQytet i bekuar\u201d - Video - Lajme nga Ulqini","og_description":"Nuk ishte nj\u00eb dalldi momenti, por nj\u00eb k\u00ebng\u00eb e frym\u00ebzuar nga dashuria q\u00eb t\u00eb l\u00eb pa gjum\u00eb. Ai shquhet p\u00ebr balada si kjo e fundit n\u00eb O Ulqin \u201cQytet i bekuar\u201d,","og_url":"https:\/\/www.visit-ulcinj.com\/blog\/2011\/10\/09\/suad-mehmeti-nje-kenge-per-ulqinin-\u201cqytet-i-bekuar\u201d-video\/","og_site_name":"Lajme nga Ulqini","article_published_time":"2011-10-09T20:10:03+00:00","article_modified_time":"2011-10-09T20:54:06+00:00","og_image":[{"url":"http:\/\/www.visit-ulcinj.com\/blog\/wp-content\/uploads\/2011\/10\/Suad-Mehmeti_Ulqin_Ulqini.jpg"}],"twitter_misc":{"Written by":"ulqini","Est. reading time":"1 minute"},"schema":{"@context":"https:\/\/schema.org","@graph":[{"@type":"WebSite","@id":"https:\/\/www.visit-ulcinj.com\/blog\/#website","url":"https:\/\/www.visit-ulcinj.com\/blog\/","name":"Lajme nga Ulqini","description":"Lajme,Vijesti,Ulqini,Ulqin,Crna Gora,Mali i Zi","potentialAction":[{"@type":"SearchAction","target":{"@type":"EntryPoint","urlTemplate":"https:\/\/www.visit-ulcinj.com\/blog\/?s={search_term_string}"},"query-input":"required name=search_term_string"}],"inLanguage":"en-US"},{"@type":"ImageObject","inLanguage":"en-US","@id":"https:\/\/www.visit-ulcinj.com\/blog\/2011\/10\/09\/suad-mehmeti-nje-kenge-per-ulqinin-%e2%80%9cqytet-i-bekuar%e2%80%9d-video\/#primaryimage","url":"https:\/\/www.visit-ulcinj.com\/blog\/wp-content\/uploads\/2011\/10\/Suad-Mehmeti_Ulqin_Ulqini.jpg","contentUrl":"https:\/\/www.visit-ulcinj.com\/blog\/wp-content\/uploads\/2011\/10\/Suad-Mehmeti_Ulqin_Ulqini.jpg","width":"720","height":"540"},{"@type":"WebPage","@id":"https:\/\/www.visit-ulcinj.com\/blog\/2011\/10\/09\/suad-mehmeti-nje-kenge-per-ulqinin-%e2%80%9cqytet-i-bekuar%e2%80%9d-video\/#webpage","url":"https:\/\/www.visit-ulcinj.com\/blog\/2011\/10\/09\/suad-mehmeti-nje-kenge-per-ulqinin-%e2%80%9cqytet-i-bekuar%e2%80%9d-video\/","name":"Suad Mehmeti nj\u00eb k\u00ebng\u00eb p\u00ebr Ulqinin \u201cQytet i bekuar\u201d - Video - Lajme nga Ulqini","isPartOf":{"@id":"https:\/\/www.visit-ulcinj.com\/blog\/#website"},"primaryImageOfPage":{"@id":"https:\/\/www.visit-ulcinj.com\/blog\/2011\/10\/09\/suad-mehmeti-nje-kenge-per-ulqinin-%e2%80%9cqytet-i-bekuar%e2%80%9d-video\/#primaryimage"},"datePublished":"2011-10-09T20:10:03+00:00","dateModified":"2011-10-09T20:54:06+00:00","author":{"@id":"https:\/\/www.visit-ulcinj.com\/blog\/#\/schema\/person\/dcab619c614d3038751c63bc2aadc06d"},"description":"Nuk ishte nj\u00eb dalldi momenti, por nj\u00eb k\u00ebng\u00eb e frym\u00ebzuar nga dashuria q\u00eb t\u00eb l\u00eb pa gjum\u00eb. Ai shquhet p\u00ebr balada si kjo e fundit n\u00eb O Ulqin \u201cQytet i bekuar\u201d,","breadcrumb":{"@id":"https:\/\/www.visit-ulcinj.com\/blog\/2011\/10\/09\/suad-mehmeti-nje-kenge-per-ulqinin-%e2%80%9cqytet-i-bekuar%e2%80%9d-video\/#breadcrumb"},"inLanguage":"en-US","potentialAction":[{"@type":"ReadAction","target":["https:\/\/www.visit-ulcinj.com\/blog\/2011\/10\/09\/suad-mehmeti-nje-kenge-per-ulqinin-%e2%80%9cqytet-i-bekuar%e2%80%9d-video\/"]}]},{"@type":"BreadcrumbList","@id":"https:\/\/www.visit-ulcinj.com\/blog\/2011\/10\/09\/suad-mehmeti-nje-kenge-per-ulqinin-%e2%80%9cqytet-i-bekuar%e2%80%9d-video\/#breadcrumb","itemListElement":[{"@type":"ListItem","position":1,"name":"Suad Mehmeti nj\u00eb k\u00ebng\u00eb p\u00ebr Ulqinin \u201cQytet i bekuar\u201d &#8211; Video"}]},{"@type":"Person","@id":"https:\/\/www.visit-ulcinj.com\/blog\/#\/schema\/person\/dcab619c614d3038751c63bc2aadc06d","name":"ulqini","sameAs":["http:\/\/www.visit-ulcinj.com"],"url":"https:\/\/www.visit-ulcinj.com\/blog\/author\/admin\/"}]}},"jetpack_featured_media_url":"","jetpack_sharing_enabled":true,"jetpack_shortlink":"https:\/\/wp.me\/pe6lTn-dvK","_links":{"self":[{"href":"https:\/\/www.visit-ulcinj.com\/blog\/wp-json\/wp\/v2\/posts\/51940"}],"collection":[{"href":"https:\/\/www.visit-ulcinj.com\/blog\/wp-json\/wp\/v2\/posts"}],"about":[{"href":"https:\/\/www.visit-ulcinj.com\/blog\/wp-json\/wp\/v2\/types\/post"}],"author":[{"embeddable":true,"href":"https:\/\/www.visit-ulcinj.com\/blog\/wp-json\/wp\/v2\/users\/1"}],"replies":[{"embeddable":true,"href":"https:\/\/www.visit-ulcinj.com\/blog\/wp-json\/wp\/v2\/comments?post=51940"}],"version-history":[{"count":3,"href":"https:\/\/www.visit-ulcinj.com\/blog\/wp-json\/wp\/v2\/posts\/51940\/revisions"}],"predecessor-version":[{"id":51950,"href":"https:\/\/www.visit-ulcinj.com\/blog\/wp-json\/wp\/v2\/posts\/51940\/revisions\/51950"}],"wp:attachment":[{"href":"https:\/\/www.visit-ulcinj.com\/blog\/wp-json\/wp\/v2\/media?parent=51940"}],"wp:term":[{"taxonomy":"category","embeddable":true,"href":"https:\/\/www.visit-ulcinj.com\/blog\/wp-json\/wp\/v2\/categories?post=51940"},{"taxonomy":"post_tag","embeddable":true,"href":"https:\/\/www.visit-ulcinj.com\/blog\/wp-json\/wp\/v2\/tags?post=51940"}],"curies":[{"name":"wp","href":"https:\/\/api.w.org\/{rel}","templated":true}]}}