{"id":51956,"date":"2011-10-10T11:32:06","date_gmt":"2011-10-10T10:32:06","guid":{"rendered":"http:\/\/www.visit-ulcinj.com\/blog\/?p=51956"},"modified":"2011-10-10T11:32:06","modified_gmt":"2011-10-10T10:32:06","slug":"prezentimi-kulturor-i-malit-te-zi-ne-vjene","status":"publish","type":"post","link":"https:\/\/www.visit-ulcinj.com\/blog\/2011\/10\/10\/prezentimi-kulturor-i-malit-te-zi-ne-vjene\/","title":{"rendered":"Prezentimi kulturor i Malit te Zi ne Vjen\u00eb"},"content":{"rendered":"<p><a href=\"http:\/\/www.visit-ulcinj.com\/blog\/wp-content\/uploads\/2011\/10\/Sejdin-Dino-Mehmeti-dhe-Shoqata-bilaterale-Austrijako-Malazeze.jpg\"><img loading=\"lazy\" class=\"alignleft size-full wp-image-51961\" title=\",Si cdo here, incijativen kryesore per realizim e ketij prezentimi kulturor ne Vjene ishte bashkeatdhetari yne ne Austri Sejdin Dino Mehmeti dhe Shoqata bilaterale Austrijako-Malazeze  Mali i Zi, mysafir ne Vjene Prezentimi kulturor i Malit te Zi ne Vjene permes  ansamblit vokal nga Kotorri \u201eBisernice Boke\u201c si dhe ansamblit te valleve nga Ulqini \u201ePorta di danca\u201c. N\u00eb manifestimet  kulturore qe organizohen rregullisht ne Vjene nga Shoqata bilaterale \u201eAustrijako-Malazeze\u201c, edhe ksaj here  prej dates 15.09.- 18.09.2011  u prezentuan tradicionet  kulturore me kenge , valle dhe kuzhine nga regjionet tona, permes  ansamblit vokal nga Kotorri \u201eBisernice Boke\u201c si dhe ansamblit te valleve nga Ulqini \u201ePorta di danca\u201c. U realizuan gjithesejt tre prezentime : ne ndertesen e Kombeve te Bashkuara (UNO-City Vienna), ne shkollen \u201cKarl Schubert Schule\u201d dhe ne festen vjetore \u201cRodauner Kirtag\u201d te bashkis 23 te Vjenes. Kulminacioni i ivenamenteve ishte natyrisht prezentimi qe u mbajt ne UNO- City Vienna, ku ne mesin e k\u00ebsaj atmosfere t\u00eb ngroh\u00ebt ishin dhe mysafiret e larte nga ambasada e Malit te Zi, si dhe antaret e kryesive te shoqatave te ndryshme bilaterale. U organizua edhe nje koktej rasti nen perkujdesjen e drejtorit te UNIDO-s,  Dr. Ranko Vujacic . E rendesishme ishte edhe koncerti benefit qe u mbajt ne shkollen per f\u00ebmij\u00eb me nevoja t\u00eb ve\u00e7anta. \u201cKarl Shubert Schule\u201d. Ne nje atmosfere emocionale, mysafiret i pershendeti drejtori i shkolles zoteri Horst Berg si dhe nenkryetari i shoqates bilaterale \u201eAustrijako-Malazeze\u201c zotri Sejdin Dino Mehmeti. N\u00eb mesin e k\u00ebsaj atmosfere t\u00eb ngroh\u00ebt, ishin t\u00eb pranish\u00ebm edhe Kryetari i bashkis 23 te Vjenes zoteri Manfred Wurm si dhe perfaqesuesit e Ambasades.  Te ardhurat financiale nga ky koncert u dhuruan ne menye solemne shkolles se lartpermendur.   \u00cbsht\u00eb m\u00eb rend\u00ebsi t\u00eb p\u00ebrmendet se edhe ksaj radhe si iniciator kryesor per realizimin dhe udheheqjen e  ketij projekti, ishte bashkatdhetari i yne ne Vjene zoteri Sejdin Dino Mehmeti, i cili  vite me radhe realizon takime te ndryshme kulturore, sportive, politike si dhe  bashkepunim e shkollave,  ndermjet Austris dhe Malit te Zi. Ngel te shpresojme se ne festat e ardhshme te perseriten  kremtimet e  tille me shume perkushtim, pune dhe emocion te vecante.  Nga Vjena Melisa Mehmeti\" src=\"http:\/\/www.visit-ulcinj.com\/blog\/wp-content\/uploads\/2011\/10\/Sejdin-Dino-Mehmeti-dhe-Shoqata-bilaterale-Austrijako-Malazeze.jpg\" alt=\"\" width=\"330\" height=\"400\" \/><\/a>Si cdo here, incijativen kryesore per realizim e ketij prezentimi kulturor ne Vjene ishte bashkeatdhetari yne ne Austri Sejdin Dino Mehmeti dhe Shoqata bilaterale Austrijako-Malazeze<\/p>\n<p align=\"center\"><strong><span style=\"text-decoration: underline;\">Mali i Zi, mysafir ne Vjene<\/span><\/strong><\/p>\n<p align=\"center\"><strong>Prezentimi kulturor i Malit te Zi ne Vjene permes\u00a0 ansamblit vokal nga Kotorri \u201eBisernice Boke\u201c si dhe ansamblit te valleve nga Ulqini \u201ePorta di danca\u201c.<\/strong><\/p>\n<p>N\u00eb manifestimet\u00a0 kulturore qe organizohen rregullisht ne Vjene nga Shoqata bilaterale \u201eAustrijako-Malazeze\u201c, edhe ksaj here\u00a0 prej dates 15.09.- 18.09.2011\u00a0 u prezentuan tradicionet\u00a0 kulturore me kenge , valle dhe kuzhine nga regjionet tona, permes\u00a0 ansamblit vokal nga Kotorri \u201eBisernice Boke\u201c si dhe ansamblit te valleve nga Ulqini \u201ePorta di danca\u201c.<br \/>\n<a href=\"http:\/\/www.visit-ulcinj.com\/blog\/wp-content\/uploads\/2011\/10\/Sejdin-Dino-Mehmeti-dhe-Shoqata-bilaterale-Austrijako-Malazeze.1.jpg\"><img loading=\"lazy\" class=\"alignleft size-full wp-image-51957\" title=\"Sejdin Dino Mehmeti dhe Shoqata bilaterale Austrijako-Malazeze.1\" src=\"http:\/\/www.visit-ulcinj.com\/blog\/wp-content\/uploads\/2011\/10\/Sejdin-Dino-Mehmeti-dhe-Shoqata-bilaterale-Austrijako-Malazeze.1.jpg\" alt=\"\" width=\"508\" height=\"380\" \/><\/a><\/p>\n<p>U realizuan gjithesejt tre prezentime\u00a0: ne ndertesen e Kombeve te Bashkuara (UNO-City Vienna), ne shkollen \u201cKarl Schubert Schule\u201d dhe ne festen vjetore \u201cRodauner Kirtag\u201d te bashkis 23 te Vjenes.<\/p>\n<p>Kulminacioni i ivenamenteve ishte natyrisht prezentimi qe u mbajt ne UNO- City Vienna, ku ne mesin e k\u00ebsaj atmosfere t\u00eb ngroh\u00ebt ishin dhe mysafiret e larte nga ambasada e Malit te Zi, si dhe antaret e kryesive te shoqatave te ndryshme bilaterale. U organizua edhe nje koktej rasti nen perkujdesjen e drejtorit te UNIDO-s,\u00a0 Dr. Ranko Vujacic .<\/p>\n<p>E rendesishme ishte edhe koncerti benefit qe u mbajt ne shkollen per f\u00ebmij\u00eb me nevoja t\u00eb ve\u00e7anta<em>.<\/em> \u201cKarl Shubert Schule\u201d. Ne nje atmosfere emocionale, mysafiret i pershendeti drejtori i shkolles zoteri Horst Berg si dhe nenkryetari i shoqates bilaterale \u201eAustrijako-Malazeze\u201c zotri Sejdin Dino Mehmeti. N\u00eb mesin e k\u00ebsaj atmosfere t\u00eb ngroh\u00ebt, ishin t\u00eb pranish\u00ebm edhe Kryetari i bashkis 23 te Vjenes zoteri Manfred Wurm si dhe perfaqesuesit e Ambasades. \u00a0Te ardhurat financiale nga ky koncert u dhuruan ne menye solemne shkolles se lartpermendur.<\/p>\n<p>\u00cbsht\u00eb m\u00eb rend\u00ebsi t\u00eb p\u00ebrmendet se edhe ksaj radhe si iniciator kryesor per realizimin dhe udheheqjen e\u00a0 ketij projekti, ishte bashkatdhetari i yne ne Vjene zoteri Sejdin Dino Mehmeti, i cili\u00a0 vite me radhe realizon takime te ndryshme kulturore, sportive, politike si dhe\u00a0 bashkepunim e shkollave,\u00a0 ndermjet Austris dhe Malit te Zi.<\/p>\n<p>Ngel te shpresojme se ne festat e ardhshme te perseriten\u00a0 kremtimet e\u00a0 tille me shume perkushtim, pune dhe emocion te vecante.<\/p>\n<p><strong>Nga Vjena<\/strong><\/p>\n<p><strong>Melisa Mehmeti<br \/>\n\n\t\t<style type=\"text\/css\">\n\t\t\t#gallery-1 {\n\t\t\t\tmargin: auto;\n\t\t\t}\n\t\t\t#gallery-1 .gallery-item {\n\t\t\t\tfloat: left;\n\t\t\t\tmargin-top: 10px;\n\t\t\t\ttext-align: center;\n\t\t\t\twidth: 33%;\n\t\t\t}\n\t\t\t#gallery-1 img {\n\t\t\t\tborder: 2px solid #cfcfcf;\n\t\t\t}\n\t\t\t#gallery-1 .gallery-caption {\n\t\t\t\tmargin-left: 0;\n\t\t\t}\n\t\t\t\/* see gallery_shortcode() in wp-includes\/media.php *\/\n\t\t<\/style>\n\t\t<div id='gallery-1' class='gallery galleryid-51956 gallery-columns-3 gallery-size-thumbnail'><dl class='gallery-item'>\n\t\t\t<dt class='gallery-icon landscape'>\n\t\t\t\t<a href='https:\/\/www.visit-ulcinj.com\/blog\/wp-content\/uploads\/2011\/10\/Sejdin-Dino-Mehmeti-dhe-Shoqata-bilaterale-Austrijako-Malazeze.1.jpg'><img width=\"150\" height=\"150\" src=\"https:\/\/www.visit-ulcinj.com\/blog\/wp-content\/uploads\/2011\/10\/Sejdin-Dino-Mehmeti-dhe-Shoqata-bilaterale-Austrijako-Malazeze.1-150x150.jpg\" class=\"attachment-thumbnail size-thumbnail\" alt=\"\" loading=\"lazy\" \/><\/a>\n\t\t\t<\/dt><\/dl><dl class='gallery-item'>\n\t\t\t<dt class='gallery-icon landscape'>\n\t\t\t\t<a href='https:\/\/www.visit-ulcinj.com\/blog\/wp-content\/uploads\/2011\/10\/Sejdin-Dino-Mehmeti-dhe-Shoqata-bilaterale-Austrijako-Malazeze.2.jpg'><img width=\"150\" height=\"150\" src=\"https:\/\/www.visit-ulcinj.com\/blog\/wp-content\/uploads\/2011\/10\/Sejdin-Dino-Mehmeti-dhe-Shoqata-bilaterale-Austrijako-Malazeze.2-150x150.jpg\" class=\"attachment-thumbnail size-thumbnail\" alt=\"\" loading=\"lazy\" \/><\/a>\n\t\t\t<\/dt><\/dl><dl class='gallery-item'>\n\t\t\t<dt class='gallery-icon landscape'>\n\t\t\t\t<a href='https:\/\/www.visit-ulcinj.com\/blog\/wp-content\/uploads\/2011\/10\/Sejdin-Dino-Mehmeti-dhe-Shoqata-bilaterale-Austrijako-Malazeze.3.jpg'><img width=\"150\" height=\"150\" src=\"https:\/\/www.visit-ulcinj.com\/blog\/wp-content\/uploads\/2011\/10\/Sejdin-Dino-Mehmeti-dhe-Shoqata-bilaterale-Austrijako-Malazeze.3-150x150.jpg\" class=\"attachment-thumbnail size-thumbnail\" alt=\"\" loading=\"lazy\" \/><\/a>\n\t\t\t<\/dt><\/dl><br style=\"clear: both\" \/><dl class='gallery-item'>\n\t\t\t<dt class='gallery-icon landscape'>\n\t\t\t\t<a href='https:\/\/www.visit-ulcinj.com\/blog\/wp-content\/uploads\/2011\/10\/Sejdin-Dino-Mehmeti-dhe-Shoqata-bilaterale-Austrijako-Malazeze.4.jpg'><img width=\"150\" height=\"150\" src=\"https:\/\/www.visit-ulcinj.com\/blog\/wp-content\/uploads\/2011\/10\/Sejdin-Dino-Mehmeti-dhe-Shoqata-bilaterale-Austrijako-Malazeze.4-150x150.jpg\" class=\"attachment-thumbnail size-thumbnail\" alt=\"\" loading=\"lazy\" \/><\/a>\n\t\t\t<\/dt><\/dl><dl class='gallery-item'>\n\t\t\t<dt class='gallery-icon portrait'>\n\t\t\t\t<a href='https:\/\/www.visit-ulcinj.com\/blog\/wp-content\/uploads\/2011\/10\/Sejdin-Dino-Mehmeti-dhe-Shoqata-bilaterale-Austrijako-Malazeze.jpg'><img width=\"150\" height=\"150\" src=\"https:\/\/www.visit-ulcinj.com\/blog\/wp-content\/uploads\/2011\/10\/Sejdin-Dino-Mehmeti-dhe-Shoqata-bilaterale-Austrijako-Malazeze-150x150.jpg\" class=\"attachment-thumbnail size-thumbnail\" alt=\"\" loading=\"lazy\" \/><\/a>\n\t\t\t<\/dt><\/dl>\n\t\t\t<br style='clear: both' \/>\n\t\t<\/div>\n<br \/>\n<\/strong><\/p>\n","protected":false},"excerpt":{"rendered":"<p>Si cdo here, incijativen kryesore per realizim e ketij prezentimi kulturor ne Vjene ishte bashkeatdhetari yne ne Austri Sejdin Dino Mehmeti dhe Shoqata bilaterale Austrijako-Malazeze Mali i Zi, mysafir ne Vjene Prezentimi kulturor i Malit te Zi ne Vjene permes\u00a0 ansamblit vokal nga Kotorri \u201eBisernice Boke\u201c si dhe ansamblit te valleve nga Ulqini \u201ePorta di [&hellip;]<\/p>\n","protected":false},"author":1,"featured_media":0,"comment_status":"open","ping_status":"closed","sticky":false,"template":"","format":"standard","meta":{"spay_email":"","jetpack_publicize_message":"","jetpack_is_tweetstorm":false,"jetpack_publicize_feature_enabled":true},"categories":[13],"tags":[16050,19200,200,18],"jetpack_publicize_connections":[],"yoast_head":"<!-- This site is optimized with the Yoast SEO plugin v19.1 - https:\/\/yoast.com\/wordpress\/plugins\/seo\/ -->\n<title>Prezentimi kulturor i Malit te Zi ne Vjen\u00eb - Lajme nga Ulqini<\/title>\n<meta name=\"description\" content=\"Si cdo here, incijativen kryesore per realizim e ketij prezentimi kulturor ne Vjene ishte bashkeatdhetari yne ne Austri Sejdin Dino Mehmeti dhe Shoqata\" \/>\n<meta name=\"robots\" content=\"index, follow, max-snippet:-1, max-image-preview:large, max-video-preview:-1\" \/>\n<link rel=\"canonical\" href=\"https:\/\/www.visit-ulcinj.com\/blog\/2011\/10\/10\/prezentimi-kulturor-i-malit-te-zi-ne-vjene\/\" \/>\n<meta property=\"og:locale\" content=\"en_US\" \/>\n<meta property=\"og:type\" content=\"article\" \/>\n<meta property=\"og:title\" content=\"Prezentimi kulturor i Malit te Zi ne Vjen\u00eb - Lajme nga Ulqini\" \/>\n<meta property=\"og:description\" content=\"Si cdo here, incijativen kryesore per realizim e ketij prezentimi kulturor ne Vjene ishte bashkeatdhetari yne ne Austri Sejdin Dino Mehmeti dhe Shoqata\" \/>\n<meta property=\"og:url\" content=\"https:\/\/www.visit-ulcinj.com\/blog\/2011\/10\/10\/prezentimi-kulturor-i-malit-te-zi-ne-vjene\/\" \/>\n<meta property=\"og:site_name\" content=\"Lajme nga Ulqini\" \/>\n<meta property=\"article:published_time\" content=\"2011-10-10T10:32:06+00:00\" \/>\n<meta property=\"og:image\" content=\"https:\/\/www.visit-ulcinj.com\/blog\/wp-content\/uploads\/2011\/10\/Sejdin-Dino-Mehmeti-dhe-Shoqata-bilaterale-Austrijako-Malazeze.1-150x150.jpg\" \/>\n<meta name=\"twitter:label1\" content=\"Written by\" \/>\n\t<meta name=\"twitter:data1\" content=\"ulqini\" \/>\n\t<meta name=\"twitter:label2\" content=\"Est. reading time\" \/>\n\t<meta name=\"twitter:data2\" content=\"2 minutes\" \/>\n<script type=\"application\/ld+json\" class=\"yoast-schema-graph\">{\"@context\":\"https:\/\/schema.org\",\"@graph\":[{\"@type\":\"WebSite\",\"@id\":\"https:\/\/www.visit-ulcinj.com\/blog\/#website\",\"url\":\"https:\/\/www.visit-ulcinj.com\/blog\/\",\"name\":\"Lajme nga Ulqini\",\"description\":\"Lajme,Vijesti,Ulqini,Ulqin,Crna Gora,Mali i Zi\",\"potentialAction\":[{\"@type\":\"SearchAction\",\"target\":{\"@type\":\"EntryPoint\",\"urlTemplate\":\"https:\/\/www.visit-ulcinj.com\/blog\/?s={search_term_string}\"},\"query-input\":\"required name=search_term_string\"}],\"inLanguage\":\"en-US\"},{\"@type\":\"ImageObject\",\"inLanguage\":\"en-US\",\"@id\":\"https:\/\/www.visit-ulcinj.com\/blog\/2011\/10\/10\/prezentimi-kulturor-i-malit-te-zi-ne-vjene\/#primaryimage\",\"url\":\"https:\/\/www.visit-ulcinj.com\/blog\/wp-content\/uploads\/2011\/10\/Sejdin-Dino-Mehmeti-dhe-Shoqata-bilaterale-Austrijako-Malazeze.jpg\",\"contentUrl\":\"https:\/\/www.visit-ulcinj.com\/blog\/wp-content\/uploads\/2011\/10\/Sejdin-Dino-Mehmeti-dhe-Shoqata-bilaterale-Austrijako-Malazeze.jpg\",\"width\":\"1114\",\"height\":\"1234\"},{\"@type\":\"WebPage\",\"@id\":\"https:\/\/www.visit-ulcinj.com\/blog\/2011\/10\/10\/prezentimi-kulturor-i-malit-te-zi-ne-vjene\/#webpage\",\"url\":\"https:\/\/www.visit-ulcinj.com\/blog\/2011\/10\/10\/prezentimi-kulturor-i-malit-te-zi-ne-vjene\/\",\"name\":\"Prezentimi kulturor i Malit te Zi ne Vjen\u00eb - Lajme nga Ulqini\",\"isPartOf\":{\"@id\":\"https:\/\/www.visit-ulcinj.com\/blog\/#website\"},\"primaryImageOfPage\":{\"@id\":\"https:\/\/www.visit-ulcinj.com\/blog\/2011\/10\/10\/prezentimi-kulturor-i-malit-te-zi-ne-vjene\/#primaryimage\"},\"datePublished\":\"2011-10-10T10:32:06+00:00\",\"dateModified\":\"2011-10-10T10:32:06+00:00\",\"author\":{\"@id\":\"https:\/\/www.visit-ulcinj.com\/blog\/#\/schema\/person\/dcab619c614d3038751c63bc2aadc06d\"},\"description\":\"Si cdo here, incijativen kryesore per realizim e ketij prezentimi kulturor ne Vjene ishte bashkeatdhetari yne ne Austri Sejdin Dino Mehmeti dhe Shoqata\",\"breadcrumb\":{\"@id\":\"https:\/\/www.visit-ulcinj.com\/blog\/2011\/10\/10\/prezentimi-kulturor-i-malit-te-zi-ne-vjene\/#breadcrumb\"},\"inLanguage\":\"en-US\",\"potentialAction\":[{\"@type\":\"ReadAction\",\"target\":[\"https:\/\/www.visit-ulcinj.com\/blog\/2011\/10\/10\/prezentimi-kulturor-i-malit-te-zi-ne-vjene\/\"]}]},{\"@type\":\"BreadcrumbList\",\"@id\":\"https:\/\/www.visit-ulcinj.com\/blog\/2011\/10\/10\/prezentimi-kulturor-i-malit-te-zi-ne-vjene\/#breadcrumb\",\"itemListElement\":[{\"@type\":\"ListItem\",\"position\":1,\"name\":\"Prezentimi kulturor i Malit te Zi ne Vjen\u00eb\"}]},{\"@type\":\"Person\",\"@id\":\"https:\/\/www.visit-ulcinj.com\/blog\/#\/schema\/person\/dcab619c614d3038751c63bc2aadc06d\",\"name\":\"ulqini\",\"sameAs\":[\"http:\/\/www.visit-ulcinj.com\"],\"url\":\"https:\/\/www.visit-ulcinj.com\/blog\/author\/admin\/\"}]}<\/script>\n<!-- \/ Yoast SEO plugin. -->","yoast_head_json":{"title":"Prezentimi kulturor i Malit te Zi ne Vjen\u00eb - Lajme nga Ulqini","description":"Si cdo here, incijativen kryesore per realizim e ketij prezentimi kulturor ne Vjene ishte bashkeatdhetari yne ne Austri Sejdin Dino Mehmeti dhe Shoqata","robots":{"index":"index","follow":"follow","max-snippet":"max-snippet:-1","max-image-preview":"max-image-preview:large","max-video-preview":"max-video-preview:-1"},"canonical":"https:\/\/www.visit-ulcinj.com\/blog\/2011\/10\/10\/prezentimi-kulturor-i-malit-te-zi-ne-vjene\/","og_locale":"en_US","og_type":"article","og_title":"Prezentimi kulturor i Malit te Zi ne Vjen\u00eb - Lajme nga Ulqini","og_description":"Si cdo here, incijativen kryesore per realizim e ketij prezentimi kulturor ne Vjene ishte bashkeatdhetari yne ne Austri Sejdin Dino Mehmeti dhe Shoqata","og_url":"https:\/\/www.visit-ulcinj.com\/blog\/2011\/10\/10\/prezentimi-kulturor-i-malit-te-zi-ne-vjene\/","og_site_name":"Lajme nga Ulqini","article_published_time":"2011-10-10T10:32:06+00:00","og_image":[{"url":"https:\/\/www.visit-ulcinj.com\/blog\/wp-content\/uploads\/2011\/10\/Sejdin-Dino-Mehmeti-dhe-Shoqata-bilaterale-Austrijako-Malazeze.1-150x150.jpg"}],"twitter_misc":{"Written by":"ulqini","Est. reading time":"2 minutes"},"schema":{"@context":"https:\/\/schema.org","@graph":[{"@type":"WebSite","@id":"https:\/\/www.visit-ulcinj.com\/blog\/#website","url":"https:\/\/www.visit-ulcinj.com\/blog\/","name":"Lajme nga Ulqini","description":"Lajme,Vijesti,Ulqini,Ulqin,Crna Gora,Mali i Zi","potentialAction":[{"@type":"SearchAction","target":{"@type":"EntryPoint","urlTemplate":"https:\/\/www.visit-ulcinj.com\/blog\/?s={search_term_string}"},"query-input":"required name=search_term_string"}],"inLanguage":"en-US"},{"@type":"ImageObject","inLanguage":"en-US","@id":"https:\/\/www.visit-ulcinj.com\/blog\/2011\/10\/10\/prezentimi-kulturor-i-malit-te-zi-ne-vjene\/#primaryimage","url":"https:\/\/www.visit-ulcinj.com\/blog\/wp-content\/uploads\/2011\/10\/Sejdin-Dino-Mehmeti-dhe-Shoqata-bilaterale-Austrijako-Malazeze.jpg","contentUrl":"https:\/\/www.visit-ulcinj.com\/blog\/wp-content\/uploads\/2011\/10\/Sejdin-Dino-Mehmeti-dhe-Shoqata-bilaterale-Austrijako-Malazeze.jpg","width":"1114","height":"1234"},{"@type":"WebPage","@id":"https:\/\/www.visit-ulcinj.com\/blog\/2011\/10\/10\/prezentimi-kulturor-i-malit-te-zi-ne-vjene\/#webpage","url":"https:\/\/www.visit-ulcinj.com\/blog\/2011\/10\/10\/prezentimi-kulturor-i-malit-te-zi-ne-vjene\/","name":"Prezentimi kulturor i Malit te Zi ne Vjen\u00eb - Lajme nga Ulqini","isPartOf":{"@id":"https:\/\/www.visit-ulcinj.com\/blog\/#website"},"primaryImageOfPage":{"@id":"https:\/\/www.visit-ulcinj.com\/blog\/2011\/10\/10\/prezentimi-kulturor-i-malit-te-zi-ne-vjene\/#primaryimage"},"datePublished":"2011-10-10T10:32:06+00:00","dateModified":"2011-10-10T10:32:06+00:00","author":{"@id":"https:\/\/www.visit-ulcinj.com\/blog\/#\/schema\/person\/dcab619c614d3038751c63bc2aadc06d"},"description":"Si cdo here, incijativen kryesore per realizim e ketij prezentimi kulturor ne Vjene ishte bashkeatdhetari yne ne Austri Sejdin Dino Mehmeti dhe Shoqata","breadcrumb":{"@id":"https:\/\/www.visit-ulcinj.com\/blog\/2011\/10\/10\/prezentimi-kulturor-i-malit-te-zi-ne-vjene\/#breadcrumb"},"inLanguage":"en-US","potentialAction":[{"@type":"ReadAction","target":["https:\/\/www.visit-ulcinj.com\/blog\/2011\/10\/10\/prezentimi-kulturor-i-malit-te-zi-ne-vjene\/"]}]},{"@type":"BreadcrumbList","@id":"https:\/\/www.visit-ulcinj.com\/blog\/2011\/10\/10\/prezentimi-kulturor-i-malit-te-zi-ne-vjene\/#breadcrumb","itemListElement":[{"@type":"ListItem","position":1,"name":"Prezentimi kulturor i Malit te Zi ne Vjen\u00eb"}]},{"@type":"Person","@id":"https:\/\/www.visit-ulcinj.com\/blog\/#\/schema\/person\/dcab619c614d3038751c63bc2aadc06d","name":"ulqini","sameAs":["http:\/\/www.visit-ulcinj.com"],"url":"https:\/\/www.visit-ulcinj.com\/blog\/author\/admin\/"}]}},"jetpack_featured_media_url":"","jetpack_sharing_enabled":true,"jetpack_shortlink":"https:\/\/wp.me\/pe6lTn-dw0","_links":{"self":[{"href":"https:\/\/www.visit-ulcinj.com\/blog\/wp-json\/wp\/v2\/posts\/51956"}],"collection":[{"href":"https:\/\/www.visit-ulcinj.com\/blog\/wp-json\/wp\/v2\/posts"}],"about":[{"href":"https:\/\/www.visit-ulcinj.com\/blog\/wp-json\/wp\/v2\/types\/post"}],"author":[{"embeddable":true,"href":"https:\/\/www.visit-ulcinj.com\/blog\/wp-json\/wp\/v2\/users\/1"}],"replies":[{"embeddable":true,"href":"https:\/\/www.visit-ulcinj.com\/blog\/wp-json\/wp\/v2\/comments?post=51956"}],"version-history":[{"count":2,"href":"https:\/\/www.visit-ulcinj.com\/blog\/wp-json\/wp\/v2\/posts\/51956\/revisions"}],"predecessor-version":[{"id":51963,"href":"https:\/\/www.visit-ulcinj.com\/blog\/wp-json\/wp\/v2\/posts\/51956\/revisions\/51963"}],"wp:attachment":[{"href":"https:\/\/www.visit-ulcinj.com\/blog\/wp-json\/wp\/v2\/media?parent=51956"}],"wp:term":[{"taxonomy":"category","embeddable":true,"href":"https:\/\/www.visit-ulcinj.com\/blog\/wp-json\/wp\/v2\/categories?post=51956"},{"taxonomy":"post_tag","embeddable":true,"href":"https:\/\/www.visit-ulcinj.com\/blog\/wp-json\/wp\/v2\/tags?post=51956"}],"curies":[{"name":"wp","href":"https:\/\/api.w.org\/{rel}","templated":true}]}}