{"id":51973,"date":"2011-10-10T18:49:38","date_gmt":"2011-10-10T17:49:38","guid":{"rendered":"http:\/\/www.visit-ulcinj.com\/blog\/?p=51973"},"modified":"2011-10-10T18:58:14","modified_gmt":"2011-10-10T17:58:14","slug":"taekwondo-ulqini-fiton-kupen-e-vendit-te-dyte-ne-turneun-%e2%80%9ctheranda-open-2011%e2%80%9d","status":"publish","type":"post","link":"https:\/\/www.visit-ulcinj.com\/blog\/2011\/10\/10\/taekwondo-ulqini-fiton-kupen-e-vendit-te-dyte-ne-turneun-%e2%80%9ctheranda-open-2011%e2%80%9d\/","title":{"rendered":"Taekwondo Ulqini fiton kup\u00ebn e vendit t\u00eb dyt\u00eb n\u00eb turneun \u201cTheranda open 2011\u201d"},"content":{"rendered":"<p><strong><a href=\"http:\/\/www.visit-ulcinj.com\/blog\/wp-content\/uploads\/2011\/10\/Taekwondo-Ulqini-ne-turneun-Theranda-open-2011.jpg\"><img loading=\"lazy\" class=\"alignleft size-full wp-image-51981\" title=\"Taekwondo Ulqini ne turneun Theranda open 2011\" src=\"http:\/\/www.visit-ulcinj.com\/blog\/wp-content\/uploads\/2011\/10\/Taekwondo-Ulqini-ne-turneun-Theranda-open-2011.jpg\" alt=\"\" width=\"508\" height=\"380\" srcset=\"https:\/\/www.visit-ulcinj.com\/blog\/wp-content\/uploads\/2011\/10\/Taekwondo-Ulqini-ne-turneun-Theranda-open-2011.jpg 1024w, https:\/\/www.visit-ulcinj.com\/blog\/wp-content\/uploads\/2011\/10\/Taekwondo-Ulqini-ne-turneun-Theranda-open-2011-300x225.jpg 300w\" sizes=\"(max-width: 508px) 100vw, 508px\" \/><\/a>T\u00eb shtunen me dat\u00eb 01.10.2011 n\u00eb\u00a0 Suharek\u00eb\u00a0 u mbajt turneu nd\u00ebrkomb\u00ebtar \u201cTheranda open 2011\u201d<\/strong><\/p>\n<p>N\u00eb k\u00ebt\u00eb turne u paraqiten 4 shtete Kroacia, Mali i Zi, Shqip\u00ebria dhe Kosova, 14 klube me rreth 200 garues.<\/p>\n<p>Klubi i Taekwondo-s\u00eb Ulqini n\u00eb k\u00ebt\u00eb turne u paraqit\u00eb me 18 garues, nd\u00ebrsa suksesi i klubit t\u00eb Taekwondo-s\u00eb Ulqini nuk mungoj\u00eb as n\u00eb k\u00ebt\u00eb turne i cili arrin\u00eb t\u00eb fitoj\u00eb\u00a0 gjithsejt\u00eb\u00a0 17 medalje\u00a0 prej tyre 7 medalje t\u00eb arta, 10 t\u00eb argjend\u00ebta.\u00a0 Nga klubi i Taekwondo-s\u00eb Ulqini\u00a0 garuesi Mersudin Kurti shpallet garuesi m\u00eb i mir\u00eb i turneut n\u00eb kategorin\u00eb e kadet\u00ebve i cili konkuroj n\u00eb dy kategori n\u00eb at\u00eb t\u00eb kadet\u00ebve dhe t\u00eb junior\u00ebve dhe shp\u00ebrblehet me medalje t\u00eb art\u00eb n\u00eb kategorin\u00eb e kadet\u00ebve nd\u00ebrsa n\u00eb kategorin\u00eb e junior\u00ebve fiton medaljen e argjend\u00eb si dhe shp\u00ebrblehet me nj\u00eb kup.<br \/>\n<a href=\"http:\/\/www.visit-ulcinj.com\/blog\/wp-content\/uploads\/2011\/10\/Taekwondo-Ulqini-ne-turneun-Theranda-open-2011.4.jpg\"><img loading=\"lazy\" class=\"alignleft size-full wp-image-51977\" title=\"Taekwondo Ulqini ne turneun Theranda open 2011.4\" src=\"http:\/\/www.visit-ulcinj.com\/blog\/wp-content\/uploads\/2011\/10\/Taekwondo-Ulqini-ne-turneun-Theranda-open-2011.4.jpg\" alt=\"\" width=\"508\" height=\"330\" \/><\/a><\/p>\n<p><strong>Me medalje t\u00eb art\u00eb n\u00eb k\u00ebt\u00eb turne fituan:<\/strong><\/p>\n<p>1.\u00a0\u00a0\u00a0\u00a0\u00a0\u00a0 Mersudin Kurti<\/p>\n<p>2.\u00a0\u00a0\u00a0\u00a0\u00a0\u00a0 Sulejman Murati<\/p>\n<p>3.\u00a0\u00a0\u00a0\u00a0\u00a0\u00a0 Allmedin Suka<\/p>\n<p>4.\u00a0\u00a0\u00a0\u00a0\u00a0\u00a0 Medina Kanqi<\/p>\n<p>5.\u00a0\u00a0\u00a0\u00a0\u00a0\u00a0 Nuri Kanaqi<\/p>\n<p>6.\u00a0\u00a0\u00a0\u00a0\u00a0\u00a0 Rinor Jahja<\/p>\n<p>7.\u00a0\u00a0\u00a0\u00a0\u00a0\u00a0 Edina Kraja<\/p>\n<p><strong>Me medalje t\u00eb argjend\u00eb u shp\u00ebrblyen garuesit:<\/strong><\/p>\n<p>1.\u00a0\u00a0\u00a0\u00a0\u00a0\u00a0 Amir Suka<\/p>\n<p>2.\u00a0\u00a0\u00a0\u00a0\u00a0\u00a0 Levent Murati<\/p>\n<p>3.\u00a0\u00a0\u00a0\u00a0\u00a0\u00a0 Amina Kanaqi<\/p>\n<p>4.\u00a0\u00a0\u00a0\u00a0\u00a0\u00a0 Ramazan Jahja<\/p>\n<p>5.\u00a0\u00a0\u00a0\u00a0\u00a0\u00a0 Izedin Kurti<\/p>\n<p>6.\u00a0\u00a0\u00a0\u00a0\u00a0\u00a0 Amir Suka<\/p>\n<p>7.\u00a0\u00a0\u00a0\u00a0\u00a0\u00a0 Esad Kraja<\/p>\n<p>8.\u00a0\u00a0\u00a0\u00a0\u00a0\u00a0 Ilderina Ukoshata<\/p>\n<p>9.\u00a0\u00a0\u00a0\u00a0\u00a0\u00a0 Rrezarta Hysa<\/p>\n<p>10.\u00a0\u00a0 Artan Fici<br \/>\n<a href=\"http:\/\/www.visit-ulcinj.com\/blog\/wp-content\/uploads\/2011\/10\/Taekwondo-Ulqini-ne-turneun-Theranda-open-2011.2.jpg\"><img loading=\"lazy\" class=\"alignleft size-full wp-image-51975\" title=\"Taekwondo Ulqini ne turneun Theranda open 2011.2\" src=\"http:\/\/www.visit-ulcinj.com\/blog\/wp-content\/uploads\/2011\/10\/Taekwondo-Ulqini-ne-turneun-Theranda-open-2011.2.jpg\" alt=\"\" width=\"508\" height=\"330\" \/><\/a><\/p>\n<p>Kryetrajneri Fikret Dushku p\u00ebr k\u00ebt\u00eb rezultat shprehet: Kjo p\u00ebrb\u00ebn edhe nj\u00eb sukses t\u00eb lart\u00eb t\u00eb klubit t\u00eb taekwondo-s\u00eb Ulqini n\u00eb aren\u00ebn nd\u00ebrkomb\u00ebtare, mendoj se jemi n\u00eb nj\u00eb rrug\u00eb t\u00eb vazhdueshme t\u00eb sukseseve pa nd\u00ebrprerje. Garuesit tan\u00eb treguan kvalitet t\u00eb lart\u00eb\u00a0 dhe me dinjitet p\u00ebrfaqsuam qytetin e Ulqinit si sportista nd\u00ebrkomb\u00ebtar\u00eb. P\u00ebrsonalisht iu uroj suksese garuesve tan\u00eb , njikoh\u00ebshisht falenderoj prind\u00ebrit e garuesve t\u00eb cil\u00ebt b\u00ebn\u00eb t\u00eb pamund\u00ebr\u00ebn q\u00eb t\u00eb marrim pjes\u00eb n\u00eb k\u00ebt\u00eb turne si dhe\u00a0 sponsorin Tapacir kurti poshtu i p\u00ebrshendesim t\u00eb gjith\u00eb fansat tan\u00eb si dhe ata q\u00eb na p\u00ebrkrahin n\u00eb sukseset tona, ju faleminderit t\u00eb gjithve.<\/p>\n<p><strong>Sh\u00ebrbimi informativ i Taekowndo-s\u00eb Ulqini.<br \/>\n\n\t\t<style type=\"text\/css\">\n\t\t\t#gallery-1 {\n\t\t\t\tmargin: auto;\n\t\t\t}\n\t\t\t#gallery-1 .gallery-item {\n\t\t\t\tfloat: left;\n\t\t\t\tmargin-top: 10px;\n\t\t\t\ttext-align: center;\n\t\t\t\twidth: 33%;\n\t\t\t}\n\t\t\t#gallery-1 img {\n\t\t\t\tborder: 2px solid #cfcfcf;\n\t\t\t}\n\t\t\t#gallery-1 .gallery-caption {\n\t\t\t\tmargin-left: 0;\n\t\t\t}\n\t\t\t\/* see gallery_shortcode() in wp-includes\/media.php *\/\n\t\t<\/style>\n\t\t<div id='gallery-1' class='gallery galleryid-51973 gallery-columns-3 gallery-size-thumbnail'><dl class='gallery-item'>\n\t\t\t<dt class='gallery-icon landscape'>\n\t\t\t\t<a href='https:\/\/www.visit-ulcinj.com\/blog\/wp-content\/uploads\/2011\/10\/Taekwondo-Ulqini-ne-turneun-Theranda-open-2011.1.jpg'><img width=\"150\" height=\"150\" src=\"https:\/\/www.visit-ulcinj.com\/blog\/wp-content\/uploads\/2011\/10\/Taekwondo-Ulqini-ne-turneun-Theranda-open-2011.1-150x150.jpg\" class=\"attachment-thumbnail size-thumbnail\" alt=\"\" loading=\"lazy\" \/><\/a>\n\t\t\t<\/dt><\/dl><dl class='gallery-item'>\n\t\t\t<dt class='gallery-icon landscape'>\n\t\t\t\t<a href='https:\/\/www.visit-ulcinj.com\/blog\/wp-content\/uploads\/2011\/10\/Taekwondo-Ulqini-ne-turneun-Theranda-open-2011.2.jpg'><img width=\"150\" height=\"150\" src=\"https:\/\/www.visit-ulcinj.com\/blog\/wp-content\/uploads\/2011\/10\/Taekwondo-Ulqini-ne-turneun-Theranda-open-2011.2-150x150.jpg\" class=\"attachment-thumbnail size-thumbnail\" alt=\"\" loading=\"lazy\" \/><\/a>\n\t\t\t<\/dt><\/dl><dl class='gallery-item'>\n\t\t\t<dt class='gallery-icon landscape'>\n\t\t\t\t<a href='https:\/\/www.visit-ulcinj.com\/blog\/wp-content\/uploads\/2011\/10\/Taekwondo-Ulqini-ne-turneun-Theranda-open-2011.3.jpg'><img width=\"150\" height=\"150\" src=\"https:\/\/www.visit-ulcinj.com\/blog\/wp-content\/uploads\/2011\/10\/Taekwondo-Ulqini-ne-turneun-Theranda-open-2011.3-150x150.jpg\" class=\"attachment-thumbnail size-thumbnail\" alt=\"\" loading=\"lazy\" \/><\/a>\n\t\t\t<\/dt><\/dl><br style=\"clear: both\" \/><dl class='gallery-item'>\n\t\t\t<dt class='gallery-icon landscape'>\n\t\t\t\t<a href='https:\/\/www.visit-ulcinj.com\/blog\/wp-content\/uploads\/2011\/10\/Taekwondo-Ulqini-ne-turneun-Theranda-open-2011.4.jpg'><img width=\"150\" height=\"150\" src=\"https:\/\/www.visit-ulcinj.com\/blog\/wp-content\/uploads\/2011\/10\/Taekwondo-Ulqini-ne-turneun-Theranda-open-2011.4-150x150.jpg\" class=\"attachment-thumbnail size-thumbnail\" alt=\"\" loading=\"lazy\" \/><\/a>\n\t\t\t<\/dt><\/dl><dl class='gallery-item'>\n\t\t\t<dt class='gallery-icon landscape'>\n\t\t\t\t<a href='https:\/\/www.visit-ulcinj.com\/blog\/wp-content\/uploads\/2011\/10\/Taekwondo-Ulqini-ne-turneun-Theranda-open-2011.5.jpg'><img width=\"150\" height=\"150\" src=\"https:\/\/www.visit-ulcinj.com\/blog\/wp-content\/uploads\/2011\/10\/Taekwondo-Ulqini-ne-turneun-Theranda-open-2011.5-150x150.jpg\" class=\"attachment-thumbnail size-thumbnail\" alt=\"\" loading=\"lazy\" \/><\/a>\n\t\t\t<\/dt><\/dl><dl class='gallery-item'>\n\t\t\t<dt class='gallery-icon landscape'>\n\t\t\t\t<a href='https:\/\/www.visit-ulcinj.com\/blog\/wp-content\/uploads\/2011\/10\/Taekwondo-Ulqini-ne-turneun-Theranda-open-2011.6.jpg'><img width=\"150\" height=\"150\" src=\"https:\/\/www.visit-ulcinj.com\/blog\/wp-content\/uploads\/2011\/10\/Taekwondo-Ulqini-ne-turneun-Theranda-open-2011.6-150x150.jpg\" class=\"attachment-thumbnail size-thumbnail\" alt=\"\" loading=\"lazy\" \/><\/a>\n\t\t\t<\/dt><\/dl><br style=\"clear: both\" \/><dl class='gallery-item'>\n\t\t\t<dt class='gallery-icon landscape'>\n\t\t\t\t<a href='https:\/\/www.visit-ulcinj.com\/blog\/wp-content\/uploads\/2011\/10\/Taekwondo-Ulqini-ne-turneun-Theranda-open-2011.7.jpg'><img width=\"150\" height=\"150\" src=\"https:\/\/www.visit-ulcinj.com\/blog\/wp-content\/uploads\/2011\/10\/Taekwondo-Ulqini-ne-turneun-Theranda-open-2011.7-150x150.jpg\" class=\"attachment-thumbnail size-thumbnail\" alt=\"\" loading=\"lazy\" \/><\/a>\n\t\t\t<\/dt><\/dl><dl class='gallery-item'>\n\t\t\t<dt class='gallery-icon landscape'>\n\t\t\t\t<a href='https:\/\/www.visit-ulcinj.com\/blog\/wp-content\/uploads\/2011\/10\/Taekwondo-Ulqini-ne-turneun-Theranda-open-2011.jpg'><img width=\"150\" height=\"150\" src=\"https:\/\/www.visit-ulcinj.com\/blog\/wp-content\/uploads\/2011\/10\/Taekwondo-Ulqini-ne-turneun-Theranda-open-2011-150x150.jpg\" class=\"attachment-thumbnail size-thumbnail\" alt=\"\" loading=\"lazy\" \/><\/a>\n\t\t\t<\/dt><\/dl><dl class='gallery-item'>\n\t\t\t<dt class='gallery-icon landscape'>\n\t\t\t\t<a href='https:\/\/www.visit-ulcinj.com\/blog\/wp-content\/uploads\/2011\/10\/Taekwondo-Ulqini-ne-turneun-Theranda-open-2011.8.jpg'><img width=\"150\" height=\"150\" src=\"https:\/\/www.visit-ulcinj.com\/blog\/wp-content\/uploads\/2011\/10\/Taekwondo-Ulqini-ne-turneun-Theranda-open-2011.8-150x150.jpg\" class=\"attachment-thumbnail size-thumbnail\" alt=\"\" loading=\"lazy\" \/><\/a>\n\t\t\t<\/dt><\/dl><br style=\"clear: both\" \/>\n\t\t<\/div>\n<\/p>\n<p><\/strong><\/p>\n<p>&nbsp;<\/p>\n","protected":false},"excerpt":{"rendered":"<p>T\u00eb shtunen me dat\u00eb 01.10.2011 n\u00eb\u00a0 Suharek\u00eb\u00a0 u mbajt turneu nd\u00ebrkomb\u00ebtar \u201cTheranda open 2011\u201d N\u00eb k\u00ebt\u00eb turne u paraqiten 4 shtete Kroacia, Mali i Zi, Shqip\u00ebria dhe Kosova, 14 klube me rreth 200 garues. Klubi i Taekwondo-s\u00eb Ulqini n\u00eb k\u00ebt\u00eb turne u paraqit\u00eb me 18 garues, nd\u00ebrsa suksesi i klubit t\u00eb Taekwondo-s\u00eb Ulqini nuk mungoj\u00eb [&hellip;]<\/p>\n","protected":false},"author":1,"featured_media":0,"comment_status":"open","ping_status":"closed","sticky":false,"template":"","format":"standard","meta":{"spay_email":"","jetpack_publicize_message":"","jetpack_is_tweetstorm":false,"jetpack_publicize_feature_enabled":true},"categories":[3],"tags":[13141,19204],"jetpack_publicize_connections":[],"yoast_head":"<!-- This site is optimized with the Yoast SEO plugin v19.1 - https:\/\/yoast.com\/wordpress\/plugins\/seo\/ -->\n<title>Taekwondo Ulqini fiton kup\u00ebn e vendit t\u00eb dyt\u00eb n\u00eb turneun \u201cTheranda open 2011\u201d - Lajme nga Ulqini<\/title>\n<meta name=\"description\" content=\"T\u00eb shtunen me dat\u00eb 01.10.2011 n\u00eb\u00a0 Suharek\u00eb\u00a0 u mbajt turneu nd\u00ebrkomb\u00ebtar \u201cTheranda open 2011\u201d N\u00eb k\u00ebt\u00eb turne u paraqiten 4 shtete Kroacia, Mali i Zi,\" \/>\n<meta name=\"robots\" content=\"index, follow, max-snippet:-1, max-image-preview:large, max-video-preview:-1\" \/>\n<link rel=\"canonical\" href=\"https:\/\/www.visit-ulcinj.com\/blog\/2011\/10\/10\/taekwondo-ulqini-fiton-kupen-e-vendit-te-dyte-ne-turneun-\u201ctheranda-open-2011\u201d\/\" \/>\n<meta property=\"og:locale\" content=\"en_US\" \/>\n<meta property=\"og:type\" content=\"article\" \/>\n<meta property=\"og:title\" content=\"Taekwondo Ulqini fiton kup\u00ebn e vendit t\u00eb dyt\u00eb n\u00eb turneun \u201cTheranda open 2011\u201d - Lajme nga Ulqini\" \/>\n<meta property=\"og:description\" content=\"T\u00eb shtunen me dat\u00eb 01.10.2011 n\u00eb\u00a0 Suharek\u00eb\u00a0 u mbajt turneu nd\u00ebrkomb\u00ebtar \u201cTheranda open 2011\u201d N\u00eb k\u00ebt\u00eb turne u paraqiten 4 shtete Kroacia, Mali i Zi,\" \/>\n<meta property=\"og:url\" content=\"https:\/\/www.visit-ulcinj.com\/blog\/2011\/10\/10\/taekwondo-ulqini-fiton-kupen-e-vendit-te-dyte-ne-turneun-\u201ctheranda-open-2011\u201d\/\" \/>\n<meta property=\"og:site_name\" content=\"Lajme nga Ulqini\" \/>\n<meta property=\"article:published_time\" content=\"2011-10-10T17:49:38+00:00\" \/>\n<meta property=\"article:modified_time\" content=\"2011-10-10T17:58:14+00:00\" \/>\n<meta property=\"og:image\" content=\"https:\/\/www.visit-ulcinj.com\/blog\/wp-content\/uploads\/2011\/10\/Taekwondo-Ulqini-ne-turneun-Theranda-open-2011.1-150x150.jpg\" \/>\n<meta name=\"twitter:label1\" content=\"Written by\" \/>\n\t<meta name=\"twitter:data1\" content=\"ulqini\" \/>\n\t<meta name=\"twitter:label2\" content=\"Est. reading time\" \/>\n\t<meta name=\"twitter:data2\" content=\"2 minutes\" \/>\n<script type=\"application\/ld+json\" class=\"yoast-schema-graph\">{\"@context\":\"https:\/\/schema.org\",\"@graph\":[{\"@type\":\"WebSite\",\"@id\":\"https:\/\/www.visit-ulcinj.com\/blog\/#website\",\"url\":\"https:\/\/www.visit-ulcinj.com\/blog\/\",\"name\":\"Lajme nga Ulqini\",\"description\":\"Lajme,Vijesti,Ulqini,Ulqin,Crna Gora,Mali i Zi\",\"potentialAction\":[{\"@type\":\"SearchAction\",\"target\":{\"@type\":\"EntryPoint\",\"urlTemplate\":\"https:\/\/www.visit-ulcinj.com\/blog\/?s={search_term_string}\"},\"query-input\":\"required name=search_term_string\"}],\"inLanguage\":\"en-US\"},{\"@type\":\"ImageObject\",\"inLanguage\":\"en-US\",\"@id\":\"https:\/\/www.visit-ulcinj.com\/blog\/2011\/10\/10\/taekwondo-ulqini-fiton-kupen-e-vendit-te-dyte-ne-turneun-%e2%80%9ctheranda-open-2011%e2%80%9d\/#primaryimage\",\"url\":\"https:\/\/www.visit-ulcinj.com\/blog\/wp-content\/uploads\/2011\/10\/Taekwondo-Ulqini-ne-turneun-Theranda-open-2011.jpg\",\"contentUrl\":\"https:\/\/www.visit-ulcinj.com\/blog\/wp-content\/uploads\/2011\/10\/Taekwondo-Ulqini-ne-turneun-Theranda-open-2011.jpg\",\"width\":\"1024\",\"height\":\"768\"},{\"@type\":\"WebPage\",\"@id\":\"https:\/\/www.visit-ulcinj.com\/blog\/2011\/10\/10\/taekwondo-ulqini-fiton-kupen-e-vendit-te-dyte-ne-turneun-%e2%80%9ctheranda-open-2011%e2%80%9d\/#webpage\",\"url\":\"https:\/\/www.visit-ulcinj.com\/blog\/2011\/10\/10\/taekwondo-ulqini-fiton-kupen-e-vendit-te-dyte-ne-turneun-%e2%80%9ctheranda-open-2011%e2%80%9d\/\",\"name\":\"Taekwondo Ulqini fiton kup\u00ebn e vendit t\u00eb dyt\u00eb n\u00eb turneun \u201cTheranda open 2011\u201d - Lajme nga Ulqini\",\"isPartOf\":{\"@id\":\"https:\/\/www.visit-ulcinj.com\/blog\/#website\"},\"primaryImageOfPage\":{\"@id\":\"https:\/\/www.visit-ulcinj.com\/blog\/2011\/10\/10\/taekwondo-ulqini-fiton-kupen-e-vendit-te-dyte-ne-turneun-%e2%80%9ctheranda-open-2011%e2%80%9d\/#primaryimage\"},\"datePublished\":\"2011-10-10T17:49:38+00:00\",\"dateModified\":\"2011-10-10T17:58:14+00:00\",\"author\":{\"@id\":\"https:\/\/www.visit-ulcinj.com\/blog\/#\/schema\/person\/dcab619c614d3038751c63bc2aadc06d\"},\"description\":\"T\u00eb shtunen me dat\u00eb 01.10.2011 n\u00eb\u00a0 Suharek\u00eb\u00a0 u mbajt turneu nd\u00ebrkomb\u00ebtar \u201cTheranda open 2011\u201d N\u00eb k\u00ebt\u00eb turne u paraqiten 4 shtete Kroacia, Mali i Zi,\",\"breadcrumb\":{\"@id\":\"https:\/\/www.visit-ulcinj.com\/blog\/2011\/10\/10\/taekwondo-ulqini-fiton-kupen-e-vendit-te-dyte-ne-turneun-%e2%80%9ctheranda-open-2011%e2%80%9d\/#breadcrumb\"},\"inLanguage\":\"en-US\",\"potentialAction\":[{\"@type\":\"ReadAction\",\"target\":[\"https:\/\/www.visit-ulcinj.com\/blog\/2011\/10\/10\/taekwondo-ulqini-fiton-kupen-e-vendit-te-dyte-ne-turneun-%e2%80%9ctheranda-open-2011%e2%80%9d\/\"]}]},{\"@type\":\"BreadcrumbList\",\"@id\":\"https:\/\/www.visit-ulcinj.com\/blog\/2011\/10\/10\/taekwondo-ulqini-fiton-kupen-e-vendit-te-dyte-ne-turneun-%e2%80%9ctheranda-open-2011%e2%80%9d\/#breadcrumb\",\"itemListElement\":[{\"@type\":\"ListItem\",\"position\":1,\"name\":\"Taekwondo Ulqini fiton kup\u00ebn e vendit t\u00eb dyt\u00eb n\u00eb turneun \u201cTheranda open 2011\u201d\"}]},{\"@type\":\"Person\",\"@id\":\"https:\/\/www.visit-ulcinj.com\/blog\/#\/schema\/person\/dcab619c614d3038751c63bc2aadc06d\",\"name\":\"ulqini\",\"sameAs\":[\"http:\/\/www.visit-ulcinj.com\"],\"url\":\"https:\/\/www.visit-ulcinj.com\/blog\/author\/admin\/\"}]}<\/script>\n<!-- \/ Yoast SEO plugin. -->","yoast_head_json":{"title":"Taekwondo Ulqini fiton kup\u00ebn e vendit t\u00eb dyt\u00eb n\u00eb turneun \u201cTheranda open 2011\u201d - Lajme nga Ulqini","description":"T\u00eb shtunen me dat\u00eb 01.10.2011 n\u00eb\u00a0 Suharek\u00eb\u00a0 u mbajt turneu nd\u00ebrkomb\u00ebtar \u201cTheranda open 2011\u201d N\u00eb k\u00ebt\u00eb turne u paraqiten 4 shtete Kroacia, Mali i Zi,","robots":{"index":"index","follow":"follow","max-snippet":"max-snippet:-1","max-image-preview":"max-image-preview:large","max-video-preview":"max-video-preview:-1"},"canonical":"https:\/\/www.visit-ulcinj.com\/blog\/2011\/10\/10\/taekwondo-ulqini-fiton-kupen-e-vendit-te-dyte-ne-turneun-\u201ctheranda-open-2011\u201d\/","og_locale":"en_US","og_type":"article","og_title":"Taekwondo Ulqini fiton kup\u00ebn e vendit t\u00eb dyt\u00eb n\u00eb turneun \u201cTheranda open 2011\u201d - Lajme nga Ulqini","og_description":"T\u00eb shtunen me dat\u00eb 01.10.2011 n\u00eb\u00a0 Suharek\u00eb\u00a0 u mbajt turneu nd\u00ebrkomb\u00ebtar \u201cTheranda open 2011\u201d N\u00eb k\u00ebt\u00eb turne u paraqiten 4 shtete Kroacia, Mali i Zi,","og_url":"https:\/\/www.visit-ulcinj.com\/blog\/2011\/10\/10\/taekwondo-ulqini-fiton-kupen-e-vendit-te-dyte-ne-turneun-\u201ctheranda-open-2011\u201d\/","og_site_name":"Lajme nga Ulqini","article_published_time":"2011-10-10T17:49:38+00:00","article_modified_time":"2011-10-10T17:58:14+00:00","og_image":[{"url":"https:\/\/www.visit-ulcinj.com\/blog\/wp-content\/uploads\/2011\/10\/Taekwondo-Ulqini-ne-turneun-Theranda-open-2011.1-150x150.jpg"}],"twitter_misc":{"Written by":"ulqini","Est. reading time":"2 minutes"},"schema":{"@context":"https:\/\/schema.org","@graph":[{"@type":"WebSite","@id":"https:\/\/www.visit-ulcinj.com\/blog\/#website","url":"https:\/\/www.visit-ulcinj.com\/blog\/","name":"Lajme nga Ulqini","description":"Lajme,Vijesti,Ulqini,Ulqin,Crna Gora,Mali i Zi","potentialAction":[{"@type":"SearchAction","target":{"@type":"EntryPoint","urlTemplate":"https:\/\/www.visit-ulcinj.com\/blog\/?s={search_term_string}"},"query-input":"required name=search_term_string"}],"inLanguage":"en-US"},{"@type":"ImageObject","inLanguage":"en-US","@id":"https:\/\/www.visit-ulcinj.com\/blog\/2011\/10\/10\/taekwondo-ulqini-fiton-kupen-e-vendit-te-dyte-ne-turneun-%e2%80%9ctheranda-open-2011%e2%80%9d\/#primaryimage","url":"https:\/\/www.visit-ulcinj.com\/blog\/wp-content\/uploads\/2011\/10\/Taekwondo-Ulqini-ne-turneun-Theranda-open-2011.jpg","contentUrl":"https:\/\/www.visit-ulcinj.com\/blog\/wp-content\/uploads\/2011\/10\/Taekwondo-Ulqini-ne-turneun-Theranda-open-2011.jpg","width":"1024","height":"768"},{"@type":"WebPage","@id":"https:\/\/www.visit-ulcinj.com\/blog\/2011\/10\/10\/taekwondo-ulqini-fiton-kupen-e-vendit-te-dyte-ne-turneun-%e2%80%9ctheranda-open-2011%e2%80%9d\/#webpage","url":"https:\/\/www.visit-ulcinj.com\/blog\/2011\/10\/10\/taekwondo-ulqini-fiton-kupen-e-vendit-te-dyte-ne-turneun-%e2%80%9ctheranda-open-2011%e2%80%9d\/","name":"Taekwondo Ulqini fiton kup\u00ebn e vendit t\u00eb dyt\u00eb n\u00eb turneun \u201cTheranda open 2011\u201d - Lajme nga Ulqini","isPartOf":{"@id":"https:\/\/www.visit-ulcinj.com\/blog\/#website"},"primaryImageOfPage":{"@id":"https:\/\/www.visit-ulcinj.com\/blog\/2011\/10\/10\/taekwondo-ulqini-fiton-kupen-e-vendit-te-dyte-ne-turneun-%e2%80%9ctheranda-open-2011%e2%80%9d\/#primaryimage"},"datePublished":"2011-10-10T17:49:38+00:00","dateModified":"2011-10-10T17:58:14+00:00","author":{"@id":"https:\/\/www.visit-ulcinj.com\/blog\/#\/schema\/person\/dcab619c614d3038751c63bc2aadc06d"},"description":"T\u00eb shtunen me dat\u00eb 01.10.2011 n\u00eb\u00a0 Suharek\u00eb\u00a0 u mbajt turneu nd\u00ebrkomb\u00ebtar \u201cTheranda open 2011\u201d N\u00eb k\u00ebt\u00eb turne u paraqiten 4 shtete Kroacia, Mali i Zi,","breadcrumb":{"@id":"https:\/\/www.visit-ulcinj.com\/blog\/2011\/10\/10\/taekwondo-ulqini-fiton-kupen-e-vendit-te-dyte-ne-turneun-%e2%80%9ctheranda-open-2011%e2%80%9d\/#breadcrumb"},"inLanguage":"en-US","potentialAction":[{"@type":"ReadAction","target":["https:\/\/www.visit-ulcinj.com\/blog\/2011\/10\/10\/taekwondo-ulqini-fiton-kupen-e-vendit-te-dyte-ne-turneun-%e2%80%9ctheranda-open-2011%e2%80%9d\/"]}]},{"@type":"BreadcrumbList","@id":"https:\/\/www.visit-ulcinj.com\/blog\/2011\/10\/10\/taekwondo-ulqini-fiton-kupen-e-vendit-te-dyte-ne-turneun-%e2%80%9ctheranda-open-2011%e2%80%9d\/#breadcrumb","itemListElement":[{"@type":"ListItem","position":1,"name":"Taekwondo Ulqini fiton kup\u00ebn e vendit t\u00eb dyt\u00eb n\u00eb turneun \u201cTheranda open 2011\u201d"}]},{"@type":"Person","@id":"https:\/\/www.visit-ulcinj.com\/blog\/#\/schema\/person\/dcab619c614d3038751c63bc2aadc06d","name":"ulqini","sameAs":["http:\/\/www.visit-ulcinj.com"],"url":"https:\/\/www.visit-ulcinj.com\/blog\/author\/admin\/"}]}},"jetpack_featured_media_url":"","jetpack_sharing_enabled":true,"jetpack_shortlink":"https:\/\/wp.me\/pe6lTn-dwh","_links":{"self":[{"href":"https:\/\/www.visit-ulcinj.com\/blog\/wp-json\/wp\/v2\/posts\/51973"}],"collection":[{"href":"https:\/\/www.visit-ulcinj.com\/blog\/wp-json\/wp\/v2\/posts"}],"about":[{"href":"https:\/\/www.visit-ulcinj.com\/blog\/wp-json\/wp\/v2\/types\/post"}],"author":[{"embeddable":true,"href":"https:\/\/www.visit-ulcinj.com\/blog\/wp-json\/wp\/v2\/users\/1"}],"replies":[{"embeddable":true,"href":"https:\/\/www.visit-ulcinj.com\/blog\/wp-json\/wp\/v2\/comments?post=51973"}],"version-history":[{"count":4,"href":"https:\/\/www.visit-ulcinj.com\/blog\/wp-json\/wp\/v2\/posts\/51973\/revisions"}],"predecessor-version":[{"id":51986,"href":"https:\/\/www.visit-ulcinj.com\/blog\/wp-json\/wp\/v2\/posts\/51973\/revisions\/51986"}],"wp:attachment":[{"href":"https:\/\/www.visit-ulcinj.com\/blog\/wp-json\/wp\/v2\/media?parent=51973"}],"wp:term":[{"taxonomy":"category","embeddable":true,"href":"https:\/\/www.visit-ulcinj.com\/blog\/wp-json\/wp\/v2\/categories?post=51973"},{"taxonomy":"post_tag","embeddable":true,"href":"https:\/\/www.visit-ulcinj.com\/blog\/wp-json\/wp\/v2\/tags?post=51973"}],"curies":[{"name":"wp","href":"https:\/\/api.w.org\/{rel}","templated":true}]}}