{"id":52003,"date":"2011-10-11T15:32:35","date_gmt":"2011-10-11T14:32:35","guid":{"rendered":"http:\/\/www.visit-ulcinj.com\/blog\/?p=52003"},"modified":"2011-10-11T15:32:35","modified_gmt":"2011-10-11T14:32:35","slug":"rozi-dhe-rezi-u-rrahen-dhe-u-puthen-ne-buze-video","status":"publish","type":"post","link":"https:\/\/www.visit-ulcinj.com\/blog\/2011\/10\/11\/rozi-dhe-rezi-u-rrahen-dhe-u-puthen-ne-buze-video\/","title":{"rendered":"Rozi dhe Rezi, u rrah\u00ebn dhe u puth\u00ebn n\u00eb buz\u00eb (Video)"},"content":{"rendered":"<p><strong><a href=\"http:\/\/www.visit-ulcinj.com\/blog\/wp-content\/uploads\/2011\/10\/Rozi-dhe-Rezi-puthen-ne-publik.jpg\"><img loading=\"lazy\" class=\"alignleft size-full wp-image-52004\" title=\"Rozi dhe Rezi, puthen ne publik\" src=\"http:\/\/www.visit-ulcinj.com\/blog\/wp-content\/uploads\/2011\/10\/Rozi-dhe-Rezi-puthen-ne-publik.jpg\" alt=\"\" width=\"508\" height=\"380\" \/><\/a>Rozana Radi dhe Rezarta Shkurta i kan\u00eb dhen\u00eb fund konfliktit t\u00eb tyre n\u00eb m\u00ebnyr\u00eb spektakolare. Ato jan\u00eb \u2018rrahur\u2019 por edhe jan\u00eb ofruar aq af\u00ebr nj\u00ebra tjetr\u00ebs sa kan\u00eb f\u00ebrkuar buz\u00ebt.<\/strong><\/p>\n<p><strong>Dy vip-at e estrad\u00ebs shqiptare, jan\u00eb \u2018puthur\u2019 n\u00eb buz\u00eb, por edhe kan\u00eb zhvilluar nj\u00eb meq boksi.<br \/>\nRozana Radi e ka \u2018rrahur\u2019 Rezarta Shkurten n\u00eb nj\u00eb meq boksi. Nga tre rundet sa ishte i parapar\u00eb, Rozi e ka nokautuar Rezin dy her\u00eb, duke e fituar ndeshjen.<\/strong><\/p>\n<p>Jo vet\u00ebm kaq, dy k\u00ebng\u00ebtaret q\u00eb prej koh\u00ebsh ndodhen n\u00eb nj\u00eb konflikt, tani i jan\u00eb aq pran\u00eb nj\u00ebra tjetr\u00ebs sa edhe kan\u00eb f\u00ebrkuar buz\u00ebt.<\/p>\n<p>Rozana Radi dhe Rezarta Shkurta, derisa b\u00ebnin nj\u00eb loj\u00eb me nj\u00eb kart\u00eb bixhozi i kan\u00eb puthitur buz\u00ebt disa here n\u00eb \u2018luft\u00eb\u2019 p\u00ebr t\u00eb mos e len kart\u00ebn t\u2019u bije n\u00eb tok\u00eb.<\/p>\n<p>E gjith\u00eb kjo nuk ka ndodhur n\u00eb ndonj\u00eb aheng apo ndej private ku edhe mund t\u00eb ishin rrahur me t\u00eb vertet\u00eb, si\u00e7 kishte ndodhur koh\u00eb me par\u00eb, por \u00ebsht\u00eb b\u00ebr\u00eb n\u00eb nj\u00eb loj\u00eb n\u00eb emisionin \u201cE Diela Shqiptare\u201d n\u00eb TV Klan.<\/p>\n<p>Kjo mund t\u00eb jet\u00eb paraqitja me spektakulare e dy k\u00ebng\u00ebtar\u00ebve t\u00eb njohura shqiptare t\u00eb cilat prej vitesh ndodhen n\u00eb nj\u00eb konflikti i cili ka shkuar deri n\u00eb gjykat\u00eb.<\/p>\n<p>N\u00eb vazhdim mund t\u00eb shikoni videon ku Rezarta Shkurta dhe Rozana Radi, bejn\u00eb loj\u00ebn e tyre duke mos nd\u00ebrruar asnj\u00eb llaf nj\u00ebra me tjetr\u00ebn.<\/p>\n<p><strong>Gazeta Shqip Online<\/strong><\/p>\n<p><strong><\/strong><!--YouTube Error: bad URL entered--><\/p>\n","protected":false},"excerpt":{"rendered":"<p>Rozana Radi dhe Rezarta Shkurta i kan\u00eb dhen\u00eb fund konfliktit t\u00eb tyre n\u00eb m\u00ebnyr\u00eb spektakolare. Ato jan\u00eb \u2018rrahur\u2019 por edhe jan\u00eb ofruar aq af\u00ebr nj\u00ebra tjetr\u00ebs sa kan\u00eb f\u00ebrkuar buz\u00ebt. Dy vip-at e estrad\u00ebs shqiptare, jan\u00eb \u2018puthur\u2019 n\u00eb buz\u00eb, por edhe kan\u00eb zhvilluar nj\u00eb meq boksi. Rozana Radi e ka \u2018rrahur\u2019 Rezarta Shkurten n\u00eb nj\u00eb [&hellip;]<\/p>\n","protected":false},"author":1,"featured_media":0,"comment_status":"open","ping_status":"closed","sticky":false,"template":"","format":"standard","meta":{"spay_email":"","jetpack_publicize_message":"","jetpack_is_tweetstorm":false,"jetpack_publicize_feature_enabled":true},"categories":[1],"tags":[4953,4964],"jetpack_publicize_connections":[],"yoast_head":"<!-- This site is optimized with the Yoast SEO plugin v19.1 - https:\/\/yoast.com\/wordpress\/plugins\/seo\/ -->\n<title>Rozi dhe Rezi, u rrah\u00ebn dhe u puth\u00ebn n\u00eb buz\u00eb (Video) - Lajme nga Ulqini<\/title>\n<meta name=\"description\" content=\"Rozana Radi dhe Rezarta Shkurta i kan\u00eb dhen\u00eb fund konfliktit t\u00eb tyre n\u00eb m\u00ebnyr\u00eb spektakolare. Ato jan\u00eb \u2018rrahur\u2019 por edhe jan\u00eb ofruar aq af\u00ebr nj\u00ebra tjetr\u00ebs\" \/>\n<meta name=\"robots\" content=\"index, follow, max-snippet:-1, max-image-preview:large, max-video-preview:-1\" \/>\n<link rel=\"canonical\" href=\"https:\/\/www.visit-ulcinj.com\/blog\/2011\/10\/11\/rozi-dhe-rezi-u-rrahen-dhe-u-puthen-ne-buze-video\/\" \/>\n<meta property=\"og:locale\" content=\"en_US\" \/>\n<meta property=\"og:type\" content=\"article\" \/>\n<meta property=\"og:title\" content=\"Rozi dhe Rezi, u rrah\u00ebn dhe u puth\u00ebn n\u00eb buz\u00eb (Video) - Lajme nga Ulqini\" \/>\n<meta property=\"og:description\" content=\"Rozana Radi dhe Rezarta Shkurta i kan\u00eb dhen\u00eb fund konfliktit t\u00eb tyre n\u00eb m\u00ebnyr\u00eb spektakolare. Ato jan\u00eb \u2018rrahur\u2019 por edhe jan\u00eb ofruar aq af\u00ebr nj\u00ebra tjetr\u00ebs\" \/>\n<meta property=\"og:url\" content=\"https:\/\/www.visit-ulcinj.com\/blog\/2011\/10\/11\/rozi-dhe-rezi-u-rrahen-dhe-u-puthen-ne-buze-video\/\" \/>\n<meta property=\"og:site_name\" content=\"Lajme nga Ulqini\" \/>\n<meta property=\"article:published_time\" content=\"2011-10-11T14:32:35+00:00\" \/>\n<meta property=\"og:image\" content=\"http:\/\/www.visit-ulcinj.com\/blog\/wp-content\/uploads\/2011\/10\/Rozi-dhe-Rezi-puthen-ne-publik.jpg\" \/>\n<meta name=\"twitter:label1\" content=\"Written by\" \/>\n\t<meta name=\"twitter:data1\" content=\"ulqini\" \/>\n\t<meta name=\"twitter:label2\" content=\"Est. reading time\" \/>\n\t<meta name=\"twitter:data2\" content=\"1 minute\" \/>\n<script type=\"application\/ld+json\" class=\"yoast-schema-graph\">{\"@context\":\"https:\/\/schema.org\",\"@graph\":[{\"@type\":\"WebSite\",\"@id\":\"https:\/\/www.visit-ulcinj.com\/blog\/#website\",\"url\":\"https:\/\/www.visit-ulcinj.com\/blog\/\",\"name\":\"Lajme nga Ulqini\",\"description\":\"Lajme,Vijesti,Ulqini,Ulqin,Crna Gora,Mali i Zi\",\"potentialAction\":[{\"@type\":\"SearchAction\",\"target\":{\"@type\":\"EntryPoint\",\"urlTemplate\":\"https:\/\/www.visit-ulcinj.com\/blog\/?s={search_term_string}\"},\"query-input\":\"required name=search_term_string\"}],\"inLanguage\":\"en-US\"},{\"@type\":\"ImageObject\",\"inLanguage\":\"en-US\",\"@id\":\"https:\/\/www.visit-ulcinj.com\/blog\/2011\/10\/11\/rozi-dhe-rezi-u-rrahen-dhe-u-puthen-ne-buze-video\/#primaryimage\",\"url\":\"http:\/\/www.visit-ulcinj.com\/blog\/wp-content\/uploads\/2011\/10\/Rozi-dhe-Rezi-puthen-ne-publik.jpg\",\"contentUrl\":\"http:\/\/www.visit-ulcinj.com\/blog\/wp-content\/uploads\/2011\/10\/Rozi-dhe-Rezi-puthen-ne-publik.jpg\"},{\"@type\":\"WebPage\",\"@id\":\"https:\/\/www.visit-ulcinj.com\/blog\/2011\/10\/11\/rozi-dhe-rezi-u-rrahen-dhe-u-puthen-ne-buze-video\/#webpage\",\"url\":\"https:\/\/www.visit-ulcinj.com\/blog\/2011\/10\/11\/rozi-dhe-rezi-u-rrahen-dhe-u-puthen-ne-buze-video\/\",\"name\":\"Rozi dhe Rezi, u rrah\u00ebn dhe u puth\u00ebn n\u00eb buz\u00eb (Video) - Lajme nga Ulqini\",\"isPartOf\":{\"@id\":\"https:\/\/www.visit-ulcinj.com\/blog\/#website\"},\"primaryImageOfPage\":{\"@id\":\"https:\/\/www.visit-ulcinj.com\/blog\/2011\/10\/11\/rozi-dhe-rezi-u-rrahen-dhe-u-puthen-ne-buze-video\/#primaryimage\"},\"datePublished\":\"2011-10-11T14:32:35+00:00\",\"dateModified\":\"2011-10-11T14:32:35+00:00\",\"author\":{\"@id\":\"https:\/\/www.visit-ulcinj.com\/blog\/#\/schema\/person\/dcab619c614d3038751c63bc2aadc06d\"},\"description\":\"Rozana Radi dhe Rezarta Shkurta i kan\u00eb dhen\u00eb fund konfliktit t\u00eb tyre n\u00eb m\u00ebnyr\u00eb spektakolare. Ato jan\u00eb \u2018rrahur\u2019 por edhe jan\u00eb ofruar aq af\u00ebr nj\u00ebra tjetr\u00ebs\",\"breadcrumb\":{\"@id\":\"https:\/\/www.visit-ulcinj.com\/blog\/2011\/10\/11\/rozi-dhe-rezi-u-rrahen-dhe-u-puthen-ne-buze-video\/#breadcrumb\"},\"inLanguage\":\"en-US\",\"potentialAction\":[{\"@type\":\"ReadAction\",\"target\":[\"https:\/\/www.visit-ulcinj.com\/blog\/2011\/10\/11\/rozi-dhe-rezi-u-rrahen-dhe-u-puthen-ne-buze-video\/\"]}]},{\"@type\":\"BreadcrumbList\",\"@id\":\"https:\/\/www.visit-ulcinj.com\/blog\/2011\/10\/11\/rozi-dhe-rezi-u-rrahen-dhe-u-puthen-ne-buze-video\/#breadcrumb\",\"itemListElement\":[{\"@type\":\"ListItem\",\"position\":1,\"name\":\"Rozi dhe Rezi, u rrah\u00ebn dhe u puth\u00ebn n\u00eb buz\u00eb (Video)\"}]},{\"@type\":\"Person\",\"@id\":\"https:\/\/www.visit-ulcinj.com\/blog\/#\/schema\/person\/dcab619c614d3038751c63bc2aadc06d\",\"name\":\"ulqini\",\"sameAs\":[\"http:\/\/www.visit-ulcinj.com\"],\"url\":\"https:\/\/www.visit-ulcinj.com\/blog\/author\/admin\/\"}]}<\/script>\n<!-- \/ Yoast SEO plugin. -->","yoast_head_json":{"title":"Rozi dhe Rezi, u rrah\u00ebn dhe u puth\u00ebn n\u00eb buz\u00eb (Video) - Lajme nga Ulqini","description":"Rozana Radi dhe Rezarta Shkurta i kan\u00eb dhen\u00eb fund konfliktit t\u00eb tyre n\u00eb m\u00ebnyr\u00eb spektakolare. Ato jan\u00eb \u2018rrahur\u2019 por edhe jan\u00eb ofruar aq af\u00ebr nj\u00ebra tjetr\u00ebs","robots":{"index":"index","follow":"follow","max-snippet":"max-snippet:-1","max-image-preview":"max-image-preview:large","max-video-preview":"max-video-preview:-1"},"canonical":"https:\/\/www.visit-ulcinj.com\/blog\/2011\/10\/11\/rozi-dhe-rezi-u-rrahen-dhe-u-puthen-ne-buze-video\/","og_locale":"en_US","og_type":"article","og_title":"Rozi dhe Rezi, u rrah\u00ebn dhe u puth\u00ebn n\u00eb buz\u00eb (Video) - Lajme nga Ulqini","og_description":"Rozana Radi dhe Rezarta Shkurta i kan\u00eb dhen\u00eb fund konfliktit t\u00eb tyre n\u00eb m\u00ebnyr\u00eb spektakolare. Ato jan\u00eb \u2018rrahur\u2019 por edhe jan\u00eb ofruar aq af\u00ebr nj\u00ebra tjetr\u00ebs","og_url":"https:\/\/www.visit-ulcinj.com\/blog\/2011\/10\/11\/rozi-dhe-rezi-u-rrahen-dhe-u-puthen-ne-buze-video\/","og_site_name":"Lajme nga Ulqini","article_published_time":"2011-10-11T14:32:35+00:00","og_image":[{"url":"http:\/\/www.visit-ulcinj.com\/blog\/wp-content\/uploads\/2011\/10\/Rozi-dhe-Rezi-puthen-ne-publik.jpg"}],"twitter_misc":{"Written by":"ulqini","Est. reading time":"1 minute"},"schema":{"@context":"https:\/\/schema.org","@graph":[{"@type":"WebSite","@id":"https:\/\/www.visit-ulcinj.com\/blog\/#website","url":"https:\/\/www.visit-ulcinj.com\/blog\/","name":"Lajme nga Ulqini","description":"Lajme,Vijesti,Ulqini,Ulqin,Crna Gora,Mali i Zi","potentialAction":[{"@type":"SearchAction","target":{"@type":"EntryPoint","urlTemplate":"https:\/\/www.visit-ulcinj.com\/blog\/?s={search_term_string}"},"query-input":"required name=search_term_string"}],"inLanguage":"en-US"},{"@type":"ImageObject","inLanguage":"en-US","@id":"https:\/\/www.visit-ulcinj.com\/blog\/2011\/10\/11\/rozi-dhe-rezi-u-rrahen-dhe-u-puthen-ne-buze-video\/#primaryimage","url":"http:\/\/www.visit-ulcinj.com\/blog\/wp-content\/uploads\/2011\/10\/Rozi-dhe-Rezi-puthen-ne-publik.jpg","contentUrl":"http:\/\/www.visit-ulcinj.com\/blog\/wp-content\/uploads\/2011\/10\/Rozi-dhe-Rezi-puthen-ne-publik.jpg"},{"@type":"WebPage","@id":"https:\/\/www.visit-ulcinj.com\/blog\/2011\/10\/11\/rozi-dhe-rezi-u-rrahen-dhe-u-puthen-ne-buze-video\/#webpage","url":"https:\/\/www.visit-ulcinj.com\/blog\/2011\/10\/11\/rozi-dhe-rezi-u-rrahen-dhe-u-puthen-ne-buze-video\/","name":"Rozi dhe Rezi, u rrah\u00ebn dhe u puth\u00ebn n\u00eb buz\u00eb (Video) - Lajme nga Ulqini","isPartOf":{"@id":"https:\/\/www.visit-ulcinj.com\/blog\/#website"},"primaryImageOfPage":{"@id":"https:\/\/www.visit-ulcinj.com\/blog\/2011\/10\/11\/rozi-dhe-rezi-u-rrahen-dhe-u-puthen-ne-buze-video\/#primaryimage"},"datePublished":"2011-10-11T14:32:35+00:00","dateModified":"2011-10-11T14:32:35+00:00","author":{"@id":"https:\/\/www.visit-ulcinj.com\/blog\/#\/schema\/person\/dcab619c614d3038751c63bc2aadc06d"},"description":"Rozana Radi dhe Rezarta Shkurta i kan\u00eb dhen\u00eb fund konfliktit t\u00eb tyre n\u00eb m\u00ebnyr\u00eb spektakolare. Ato jan\u00eb \u2018rrahur\u2019 por edhe jan\u00eb ofruar aq af\u00ebr nj\u00ebra tjetr\u00ebs","breadcrumb":{"@id":"https:\/\/www.visit-ulcinj.com\/blog\/2011\/10\/11\/rozi-dhe-rezi-u-rrahen-dhe-u-puthen-ne-buze-video\/#breadcrumb"},"inLanguage":"en-US","potentialAction":[{"@type":"ReadAction","target":["https:\/\/www.visit-ulcinj.com\/blog\/2011\/10\/11\/rozi-dhe-rezi-u-rrahen-dhe-u-puthen-ne-buze-video\/"]}]},{"@type":"BreadcrumbList","@id":"https:\/\/www.visit-ulcinj.com\/blog\/2011\/10\/11\/rozi-dhe-rezi-u-rrahen-dhe-u-puthen-ne-buze-video\/#breadcrumb","itemListElement":[{"@type":"ListItem","position":1,"name":"Rozi dhe Rezi, u rrah\u00ebn dhe u puth\u00ebn n\u00eb buz\u00eb (Video)"}]},{"@type":"Person","@id":"https:\/\/www.visit-ulcinj.com\/blog\/#\/schema\/person\/dcab619c614d3038751c63bc2aadc06d","name":"ulqini","sameAs":["http:\/\/www.visit-ulcinj.com"],"url":"https:\/\/www.visit-ulcinj.com\/blog\/author\/admin\/"}]}},"jetpack_featured_media_url":"","jetpack_sharing_enabled":true,"jetpack_shortlink":"https:\/\/wp.me\/pe6lTn-dwL","_links":{"self":[{"href":"https:\/\/www.visit-ulcinj.com\/blog\/wp-json\/wp\/v2\/posts\/52003"}],"collection":[{"href":"https:\/\/www.visit-ulcinj.com\/blog\/wp-json\/wp\/v2\/posts"}],"about":[{"href":"https:\/\/www.visit-ulcinj.com\/blog\/wp-json\/wp\/v2\/types\/post"}],"author":[{"embeddable":true,"href":"https:\/\/www.visit-ulcinj.com\/blog\/wp-json\/wp\/v2\/users\/1"}],"replies":[{"embeddable":true,"href":"https:\/\/www.visit-ulcinj.com\/blog\/wp-json\/wp\/v2\/comments?post=52003"}],"version-history":[{"count":1,"href":"https:\/\/www.visit-ulcinj.com\/blog\/wp-json\/wp\/v2\/posts\/52003\/revisions"}],"predecessor-version":[{"id":52005,"href":"https:\/\/www.visit-ulcinj.com\/blog\/wp-json\/wp\/v2\/posts\/52003\/revisions\/52005"}],"wp:attachment":[{"href":"https:\/\/www.visit-ulcinj.com\/blog\/wp-json\/wp\/v2\/media?parent=52003"}],"wp:term":[{"taxonomy":"category","embeddable":true,"href":"https:\/\/www.visit-ulcinj.com\/blog\/wp-json\/wp\/v2\/categories?post=52003"},{"taxonomy":"post_tag","embeddable":true,"href":"https:\/\/www.visit-ulcinj.com\/blog\/wp-json\/wp\/v2\/tags?post=52003"}],"curies":[{"name":"wp","href":"https:\/\/api.w.org\/{rel}","templated":true}]}}