{"id":52025,"date":"2011-10-11T17:25:23","date_gmt":"2011-10-11T16:25:23","guid":{"rendered":"http:\/\/www.visit-ulcinj.com\/blog\/?p=52025"},"modified":"2011-10-11T17:25:23","modified_gmt":"2011-10-11T16:25:23","slug":"shqiptaret-bojkotojne-seancen-e-parlamentit-malazias","status":"publish","type":"post","link":"https:\/\/www.visit-ulcinj.com\/blog\/2011\/10\/11\/shqiptaret-bojkotojne-seancen-e-parlamentit-malazias\/","title":{"rendered":"Shqiptar\u00ebt bojkotojn\u00eb seanc\u00ebn e Parlamentit malazias"},"content":{"rendered":"<p><a href=\"http:\/\/www.visit-ulcinj.com\/blog\/wp-content\/uploads\/2011\/10\/PARLAMENTI-I-MALIT-TE-ZI.jpg\"><img loading=\"lazy\" class=\"alignleft size-full wp-image-52026\" title=\"PARLAMENTI-I-MALIT-TE-ZI\" src=\"http:\/\/www.visit-ulcinj.com\/blog\/wp-content\/uploads\/2011\/10\/PARLAMENTI-I-MALIT-TE-ZI.jpg\" alt=\"\" width=\"508\" height=\"380\" \/><\/a>Podgoric\u00eb, 11 tetor &#8211; Qeveria malazeze nuk e do q\u00eb flamuri popullor n\u00eb Mal t\u00eb Zi, t\u00eb jet\u00eb ai trengjyr\u00ebsh, si\u00e7 e ka propozuar blloku opozitar serb, i cili si kusht p\u00ebr t\u00eb p\u00ebrkrahur ndryshimet kushtetuese, k\u00ebrkon q\u00eb t\u00eb definohet edhe gjuha serbe, gjuh\u00eb zyrtare t\u00eb t\u00eb nj\u00ebjtit status me at\u00eb malazeze, q\u00eb shkollimi fillor i nx\u00ebn\u00ebsve serb\u00eb t\u00eb jet\u00eb falas, zgjedhja e k\u00ebshillit gjyq\u00ebsor t\u00eb b\u00ebhet me dy t\u00eb tretat, njofton KosovaLive.<\/p>\n<p>Por, deputet\u00ebt e dy partive n\u00eb pushtet, t\u00eb Partis\u00eb Demokratike t\u00eb Socialist\u00ebve \/PDS\/dhe t\u00eb Partis\u00eb Socialdemokratike \/PSD\/ thon\u00eb se nuk do ta p\u00ebrkrahin at\u00eb propozim t\u00eb opozit\u00ebs n\u00eb parlament.<\/p>\n<p>Funksionari i lart\u00eb dhe deputeti i PDS, Miodrag Vukoviq deklaron se koleg\u00ebt e partis\u00eb s\u00eb tij nuk do ta votojn\u00eb k\u00ebt\u00eb propozim t\u00eb opozit\u00ebs.<\/p>\n<p>Propozimin e opozit\u00ebs nuk do ta p\u00ebrkrahin as ligjv\u00ebn\u00ebsit e PSD, as ata t\u00eb Partis\u00eb boshnjake.<\/p>\n<p>Kuvendari i subjektit m\u00eb t\u00eb madh politik opozitar, Velizar Kalugjeroviq nga Partia Popullore Socialiste, i k\u00ebrc\u00ebnohet koalicionit qeveritar q\u00eb ta miratoj\u00eb k\u00ebt\u00eb propozim edhe t\u00eb \u201cmos b\u00ebj\u00eb tregti politike\u201d.<\/p>\n<p>Sipas tij, n\u00ebse mazhoranca voton kund\u00ebr, at\u00ebher\u00eb shihet qart\u00eb se nuk d\u00ebshiron demokratizim t\u00eb m\u00ebtejm\u00eb t\u00eb shtetit. Ligjv\u00ebn\u00ebsit shqiptar\u00eb nga partit\u00eb nacionale parlamentare opozitare nuk do t\u00eb marrin pjes\u00eb n\u00eb seanc\u00ebn e Parlamentit t\u00eb Malit t\u00eb Zi dit\u00ebn e mart\u00eb, ku n\u00eb rendin e dit\u00ebs \u00ebsht\u00eb propozimi i opozit\u00ebs proserbe p\u00ebr ndryshimin e flamurit malazias.<\/p>\n<p>Shkaku \u00ebsht\u00eb se si pozita edhe opozita kan\u00eb q\u00ebndrim t\u00eb nj\u00ebjt\u00eb kund\u00ebr shqiptar\u00ebve, mb\u00ebshteten Kodin zgjedhor, i cili shqiptar\u00ebve u ka mohuar t\u00eb drejtat e arritura, po kund\u00ebrshtojn\u00eb edhe themelimin e Komun\u00ebs s\u00eb Mal\u00ebsis\u00eb me qend\u00ebr n\u00eb Tuz.<\/p>\n<p><strong>KOHA NET<\/strong><\/p>\n","protected":false},"excerpt":{"rendered":"<p>Podgoric\u00eb, 11 tetor &#8211; Qeveria malazeze nuk e do q\u00eb flamuri popullor n\u00eb Mal t\u00eb Zi, t\u00eb jet\u00eb ai trengjyr\u00ebsh, si\u00e7 e ka propozuar blloku opozitar serb, i cili si kusht p\u00ebr t\u00eb p\u00ebrkrahur ndryshimet kushtetuese, k\u00ebrkon q\u00eb t\u00eb definohet edhe gjuha serbe, gjuh\u00eb zyrtare t\u00eb t\u00eb nj\u00ebjtit status me at\u00eb malazeze, q\u00eb shkollimi fillor [&hellip;]<\/p>\n","protected":false},"author":1,"featured_media":0,"comment_status":"open","ping_status":"closed","sticky":false,"template":"","format":"standard","meta":{"spay_email":"","jetpack_publicize_message":"","jetpack_is_tweetstorm":false,"jetpack_publicize_feature_enabled":true},"categories":[6],"tags":[349],"jetpack_publicize_connections":[],"yoast_head":"<!-- This site is optimized with the Yoast SEO plugin v19.1 - https:\/\/yoast.com\/wordpress\/plugins\/seo\/ -->\n<title>Shqiptar\u00ebt bojkotojn\u00eb seanc\u00ebn e Parlamentit malazias - Lajme nga Ulqini<\/title>\n<meta name=\"description\" content=\"Podgoric\u00eb, 11 tetor - Qeveria malazeze nuk e do q\u00eb flamuri popullor n\u00eb Mal t\u00eb Zi, t\u00eb jet\u00eb ai trengjyr\u00ebsh, si\u00e7 e ka propozuar blloku opozitar serb, i cili\" \/>\n<meta name=\"robots\" content=\"index, follow, max-snippet:-1, max-image-preview:large, max-video-preview:-1\" \/>\n<link rel=\"canonical\" href=\"https:\/\/www.visit-ulcinj.com\/blog\/2011\/10\/11\/shqiptaret-bojkotojne-seancen-e-parlamentit-malazias\/\" \/>\n<meta property=\"og:locale\" content=\"en_US\" \/>\n<meta property=\"og:type\" content=\"article\" \/>\n<meta property=\"og:title\" content=\"Shqiptar\u00ebt bojkotojn\u00eb seanc\u00ebn e Parlamentit malazias - Lajme nga Ulqini\" \/>\n<meta property=\"og:description\" content=\"Podgoric\u00eb, 11 tetor - Qeveria malazeze nuk e do q\u00eb flamuri popullor n\u00eb Mal t\u00eb Zi, t\u00eb jet\u00eb ai trengjyr\u00ebsh, si\u00e7 e ka propozuar blloku opozitar serb, i cili\" \/>\n<meta property=\"og:url\" content=\"https:\/\/www.visit-ulcinj.com\/blog\/2011\/10\/11\/shqiptaret-bojkotojne-seancen-e-parlamentit-malazias\/\" \/>\n<meta property=\"og:site_name\" content=\"Lajme nga Ulqini\" \/>\n<meta property=\"article:published_time\" content=\"2011-10-11T16:25:23+00:00\" \/>\n<meta property=\"og:image\" content=\"http:\/\/www.visit-ulcinj.com\/blog\/wp-content\/uploads\/2011\/10\/PARLAMENTI-I-MALIT-TE-ZI.jpg\" \/>\n<meta name=\"twitter:label1\" content=\"Written by\" \/>\n\t<meta name=\"twitter:data1\" content=\"ulqini\" \/>\n\t<meta name=\"twitter:label2\" content=\"Est. reading time\" \/>\n\t<meta name=\"twitter:data2\" content=\"2 minutes\" \/>\n<script type=\"application\/ld+json\" class=\"yoast-schema-graph\">{\"@context\":\"https:\/\/schema.org\",\"@graph\":[{\"@type\":\"WebSite\",\"@id\":\"https:\/\/www.visit-ulcinj.com\/blog\/#website\",\"url\":\"https:\/\/www.visit-ulcinj.com\/blog\/\",\"name\":\"Lajme nga Ulqini\",\"description\":\"Lajme,Vijesti,Ulqini,Ulqin,Crna Gora,Mali i Zi\",\"potentialAction\":[{\"@type\":\"SearchAction\",\"target\":{\"@type\":\"EntryPoint\",\"urlTemplate\":\"https:\/\/www.visit-ulcinj.com\/blog\/?s={search_term_string}\"},\"query-input\":\"required name=search_term_string\"}],\"inLanguage\":\"en-US\"},{\"@type\":\"ImageObject\",\"inLanguage\":\"en-US\",\"@id\":\"https:\/\/www.visit-ulcinj.com\/blog\/2011\/10\/11\/shqiptaret-bojkotojne-seancen-e-parlamentit-malazias\/#primaryimage\",\"url\":\"https:\/\/www.visit-ulcinj.com\/blog\/wp-content\/uploads\/2011\/10\/PARLAMENTI-I-MALIT-TE-ZI.jpg\",\"contentUrl\":\"https:\/\/www.visit-ulcinj.com\/blog\/wp-content\/uploads\/2011\/10\/PARLAMENTI-I-MALIT-TE-ZI.jpg\",\"width\":\"800\",\"height\":\"555\"},{\"@type\":\"WebPage\",\"@id\":\"https:\/\/www.visit-ulcinj.com\/blog\/2011\/10\/11\/shqiptaret-bojkotojne-seancen-e-parlamentit-malazias\/#webpage\",\"url\":\"https:\/\/www.visit-ulcinj.com\/blog\/2011\/10\/11\/shqiptaret-bojkotojne-seancen-e-parlamentit-malazias\/\",\"name\":\"Shqiptar\u00ebt bojkotojn\u00eb seanc\u00ebn e Parlamentit malazias - Lajme nga Ulqini\",\"isPartOf\":{\"@id\":\"https:\/\/www.visit-ulcinj.com\/blog\/#website\"},\"primaryImageOfPage\":{\"@id\":\"https:\/\/www.visit-ulcinj.com\/blog\/2011\/10\/11\/shqiptaret-bojkotojne-seancen-e-parlamentit-malazias\/#primaryimage\"},\"datePublished\":\"2011-10-11T16:25:23+00:00\",\"dateModified\":\"2011-10-11T16:25:23+00:00\",\"author\":{\"@id\":\"https:\/\/www.visit-ulcinj.com\/blog\/#\/schema\/person\/dcab619c614d3038751c63bc2aadc06d\"},\"description\":\"Podgoric\u00eb, 11 tetor - Qeveria malazeze nuk e do q\u00eb flamuri popullor n\u00eb Mal t\u00eb Zi, t\u00eb jet\u00eb ai trengjyr\u00ebsh, si\u00e7 e ka propozuar blloku opozitar serb, i cili\",\"breadcrumb\":{\"@id\":\"https:\/\/www.visit-ulcinj.com\/blog\/2011\/10\/11\/shqiptaret-bojkotojne-seancen-e-parlamentit-malazias\/#breadcrumb\"},\"inLanguage\":\"en-US\",\"potentialAction\":[{\"@type\":\"ReadAction\",\"target\":[\"https:\/\/www.visit-ulcinj.com\/blog\/2011\/10\/11\/shqiptaret-bojkotojne-seancen-e-parlamentit-malazias\/\"]}]},{\"@type\":\"BreadcrumbList\",\"@id\":\"https:\/\/www.visit-ulcinj.com\/blog\/2011\/10\/11\/shqiptaret-bojkotojne-seancen-e-parlamentit-malazias\/#breadcrumb\",\"itemListElement\":[{\"@type\":\"ListItem\",\"position\":1,\"name\":\"Shqiptar\u00ebt bojkotojn\u00eb seanc\u00ebn e Parlamentit malazias\"}]},{\"@type\":\"Person\",\"@id\":\"https:\/\/www.visit-ulcinj.com\/blog\/#\/schema\/person\/dcab619c614d3038751c63bc2aadc06d\",\"name\":\"ulqini\",\"sameAs\":[\"http:\/\/www.visit-ulcinj.com\"],\"url\":\"https:\/\/www.visit-ulcinj.com\/blog\/author\/admin\/\"}]}<\/script>\n<!-- \/ Yoast SEO plugin. -->","yoast_head_json":{"title":"Shqiptar\u00ebt bojkotojn\u00eb seanc\u00ebn e Parlamentit malazias - Lajme nga Ulqini","description":"Podgoric\u00eb, 11 tetor - Qeveria malazeze nuk e do q\u00eb flamuri popullor n\u00eb Mal t\u00eb Zi, t\u00eb jet\u00eb ai trengjyr\u00ebsh, si\u00e7 e ka propozuar blloku opozitar serb, i cili","robots":{"index":"index","follow":"follow","max-snippet":"max-snippet:-1","max-image-preview":"max-image-preview:large","max-video-preview":"max-video-preview:-1"},"canonical":"https:\/\/www.visit-ulcinj.com\/blog\/2011\/10\/11\/shqiptaret-bojkotojne-seancen-e-parlamentit-malazias\/","og_locale":"en_US","og_type":"article","og_title":"Shqiptar\u00ebt bojkotojn\u00eb seanc\u00ebn e Parlamentit malazias - Lajme nga Ulqini","og_description":"Podgoric\u00eb, 11 tetor - Qeveria malazeze nuk e do q\u00eb flamuri popullor n\u00eb Mal t\u00eb Zi, t\u00eb jet\u00eb ai trengjyr\u00ebsh, si\u00e7 e ka propozuar blloku opozitar serb, i cili","og_url":"https:\/\/www.visit-ulcinj.com\/blog\/2011\/10\/11\/shqiptaret-bojkotojne-seancen-e-parlamentit-malazias\/","og_site_name":"Lajme nga Ulqini","article_published_time":"2011-10-11T16:25:23+00:00","og_image":[{"url":"http:\/\/www.visit-ulcinj.com\/blog\/wp-content\/uploads\/2011\/10\/PARLAMENTI-I-MALIT-TE-ZI.jpg"}],"twitter_misc":{"Written by":"ulqini","Est. reading time":"2 minutes"},"schema":{"@context":"https:\/\/schema.org","@graph":[{"@type":"WebSite","@id":"https:\/\/www.visit-ulcinj.com\/blog\/#website","url":"https:\/\/www.visit-ulcinj.com\/blog\/","name":"Lajme nga Ulqini","description":"Lajme,Vijesti,Ulqini,Ulqin,Crna Gora,Mali i Zi","potentialAction":[{"@type":"SearchAction","target":{"@type":"EntryPoint","urlTemplate":"https:\/\/www.visit-ulcinj.com\/blog\/?s={search_term_string}"},"query-input":"required name=search_term_string"}],"inLanguage":"en-US"},{"@type":"ImageObject","inLanguage":"en-US","@id":"https:\/\/www.visit-ulcinj.com\/blog\/2011\/10\/11\/shqiptaret-bojkotojne-seancen-e-parlamentit-malazias\/#primaryimage","url":"https:\/\/www.visit-ulcinj.com\/blog\/wp-content\/uploads\/2011\/10\/PARLAMENTI-I-MALIT-TE-ZI.jpg","contentUrl":"https:\/\/www.visit-ulcinj.com\/blog\/wp-content\/uploads\/2011\/10\/PARLAMENTI-I-MALIT-TE-ZI.jpg","width":"800","height":"555"},{"@type":"WebPage","@id":"https:\/\/www.visit-ulcinj.com\/blog\/2011\/10\/11\/shqiptaret-bojkotojne-seancen-e-parlamentit-malazias\/#webpage","url":"https:\/\/www.visit-ulcinj.com\/blog\/2011\/10\/11\/shqiptaret-bojkotojne-seancen-e-parlamentit-malazias\/","name":"Shqiptar\u00ebt bojkotojn\u00eb seanc\u00ebn e Parlamentit malazias - Lajme nga Ulqini","isPartOf":{"@id":"https:\/\/www.visit-ulcinj.com\/blog\/#website"},"primaryImageOfPage":{"@id":"https:\/\/www.visit-ulcinj.com\/blog\/2011\/10\/11\/shqiptaret-bojkotojne-seancen-e-parlamentit-malazias\/#primaryimage"},"datePublished":"2011-10-11T16:25:23+00:00","dateModified":"2011-10-11T16:25:23+00:00","author":{"@id":"https:\/\/www.visit-ulcinj.com\/blog\/#\/schema\/person\/dcab619c614d3038751c63bc2aadc06d"},"description":"Podgoric\u00eb, 11 tetor - Qeveria malazeze nuk e do q\u00eb flamuri popullor n\u00eb Mal t\u00eb Zi, t\u00eb jet\u00eb ai trengjyr\u00ebsh, si\u00e7 e ka propozuar blloku opozitar serb, i cili","breadcrumb":{"@id":"https:\/\/www.visit-ulcinj.com\/blog\/2011\/10\/11\/shqiptaret-bojkotojne-seancen-e-parlamentit-malazias\/#breadcrumb"},"inLanguage":"en-US","potentialAction":[{"@type":"ReadAction","target":["https:\/\/www.visit-ulcinj.com\/blog\/2011\/10\/11\/shqiptaret-bojkotojne-seancen-e-parlamentit-malazias\/"]}]},{"@type":"BreadcrumbList","@id":"https:\/\/www.visit-ulcinj.com\/blog\/2011\/10\/11\/shqiptaret-bojkotojne-seancen-e-parlamentit-malazias\/#breadcrumb","itemListElement":[{"@type":"ListItem","position":1,"name":"Shqiptar\u00ebt bojkotojn\u00eb seanc\u00ebn e Parlamentit malazias"}]},{"@type":"Person","@id":"https:\/\/www.visit-ulcinj.com\/blog\/#\/schema\/person\/dcab619c614d3038751c63bc2aadc06d","name":"ulqini","sameAs":["http:\/\/www.visit-ulcinj.com"],"url":"https:\/\/www.visit-ulcinj.com\/blog\/author\/admin\/"}]}},"jetpack_featured_media_url":"","jetpack_sharing_enabled":true,"jetpack_shortlink":"https:\/\/wp.me\/pe6lTn-dx7","_links":{"self":[{"href":"https:\/\/www.visit-ulcinj.com\/blog\/wp-json\/wp\/v2\/posts\/52025"}],"collection":[{"href":"https:\/\/www.visit-ulcinj.com\/blog\/wp-json\/wp\/v2\/posts"}],"about":[{"href":"https:\/\/www.visit-ulcinj.com\/blog\/wp-json\/wp\/v2\/types\/post"}],"author":[{"embeddable":true,"href":"https:\/\/www.visit-ulcinj.com\/blog\/wp-json\/wp\/v2\/users\/1"}],"replies":[{"embeddable":true,"href":"https:\/\/www.visit-ulcinj.com\/blog\/wp-json\/wp\/v2\/comments?post=52025"}],"version-history":[{"count":1,"href":"https:\/\/www.visit-ulcinj.com\/blog\/wp-json\/wp\/v2\/posts\/52025\/revisions"}],"predecessor-version":[{"id":52027,"href":"https:\/\/www.visit-ulcinj.com\/blog\/wp-json\/wp\/v2\/posts\/52025\/revisions\/52027"}],"wp:attachment":[{"href":"https:\/\/www.visit-ulcinj.com\/blog\/wp-json\/wp\/v2\/media?parent=52025"}],"wp:term":[{"taxonomy":"category","embeddable":true,"href":"https:\/\/www.visit-ulcinj.com\/blog\/wp-json\/wp\/v2\/categories?post=52025"},{"taxonomy":"post_tag","embeddable":true,"href":"https:\/\/www.visit-ulcinj.com\/blog\/wp-json\/wp\/v2\/tags?post=52025"}],"curies":[{"name":"wp","href":"https:\/\/api.w.org\/{rel}","templated":true}]}}