{"id":52029,"date":"2011-10-12T08:33:43","date_gmt":"2011-10-12T07:33:43","guid":{"rendered":"http:\/\/www.visit-ulcinj.com\/blog\/?p=52029"},"modified":"2011-10-12T14:43:43","modified_gmt":"2011-10-12T13:43:43","slug":"udheheqesja-e-bibliotekes-se-ulqinit-jep-alarminbiblioteka-s%e2%80%99mbahet-gjalle-me-libra-te-falur","status":"publish","type":"post","link":"https:\/\/www.visit-ulcinj.com\/blog\/2011\/10\/12\/udheheqesja-e-bibliotekes-se-ulqinit-jep-alarminbiblioteka-s%e2%80%99mbahet-gjalle-me-libra-te-falur\/","title":{"rendered":"Udh\u00ebheq\u00ebsja e Bibliotek\u00ebs s\u00eb Ulqinit jep alarmin,Biblioteka s\u2019mbahet gjall\u00eb me libra t\u00eb falur"},"content":{"rendered":"<p align=\"center\"><strong><a href=\"http:\/\/www.visit-ulcinj.com\/blog\/wp-content\/uploads\/2011\/10\/Moikom-Zeqo-Biblioteka-e-Qytetit-UlqinArdita-Rama.4.jpg\"><img loading=\"lazy\" class=\"alignleft size-full wp-image-52034\" title=\"Moikom Zeqo, Biblioteka e Qytetit, Ulqin,Ardita Rama.4\" src=\"http:\/\/www.visit-ulcinj.com\/blog\/wp-content\/uploads\/2011\/10\/Moikom-Zeqo-Biblioteka-e-Qytetit-UlqinArdita-Rama.4.jpg\" alt=\"\" width=\"508\" height=\"380\" srcset=\"https:\/\/www.visit-ulcinj.com\/blog\/wp-content\/uploads\/2011\/10\/Moikom-Zeqo-Biblioteka-e-Qytetit-UlqinArdita-Rama.4.jpg 720w, https:\/\/www.visit-ulcinj.com\/blog\/wp-content\/uploads\/2011\/10\/Moikom-Zeqo-Biblioteka-e-Qytetit-UlqinArdita-Rama.4-300x225.jpg 300w\" sizes=\"(max-width: 508px) 100vw, 508px\" \/><\/a>Udh\u00ebheq\u00ebsja e Bibliotek\u00ebs s\u00eb Ulqinit jep alarmin<\/strong><\/p>\n<p align=\"center\"><strong>Biblioteka s\u2019mbahet gjall\u00eb me libra t\u00eb falur<\/strong><\/p>\n<p>\u00a0(Lexuar me rastin e dhurimit t\u00eb 500 librave, \u00a0Bibliotek\u00ebs s\u00eb Ulqinit nga shkrimtari Moikom Zeqo, m\u00eb 4 tetor 2001)<\/p>\n<p><strong>\u00a0\u00a0\u00a0\u00a0\u00a0\u00a0\u00a0\u00a0 Ardita Rama, udh\u00ebheq\u00ebse e Bibliotek\u00ebs s\u00eb Ulqinit<\/strong><\/p>\n<p>Biblioteka nuk mund t\u00eb mbahet gjall\u00eb me donacione. Ato jan\u00eb shum\u00eb t\u00eb \u00e7muara, por biblioteka duhet t\u00eb furnizohet vazhdimisht e n\u00eb m\u00ebnyr\u00eb t\u00eb planifikuar jo vet\u00ebm me libra, por edhe me material tjet\u00ebr bibliotekar.<\/p>\n<p>Shkaku pse jemi mbledhur k\u00ebtu \u00ebsht\u00eb dor\u00ebzimi i nj\u00eb donacioni t\u00eb librave Bibliotek\u00ebs son\u00eb nga ana e zot\u00ebri Moikom Zeqos. Jan\u00eb rreth 500 libra n\u00eb gjuh\u00ebn shqipe nga biblioteka e tij personale t\u00eb cilat menj\u00ebher\u00eb pas regjistrimit do t\u2019i vendosim n\u00eb raftet e Bibliotek\u00ebs dhe shum\u00eb shpejt do t\u00eb gjenden n\u00eb duart e lexuesve. Un\u00eb e fal\u00ebnderoj zot\u00ebri Zeqon p\u00ebr k\u00ebt\u00eb dhurat\u00eb t\u00eb \u00e7muar dhe n\u00eb em\u00ebr t\u00eb t\u00eb gjith\u00eb an\u00ebtar\u00ebve t\u00eb Bibliotek\u00ebs e t\u00eb gjith\u00eb qytetar\u00ebve t\u00eb Komun\u00ebs s\u00eb Ulqinit. Nuk \u00ebsht\u00eb dhurata e par\u00eb e zot\u00ebri Zeqos p\u00ebr Ulqinin, sepse ai edhe nj\u00eb pjes\u00eb t\u00eb veprimtaris\u00eb s\u00eb tij ia kushtoi mu Ulqinit\u00a0 e me k\u00ebt\u00eb donacion e forcoi edhe m\u00eb shum\u00eb lidhjen e tij me Ulqinin dhe qytetar\u00ebt e tij.<br \/>\n<a href=\"http:\/\/www.visit-ulcinj.com\/blog\/wp-content\/uploads\/2011\/10\/Moikom-Zeqo-Biblioteka-e-Qytetit-UlqinArdita-Rama.jpg\"><img loading=\"lazy\" class=\"alignleft size-full wp-image-52043\" title=\"Moikom Zeqo, Biblioteka e Qytetit, Ulqin,Ardita Rama\" src=\"http:\/\/www.visit-ulcinj.com\/blog\/wp-content\/uploads\/2011\/10\/Moikom-Zeqo-Biblioteka-e-Qytetit-UlqinArdita-Rama.jpg\" alt=\"\" width=\"508\" height=\"330\" \/><\/a><\/p>\n<p>Kjo dhurat\u00eb \u00ebsht\u00eb e mir\u00ebseardhur p\u00ebr Bibliotek\u00ebn ton\u00eb, pik\u00eb s\u00eb pari duke ditur situat\u00ebn e v\u00ebshtir\u00eb n\u00eb t\u00eb cil\u00ebn gjendet ajo p\u00ebr vite me radh\u00eb. E harruar apo e l\u00ebn\u00eb pas dore,\u00a0 me q\u00ebllim, ky institucion kaq i r\u00ebnd\u00ebsish\u00ebm i kultur\u00ebs viteve t\u00eb fundit lufton me forcat e fundit p\u00ebr t\u00eb mbijetuar. Si pasoj\u00eb e\u00a0 financimit t\u00eb saj jo t\u00eb rregullt, pothuaj t\u00eb shk\u00ebputur me muaj t\u00eb t\u00ebr\u00eb, e l\u00ebn\u00eb \u201cn\u00eb harres\u00eb\u201d nga themeluesi, pra komuna e Ulqinit, ajo furnizohej shum\u00eb rrall\u00eb me botime t\u00eb reja. Natyrisht, kjo e v\u00ebshtir\u00ebson shum\u00eb pun\u00ebn, por fal\u00eb donacioneve nga institucione e individ\u00eb, dashamir\u00eb t\u00eb librit e t\u00eb Ulqinit, \u00a0Biblioteka \u00a0deri diku ka arritur t\u2019i p\u00ebrgjigjet nevojave t\u00eb lexuesit.<\/p>\n<p>Me k\u00ebt\u00eb rast do t\u00eb p\u00ebrmendi donacionin e b\u00ebr\u00eb\u00a0 dit\u00eb m\u00eb par\u00eb nga Ministria e Kultur\u00ebs, Rinis\u00eb dhe Sportit, Sektori i Bibliotekave i Republik\u00ebs s\u00eb Kosov\u00ebs. M\u00eb 16 shtator, udh\u00ebheq\u00ebsi i k\u00ebtij Sektori, z. Ramadan Beshiri, i solli Bibliotek\u00ebs\u00a0 169 libra, 51 tituj. \u00a0Librat e dhuruara jan\u00eb edhe botime profesionale nga fusha e bibliotekaris\u00eb, t\u00eb cilat i kemi shum\u00eb t\u00eb nevojshme p\u00ebr zhvillimin e m\u00ebtejm\u00eb t\u00eb veprimtaris\u00eb bibliotekare n\u00eb komun\u00ebn ton\u00eb.<\/p>\n<p>Botime kan\u00eb dhuruar edhe Instituti Albanologjik i Prishtin\u00ebs, \u00a0Biblioteka Komb\u00ebtare Universitare e Kosov\u00ebs,\u00a0 biblioteka \u201cMarin Barleti\u201d nga Shkodra si dhe shum\u00eb donator\u00eb t\u00eb tjer\u00eb, n\u00eb mesin e t\u00eb cil\u00ebve jan\u00eb: \u00a0Bashk\u00ebsia Islame e Ulqinit, familja e dr. Ramiz Hafizit nga Shkodra, shoqatat Art Club dhe Plima, dr. Gani Karamanaga, prof. dr. Ruzhdi Ushaku, shkrimtari Hajro Ulqinaku, e shum\u00eb e shum\u00eb t\u00eb tjer\u00eb t\u00eb cil\u00ebt qoft\u00eb edhe m\u00eb nj\u00eb lib\u00ebr dhan\u00eb kontributin e tyre n\u00eb pasurimin e fondit t\u00eb librave t\u00eb Bibliotek\u00ebs. Faleminderit t\u00eb gjith\u00ebve!<br \/>\n<a href=\"http:\/\/www.visit-ulcinj.com\/blog\/wp-content\/uploads\/2011\/10\/Moikom-Zeqo-Biblioteka-e-Qytetit-UlqinArdita-Rama.2.jpg\"><img loading=\"lazy\" class=\"alignleft size-full wp-image-52032\" title=\"Moikom Zeqo, Biblioteka e Qytetit, Ulqin,Ardita Rama.2\" src=\"http:\/\/www.visit-ulcinj.com\/blog\/wp-content\/uploads\/2011\/10\/Moikom-Zeqo-Biblioteka-e-Qytetit-UlqinArdita-Rama.2.jpg\" alt=\"\" width=\"508\" height=\"330\" \/><\/a><\/p>\n<p>Mir\u00ebpo, biblioteka nuk mund t\u00eb mbahet gjall\u00eb me donacione. Ato jan\u00eb shum\u00eb t\u00eb \u00e7muara, por biblioteka duhet t\u00eb furnizohet vazhdimisht e n\u00eb m\u00ebnyr\u00eb t\u00eb planifikuar jo vet\u00ebm me libra, por edhe me material tjet\u00ebr bibliotekar. P\u00ebrkufizimi i bibliotek\u00ebs si vend ku ruhen vet\u00ebm libra, kaher\u00eb \u00ebsht\u00eb tejkaluar. Biblioteka sot paraqet nj\u00eb qend\u00ebr t\u00eb grumbullimit, p\u00ebrpunimit dhe dh\u00ebnies n\u00eb p\u00ebrdorim t\u00eb t\u00eb gjitha llojeve t\u00eb informacioneve, t\u00eb publikuara n\u00eb \u00e7far\u00ebdo lloj forme, duke filluar nga libri m\u00eb i thjesht\u00eb me ilustrime p\u00ebr f\u00ebmij\u00eb t\u00eb vegj\u00ebl e deri te materialet e specializuara shkencore e te informacioni i marr\u00eb p\u00ebrmes internetit. Bibliotekaria si shkenc\u00eb mund t\u00eb p\u00ebrkufizohet si organizim i njohurive njer\u00ebzore, me q\u00ebllim q\u00eb k\u00ebto t\u00eb dh\u00ebna t\u00eb vihen maksimalisht n\u00eb dispozicion t\u00eb p\u00ebrdoruesit t\u00eb saj. P\u00ebr t\u00eb arritur k\u00ebt\u00eb q\u00ebllim, Biblioteka e Ulqinit ka ende rrug\u00eb p\u00ebr t\u00eb b\u00ebr\u00eb.<\/p>\n<p>E themeluar diku rreth vitit 1884, edhe pse ka mendime q\u00eb \u00ebsht\u00eb themeluar n\u00eb vitin 1881, \u00e7ka mbetet t\u00eb hulumtohet, \u00ebsht\u00eb nd\u00ebr bibliotekat e para t\u00eb themeluara n\u00eb Malin e Zi. Me dy reparte t\u00eb ndar\u00eb edhe fizikisht, repartin p\u00ebr t\u00eb rritur dhe repartin p\u00ebr f\u00ebmij\u00eb, me dy salla t\u00eb leximit, me fond mbi 65.000 libra, p\u00ebr f\u00ebmij\u00eb e p\u00ebr t\u00eb rritur, fond t\u00eb librave shkencor\u00eb, fond referal, fond t\u00eb vendlindjes, fondin e periodikut, si dhe me skedar\u00eb alfabetik\u00eb sipas autorit dhe titullit n\u00eb dy gjuh\u00eb, ajo shquhet nd\u00ebr bibliotekat m\u00eb t\u00eb organizuara n\u00eb rajon. Me r\u00ebnd\u00ebsi \u00ebsht\u00eb t\u00eb p\u00ebrmendet edhe fakti se \u00ebsht\u00eb e vetmja bibliotek\u00eb shqipe n\u00eb territorin e Malit t\u00eb Zi, sepse fondi i bibliotek\u00ebs \u00ebsht\u00eb kryesisht n\u00eb gjuh\u00ebn shqipe dhe n\u00eb at\u00eb malazeze, si dhe nj\u00eb pakic\u00eb n\u00eb gjuh\u00eb t\u00eb huaja. Ka nj\u00eb ekip profesional t\u00eb t\u00eb pun\u00ebsuarve, p\u00ebr \u00e7ka mund t\u2019i ket\u00eb lakmi \u00e7do bibliotek\u00eb, pasi q\u00eb t\u00eb gjith\u00eb t\u00eb pun\u00ebsuarit jan\u00eb librar\u00eb dhe bibliotekar\u00eb t\u00eb kualifikuar. Fal\u00eb pun\u00ebs s\u00eb tyre t\u00eb palodhur, kujdesit, angazhimit t\u00eb p\u00ebrbashk\u00ebt e p\u00ebrgjegj\u00ebsis\u00eb profesionale, biblioteka i b\u00ebri ball\u00eb stuhive t\u00eb viteve t\u00eb fundit. Vazhdimisht n\u00eb Bibliotek\u00eb, p\u00ebrkund\u00ebr gjendjes s\u00eb v\u00ebshtir\u00eb materiale, jan\u00eb organizuar \u00a0manifestime kulturore, p\u00ebrurime librash, mbr\u00ebmje letrare, takime me shkrimtar\u00eb t\u00eb ndrysh\u00ebm, gara t\u00eb ndryshme letrare e t\u00eb recituesve, \u00ebsht\u00eb vazhduar me bashk\u00ebpunimin e mir\u00eb me bibliotekat e tjera, por edhe me institucione, shoqata t\u00eb ndryshme e OJQ n\u00eb vend e jasht\u00eb tij.<br \/>\n<a href=\"http:\/\/www.visit-ulcinj.com\/blog\/wp-content\/uploads\/2011\/10\/Prof.-Fatime-Buzuku-n%C3%AB-piano-k%C3%ABndon-Gjylije-Pelinku.jpg\"><img loading=\"lazy\" class=\"alignleft size-full wp-image-52047\" title=\"Prof. Fatime Buzuku n\u00eb piano, k\u00ebndon Gjylije Pelinku\" src=\"http:\/\/www.visit-ulcinj.com\/blog\/wp-content\/uploads\/2011\/10\/Prof.-Fatime-Buzuku-n%C3%AB-piano-k%C3%ABndon-Gjylije-Pelinku.jpg\" alt=\"\" width=\"508\" height=\"330\" \/><\/a><\/p>\n<p>P\u00ebr kontributin e dh\u00ebn\u00eb n\u00eb m\u00ebk\u00ebmbjen, ruajtjen, begatimin e ngritjen e nivelit organizativ e profesional t\u00eb Bibliotek\u00ebs, meriton t\u00eb p\u00ebrmendim dhe t\u00eb fal\u00ebnderojm\u00eb ish- m\u00ebsuesin, pun\u00ebtorin e drejtorin e Bibliotek\u00ebs, z. Fadil Krom\u00ebn, n\u00eb pension si dhe znj. Meleqe Bardhin, bibliotekisten e par\u00eb profesionaliste. Me angazhimin e pakursyer t\u00eb tyre, p\u00ebrve\u00e7 t\u00eb tjerave, \u00ebsht\u00eb arritur q\u00eb t\u00eb b\u00ebhet shp\u00ebtimi i fondit t\u00eb librave pas t\u00ebrmetit katastrofal t\u00eb 15 prillit 1979, q\u00eb goditi edhe Ulqinin. Fal\u00eb pun\u00eb s\u00eb tyre librat jan\u00eb nxjerr\u00eb \u00a0nga rr\u00ebnojat, shp\u00ebtuar nga shiu, jan\u00eb vendosur t\u00eb gjitha n\u00eb thas\u00eb prej plasmasi dhe jan\u00eb \u00a0ruajtur n\u00eb hap\u00ebsira t\u00eb sigurta, \u00a0deri n\u00eb nd\u00ebrtimin e bibliotek\u00ebs, godin\u00ebs s\u00eb sotme.<\/p>\n<p>Un\u00eb besoj se para nesh kemi dit\u00eb m\u00eb t\u00eb mira dhe se do t\u00eb arrijm\u00eb t\u2019i mb\u00ebrrijm\u00eb n\u00eb hap bibliotekat e tjera, e pse jo edhe t\u2019i tejkalojm\u00eb. Kemi baz\u00ebn, kemi dijen, uroj t\u00eb kemi edhe p\u00ebrkrahjen. Brenda k\u00ebtyre mureve ruhet e kaluara jon\u00eb, e tashmja dhe e ardhmja!<\/p>\n<p><strong>Ardita Rama, udh\u00ebheq\u00ebse e Bibliotek\u00ebs s\u00eb Ulqinit<br \/>\n\n\t\t<style type=\"text\/css\">\n\t\t\t#gallery-1 {\n\t\t\t\tmargin: auto;\n\t\t\t}\n\t\t\t#gallery-1 .gallery-item {\n\t\t\t\tfloat: left;\n\t\t\t\tmargin-top: 10px;\n\t\t\t\ttext-align: center;\n\t\t\t\twidth: 33%;\n\t\t\t}\n\t\t\t#gallery-1 img {\n\t\t\t\tborder: 2px solid #cfcfcf;\n\t\t\t}\n\t\t\t#gallery-1 .gallery-caption {\n\t\t\t\tmargin-left: 0;\n\t\t\t}\n\t\t\t\/* see gallery_shortcode() in wp-includes\/media.php *\/\n\t\t<\/style>\n\t\t<div id='gallery-1' class='gallery galleryid-52029 gallery-columns-3 gallery-size-thumbnail'><dl class='gallery-item'>\n\t\t\t<dt class='gallery-icon landscape'>\n\t\t\t\t<a href='https:\/\/www.visit-ulcinj.com\/blog\/wp-content\/uploads\/2011\/10\/Moikom-Zeqo-Biblioteka-e-Qytetit-UlqinArdita-Rama.1.jpg'><img width=\"150\" height=\"150\" src=\"https:\/\/www.visit-ulcinj.com\/blog\/wp-content\/uploads\/2011\/10\/Moikom-Zeqo-Biblioteka-e-Qytetit-UlqinArdita-Rama.1-150x150.jpg\" class=\"attachment-thumbnail size-thumbnail\" alt=\"\" loading=\"lazy\" \/><\/a>\n\t\t\t<\/dt><\/dl><dl class='gallery-item'>\n\t\t\t<dt class='gallery-icon landscape'>\n\t\t\t\t<a href='https:\/\/www.visit-ulcinj.com\/blog\/wp-content\/uploads\/2011\/10\/Moikom-Zeqo-Biblioteka-e-Qytetit-UlqinArdita-Rama.2.jpg'><img width=\"150\" height=\"150\" src=\"https:\/\/www.visit-ulcinj.com\/blog\/wp-content\/uploads\/2011\/10\/Moikom-Zeqo-Biblioteka-e-Qytetit-UlqinArdita-Rama.2-150x150.jpg\" class=\"attachment-thumbnail size-thumbnail\" alt=\"\" loading=\"lazy\" \/><\/a>\n\t\t\t<\/dt><\/dl><dl class='gallery-item'>\n\t\t\t<dt class='gallery-icon landscape'>\n\t\t\t\t<a href='https:\/\/www.visit-ulcinj.com\/blog\/wp-content\/uploads\/2011\/10\/Moikom-Zeqo-Biblioteka-e-Qytetit-UlqinArdita-Rama.3.jpg'><img width=\"150\" height=\"150\" src=\"https:\/\/www.visit-ulcinj.com\/blog\/wp-content\/uploads\/2011\/10\/Moikom-Zeqo-Biblioteka-e-Qytetit-UlqinArdita-Rama.3-150x150.jpg\" class=\"attachment-thumbnail size-thumbnail\" alt=\"\" loading=\"lazy\" \/><\/a>\n\t\t\t<\/dt><\/dl><br style=\"clear: both\" \/><dl class='gallery-item'>\n\t\t\t<dt class='gallery-icon landscape'>\n\t\t\t\t<a href='https:\/\/www.visit-ulcinj.com\/blog\/wp-content\/uploads\/2011\/10\/Moikom-Zeqo-Biblioteka-e-Qytetit-UlqinArdita-Rama.4.jpg'><img width=\"150\" height=\"150\" src=\"https:\/\/www.visit-ulcinj.com\/blog\/wp-content\/uploads\/2011\/10\/Moikom-Zeqo-Biblioteka-e-Qytetit-UlqinArdita-Rama.4-150x150.jpg\" class=\"attachment-thumbnail size-thumbnail\" alt=\"\" loading=\"lazy\" \/><\/a>\n\t\t\t<\/dt><\/dl><dl class='gallery-item'>\n\t\t\t<dt class='gallery-icon landscape'>\n\t\t\t\t<a href='https:\/\/www.visit-ulcinj.com\/blog\/wp-content\/uploads\/2011\/10\/Moikom-Zeqo-Biblioteka-e-Qytetit-UlqinArdita-Rama.5.jpg'><img width=\"150\" height=\"150\" src=\"https:\/\/www.visit-ulcinj.com\/blog\/wp-content\/uploads\/2011\/10\/Moikom-Zeqo-Biblioteka-e-Qytetit-UlqinArdita-Rama.5-150x150.jpg\" class=\"attachment-thumbnail size-thumbnail\" alt=\"\" loading=\"lazy\" \/><\/a>\n\t\t\t<\/dt><\/dl><dl class='gallery-item'>\n\t\t\t<dt class='gallery-icon landscape'>\n\t\t\t\t<a href='https:\/\/www.visit-ulcinj.com\/blog\/wp-content\/uploads\/2011\/10\/Moikom-Zeqo-Biblioteka-e-Qytetit-UlqinArdita-Rama.6.jpg'><img width=\"150\" height=\"150\" src=\"https:\/\/www.visit-ulcinj.com\/blog\/wp-content\/uploads\/2011\/10\/Moikom-Zeqo-Biblioteka-e-Qytetit-UlqinArdita-Rama.6-150x150.jpg\" class=\"attachment-thumbnail size-thumbnail\" alt=\"\" loading=\"lazy\" \/><\/a>\n\t\t\t<\/dt><\/dl><br style=\"clear: both\" \/><dl class='gallery-item'>\n\t\t\t<dt class='gallery-icon landscape'>\n\t\t\t\t<a href='https:\/\/www.visit-ulcinj.com\/blog\/wp-content\/uploads\/2011\/10\/Moikom-Zeqo-Biblioteka-e-Qytetit-UlqinArdita-Rama.7.jpg'><img width=\"150\" height=\"150\" src=\"https:\/\/www.visit-ulcinj.com\/blog\/wp-content\/uploads\/2011\/10\/Moikom-Zeqo-Biblioteka-e-Qytetit-UlqinArdita-Rama.7-150x150.jpg\" class=\"attachment-thumbnail size-thumbnail\" alt=\"\" loading=\"lazy\" \/><\/a>\n\t\t\t<\/dt><\/dl><dl class='gallery-item'>\n\t\t\t<dt class='gallery-icon landscape'>\n\t\t\t\t<a href='https:\/\/www.visit-ulcinj.com\/blog\/wp-content\/uploads\/2011\/10\/Moikom-Zeqo-Biblioteka-e-Qytetit-UlqinArdita-Rama.8.jpg'><img width=\"150\" height=\"150\" src=\"https:\/\/www.visit-ulcinj.com\/blog\/wp-content\/uploads\/2011\/10\/Moikom-Zeqo-Biblioteka-e-Qytetit-UlqinArdita-Rama.8-150x150.jpg\" class=\"attachment-thumbnail size-thumbnail\" alt=\"\" loading=\"lazy\" \/><\/a>\n\t\t\t<\/dt><\/dl><dl class='gallery-item'>\n\t\t\t<dt class='gallery-icon landscape'>\n\t\t\t\t<a href='https:\/\/www.visit-ulcinj.com\/blog\/wp-content\/uploads\/2011\/10\/Moikom-Zeqo-Biblioteka-e-Qytetit-UlqinArdita-Rama.9.jpg'><img width=\"150\" height=\"150\" src=\"https:\/\/www.visit-ulcinj.com\/blog\/wp-content\/uploads\/2011\/10\/Moikom-Zeqo-Biblioteka-e-Qytetit-UlqinArdita-Rama.9-150x150.jpg\" class=\"attachment-thumbnail size-thumbnail\" alt=\"\" loading=\"lazy\" \/><\/a>\n\t\t\t<\/dt><\/dl><br style=\"clear: both\" \/><dl class='gallery-item'>\n\t\t\t<dt class='gallery-icon landscape'>\n\t\t\t\t<a href='https:\/\/www.visit-ulcinj.com\/blog\/wp-content\/uploads\/2011\/10\/Moikom-Zeqo-Biblioteka-e-Qytetit-UlqinArdita-Rama.10.jpg'><img width=\"150\" height=\"150\" src=\"https:\/\/www.visit-ulcinj.com\/blog\/wp-content\/uploads\/2011\/10\/Moikom-Zeqo-Biblioteka-e-Qytetit-UlqinArdita-Rama.10-150x150.jpg\" class=\"attachment-thumbnail size-thumbnail\" alt=\"\" loading=\"lazy\" \/><\/a>\n\t\t\t<\/dt><\/dl><dl class='gallery-item'>\n\t\t\t<dt class='gallery-icon landscape'>\n\t\t\t\t<a href='https:\/\/www.visit-ulcinj.com\/blog\/wp-content\/uploads\/2011\/10\/Moikom-Zeqo-Biblioteka-e-Qytetit-UlqinArdita-Rama.11.jpg'><img width=\"150\" height=\"150\" src=\"https:\/\/www.visit-ulcinj.com\/blog\/wp-content\/uploads\/2011\/10\/Moikom-Zeqo-Biblioteka-e-Qytetit-UlqinArdita-Rama.11-150x150.jpg\" class=\"attachment-thumbnail size-thumbnail\" alt=\"\" loading=\"lazy\" \/><\/a>\n\t\t\t<\/dt><\/dl><dl class='gallery-item'>\n\t\t\t<dt class='gallery-icon landscape'>\n\t\t\t\t<a href='https:\/\/www.visit-ulcinj.com\/blog\/wp-content\/uploads\/2011\/10\/Moikom-Zeqo-Biblioteka-e-Qytetit-UlqinArdita-Rama.12.jpg'><img width=\"150\" height=\"150\" src=\"https:\/\/www.visit-ulcinj.com\/blog\/wp-content\/uploads\/2011\/10\/Moikom-Zeqo-Biblioteka-e-Qytetit-UlqinArdita-Rama.12-150x150.jpg\" class=\"attachment-thumbnail size-thumbnail\" alt=\"\" loading=\"lazy\" \/><\/a>\n\t\t\t<\/dt><\/dl><br style=\"clear: both\" \/><dl class='gallery-item'>\n\t\t\t<dt class='gallery-icon landscape'>\n\t\t\t\t<a href='https:\/\/www.visit-ulcinj.com\/blog\/wp-content\/uploads\/2011\/10\/Moikom-Zeqo-Biblioteka-e-Qytetit-UlqinArdita-Rama.jpg'><img width=\"150\" height=\"150\" src=\"https:\/\/www.visit-ulcinj.com\/blog\/wp-content\/uploads\/2011\/10\/Moikom-Zeqo-Biblioteka-e-Qytetit-UlqinArdita-Rama-150x150.jpg\" class=\"attachment-thumbnail size-thumbnail\" alt=\"\" loading=\"lazy\" \/><\/a>\n\t\t\t<\/dt><\/dl><dl class='gallery-item'>\n\t\t\t<dt class='gallery-icon landscape'>\n\t\t\t\t<a href='https:\/\/www.visit-ulcinj.com\/blog\/wp-content\/uploads\/2011\/10\/Moikom-Zeqo-Biblioteka-e-Qytetit-UlqinRuzhdi-Ushaku.1.jpg'><img width=\"150\" height=\"150\" src=\"https:\/\/www.visit-ulcinj.com\/blog\/wp-content\/uploads\/2011\/10\/Moikom-Zeqo-Biblioteka-e-Qytetit-UlqinRuzhdi-Ushaku.1-150x150.jpg\" class=\"attachment-thumbnail size-thumbnail\" alt=\"\" loading=\"lazy\" \/><\/a>\n\t\t\t<\/dt><\/dl><dl class='gallery-item'>\n\t\t\t<dt class='gallery-icon landscape'>\n\t\t\t\t<a href='https:\/\/www.visit-ulcinj.com\/blog\/wp-content\/uploads\/2011\/10\/Moikom-Zeqo-Biblioteka-e-Qytetit-UlqinRuzhdi-Ushaku.2.jpg'><img width=\"150\" height=\"150\" src=\"https:\/\/www.visit-ulcinj.com\/blog\/wp-content\/uploads\/2011\/10\/Moikom-Zeqo-Biblioteka-e-Qytetit-UlqinRuzhdi-Ushaku.2-150x150.jpg\" class=\"attachment-thumbnail size-thumbnail\" alt=\"\" loading=\"lazy\" \/><\/a>\n\t\t\t<\/dt><\/dl><br style=\"clear: both\" \/><dl class='gallery-item'>\n\t\t\t<dt class='gallery-icon landscape'>\n\t\t\t\t<a href='https:\/\/www.visit-ulcinj.com\/blog\/wp-content\/uploads\/2011\/10\/Moikom-Zeqo-Biblioteka-e-Qytetit-UlqinRuzhdi-Ushaku.jpg'><img width=\"150\" height=\"150\" src=\"https:\/\/www.visit-ulcinj.com\/blog\/wp-content\/uploads\/2011\/10\/Moikom-Zeqo-Biblioteka-e-Qytetit-UlqinRuzhdi-Ushaku-150x150.jpg\" class=\"attachment-thumbnail size-thumbnail\" alt=\"\" loading=\"lazy\" \/><\/a>\n\t\t\t<\/dt><\/dl>\n\t\t\t<br style='clear: both' \/>\n\t\t<\/div>\n<\/p>\n<p><\/strong><\/p>\n<!--YouTube Error: bad URL entered-->\n","protected":false},"excerpt":{"rendered":"<p>Udh\u00ebheq\u00ebsja e Bibliotek\u00ebs s\u00eb Ulqinit jep alarmin Biblioteka s\u2019mbahet gjall\u00eb me libra t\u00eb falur \u00a0(Lexuar me rastin e dhurimit t\u00eb 500 librave, \u00a0Bibliotek\u00ebs s\u00eb Ulqinit nga shkrimtari Moikom Zeqo, m\u00eb 4 tetor 2001) \u00a0\u00a0\u00a0\u00a0\u00a0\u00a0\u00a0\u00a0 Ardita Rama, udh\u00ebheq\u00ebse e Bibliotek\u00ebs s\u00eb Ulqinit Biblioteka nuk mund t\u00eb mbahet gjall\u00eb me donacione. Ato jan\u00eb shum\u00eb t\u00eb \u00e7muara, por [&hellip;]<\/p>\n","protected":false},"author":1,"featured_media":0,"comment_status":"open","ping_status":"closed","sticky":false,"template":"","format":"standard","meta":{"spay_email":"","jetpack_publicize_message":"","jetpack_is_tweetstorm":false,"jetpack_publicize_feature_enabled":true},"categories":[4,1],"tags":[10252,19184,5677,19181,200,18],"jetpack_publicize_connections":[],"yoast_head":"<!-- This site is optimized with the Yoast SEO plugin v19.1 - https:\/\/yoast.com\/wordpress\/plugins\/seo\/ -->\n<title>Udh\u00ebheq\u00ebsja e Bibliotek\u00ebs s\u00eb Ulqinit jep alarmin,Biblioteka s\u2019mbahet gjall\u00eb me libra t\u00eb falur - Lajme nga Ulqini<\/title>\n<meta name=\"description\" content=\"Udh\u00ebheq\u00ebsja e Bibliotek\u00ebs s\u00eb Ulqinit jep alarmin Biblioteka s\u2019mbahet gjall\u00eb me libra t\u00eb falur \u00a0(Lexuar me rastin e dhurimit t\u00eb 500 librave, \u00a0Bibliotek\u00ebs\" \/>\n<meta name=\"robots\" content=\"index, follow, max-snippet:-1, max-image-preview:large, max-video-preview:-1\" \/>\n<link rel=\"canonical\" href=\"https:\/\/www.visit-ulcinj.com\/blog\/2011\/10\/12\/udheheqesja-e-bibliotekes-se-ulqinit-jep-alarminbiblioteka-s\u2019mbahet-gjalle-me-libra-te-falur\/\" \/>\n<meta property=\"og:locale\" content=\"en_US\" \/>\n<meta property=\"og:type\" content=\"article\" \/>\n<meta property=\"og:title\" content=\"Udh\u00ebheq\u00ebsja e Bibliotek\u00ebs s\u00eb Ulqinit jep alarmin,Biblioteka s\u2019mbahet gjall\u00eb me libra t\u00eb falur - Lajme nga Ulqini\" \/>\n<meta property=\"og:description\" content=\"Udh\u00ebheq\u00ebsja e Bibliotek\u00ebs s\u00eb Ulqinit jep alarmin Biblioteka s\u2019mbahet gjall\u00eb me libra t\u00eb falur \u00a0(Lexuar me rastin e dhurimit t\u00eb 500 librave, \u00a0Bibliotek\u00ebs\" \/>\n<meta property=\"og:url\" content=\"https:\/\/www.visit-ulcinj.com\/blog\/2011\/10\/12\/udheheqesja-e-bibliotekes-se-ulqinit-jep-alarminbiblioteka-s\u2019mbahet-gjalle-me-libra-te-falur\/\" \/>\n<meta property=\"og:site_name\" content=\"Lajme nga Ulqini\" \/>\n<meta property=\"article:published_time\" content=\"2011-10-12T07:33:43+00:00\" \/>\n<meta property=\"article:modified_time\" content=\"2011-10-12T13:43:43+00:00\" \/>\n<meta property=\"og:image\" content=\"https:\/\/www.visit-ulcinj.com\/blog\/wp-content\/uploads\/2011\/10\/Moikom-Zeqo-Biblioteka-e-Qytetit-UlqinArdita-Rama.1-150x150.jpg\" \/>\n<meta name=\"twitter:label1\" content=\"Written by\" \/>\n\t<meta name=\"twitter:data1\" content=\"ulqini\" \/>\n\t<meta name=\"twitter:label2\" content=\"Est. reading time\" \/>\n\t<meta name=\"twitter:data2\" content=\"6 minutes\" \/>\n<script type=\"application\/ld+json\" class=\"yoast-schema-graph\">{\"@context\":\"https:\/\/schema.org\",\"@graph\":[{\"@type\":\"WebSite\",\"@id\":\"https:\/\/www.visit-ulcinj.com\/blog\/#website\",\"url\":\"https:\/\/www.visit-ulcinj.com\/blog\/\",\"name\":\"Lajme nga Ulqini\",\"description\":\"Lajme,Vijesti,Ulqini,Ulqin,Crna Gora,Mali i Zi\",\"potentialAction\":[{\"@type\":\"SearchAction\",\"target\":{\"@type\":\"EntryPoint\",\"urlTemplate\":\"https:\/\/www.visit-ulcinj.com\/blog\/?s={search_term_string}\"},\"query-input\":\"required name=search_term_string\"}],\"inLanguage\":\"en-US\"},{\"@type\":\"ImageObject\",\"inLanguage\":\"en-US\",\"@id\":\"https:\/\/www.visit-ulcinj.com\/blog\/2011\/10\/12\/udheheqesja-e-bibliotekes-se-ulqinit-jep-alarminbiblioteka-s%e2%80%99mbahet-gjalle-me-libra-te-falur\/#primaryimage\",\"url\":\"https:\/\/www.visit-ulcinj.com\/blog\/wp-content\/uploads\/2011\/10\/Moikom-Zeqo-Biblioteka-e-Qytetit-UlqinArdita-Rama.4.jpg\",\"contentUrl\":\"https:\/\/www.visit-ulcinj.com\/blog\/wp-content\/uploads\/2011\/10\/Moikom-Zeqo-Biblioteka-e-Qytetit-UlqinArdita-Rama.4.jpg\",\"width\":\"720\",\"height\":\"540\"},{\"@type\":\"WebPage\",\"@id\":\"https:\/\/www.visit-ulcinj.com\/blog\/2011\/10\/12\/udheheqesja-e-bibliotekes-se-ulqinit-jep-alarminbiblioteka-s%e2%80%99mbahet-gjalle-me-libra-te-falur\/#webpage\",\"url\":\"https:\/\/www.visit-ulcinj.com\/blog\/2011\/10\/12\/udheheqesja-e-bibliotekes-se-ulqinit-jep-alarminbiblioteka-s%e2%80%99mbahet-gjalle-me-libra-te-falur\/\",\"name\":\"Udh\u00ebheq\u00ebsja e Bibliotek\u00ebs s\u00eb Ulqinit jep alarmin,Biblioteka s\u2019mbahet gjall\u00eb me libra t\u00eb falur - Lajme nga Ulqini\",\"isPartOf\":{\"@id\":\"https:\/\/www.visit-ulcinj.com\/blog\/#website\"},\"primaryImageOfPage\":{\"@id\":\"https:\/\/www.visit-ulcinj.com\/blog\/2011\/10\/12\/udheheqesja-e-bibliotekes-se-ulqinit-jep-alarminbiblioteka-s%e2%80%99mbahet-gjalle-me-libra-te-falur\/#primaryimage\"},\"datePublished\":\"2011-10-12T07:33:43+00:00\",\"dateModified\":\"2011-10-12T13:43:43+00:00\",\"author\":{\"@id\":\"https:\/\/www.visit-ulcinj.com\/blog\/#\/schema\/person\/dcab619c614d3038751c63bc2aadc06d\"},\"description\":\"Udh\u00ebheq\u00ebsja e Bibliotek\u00ebs s\u00eb Ulqinit jep alarmin Biblioteka s\u2019mbahet gjall\u00eb me libra t\u00eb falur \u00a0(Lexuar me rastin e dhurimit t\u00eb 500 librave, \u00a0Bibliotek\u00ebs\",\"breadcrumb\":{\"@id\":\"https:\/\/www.visit-ulcinj.com\/blog\/2011\/10\/12\/udheheqesja-e-bibliotekes-se-ulqinit-jep-alarminbiblioteka-s%e2%80%99mbahet-gjalle-me-libra-te-falur\/#breadcrumb\"},\"inLanguage\":\"en-US\",\"potentialAction\":[{\"@type\":\"ReadAction\",\"target\":[\"https:\/\/www.visit-ulcinj.com\/blog\/2011\/10\/12\/udheheqesja-e-bibliotekes-se-ulqinit-jep-alarminbiblioteka-s%e2%80%99mbahet-gjalle-me-libra-te-falur\/\"]}]},{\"@type\":\"BreadcrumbList\",\"@id\":\"https:\/\/www.visit-ulcinj.com\/blog\/2011\/10\/12\/udheheqesja-e-bibliotekes-se-ulqinit-jep-alarminbiblioteka-s%e2%80%99mbahet-gjalle-me-libra-te-falur\/#breadcrumb\",\"itemListElement\":[{\"@type\":\"ListItem\",\"position\":1,\"name\":\"Udh\u00ebheq\u00ebsja e Bibliotek\u00ebs s\u00eb Ulqinit jep alarmin,Biblioteka s\u2019mbahet gjall\u00eb me libra t\u00eb falur\"}]},{\"@type\":\"Person\",\"@id\":\"https:\/\/www.visit-ulcinj.com\/blog\/#\/schema\/person\/dcab619c614d3038751c63bc2aadc06d\",\"name\":\"ulqini\",\"sameAs\":[\"http:\/\/www.visit-ulcinj.com\"],\"url\":\"https:\/\/www.visit-ulcinj.com\/blog\/author\/admin\/\"}]}<\/script>\n<!-- \/ Yoast SEO plugin. -->","yoast_head_json":{"title":"Udh\u00ebheq\u00ebsja e Bibliotek\u00ebs s\u00eb Ulqinit jep alarmin,Biblioteka s\u2019mbahet gjall\u00eb me libra t\u00eb falur - Lajme nga Ulqini","description":"Udh\u00ebheq\u00ebsja e Bibliotek\u00ebs s\u00eb Ulqinit jep alarmin Biblioteka s\u2019mbahet gjall\u00eb me libra t\u00eb falur \u00a0(Lexuar me rastin e dhurimit t\u00eb 500 librave, \u00a0Bibliotek\u00ebs","robots":{"index":"index","follow":"follow","max-snippet":"max-snippet:-1","max-image-preview":"max-image-preview:large","max-video-preview":"max-video-preview:-1"},"canonical":"https:\/\/www.visit-ulcinj.com\/blog\/2011\/10\/12\/udheheqesja-e-bibliotekes-se-ulqinit-jep-alarminbiblioteka-s\u2019mbahet-gjalle-me-libra-te-falur\/","og_locale":"en_US","og_type":"article","og_title":"Udh\u00ebheq\u00ebsja e Bibliotek\u00ebs s\u00eb Ulqinit jep alarmin,Biblioteka s\u2019mbahet gjall\u00eb me libra t\u00eb falur - Lajme nga Ulqini","og_description":"Udh\u00ebheq\u00ebsja e Bibliotek\u00ebs s\u00eb Ulqinit jep alarmin Biblioteka s\u2019mbahet gjall\u00eb me libra t\u00eb falur \u00a0(Lexuar me rastin e dhurimit t\u00eb 500 librave, \u00a0Bibliotek\u00ebs","og_url":"https:\/\/www.visit-ulcinj.com\/blog\/2011\/10\/12\/udheheqesja-e-bibliotekes-se-ulqinit-jep-alarminbiblioteka-s\u2019mbahet-gjalle-me-libra-te-falur\/","og_site_name":"Lajme nga Ulqini","article_published_time":"2011-10-12T07:33:43+00:00","article_modified_time":"2011-10-12T13:43:43+00:00","og_image":[{"url":"https:\/\/www.visit-ulcinj.com\/blog\/wp-content\/uploads\/2011\/10\/Moikom-Zeqo-Biblioteka-e-Qytetit-UlqinArdita-Rama.1-150x150.jpg"}],"twitter_misc":{"Written by":"ulqini","Est. reading time":"6 minutes"},"schema":{"@context":"https:\/\/schema.org","@graph":[{"@type":"WebSite","@id":"https:\/\/www.visit-ulcinj.com\/blog\/#website","url":"https:\/\/www.visit-ulcinj.com\/blog\/","name":"Lajme nga Ulqini","description":"Lajme,Vijesti,Ulqini,Ulqin,Crna Gora,Mali i Zi","potentialAction":[{"@type":"SearchAction","target":{"@type":"EntryPoint","urlTemplate":"https:\/\/www.visit-ulcinj.com\/blog\/?s={search_term_string}"},"query-input":"required name=search_term_string"}],"inLanguage":"en-US"},{"@type":"ImageObject","inLanguage":"en-US","@id":"https:\/\/www.visit-ulcinj.com\/blog\/2011\/10\/12\/udheheqesja-e-bibliotekes-se-ulqinit-jep-alarminbiblioteka-s%e2%80%99mbahet-gjalle-me-libra-te-falur\/#primaryimage","url":"https:\/\/www.visit-ulcinj.com\/blog\/wp-content\/uploads\/2011\/10\/Moikom-Zeqo-Biblioteka-e-Qytetit-UlqinArdita-Rama.4.jpg","contentUrl":"https:\/\/www.visit-ulcinj.com\/blog\/wp-content\/uploads\/2011\/10\/Moikom-Zeqo-Biblioteka-e-Qytetit-UlqinArdita-Rama.4.jpg","width":"720","height":"540"},{"@type":"WebPage","@id":"https:\/\/www.visit-ulcinj.com\/blog\/2011\/10\/12\/udheheqesja-e-bibliotekes-se-ulqinit-jep-alarminbiblioteka-s%e2%80%99mbahet-gjalle-me-libra-te-falur\/#webpage","url":"https:\/\/www.visit-ulcinj.com\/blog\/2011\/10\/12\/udheheqesja-e-bibliotekes-se-ulqinit-jep-alarminbiblioteka-s%e2%80%99mbahet-gjalle-me-libra-te-falur\/","name":"Udh\u00ebheq\u00ebsja e Bibliotek\u00ebs s\u00eb Ulqinit jep alarmin,Biblioteka s\u2019mbahet gjall\u00eb me libra t\u00eb falur - Lajme nga Ulqini","isPartOf":{"@id":"https:\/\/www.visit-ulcinj.com\/blog\/#website"},"primaryImageOfPage":{"@id":"https:\/\/www.visit-ulcinj.com\/blog\/2011\/10\/12\/udheheqesja-e-bibliotekes-se-ulqinit-jep-alarminbiblioteka-s%e2%80%99mbahet-gjalle-me-libra-te-falur\/#primaryimage"},"datePublished":"2011-10-12T07:33:43+00:00","dateModified":"2011-10-12T13:43:43+00:00","author":{"@id":"https:\/\/www.visit-ulcinj.com\/blog\/#\/schema\/person\/dcab619c614d3038751c63bc2aadc06d"},"description":"Udh\u00ebheq\u00ebsja e Bibliotek\u00ebs s\u00eb Ulqinit jep alarmin Biblioteka s\u2019mbahet gjall\u00eb me libra t\u00eb falur \u00a0(Lexuar me rastin e dhurimit t\u00eb 500 librave, \u00a0Bibliotek\u00ebs","breadcrumb":{"@id":"https:\/\/www.visit-ulcinj.com\/blog\/2011\/10\/12\/udheheqesja-e-bibliotekes-se-ulqinit-jep-alarminbiblioteka-s%e2%80%99mbahet-gjalle-me-libra-te-falur\/#breadcrumb"},"inLanguage":"en-US","potentialAction":[{"@type":"ReadAction","target":["https:\/\/www.visit-ulcinj.com\/blog\/2011\/10\/12\/udheheqesja-e-bibliotekes-se-ulqinit-jep-alarminbiblioteka-s%e2%80%99mbahet-gjalle-me-libra-te-falur\/"]}]},{"@type":"BreadcrumbList","@id":"https:\/\/www.visit-ulcinj.com\/blog\/2011\/10\/12\/udheheqesja-e-bibliotekes-se-ulqinit-jep-alarminbiblioteka-s%e2%80%99mbahet-gjalle-me-libra-te-falur\/#breadcrumb","itemListElement":[{"@type":"ListItem","position":1,"name":"Udh\u00ebheq\u00ebsja e Bibliotek\u00ebs s\u00eb Ulqinit jep alarmin,Biblioteka s\u2019mbahet gjall\u00eb me libra t\u00eb falur"}]},{"@type":"Person","@id":"https:\/\/www.visit-ulcinj.com\/blog\/#\/schema\/person\/dcab619c614d3038751c63bc2aadc06d","name":"ulqini","sameAs":["http:\/\/www.visit-ulcinj.com"],"url":"https:\/\/www.visit-ulcinj.com\/blog\/author\/admin\/"}]}},"jetpack_featured_media_url":"","jetpack_sharing_enabled":true,"jetpack_shortlink":"https:\/\/wp.me\/pe6lTn-dxb","_links":{"self":[{"href":"https:\/\/www.visit-ulcinj.com\/blog\/wp-json\/wp\/v2\/posts\/52029"}],"collection":[{"href":"https:\/\/www.visit-ulcinj.com\/blog\/wp-json\/wp\/v2\/posts"}],"about":[{"href":"https:\/\/www.visit-ulcinj.com\/blog\/wp-json\/wp\/v2\/types\/post"}],"author":[{"embeddable":true,"href":"https:\/\/www.visit-ulcinj.com\/blog\/wp-json\/wp\/v2\/users\/1"}],"replies":[{"embeddable":true,"href":"https:\/\/www.visit-ulcinj.com\/blog\/wp-json\/wp\/v2\/comments?post=52029"}],"version-history":[{"count":3,"href":"https:\/\/www.visit-ulcinj.com\/blog\/wp-json\/wp\/v2\/posts\/52029\/revisions"}],"predecessor-version":[{"id":52056,"href":"https:\/\/www.visit-ulcinj.com\/blog\/wp-json\/wp\/v2\/posts\/52029\/revisions\/52056"}],"wp:attachment":[{"href":"https:\/\/www.visit-ulcinj.com\/blog\/wp-json\/wp\/v2\/media?parent=52029"}],"wp:term":[{"taxonomy":"category","embeddable":true,"href":"https:\/\/www.visit-ulcinj.com\/blog\/wp-json\/wp\/v2\/categories?post=52029"},{"taxonomy":"post_tag","embeddable":true,"href":"https:\/\/www.visit-ulcinj.com\/blog\/wp-json\/wp\/v2\/tags?post=52029"}],"curies":[{"name":"wp","href":"https:\/\/api.w.org\/{rel}","templated":true}]}}