{"id":52070,"date":"2011-10-12T20:56:23","date_gmt":"2011-10-12T19:56:23","guid":{"rendered":"http:\/\/www.visit-ulcinj.com\/blog\/?p=52070"},"modified":"2011-10-13T12:58:49","modified_gmt":"2011-10-13T11:58:49","slug":"nazif-cungu-bene-aksion-per-pastrimin-e-qytetit-te-ulqinit-video","status":"publish","type":"post","link":"https:\/\/www.visit-ulcinj.com\/blog\/2011\/10\/12\/nazif-cungu-bene-aksion-per-pastrimin-e-qytetit-te-ulqinit-video\/","title":{"rendered":"Nazif Cungu ben\u00eb aksion p\u00ebr pastrimin e qytetit t\u00eb Ulqinit &#8211; Video"},"content":{"rendered":"<p><a href=\"http:\/\/www.visit-ulcinj.com\/blog\/wp-content\/uploads\/2011\/10\/Nazif-Cungu_kryetar-i-komunes-se-Ulqinit.jpg\"><img loading=\"lazy\" class=\"alignleft size-full wp-image-52071\" title=\"Nazif Cungu_kryetar i komunes se Ulqinit\" src=\"http:\/\/www.visit-ulcinj.com\/blog\/wp-content\/uploads\/2011\/10\/Nazif-Cungu_kryetar-i-komunes-se-Ulqinit.jpg\" alt=\"\" width=\"508\" height=\"383\" srcset=\"https:\/\/www.visit-ulcinj.com\/blog\/wp-content\/uploads\/2011\/10\/Nazif-Cungu_kryetar-i-komunes-se-Ulqinit.jpg 508w, https:\/\/www.visit-ulcinj.com\/blog\/wp-content\/uploads\/2011\/10\/Nazif-Cungu_kryetar-i-komunes-se-Ulqinit-300x226.jpg 300w\" sizes=\"(max-width: 508px) 100vw, 508px\" \/><\/a><strong>Aksion p\u00ebr t\u2019ia rikthyer Ulqinit epitetin \u201cQytet i past\u00ebr\u201d<\/strong><\/p>\n<p><strong>Kryetari i Komun\u00ebs s\u00eb Ulqinit, Nazif Cungu, p\u00ebr dit\u00ebn e shtun\u00eb ka paralajm\u00ebruar fillimin e nj\u00eb aksioni masiv n\u00eb territorin e Komun\u00ebs, p\u00ebr rikthimin e epitetit t\u00eb Ulqinit \u201cQytet i past\u00ebr\u201d, aksion ky q\u00eb t\u00eb vazhdoj\u00eb gjat\u00eb t\u00ebr\u00eb muajit tetor.<\/strong><\/p>\n<p>Nisma e kryetarit t\u00eb komun\u00ebs z.Nazif Cungu p\u00ebr pastrimin e qytetit ka mb\u00ebrritur dhe n\u00eb Ulqin.<\/p>\n<p>Q\u00ebllimi i k\u00ebtyre aksioneve \u00ebsht\u00eb jo vet\u00ebm pastrimi i qytetit dhe i plazheve por dhe si sensibilizim dhe nd\u00ebrgjegj\u00ebsim i qytetar\u00ebve t\u00eb Ulqinit p\u00ebr t\u00eb mbajtur past\u00ebr ambintet ku jetojn\u00eb. Aktivitete t\u00eb tilla jan\u00eb organizuar n\u00eb t\u00ebre qytetin e Ulqinit. Nd\u00ebrsa pritet q\u00eb nisma t\u00eb vijoj\u00eb n\u00eb periferin e Ulqinit,Kru\u00e7,Valdanos,Plazha Madhe,Ana e Malit dhe deri ne kufirin Sukubin &#8211; Muriqan.<\/p>\n<p>Drejtoria komunale e Inspeksionit t\u00eb Ulqinit, ka filluar aksionin p\u00ebr eliminimin e deponive ilegale t\u00eb mbeturinave me moton \u201cDita e pastrimit t\u00eb Ulqinit\u201d.<\/p>\n<p>Aksioni ka filluar q\u00eb nga dita e sotme dhe do t\u00eb jet\u00eb\u00a0i p\u00ebrqendruar brenda qytetit dhe n\u00eb hyrje dalje t\u00eb qytetit t\u00eb Ulqinit.<\/p>\n<p>Aksioni \u00ebsht\u00eb duke u kryer fal\u00eb angazhimit t\u00eb komun\u00ebs s\u00eb Ulqinit, Drejtoris komunale e Inspeksionit t\u00eb Ulqinit,t\u00eb Mirave Detare,Ulqin Biznes Asociacioni,dhe shum\u00eb aktor\u00ebve tjer.<\/p>\n<p>Ky aksion do filloj\u00eb t\u00eb shtunen me 15.10.2011 dhe do t\u00eb vazhdoj edhe n\u00eb ter\u00eb muajin tetor,\u00a0por\u00a0k\u00ebrkohet nga qytetar\u00ebt q\u00eb t\u00eb jen\u00eb m\u00eb t\u00eb p\u00ebrgjegjsh\u00ebm duke marr\u00eb parasysh se pjesa d\u00ebrmuese e mbeturinave jan\u00eb t\u00eb karakterit nd\u00ebrtimor dhe se deponimi i tyre mund t\u00eb b\u00ebhet n\u00eb deponin\u00eb e mbeturinave,edhe ate\u00a0pa pages\u00eb.<\/p>\n<p>Inspeksioni komunal do t\u00eb vazhdoj\u00eb me kujdestari dhe do t\u00eb bashk\u00ebpunoj\u00eb me qytetar\u00eb, nd\u00ebrsa p\u00ebr t\u00eb pap\u00ebrgjegjshmit do t\u00eb nd\u00ebrmerr masa ligjore mjedisore.<\/p>\n<!--YouTube Error: bad URL entered-->\n","protected":false},"excerpt":{"rendered":"<p>Aksion p\u00ebr t\u2019ia rikthyer Ulqinit epitetin \u201cQytet i past\u00ebr\u201d Kryetari i Komun\u00ebs s\u00eb Ulqinit, Nazif Cungu, p\u00ebr dit\u00ebn e shtun\u00eb ka paralajm\u00ebruar fillimin e nj\u00eb aksioni masiv n\u00eb territorin e Komun\u00ebs, p\u00ebr rikthimin e epitetit t\u00eb Ulqinit \u201cQytet i past\u00ebr\u201d, aksion ky q\u00eb t\u00eb vazhdoj\u00eb gjat\u00eb t\u00ebr\u00eb muajit tetor. Nisma e kryetarit t\u00eb komun\u00ebs z.Nazif [&hellip;]<\/p>\n","protected":false},"author":1,"featured_media":0,"comment_status":"open","ping_status":"closed","sticky":false,"template":"","format":"standard","meta":{"spay_email":"","jetpack_publicize_message":"","jetpack_is_tweetstorm":false,"jetpack_publicize_feature_enabled":true},"categories":[1],"tags":[14525,212,15858,17828,19211,17834,18370,17811,17831,18362,14353,17808,14354,12340,17840,17839,18363,15868,17835,17814,17810,17816,17071,17807,3516,2761,14652,17837,17827,14505,14358,15864,15869,1073,17802,17812,17803,15854,17820,17825,17817,17805,13756,305,14502,17823,17832,3506,17818,214,17680,14362,14363,3507,17800,498,3500,115,14364,119,17799,3327,17841,17826,15213,18236,3512,17806,11648,18289,17838,95,15865,17813,17804,15141,15853,17836,14366,15857,79,17073,15871,15870,15856,18294,14518,118,18368,1653,19208,19209,1909,14367,17801,18360,15861,15866,17822,14368,14369,14516,15862,17824,15860,14514,14370,18291,2083,3231,14371,41,3617,14372,17844,17821,18372,15859,17830,17077,18295,14375,17833,17829,200,18,12690,14510,15863,17819,15867,17809,1797,15855,14376],"jetpack_publicize_connections":[],"yoast_head":"<!-- This site is optimized with the Yoast SEO plugin v19.1 - https:\/\/yoast.com\/wordpress\/plugins\/seo\/ -->\n<title>Nazif Cungu ben\u00eb aksion p\u00ebr pastrimin e qytetit t\u00eb Ulqinit - Video - Lajme nga Ulqini<\/title>\n<meta name=\"description\" content=\"Aksion p\u00ebr t\u2019ia rikthyer Ulqinit epitetin \u201cQytet i past\u00ebr\u201d Kryetari i Komun\u00ebs s\u00eb Ulqinit, Nazif Cungu, p\u00ebr dit\u00ebn e shtun\u00eb ka paralajm\u00ebruar fillimin e nj\u00eb\" \/>\n<meta name=\"robots\" content=\"index, follow, max-snippet:-1, max-image-preview:large, max-video-preview:-1\" \/>\n<link rel=\"canonical\" href=\"https:\/\/www.visit-ulcinj.com\/blog\/2011\/10\/12\/nazif-cungu-bene-aksion-per-pastrimin-e-qytetit-te-ulqinit-video\/\" \/>\n<meta property=\"og:locale\" content=\"en_US\" \/>\n<meta property=\"og:type\" content=\"article\" \/>\n<meta property=\"og:title\" content=\"Nazif Cungu ben\u00eb aksion p\u00ebr pastrimin e qytetit t\u00eb Ulqinit - Video - Lajme nga Ulqini\" \/>\n<meta property=\"og:description\" content=\"Aksion p\u00ebr t\u2019ia rikthyer Ulqinit epitetin \u201cQytet i past\u00ebr\u201d Kryetari i Komun\u00ebs s\u00eb Ulqinit, Nazif Cungu, p\u00ebr dit\u00ebn e shtun\u00eb ka paralajm\u00ebruar fillimin e nj\u00eb\" \/>\n<meta property=\"og:url\" content=\"https:\/\/www.visit-ulcinj.com\/blog\/2011\/10\/12\/nazif-cungu-bene-aksion-per-pastrimin-e-qytetit-te-ulqinit-video\/\" \/>\n<meta property=\"og:site_name\" content=\"Lajme nga Ulqini\" \/>\n<meta property=\"article:published_time\" content=\"2011-10-12T19:56:23+00:00\" \/>\n<meta property=\"article:modified_time\" content=\"2011-10-13T11:58:49+00:00\" \/>\n<meta property=\"og:image\" content=\"http:\/\/www.visit-ulcinj.com\/blog\/wp-content\/uploads\/2011\/10\/Nazif-Cungu_kryetar-i-komunes-se-Ulqinit.jpg\" \/>\n<meta name=\"twitter:label1\" content=\"Written by\" \/>\n\t<meta name=\"twitter:data1\" content=\"ulqini\" \/>\n\t<meta name=\"twitter:label2\" content=\"Est. reading time\" \/>\n\t<meta name=\"twitter:data2\" content=\"2 minutes\" \/>\n<script type=\"application\/ld+json\" class=\"yoast-schema-graph\">{\"@context\":\"https:\/\/schema.org\",\"@graph\":[{\"@type\":\"WebSite\",\"@id\":\"https:\/\/www.visit-ulcinj.com\/blog\/#website\",\"url\":\"https:\/\/www.visit-ulcinj.com\/blog\/\",\"name\":\"Lajme nga Ulqini\",\"description\":\"Lajme,Vijesti,Ulqini,Ulqin,Crna Gora,Mali i Zi\",\"potentialAction\":[{\"@type\":\"SearchAction\",\"target\":{\"@type\":\"EntryPoint\",\"urlTemplate\":\"https:\/\/www.visit-ulcinj.com\/blog\/?s={search_term_string}\"},\"query-input\":\"required name=search_term_string\"}],\"inLanguage\":\"en-US\"},{\"@type\":\"ImageObject\",\"inLanguage\":\"en-US\",\"@id\":\"https:\/\/www.visit-ulcinj.com\/blog\/2011\/10\/12\/nazif-cungu-bene-aksion-per-pastrimin-e-qytetit-te-ulqinit-video\/#primaryimage\",\"url\":\"https:\/\/www.visit-ulcinj.com\/blog\/wp-content\/uploads\/2011\/10\/Nazif-Cungu_kryetar-i-komunes-se-Ulqinit.jpg\",\"contentUrl\":\"https:\/\/www.visit-ulcinj.com\/blog\/wp-content\/uploads\/2011\/10\/Nazif-Cungu_kryetar-i-komunes-se-Ulqinit.jpg\",\"width\":\"508\",\"height\":\"383\"},{\"@type\":\"WebPage\",\"@id\":\"https:\/\/www.visit-ulcinj.com\/blog\/2011\/10\/12\/nazif-cungu-bene-aksion-per-pastrimin-e-qytetit-te-ulqinit-video\/#webpage\",\"url\":\"https:\/\/www.visit-ulcinj.com\/blog\/2011\/10\/12\/nazif-cungu-bene-aksion-per-pastrimin-e-qytetit-te-ulqinit-video\/\",\"name\":\"Nazif Cungu ben\u00eb aksion p\u00ebr pastrimin e qytetit t\u00eb Ulqinit - Video - Lajme nga Ulqini\",\"isPartOf\":{\"@id\":\"https:\/\/www.visit-ulcinj.com\/blog\/#website\"},\"primaryImageOfPage\":{\"@id\":\"https:\/\/www.visit-ulcinj.com\/blog\/2011\/10\/12\/nazif-cungu-bene-aksion-per-pastrimin-e-qytetit-te-ulqinit-video\/#primaryimage\"},\"datePublished\":\"2011-10-12T19:56:23+00:00\",\"dateModified\":\"2011-10-13T11:58:49+00:00\",\"author\":{\"@id\":\"https:\/\/www.visit-ulcinj.com\/blog\/#\/schema\/person\/dcab619c614d3038751c63bc2aadc06d\"},\"description\":\"Aksion p\u00ebr t\u2019ia rikthyer Ulqinit epitetin \u201cQytet i past\u00ebr\u201d Kryetari i Komun\u00ebs s\u00eb Ulqinit, Nazif Cungu, p\u00ebr dit\u00ebn e shtun\u00eb ka paralajm\u00ebruar fillimin e nj\u00eb\",\"breadcrumb\":{\"@id\":\"https:\/\/www.visit-ulcinj.com\/blog\/2011\/10\/12\/nazif-cungu-bene-aksion-per-pastrimin-e-qytetit-te-ulqinit-video\/#breadcrumb\"},\"inLanguage\":\"en-US\",\"potentialAction\":[{\"@type\":\"ReadAction\",\"target\":[\"https:\/\/www.visit-ulcinj.com\/blog\/2011\/10\/12\/nazif-cungu-bene-aksion-per-pastrimin-e-qytetit-te-ulqinit-video\/\"]}]},{\"@type\":\"BreadcrumbList\",\"@id\":\"https:\/\/www.visit-ulcinj.com\/blog\/2011\/10\/12\/nazif-cungu-bene-aksion-per-pastrimin-e-qytetit-te-ulqinit-video\/#breadcrumb\",\"itemListElement\":[{\"@type\":\"ListItem\",\"position\":1,\"name\":\"Nazif Cungu ben\u00eb aksion p\u00ebr pastrimin e qytetit t\u00eb Ulqinit &#8211; Video\"}]},{\"@type\":\"Person\",\"@id\":\"https:\/\/www.visit-ulcinj.com\/blog\/#\/schema\/person\/dcab619c614d3038751c63bc2aadc06d\",\"name\":\"ulqini\",\"sameAs\":[\"http:\/\/www.visit-ulcinj.com\"],\"url\":\"https:\/\/www.visit-ulcinj.com\/blog\/author\/admin\/\"}]}<\/script>\n<!-- \/ Yoast SEO plugin. -->","yoast_head_json":{"title":"Nazif Cungu ben\u00eb aksion p\u00ebr pastrimin e qytetit t\u00eb Ulqinit - Video - Lajme nga Ulqini","description":"Aksion p\u00ebr t\u2019ia rikthyer Ulqinit epitetin \u201cQytet i past\u00ebr\u201d Kryetari i Komun\u00ebs s\u00eb Ulqinit, Nazif Cungu, p\u00ebr dit\u00ebn e shtun\u00eb ka paralajm\u00ebruar fillimin e nj\u00eb","robots":{"index":"index","follow":"follow","max-snippet":"max-snippet:-1","max-image-preview":"max-image-preview:large","max-video-preview":"max-video-preview:-1"},"canonical":"https:\/\/www.visit-ulcinj.com\/blog\/2011\/10\/12\/nazif-cungu-bene-aksion-per-pastrimin-e-qytetit-te-ulqinit-video\/","og_locale":"en_US","og_type":"article","og_title":"Nazif Cungu ben\u00eb aksion p\u00ebr pastrimin e qytetit t\u00eb Ulqinit - Video - Lajme nga Ulqini","og_description":"Aksion p\u00ebr t\u2019ia rikthyer Ulqinit epitetin \u201cQytet i past\u00ebr\u201d Kryetari i Komun\u00ebs s\u00eb Ulqinit, Nazif Cungu, p\u00ebr dit\u00ebn e shtun\u00eb ka paralajm\u00ebruar fillimin e nj\u00eb","og_url":"https:\/\/www.visit-ulcinj.com\/blog\/2011\/10\/12\/nazif-cungu-bene-aksion-per-pastrimin-e-qytetit-te-ulqinit-video\/","og_site_name":"Lajme nga Ulqini","article_published_time":"2011-10-12T19:56:23+00:00","article_modified_time":"2011-10-13T11:58:49+00:00","og_image":[{"url":"http:\/\/www.visit-ulcinj.com\/blog\/wp-content\/uploads\/2011\/10\/Nazif-Cungu_kryetar-i-komunes-se-Ulqinit.jpg"}],"twitter_misc":{"Written by":"ulqini","Est. reading time":"2 minutes"},"schema":{"@context":"https:\/\/schema.org","@graph":[{"@type":"WebSite","@id":"https:\/\/www.visit-ulcinj.com\/blog\/#website","url":"https:\/\/www.visit-ulcinj.com\/blog\/","name":"Lajme nga Ulqini","description":"Lajme,Vijesti,Ulqini,Ulqin,Crna Gora,Mali i Zi","potentialAction":[{"@type":"SearchAction","target":{"@type":"EntryPoint","urlTemplate":"https:\/\/www.visit-ulcinj.com\/blog\/?s={search_term_string}"},"query-input":"required name=search_term_string"}],"inLanguage":"en-US"},{"@type":"ImageObject","inLanguage":"en-US","@id":"https:\/\/www.visit-ulcinj.com\/blog\/2011\/10\/12\/nazif-cungu-bene-aksion-per-pastrimin-e-qytetit-te-ulqinit-video\/#primaryimage","url":"https:\/\/www.visit-ulcinj.com\/blog\/wp-content\/uploads\/2011\/10\/Nazif-Cungu_kryetar-i-komunes-se-Ulqinit.jpg","contentUrl":"https:\/\/www.visit-ulcinj.com\/blog\/wp-content\/uploads\/2011\/10\/Nazif-Cungu_kryetar-i-komunes-se-Ulqinit.jpg","width":"508","height":"383"},{"@type":"WebPage","@id":"https:\/\/www.visit-ulcinj.com\/blog\/2011\/10\/12\/nazif-cungu-bene-aksion-per-pastrimin-e-qytetit-te-ulqinit-video\/#webpage","url":"https:\/\/www.visit-ulcinj.com\/blog\/2011\/10\/12\/nazif-cungu-bene-aksion-per-pastrimin-e-qytetit-te-ulqinit-video\/","name":"Nazif Cungu ben\u00eb aksion p\u00ebr pastrimin e qytetit t\u00eb Ulqinit - Video - Lajme nga Ulqini","isPartOf":{"@id":"https:\/\/www.visit-ulcinj.com\/blog\/#website"},"primaryImageOfPage":{"@id":"https:\/\/www.visit-ulcinj.com\/blog\/2011\/10\/12\/nazif-cungu-bene-aksion-per-pastrimin-e-qytetit-te-ulqinit-video\/#primaryimage"},"datePublished":"2011-10-12T19:56:23+00:00","dateModified":"2011-10-13T11:58:49+00:00","author":{"@id":"https:\/\/www.visit-ulcinj.com\/blog\/#\/schema\/person\/dcab619c614d3038751c63bc2aadc06d"},"description":"Aksion p\u00ebr t\u2019ia rikthyer Ulqinit epitetin \u201cQytet i past\u00ebr\u201d Kryetari i Komun\u00ebs s\u00eb Ulqinit, Nazif Cungu, p\u00ebr dit\u00ebn e shtun\u00eb ka paralajm\u00ebruar fillimin e nj\u00eb","breadcrumb":{"@id":"https:\/\/www.visit-ulcinj.com\/blog\/2011\/10\/12\/nazif-cungu-bene-aksion-per-pastrimin-e-qytetit-te-ulqinit-video\/#breadcrumb"},"inLanguage":"en-US","potentialAction":[{"@type":"ReadAction","target":["https:\/\/www.visit-ulcinj.com\/blog\/2011\/10\/12\/nazif-cungu-bene-aksion-per-pastrimin-e-qytetit-te-ulqinit-video\/"]}]},{"@type":"BreadcrumbList","@id":"https:\/\/www.visit-ulcinj.com\/blog\/2011\/10\/12\/nazif-cungu-bene-aksion-per-pastrimin-e-qytetit-te-ulqinit-video\/#breadcrumb","itemListElement":[{"@type":"ListItem","position":1,"name":"Nazif Cungu ben\u00eb aksion p\u00ebr pastrimin e qytetit t\u00eb Ulqinit &#8211; Video"}]},{"@type":"Person","@id":"https:\/\/www.visit-ulcinj.com\/blog\/#\/schema\/person\/dcab619c614d3038751c63bc2aadc06d","name":"ulqini","sameAs":["http:\/\/www.visit-ulcinj.com"],"url":"https:\/\/www.visit-ulcinj.com\/blog\/author\/admin\/"}]}},"jetpack_featured_media_url":"","jetpack_sharing_enabled":true,"jetpack_shortlink":"https:\/\/wp.me\/pe6lTn-dxQ","_links":{"self":[{"href":"https:\/\/www.visit-ulcinj.com\/blog\/wp-json\/wp\/v2\/posts\/52070"}],"collection":[{"href":"https:\/\/www.visit-ulcinj.com\/blog\/wp-json\/wp\/v2\/posts"}],"about":[{"href":"https:\/\/www.visit-ulcinj.com\/blog\/wp-json\/wp\/v2\/types\/post"}],"author":[{"embeddable":true,"href":"https:\/\/www.visit-ulcinj.com\/blog\/wp-json\/wp\/v2\/users\/1"}],"replies":[{"embeddable":true,"href":"https:\/\/www.visit-ulcinj.com\/blog\/wp-json\/wp\/v2\/comments?post=52070"}],"version-history":[{"count":7,"href":"https:\/\/www.visit-ulcinj.com\/blog\/wp-json\/wp\/v2\/posts\/52070\/revisions"}],"predecessor-version":[{"id":52075,"href":"https:\/\/www.visit-ulcinj.com\/blog\/wp-json\/wp\/v2\/posts\/52070\/revisions\/52075"}],"wp:attachment":[{"href":"https:\/\/www.visit-ulcinj.com\/blog\/wp-json\/wp\/v2\/media?parent=52070"}],"wp:term":[{"taxonomy":"category","embeddable":true,"href":"https:\/\/www.visit-ulcinj.com\/blog\/wp-json\/wp\/v2\/categories?post=52070"},{"taxonomy":"post_tag","embeddable":true,"href":"https:\/\/www.visit-ulcinj.com\/blog\/wp-json\/wp\/v2\/tags?post=52070"}],"curies":[{"name":"wp","href":"https:\/\/api.w.org\/{rel}","templated":true}]}}