{"id":52084,"date":"2011-10-13T08:09:06","date_gmt":"2011-10-13T07:09:06","guid":{"rendered":"http:\/\/www.visit-ulcinj.com\/blog\/?p=52084"},"modified":"2011-10-13T14:10:49","modified_gmt":"2011-10-13T13:10:49","slug":"ulcinj-startovao-porazom","status":"publish","type":"post","link":"https:\/\/www.visit-ulcinj.com\/blog\/2011\/10\/13\/ulcinj-startovao-porazom\/","title":{"rendered":"Ulcinj startovao porazom"},"content":{"rendered":"<p><a href=\"http:\/\/www.visit-ulcinj.com\/blog\/2011\/10\/13\/ulcinj-startovao-porazom\/ulcinj-startovao-porazom\/\" rel=\"attachment wp-att-52085\"><img loading=\"lazy\" class=\"alignleft size-full wp-image-52085\" title=\"Ulcinj startovao porazom\" src=\"http:\/\/www.visit-ulcinj.com\/blog\/wp-content\/uploads\/2011\/10\/Ulcinj-startovao-porazom-.jpg\" alt=\"\" width=\"332\" height=\"157\" srcset=\"https:\/\/www.visit-ulcinj.com\/blog\/wp-content\/uploads\/2011\/10\/Ulcinj-startovao-porazom-.jpg 332w, https:\/\/www.visit-ulcinj.com\/blog\/wp-content\/uploads\/2011\/10\/Ulcinj-startovao-porazom--300x141.jpg 300w\" sizes=\"(max-width: 332px) 100vw, 332px\" \/><\/a>Ko\u0161arka\u0161i Ulcinja pora\u017eeni su na startu regionalne Balskanske lige\u00a0pred svojim navija\u010dima od makedonske Feni industrije 59:53 (15:17, 17:7, 17:14 i 10:15) u okviru grupe B.<\/p>\n<p>Najzaslu\u017eniji za trijumf makedonske ekipe bio je Sa\u0161a Ocokolji\u0107 sa 15 poena.\u00a0U ekipi Ulcinja po 11 ko\u0161eva postigli su Milan Latkovi\u0107 i Dragomir Marojevi\u0107, dok je deset dodao Milo\u0161 \u0110uri\u0161i\u0107.\u00a0Barski Mornar ju\u010de u Skoplju, u A grupi, savladao je makedonski Torus 84:79 (23:23, 15:20, 26:19 i 20:17).<\/p>\n<p><a href=\"http:\/\/www.portalanalitika.me\/sport\/kosarka\/39674-bibl-ulcinj-startovao-porazom.html\" target=\"_blank\"><strong>Analitika<\/strong><\/a><\/p>\n","protected":false},"excerpt":{"rendered":"<p>Ko\u0161arka\u0161i Ulcinja pora\u017eeni su na startu regionalne Balskanske lige\u00a0pred svojim navija\u010dima od makedonske Feni industrije 59:53 (15:17, 17:7, 17:14 i 10:15) u okviru grupe B. Najzaslu\u017eniji za trijumf makedonske ekipe bio je Sa\u0161a Ocokolji\u0107 sa 15 poena.\u00a0U ekipi Ulcinja po 11 ko\u0161eva postigli su Milan Latkovi\u0107 i Dragomir Marojevi\u0107, dok je deset dodao Milo\u0161 \u0110uri\u0161i\u0107.\u00a0Barski [&hellip;]<\/p>\n","protected":false},"author":1,"featured_media":0,"comment_status":"open","ping_status":"closed","sticky":false,"template":"","format":"standard","meta":{"spay_email":"","jetpack_publicize_message":"","jetpack_is_tweetstorm":false,"jetpack_publicize_feature_enabled":true},"categories":[8],"tags":[19210,4572,15291],"jetpack_publicize_connections":[],"yoast_head":"<!-- This site is optimized with the Yoast SEO plugin v19.1 - https:\/\/yoast.com\/wordpress\/plugins\/seo\/ -->\n<title>Ulcinj startovao porazom - Lajme nga Ulqini<\/title>\n<meta name=\"description\" content=\"Ko\u0161arka\u0161i Ulcinja pora\u017eeni su na startu regionalne Balskanske lige\u00a0pred svojim navija\u010dima od makedonske Feni industrije 59:53 (15:17, 17:7, 17:14 i 10:15)\" \/>\n<meta name=\"robots\" content=\"index, follow, max-snippet:-1, max-image-preview:large, max-video-preview:-1\" \/>\n<link rel=\"canonical\" href=\"https:\/\/www.visit-ulcinj.com\/blog\/2011\/10\/13\/ulcinj-startovao-porazom\/\" \/>\n<meta property=\"og:locale\" content=\"en_US\" \/>\n<meta property=\"og:type\" content=\"article\" \/>\n<meta property=\"og:title\" content=\"Ulcinj startovao porazom - Lajme nga Ulqini\" \/>\n<meta property=\"og:description\" content=\"Ko\u0161arka\u0161i Ulcinja pora\u017eeni su na startu regionalne Balskanske lige\u00a0pred svojim navija\u010dima od makedonske Feni industrije 59:53 (15:17, 17:7, 17:14 i 10:15)\" \/>\n<meta property=\"og:url\" content=\"https:\/\/www.visit-ulcinj.com\/blog\/2011\/10\/13\/ulcinj-startovao-porazom\/\" \/>\n<meta property=\"og:site_name\" content=\"Lajme nga Ulqini\" \/>\n<meta property=\"article:published_time\" content=\"2011-10-13T07:09:06+00:00\" \/>\n<meta property=\"article:modified_time\" content=\"2011-10-13T13:10:49+00:00\" \/>\n<meta property=\"og:image\" content=\"http:\/\/www.visit-ulcinj.com\/blog\/wp-content\/uploads\/2011\/10\/Ulcinj-startovao-porazom-.jpg\" \/>\n<meta name=\"twitter:label1\" content=\"Written by\" \/>\n\t<meta name=\"twitter:data1\" content=\"ulqini\" \/>\n<script type=\"application\/ld+json\" class=\"yoast-schema-graph\">{\"@context\":\"https:\/\/schema.org\",\"@graph\":[{\"@type\":\"WebSite\",\"@id\":\"https:\/\/www.visit-ulcinj.com\/blog\/#website\",\"url\":\"https:\/\/www.visit-ulcinj.com\/blog\/\",\"name\":\"Lajme nga Ulqini\",\"description\":\"Lajme,Vijesti,Ulqini,Ulqin,Crna Gora,Mali i Zi\",\"potentialAction\":[{\"@type\":\"SearchAction\",\"target\":{\"@type\":\"EntryPoint\",\"urlTemplate\":\"https:\/\/www.visit-ulcinj.com\/blog\/?s={search_term_string}\"},\"query-input\":\"required name=search_term_string\"}],\"inLanguage\":\"en-US\"},{\"@type\":\"ImageObject\",\"inLanguage\":\"en-US\",\"@id\":\"https:\/\/www.visit-ulcinj.com\/blog\/2011\/10\/13\/ulcinj-startovao-porazom\/#primaryimage\",\"url\":\"https:\/\/www.visit-ulcinj.com\/blog\/wp-content\/uploads\/2011\/10\/Ulcinj-startovao-porazom-.jpg\",\"contentUrl\":\"https:\/\/www.visit-ulcinj.com\/blog\/wp-content\/uploads\/2011\/10\/Ulcinj-startovao-porazom-.jpg\",\"width\":\"332\",\"height\":\"157\"},{\"@type\":\"WebPage\",\"@id\":\"https:\/\/www.visit-ulcinj.com\/blog\/2011\/10\/13\/ulcinj-startovao-porazom\/#webpage\",\"url\":\"https:\/\/www.visit-ulcinj.com\/blog\/2011\/10\/13\/ulcinj-startovao-porazom\/\",\"name\":\"Ulcinj startovao porazom - Lajme nga Ulqini\",\"isPartOf\":{\"@id\":\"https:\/\/www.visit-ulcinj.com\/blog\/#website\"},\"primaryImageOfPage\":{\"@id\":\"https:\/\/www.visit-ulcinj.com\/blog\/2011\/10\/13\/ulcinj-startovao-porazom\/#primaryimage\"},\"datePublished\":\"2011-10-13T07:09:06+00:00\",\"dateModified\":\"2011-10-13T13:10:49+00:00\",\"author\":{\"@id\":\"https:\/\/www.visit-ulcinj.com\/blog\/#\/schema\/person\/dcab619c614d3038751c63bc2aadc06d\"},\"description\":\"Ko\u0161arka\u0161i Ulcinja pora\u017eeni su na startu regionalne Balskanske lige\u00a0pred svojim navija\u010dima od makedonske Feni industrije 59:53 (15:17, 17:7, 17:14 i 10:15)\",\"breadcrumb\":{\"@id\":\"https:\/\/www.visit-ulcinj.com\/blog\/2011\/10\/13\/ulcinj-startovao-porazom\/#breadcrumb\"},\"inLanguage\":\"en-US\",\"potentialAction\":[{\"@type\":\"ReadAction\",\"target\":[\"https:\/\/www.visit-ulcinj.com\/blog\/2011\/10\/13\/ulcinj-startovao-porazom\/\"]}]},{\"@type\":\"BreadcrumbList\",\"@id\":\"https:\/\/www.visit-ulcinj.com\/blog\/2011\/10\/13\/ulcinj-startovao-porazom\/#breadcrumb\",\"itemListElement\":[{\"@type\":\"ListItem\",\"position\":1,\"name\":\"Ulcinj startovao porazom\"}]},{\"@type\":\"Person\",\"@id\":\"https:\/\/www.visit-ulcinj.com\/blog\/#\/schema\/person\/dcab619c614d3038751c63bc2aadc06d\",\"name\":\"ulqini\",\"sameAs\":[\"http:\/\/www.visit-ulcinj.com\"],\"url\":\"https:\/\/www.visit-ulcinj.com\/blog\/author\/admin\/\"}]}<\/script>\n<!-- \/ Yoast SEO plugin. -->","yoast_head_json":{"title":"Ulcinj startovao porazom - Lajme nga Ulqini","description":"Ko\u0161arka\u0161i Ulcinja pora\u017eeni su na startu regionalne Balskanske lige\u00a0pred svojim navija\u010dima od makedonske Feni industrije 59:53 (15:17, 17:7, 17:14 i 10:15)","robots":{"index":"index","follow":"follow","max-snippet":"max-snippet:-1","max-image-preview":"max-image-preview:large","max-video-preview":"max-video-preview:-1"},"canonical":"https:\/\/www.visit-ulcinj.com\/blog\/2011\/10\/13\/ulcinj-startovao-porazom\/","og_locale":"en_US","og_type":"article","og_title":"Ulcinj startovao porazom - Lajme nga Ulqini","og_description":"Ko\u0161arka\u0161i Ulcinja pora\u017eeni su na startu regionalne Balskanske lige\u00a0pred svojim navija\u010dima od makedonske Feni industrije 59:53 (15:17, 17:7, 17:14 i 10:15)","og_url":"https:\/\/www.visit-ulcinj.com\/blog\/2011\/10\/13\/ulcinj-startovao-porazom\/","og_site_name":"Lajme nga Ulqini","article_published_time":"2011-10-13T07:09:06+00:00","article_modified_time":"2011-10-13T13:10:49+00:00","og_image":[{"url":"http:\/\/www.visit-ulcinj.com\/blog\/wp-content\/uploads\/2011\/10\/Ulcinj-startovao-porazom-.jpg"}],"twitter_misc":{"Written by":"ulqini"},"schema":{"@context":"https:\/\/schema.org","@graph":[{"@type":"WebSite","@id":"https:\/\/www.visit-ulcinj.com\/blog\/#website","url":"https:\/\/www.visit-ulcinj.com\/blog\/","name":"Lajme nga Ulqini","description":"Lajme,Vijesti,Ulqini,Ulqin,Crna Gora,Mali i Zi","potentialAction":[{"@type":"SearchAction","target":{"@type":"EntryPoint","urlTemplate":"https:\/\/www.visit-ulcinj.com\/blog\/?s={search_term_string}"},"query-input":"required name=search_term_string"}],"inLanguage":"en-US"},{"@type":"ImageObject","inLanguage":"en-US","@id":"https:\/\/www.visit-ulcinj.com\/blog\/2011\/10\/13\/ulcinj-startovao-porazom\/#primaryimage","url":"https:\/\/www.visit-ulcinj.com\/blog\/wp-content\/uploads\/2011\/10\/Ulcinj-startovao-porazom-.jpg","contentUrl":"https:\/\/www.visit-ulcinj.com\/blog\/wp-content\/uploads\/2011\/10\/Ulcinj-startovao-porazom-.jpg","width":"332","height":"157"},{"@type":"WebPage","@id":"https:\/\/www.visit-ulcinj.com\/blog\/2011\/10\/13\/ulcinj-startovao-porazom\/#webpage","url":"https:\/\/www.visit-ulcinj.com\/blog\/2011\/10\/13\/ulcinj-startovao-porazom\/","name":"Ulcinj startovao porazom - Lajme nga Ulqini","isPartOf":{"@id":"https:\/\/www.visit-ulcinj.com\/blog\/#website"},"primaryImageOfPage":{"@id":"https:\/\/www.visit-ulcinj.com\/blog\/2011\/10\/13\/ulcinj-startovao-porazom\/#primaryimage"},"datePublished":"2011-10-13T07:09:06+00:00","dateModified":"2011-10-13T13:10:49+00:00","author":{"@id":"https:\/\/www.visit-ulcinj.com\/blog\/#\/schema\/person\/dcab619c614d3038751c63bc2aadc06d"},"description":"Ko\u0161arka\u0161i Ulcinja pora\u017eeni su na startu regionalne Balskanske lige\u00a0pred svojim navija\u010dima od makedonske Feni industrije 59:53 (15:17, 17:7, 17:14 i 10:15)","breadcrumb":{"@id":"https:\/\/www.visit-ulcinj.com\/blog\/2011\/10\/13\/ulcinj-startovao-porazom\/#breadcrumb"},"inLanguage":"en-US","potentialAction":[{"@type":"ReadAction","target":["https:\/\/www.visit-ulcinj.com\/blog\/2011\/10\/13\/ulcinj-startovao-porazom\/"]}]},{"@type":"BreadcrumbList","@id":"https:\/\/www.visit-ulcinj.com\/blog\/2011\/10\/13\/ulcinj-startovao-porazom\/#breadcrumb","itemListElement":[{"@type":"ListItem","position":1,"name":"Ulcinj startovao porazom"}]},{"@type":"Person","@id":"https:\/\/www.visit-ulcinj.com\/blog\/#\/schema\/person\/dcab619c614d3038751c63bc2aadc06d","name":"ulqini","sameAs":["http:\/\/www.visit-ulcinj.com"],"url":"https:\/\/www.visit-ulcinj.com\/blog\/author\/admin\/"}]}},"jetpack_featured_media_url":"","jetpack_sharing_enabled":true,"jetpack_shortlink":"https:\/\/wp.me\/pe6lTn-dy4","_links":{"self":[{"href":"https:\/\/www.visit-ulcinj.com\/blog\/wp-json\/wp\/v2\/posts\/52084"}],"collection":[{"href":"https:\/\/www.visit-ulcinj.com\/blog\/wp-json\/wp\/v2\/posts"}],"about":[{"href":"https:\/\/www.visit-ulcinj.com\/blog\/wp-json\/wp\/v2\/types\/post"}],"author":[{"embeddable":true,"href":"https:\/\/www.visit-ulcinj.com\/blog\/wp-json\/wp\/v2\/users\/1"}],"replies":[{"embeddable":true,"href":"https:\/\/www.visit-ulcinj.com\/blog\/wp-json\/wp\/v2\/comments?post=52084"}],"version-history":[{"count":4,"href":"https:\/\/www.visit-ulcinj.com\/blog\/wp-json\/wp\/v2\/posts\/52084\/revisions"}],"predecessor-version":[{"id":52126,"href":"https:\/\/www.visit-ulcinj.com\/blog\/wp-json\/wp\/v2\/posts\/52084\/revisions\/52126"}],"wp:attachment":[{"href":"https:\/\/www.visit-ulcinj.com\/blog\/wp-json\/wp\/v2\/media?parent=52084"}],"wp:term":[{"taxonomy":"category","embeddable":true,"href":"https:\/\/www.visit-ulcinj.com\/blog\/wp-json\/wp\/v2\/categories?post=52084"},{"taxonomy":"post_tag","embeddable":true,"href":"https:\/\/www.visit-ulcinj.com\/blog\/wp-json\/wp\/v2\/tags?post=52084"}],"curies":[{"name":"wp","href":"https:\/\/api.w.org\/{rel}","templated":true}]}}