{"id":52103,"date":"2011-10-13T13:15:15","date_gmt":"2011-10-13T12:15:15","guid":{"rendered":"http:\/\/www.visit-ulcinj.com\/blog\/?p=52103"},"modified":"2011-10-13T13:16:14","modified_gmt":"2011-10-13T12:16:14","slug":"07-10-2011-kryetari-i-komunes-se-ulqinit-nazif-cungu-ka-pritur-pefaqesuesit-e-vodacom-%e2%80%93-it","status":"publish","type":"post","link":"https:\/\/www.visit-ulcinj.com\/blog\/2011\/10\/13\/07-10-2011-kryetari-i-komunes-se-ulqinit-nazif-cungu-ka-pritur-pefaqesuesit-e-vodacom-%e2%80%93-it\/","title":{"rendered":"07.10.2011: Kryetari i Komun\u00ebs s\u00eb Ulqinit Nazif Cungu ka pritur p\u00ebfaq\u00ebsuesit e VODACOM \u2013 it"},"content":{"rendered":"<p><a href=\"http:\/\/www.visit-ulcinj.com\/blog\/wp-content\/uploads\/2011\/10\/Kyetari-i-Komun%C3%ABs-s%C3%AB-Ulqinit-Nazif-Cungu-priti-p%C3%ABrfaq%C3%ABsuesit-e-VODACOM-%E2%80%93-it.1.jpg\"><img loading=\"lazy\" class=\"alignleft size-full wp-image-52104\" title=\"Kyetari i Komun\u00ebs s\u00eb Ulqinit Nazif Cungu priti p\u00ebrfaq\u00ebsuesit e VODACOM \u2013 it.1\" src=\"http:\/\/www.visit-ulcinj.com\/blog\/wp-content\/uploads\/2011\/10\/Kyetari-i-Komun%C3%ABs-s%C3%AB-Ulqinit-Nazif-Cungu-priti-p%C3%ABrfaq%C3%ABsuesit-e-VODACOM-%E2%80%93-it.1.jpg\" alt=\"\" width=\"508\" height=\"380\" \/><\/a>Kyetari i Komun\u00ebs s\u00eb Ulqinit Nazif Cungu me bashk\u00ebpun\u00ebto\u00ebt e tij ka pritur sot p\u00ebrfaq\u00ebsuesit e VODACOM \u2013 it q\u00eb \u00ebsht\u00eb shoq\u00ebri e p\u00ebrbashk\u00ebt sh\u00ebrbimesh dhe koordinuese p\u00ebr furnizimin me uj\u00eb dhe transportimin e uj\u00ebrave t\u00eb zeza p\u00ebr bregdetin e Malit t\u00eb Zi. N\u00eb takim \u00ebsht\u00eb biseduar p\u00ebr nj\u00eb prej problemeve ky\u00e7e t\u00eb komun\u00ebs, e q\u00eb jan\u00eb uj\u00ebrat e zeza e posa\u00e7\u00ebrisht problemi i Porto Milen\u00ebs.<\/p>\n<p>Bisedimet jan\u00eb zhvilluar me q\u00ebllim t\u00eb hyrjes sa m\u00eb t\u00eb shpejt\u00eb t\u00eb Komun\u00ebs s\u00eb Ulqinit n\u00eb k\u00ebt\u00eb shoq\u00ebri me q\u00ebllim t\u00eb fillimit t\u00eb punimit t\u00eb dokumntacionit projektues dhe hyrjes n\u00eb investimin e nd\u00ebrtimit t\u00eb fabik\u00ebs p\u00ebr pastrimin e uj\u00ebrave t\u00eb zeza q\u00eb do ta p\u00ebrkrahte banka KFW.<br \/>\n<a href=\"http:\/\/www.visit-ulcinj.com\/blog\/wp-content\/uploads\/2011\/10\/Kyetari-i-Komun%C3%ABs-s%C3%AB-Ulqinit-Nazif-Cungu-priti-p%C3%ABrfaq%C3%ABsuesit-e-VODACOM-%E2%80%93-it.jpg\"><img loading=\"lazy\" class=\"alignleft size-full wp-image-52105\" title=\"Kyetari i Komun\u00ebs s\u00eb Ulqinit Nazif Cungu priti p\u00ebrfaq\u00ebsuesit e VODACOM \u2013 it\" src=\"http:\/\/www.visit-ulcinj.com\/blog\/wp-content\/uploads\/2011\/10\/Kyetari-i-Komun%C3%ABs-s%C3%AB-Ulqinit-Nazif-Cungu-priti-p%C3%ABrfaq%C3%ABsuesit-e-VODACOM-%E2%80%93-it.jpg\" alt=\"\" width=\"508\" height=\"330\" \/><\/a><\/p>\n<p>Hapat e ardhsh\u00ebm t\u00eb cil\u00ebt n\u00eb k\u00ebt\u00eb takim jan\u00eb p\u00ebrfunduar jan\u00eb q\u00eb Komuna e Ulqinit do ta p\u00ebrshpejtoj\u00eb procedur\u00ebn p\u00ebr t\u00eb hyr\u00eb n\u00eb VODACOM dhe se do ta hartoj\u00eb list\u00ebn e masave t\u00eb cilat jan\u00eb t\u00eb nevojshme p\u00ebr investime. Gjithashtu do t\u00eb organizohet nj\u00eb mbledhje e p\u00ebrbashk\u00ebt e ministris\u00eb, Komun\u00ebs s\u00eb Ulqinit dhe Vodacom \u2013 it me q\u00ebllim t\u00eb planifikimit sa m\u00eb t\u00eb shpejt\u00eb t\u00eb masave dhe q\u00eb sa m\u00eb shpejt do t\u00eb sigurohet punimi i Planit t\u00eb nevojsh\u00ebm Hap\u00ebsinor e\u00a0 Urbanistik.<\/p>\n<p>N\u00eb mbledhje ka marr\u00eb pjes\u00eb Kryetari Nazif Cungu me bashk\u00ebpun\u00ebtor\u00ebt e tij, nd\u00ebrsa n\u00eb an\u00ebn tjet\u00ebr drejtori ekzekutiv e Vodacom \u2013 it Boris Vukoviq me bashk\u00ebpun\u00ebtor\u00ebt e tij.<\/p>\n<p><strong>Komuna e Ulqinit<\/strong><\/p>\n","protected":false},"excerpt":{"rendered":"<p>Kyetari i Komun\u00ebs s\u00eb Ulqinit Nazif Cungu me bashk\u00ebpun\u00ebto\u00ebt e tij ka pritur sot p\u00ebrfaq\u00ebsuesit e VODACOM \u2013 it q\u00eb \u00ebsht\u00eb shoq\u00ebri e p\u00ebrbashk\u00ebt sh\u00ebrbimesh dhe koordinuese p\u00ebr furnizimin me uj\u00eb dhe transportimin e uj\u00ebrave t\u00eb zeza p\u00ebr bregdetin e Malit t\u00eb Zi. N\u00eb takim \u00ebsht\u00eb biseduar p\u00ebr nj\u00eb prej problemeve ky\u00e7e t\u00eb komun\u00ebs, e [&hellip;]<\/p>\n","protected":false},"author":1,"featured_media":0,"comment_status":"open","ping_status":"closed","sticky":false,"template":"","format":"standard","meta":{"spay_email":"","jetpack_publicize_message":"","jetpack_is_tweetstorm":false,"jetpack_publicize_feature_enabled":true},"categories":[11],"tags":[14525,15858,19211,15868,2761,14505,4607,15864,15869,1073,15854,13756,14502,297,15865,15853,15857,19212,15856,14518,19213,15861,15866,14516,15862,15860,14514,15859,200,18,12690,14510,15863,15867,19214,1797,15855],"jetpack_publicize_connections":[],"yoast_head":"<!-- This site is optimized with the Yoast SEO plugin v19.1 - https:\/\/yoast.com\/wordpress\/plugins\/seo\/ -->\n<title>07.10.2011: Kryetari i Komun\u00ebs s\u00eb Ulqinit Nazif Cungu ka pritur p\u00ebfaq\u00ebsuesit e VODACOM \u2013 it - Lajme nga Ulqini<\/title>\n<meta name=\"description\" content=\"Kyetari i Komun\u00ebs s\u00eb Ulqinit Nazif Cungu me bashk\u00ebpun\u00ebto\u00ebt e tij ka pritur sot p\u00ebrfaq\u00ebsuesit e VODACOM \u2013 it q\u00eb \u00ebsht\u00eb shoq\u00ebri e p\u00ebrbashk\u00ebt sh\u00ebrbimesh dhe\" \/>\n<meta name=\"robots\" content=\"index, follow, max-snippet:-1, max-image-preview:large, max-video-preview:-1\" \/>\n<link rel=\"canonical\" href=\"https:\/\/www.visit-ulcinj.com\/blog\/2011\/10\/13\/07-10-2011-kryetari-i-komunes-se-ulqinit-nazif-cungu-ka-pritur-pefaqesuesit-e-vodacom-\u2013-it\/\" \/>\n<meta property=\"og:locale\" content=\"en_US\" \/>\n<meta property=\"og:type\" content=\"article\" \/>\n<meta property=\"og:title\" content=\"07.10.2011: Kryetari i Komun\u00ebs s\u00eb Ulqinit Nazif Cungu ka pritur p\u00ebfaq\u00ebsuesit e VODACOM \u2013 it - Lajme nga Ulqini\" \/>\n<meta property=\"og:description\" content=\"Kyetari i Komun\u00ebs s\u00eb Ulqinit Nazif Cungu me bashk\u00ebpun\u00ebto\u00ebt e tij ka pritur sot p\u00ebrfaq\u00ebsuesit e VODACOM \u2013 it q\u00eb \u00ebsht\u00eb shoq\u00ebri e p\u00ebrbashk\u00ebt sh\u00ebrbimesh dhe\" \/>\n<meta property=\"og:url\" content=\"https:\/\/www.visit-ulcinj.com\/blog\/2011\/10\/13\/07-10-2011-kryetari-i-komunes-se-ulqinit-nazif-cungu-ka-pritur-pefaqesuesit-e-vodacom-\u2013-it\/\" \/>\n<meta property=\"og:site_name\" content=\"Lajme nga Ulqini\" \/>\n<meta property=\"article:published_time\" content=\"2011-10-13T12:15:15+00:00\" \/>\n<meta property=\"article:modified_time\" content=\"2011-10-13T12:16:14+00:00\" \/>\n<meta property=\"og:image\" content=\"http:\/\/www.visit-ulcinj.com\/blog\/wp-content\/uploads\/2011\/10\/Kyetari-i-Komun%C3%ABs-s%C3%AB-Ulqinit-Nazif-Cungu-priti-p%C3%ABrfaq%C3%ABsuesit-e-VODACOM-%E2%80%93-it.1.jpg\" \/>\n<meta name=\"twitter:label1\" content=\"Written by\" \/>\n\t<meta name=\"twitter:data1\" content=\"ulqini\" \/>\n\t<meta name=\"twitter:label2\" content=\"Est. reading time\" \/>\n\t<meta name=\"twitter:data2\" content=\"1 minute\" \/>\n<script type=\"application\/ld+json\" class=\"yoast-schema-graph\">{\"@context\":\"https:\/\/schema.org\",\"@graph\":[{\"@type\":\"WebSite\",\"@id\":\"https:\/\/www.visit-ulcinj.com\/blog\/#website\",\"url\":\"https:\/\/www.visit-ulcinj.com\/blog\/\",\"name\":\"Lajme nga Ulqini\",\"description\":\"Lajme,Vijesti,Ulqini,Ulqin,Crna Gora,Mali i Zi\",\"potentialAction\":[{\"@type\":\"SearchAction\",\"target\":{\"@type\":\"EntryPoint\",\"urlTemplate\":\"https:\/\/www.visit-ulcinj.com\/blog\/?s={search_term_string}\"},\"query-input\":\"required name=search_term_string\"}],\"inLanguage\":\"en-US\"},{\"@type\":\"ImageObject\",\"inLanguage\":\"en-US\",\"@id\":\"https:\/\/www.visit-ulcinj.com\/blog\/2011\/10\/13\/07-10-2011-kryetari-i-komunes-se-ulqinit-nazif-cungu-ka-pritur-pefaqesuesit-e-vodacom-%e2%80%93-it\/#primaryimage\",\"url\":\"http:\/\/www.visit-ulcinj.com\/blog\/wp-content\/uploads\/2011\/10\/Kyetari-i-Komun%C3%ABs-s%C3%AB-Ulqinit-Nazif-Cungu-priti-p%C3%ABrfaq%C3%ABsuesit-e-VODACOM-%E2%80%93-it.1.jpg\",\"contentUrl\":\"http:\/\/www.visit-ulcinj.com\/blog\/wp-content\/uploads\/2011\/10\/Kyetari-i-Komun%C3%ABs-s%C3%AB-Ulqinit-Nazif-Cungu-priti-p%C3%ABrfaq%C3%ABsuesit-e-VODACOM-%E2%80%93-it.1.jpg\"},{\"@type\":\"WebPage\",\"@id\":\"https:\/\/www.visit-ulcinj.com\/blog\/2011\/10\/13\/07-10-2011-kryetari-i-komunes-se-ulqinit-nazif-cungu-ka-pritur-pefaqesuesit-e-vodacom-%e2%80%93-it\/#webpage\",\"url\":\"https:\/\/www.visit-ulcinj.com\/blog\/2011\/10\/13\/07-10-2011-kryetari-i-komunes-se-ulqinit-nazif-cungu-ka-pritur-pefaqesuesit-e-vodacom-%e2%80%93-it\/\",\"name\":\"07.10.2011: Kryetari i Komun\u00ebs s\u00eb Ulqinit Nazif Cungu ka pritur p\u00ebfaq\u00ebsuesit e VODACOM \u2013 it - Lajme nga Ulqini\",\"isPartOf\":{\"@id\":\"https:\/\/www.visit-ulcinj.com\/blog\/#website\"},\"primaryImageOfPage\":{\"@id\":\"https:\/\/www.visit-ulcinj.com\/blog\/2011\/10\/13\/07-10-2011-kryetari-i-komunes-se-ulqinit-nazif-cungu-ka-pritur-pefaqesuesit-e-vodacom-%e2%80%93-it\/#primaryimage\"},\"datePublished\":\"2011-10-13T12:15:15+00:00\",\"dateModified\":\"2011-10-13T12:16:14+00:00\",\"author\":{\"@id\":\"https:\/\/www.visit-ulcinj.com\/blog\/#\/schema\/person\/dcab619c614d3038751c63bc2aadc06d\"},\"description\":\"Kyetari i Komun\u00ebs s\u00eb Ulqinit Nazif Cungu me bashk\u00ebpun\u00ebto\u00ebt e tij ka pritur sot p\u00ebrfaq\u00ebsuesit e VODACOM \u2013 it q\u00eb \u00ebsht\u00eb shoq\u00ebri e p\u00ebrbashk\u00ebt sh\u00ebrbimesh dhe\",\"breadcrumb\":{\"@id\":\"https:\/\/www.visit-ulcinj.com\/blog\/2011\/10\/13\/07-10-2011-kryetari-i-komunes-se-ulqinit-nazif-cungu-ka-pritur-pefaqesuesit-e-vodacom-%e2%80%93-it\/#breadcrumb\"},\"inLanguage\":\"en-US\",\"potentialAction\":[{\"@type\":\"ReadAction\",\"target\":[\"https:\/\/www.visit-ulcinj.com\/blog\/2011\/10\/13\/07-10-2011-kryetari-i-komunes-se-ulqinit-nazif-cungu-ka-pritur-pefaqesuesit-e-vodacom-%e2%80%93-it\/\"]}]},{\"@type\":\"BreadcrumbList\",\"@id\":\"https:\/\/www.visit-ulcinj.com\/blog\/2011\/10\/13\/07-10-2011-kryetari-i-komunes-se-ulqinit-nazif-cungu-ka-pritur-pefaqesuesit-e-vodacom-%e2%80%93-it\/#breadcrumb\",\"itemListElement\":[{\"@type\":\"ListItem\",\"position\":1,\"name\":\"07.10.2011: Kryetari i Komun\u00ebs s\u00eb Ulqinit Nazif Cungu ka pritur p\u00ebfaq\u00ebsuesit e VODACOM \u2013 it\"}]},{\"@type\":\"Person\",\"@id\":\"https:\/\/www.visit-ulcinj.com\/blog\/#\/schema\/person\/dcab619c614d3038751c63bc2aadc06d\",\"name\":\"ulqini\",\"sameAs\":[\"http:\/\/www.visit-ulcinj.com\"],\"url\":\"https:\/\/www.visit-ulcinj.com\/blog\/author\/admin\/\"}]}<\/script>\n<!-- \/ Yoast SEO plugin. -->","yoast_head_json":{"title":"07.10.2011: Kryetari i Komun\u00ebs s\u00eb Ulqinit Nazif Cungu ka pritur p\u00ebfaq\u00ebsuesit e VODACOM \u2013 it - Lajme nga Ulqini","description":"Kyetari i Komun\u00ebs s\u00eb Ulqinit Nazif Cungu me bashk\u00ebpun\u00ebto\u00ebt e tij ka pritur sot p\u00ebrfaq\u00ebsuesit e VODACOM \u2013 it q\u00eb \u00ebsht\u00eb shoq\u00ebri e p\u00ebrbashk\u00ebt sh\u00ebrbimesh dhe","robots":{"index":"index","follow":"follow","max-snippet":"max-snippet:-1","max-image-preview":"max-image-preview:large","max-video-preview":"max-video-preview:-1"},"canonical":"https:\/\/www.visit-ulcinj.com\/blog\/2011\/10\/13\/07-10-2011-kryetari-i-komunes-se-ulqinit-nazif-cungu-ka-pritur-pefaqesuesit-e-vodacom-\u2013-it\/","og_locale":"en_US","og_type":"article","og_title":"07.10.2011: Kryetari i Komun\u00ebs s\u00eb Ulqinit Nazif Cungu ka pritur p\u00ebfaq\u00ebsuesit e VODACOM \u2013 it - Lajme nga Ulqini","og_description":"Kyetari i Komun\u00ebs s\u00eb Ulqinit Nazif Cungu me bashk\u00ebpun\u00ebto\u00ebt e tij ka pritur sot p\u00ebrfaq\u00ebsuesit e VODACOM \u2013 it q\u00eb \u00ebsht\u00eb shoq\u00ebri e p\u00ebrbashk\u00ebt sh\u00ebrbimesh dhe","og_url":"https:\/\/www.visit-ulcinj.com\/blog\/2011\/10\/13\/07-10-2011-kryetari-i-komunes-se-ulqinit-nazif-cungu-ka-pritur-pefaqesuesit-e-vodacom-\u2013-it\/","og_site_name":"Lajme nga Ulqini","article_published_time":"2011-10-13T12:15:15+00:00","article_modified_time":"2011-10-13T12:16:14+00:00","og_image":[{"url":"http:\/\/www.visit-ulcinj.com\/blog\/wp-content\/uploads\/2011\/10\/Kyetari-i-Komun%C3%ABs-s%C3%AB-Ulqinit-Nazif-Cungu-priti-p%C3%ABrfaq%C3%ABsuesit-e-VODACOM-%E2%80%93-it.1.jpg"}],"twitter_misc":{"Written by":"ulqini","Est. reading time":"1 minute"},"schema":{"@context":"https:\/\/schema.org","@graph":[{"@type":"WebSite","@id":"https:\/\/www.visit-ulcinj.com\/blog\/#website","url":"https:\/\/www.visit-ulcinj.com\/blog\/","name":"Lajme nga Ulqini","description":"Lajme,Vijesti,Ulqini,Ulqin,Crna Gora,Mali i Zi","potentialAction":[{"@type":"SearchAction","target":{"@type":"EntryPoint","urlTemplate":"https:\/\/www.visit-ulcinj.com\/blog\/?s={search_term_string}"},"query-input":"required name=search_term_string"}],"inLanguage":"en-US"},{"@type":"ImageObject","inLanguage":"en-US","@id":"https:\/\/www.visit-ulcinj.com\/blog\/2011\/10\/13\/07-10-2011-kryetari-i-komunes-se-ulqinit-nazif-cungu-ka-pritur-pefaqesuesit-e-vodacom-%e2%80%93-it\/#primaryimage","url":"http:\/\/www.visit-ulcinj.com\/blog\/wp-content\/uploads\/2011\/10\/Kyetari-i-Komun%C3%ABs-s%C3%AB-Ulqinit-Nazif-Cungu-priti-p%C3%ABrfaq%C3%ABsuesit-e-VODACOM-%E2%80%93-it.1.jpg","contentUrl":"http:\/\/www.visit-ulcinj.com\/blog\/wp-content\/uploads\/2011\/10\/Kyetari-i-Komun%C3%ABs-s%C3%AB-Ulqinit-Nazif-Cungu-priti-p%C3%ABrfaq%C3%ABsuesit-e-VODACOM-%E2%80%93-it.1.jpg"},{"@type":"WebPage","@id":"https:\/\/www.visit-ulcinj.com\/blog\/2011\/10\/13\/07-10-2011-kryetari-i-komunes-se-ulqinit-nazif-cungu-ka-pritur-pefaqesuesit-e-vodacom-%e2%80%93-it\/#webpage","url":"https:\/\/www.visit-ulcinj.com\/blog\/2011\/10\/13\/07-10-2011-kryetari-i-komunes-se-ulqinit-nazif-cungu-ka-pritur-pefaqesuesit-e-vodacom-%e2%80%93-it\/","name":"07.10.2011: Kryetari i Komun\u00ebs s\u00eb Ulqinit Nazif Cungu ka pritur p\u00ebfaq\u00ebsuesit e VODACOM \u2013 it - Lajme nga Ulqini","isPartOf":{"@id":"https:\/\/www.visit-ulcinj.com\/blog\/#website"},"primaryImageOfPage":{"@id":"https:\/\/www.visit-ulcinj.com\/blog\/2011\/10\/13\/07-10-2011-kryetari-i-komunes-se-ulqinit-nazif-cungu-ka-pritur-pefaqesuesit-e-vodacom-%e2%80%93-it\/#primaryimage"},"datePublished":"2011-10-13T12:15:15+00:00","dateModified":"2011-10-13T12:16:14+00:00","author":{"@id":"https:\/\/www.visit-ulcinj.com\/blog\/#\/schema\/person\/dcab619c614d3038751c63bc2aadc06d"},"description":"Kyetari i Komun\u00ebs s\u00eb Ulqinit Nazif Cungu me bashk\u00ebpun\u00ebto\u00ebt e tij ka pritur sot p\u00ebrfaq\u00ebsuesit e VODACOM \u2013 it q\u00eb \u00ebsht\u00eb shoq\u00ebri e p\u00ebrbashk\u00ebt sh\u00ebrbimesh dhe","breadcrumb":{"@id":"https:\/\/www.visit-ulcinj.com\/blog\/2011\/10\/13\/07-10-2011-kryetari-i-komunes-se-ulqinit-nazif-cungu-ka-pritur-pefaqesuesit-e-vodacom-%e2%80%93-it\/#breadcrumb"},"inLanguage":"en-US","potentialAction":[{"@type":"ReadAction","target":["https:\/\/www.visit-ulcinj.com\/blog\/2011\/10\/13\/07-10-2011-kryetari-i-komunes-se-ulqinit-nazif-cungu-ka-pritur-pefaqesuesit-e-vodacom-%e2%80%93-it\/"]}]},{"@type":"BreadcrumbList","@id":"https:\/\/www.visit-ulcinj.com\/blog\/2011\/10\/13\/07-10-2011-kryetari-i-komunes-se-ulqinit-nazif-cungu-ka-pritur-pefaqesuesit-e-vodacom-%e2%80%93-it\/#breadcrumb","itemListElement":[{"@type":"ListItem","position":1,"name":"07.10.2011: Kryetari i Komun\u00ebs s\u00eb Ulqinit Nazif Cungu ka pritur p\u00ebfaq\u00ebsuesit e VODACOM \u2013 it"}]},{"@type":"Person","@id":"https:\/\/www.visit-ulcinj.com\/blog\/#\/schema\/person\/dcab619c614d3038751c63bc2aadc06d","name":"ulqini","sameAs":["http:\/\/www.visit-ulcinj.com"],"url":"https:\/\/www.visit-ulcinj.com\/blog\/author\/admin\/"}]}},"jetpack_featured_media_url":"","jetpack_sharing_enabled":true,"jetpack_shortlink":"https:\/\/wp.me\/pe6lTn-dyn","_links":{"self":[{"href":"https:\/\/www.visit-ulcinj.com\/blog\/wp-json\/wp\/v2\/posts\/52103"}],"collection":[{"href":"https:\/\/www.visit-ulcinj.com\/blog\/wp-json\/wp\/v2\/posts"}],"about":[{"href":"https:\/\/www.visit-ulcinj.com\/blog\/wp-json\/wp\/v2\/types\/post"}],"author":[{"embeddable":true,"href":"https:\/\/www.visit-ulcinj.com\/blog\/wp-json\/wp\/v2\/users\/1"}],"replies":[{"embeddable":true,"href":"https:\/\/www.visit-ulcinj.com\/blog\/wp-json\/wp\/v2\/comments?post=52103"}],"version-history":[{"count":2,"href":"https:\/\/www.visit-ulcinj.com\/blog\/wp-json\/wp\/v2\/posts\/52103\/revisions"}],"predecessor-version":[{"id":52108,"href":"https:\/\/www.visit-ulcinj.com\/blog\/wp-json\/wp\/v2\/posts\/52103\/revisions\/52108"}],"wp:attachment":[{"href":"https:\/\/www.visit-ulcinj.com\/blog\/wp-json\/wp\/v2\/media?parent=52103"}],"wp:term":[{"taxonomy":"category","embeddable":true,"href":"https:\/\/www.visit-ulcinj.com\/blog\/wp-json\/wp\/v2\/categories?post=52103"},{"taxonomy":"post_tag","embeddable":true,"href":"https:\/\/www.visit-ulcinj.com\/blog\/wp-json\/wp\/v2\/tags?post=52103"}],"curies":[{"name":"wp","href":"https:\/\/api.w.org\/{rel}","templated":true}]}}