{"id":52109,"date":"2011-10-13T13:29:05","date_gmt":"2011-10-13T12:29:05","guid":{"rendered":"http:\/\/www.visit-ulcinj.com\/blog\/?p=52109"},"modified":"2011-10-13T13:29:05","modified_gmt":"2011-10-13T12:29:05","slug":"07-10-2011-takim-pune-i-kryetarit-te-komunes-se-ulqinit-me-ndihmesin-e-ministrit-per-zhvillim-te-qendrueshem-nebojsha-popoviq","status":"publish","type":"post","link":"https:\/\/www.visit-ulcinj.com\/blog\/2011\/10\/13\/07-10-2011-takim-pune-i-kryetarit-te-komunes-se-ulqinit-me-ndihmesin-e-ministrit-per-zhvillim-te-qendrueshem-nebojsha-popoviq\/","title":{"rendered":"07.10.2011: Takim pune i Kryetarit t\u00eb Komun\u00ebs s\u00eb Ulqinit me ndihm\u00ebsin e ministrit p\u00ebr zhvillim t\u00eb q\u00ebndruesh\u00ebm Nebojsha Popoviq"},"content":{"rendered":"<p><a href=\"http:\/\/www.visit-ulcinj.com\/blog\/wp-content\/uploads\/2011\/10\/Kryetari-UlqinitNazif-Cungu_Ministri-Nebojsa-Popovic.11.jpg\"><img loading=\"lazy\" class=\"alignleft size-full wp-image-52111\" title=\"Kryetari Ulqinit,Nazif Cungu_Ministri Nebojsa Popovic.1\" src=\"http:\/\/www.visit-ulcinj.com\/blog\/wp-content\/uploads\/2011\/10\/Kryetari-UlqinitNazif-Cungu_Ministri-Nebojsa-Popovic.11.jpg\" alt=\"\" width=\"508\" height=\"380\" \/><\/a>Kryetari i Komun\u00ebs s\u00eb Ulqinit Nazif Cungu me bashk\u00ebpun\u00ebtor\u00eb ka mbajtur sot nj\u00eb takim pune me an\u00ebtar\u00ebt e ekipit p\u00ebr p\u00ebrcjelljen e privatizimit t\u00eb cilin e ka udh\u00ebhequr ndihm\u00ebsi i ministrit p\u00ebr zhvillim t\u00eb q\u00ebndruesh\u00ebm t\u00eb Malit t\u00eb Zi, zot\u00ebri Nebojsha Popoviq.<\/p>\n<p>Ndihm\u00ebsi i ministrit Popoviq t\u00eb gjith\u00eb t\u00eb pranishmit i ka informuar t\u00eb pranishmit me problemet e lokalitetit \u201cJadran\u201d ku nj\u00ebri prej problemeve ky\u00e7 \u00ebsht\u00eb zhvendosja e 13 familjeve q\u00eb jetojn\u00eb aty, me q\u00ebllim q\u00eb n\u00eb at\u00eb lokalitet t\u00eb krijohen kushtet p\u00ebr t\u00eb filluar me nd\u00ebrtimin e hotelit me 5 yje. N\u00eb vazhdim ai tha se kan\u00eb hasur n\u00eb miratimin e atyre familjeve gj\u00eb q\u00eb \u00e7\u00ebshtja e banesave t\u00eb tyre do t\u00eb zgjidhet p\u00ebrgjithmon\u00eb dhe se jan\u00eb n\u00eb faz\u00ebn e k\u00ebrkimit t\u00eb lokalitetit adekuat, p\u00ebr t\u00eb cil\u00ebn gj\u00eb tashm\u00eb ka 2 parcela t\u00eb p\u00ebrshtatshme potenciale.<\/p>\n<p>P\u00ebrfaq\u00ebsuesi i nd\u00ebrmarrjes publike \u201cT\u00eb mirat detare\u201d tha se ata e kan\u00eb marr\u00eb p\u00ebrsip\u00ebr detyrimin p\u00ebr gjetjen e sht\u00ebpive t\u00eb p\u00ebrshtatshme tipike p\u00ebr k\u00ebto familje,<\/p>\n<p>Kryetari Cungu ka theksuar se aksionet e p\u00ebrmendura e kan\u00eb p\u00ebrkrahjen e plot\u00eb t\u00eb komun\u00ebs dhe se \u00ebsht\u00eb shum\u00eb e r\u00ebnd\u00ebsishme q\u00eb lokalitetet e ofruara t\u00eb mb\u00ebshteten me dokumente t\u00eb p\u00ebrshtatshme t\u00eb planifikimit.<\/p>\n<p><a href=\"http:\/\/www.visit-ulcinj.com\/blog\/wp-content\/uploads\/2011\/10\/Kryetari-UlqinitNazif-Cungu_Ministri-Nebojsa-Popovic.jpg\"><img loading=\"lazy\" class=\"alignleft size-full wp-image-52112\" title=\"Kryetari Ulqinit,Nazif Cungu_Ministri Nebojsa Popovic\" src=\"http:\/\/www.visit-ulcinj.com\/blog\/wp-content\/uploads\/2011\/10\/Kryetari-UlqinitNazif-Cungu_Ministri-Nebojsa-Popovic.jpg\" alt=\"\" width=\"508\" height=\"330\" \/><\/a>N\u00eb takim \u00ebsht\u00eb diskutuar edhe p\u00ebr problemet q\u00eb kan\u00eb dal\u00eb nga privatizimi i hoteleve\u00a0 Mediteran dhe Galeb. Kryetari Cungu ka theksuar nevoj\u00ebn urgjente p\u00ebr krijimin e kushteve p\u00ebr fillimin e realizimit t\u00eb k\u00ebtyre investimeve dhe p\u00ebrshpejtimin maksimal t\u00eb procedurave.<\/p>\n<p>P\u00ebr hotelin Grand Lido ka qen\u00eb konstatim i p\u00ebrbashk\u00ebt se ndotja e kanalit Porto Milena \u00ebsht\u00eb penges\u00eb e madhe p\u00ebr realizimin e k\u00ebtij investimi dhe se duhet t\u00eb gjenden mjete p\u00ebr riparimin e d\u00ebmit q\u00eb ky kanal shkakton.<\/p>\n<p>T\u00eb pranishmit kan\u00eb folur edhe p\u00ebr temat t\u00eb tjera lidhur me uj\u00ebsjell\u00ebsin regjional dhe problemet e t\u00eb pun\u00ebsuarve t\u00eb kompanin\u00eb Barkli Montenegro SHPK e cila qeveris\u00eb hotelin Otrant n\u00eb Ulqin. Krijimi i kushteve p\u00ebr vazhdimin e tubave t\u00eb ujit prej Ulqinit deri n\u00eb Plazhin e madh \u00ebsht\u00eb gj\u00eb me t\u00eb cil\u00ebn duhet t\u00eb merremi n\u00eb periudh\u00ebn e ardhshme \u2013 ka theksuar Cungu.<\/p>\n<p>Sa u p\u00ebrket problemeve n\u00eb hotelin Otrant, pjes\u00ebmarr\u00ebsit e takimit mendojn\u00eb se \u00ebsht\u00eb m\u00eb e r\u00ebnd\u00ebsishme q\u00eb t\u00eb krijohen kushte p\u00ebr vijimin e pun\u00ebs s\u00eb hotelit.<\/p>\n<p><strong>Komuna e Ulqinit<\/strong><\/p>\n","protected":false},"excerpt":{"rendered":"<p>Kryetari i Komun\u00ebs s\u00eb Ulqinit Nazif Cungu me bashk\u00ebpun\u00ebtor\u00eb ka mbajtur sot nj\u00eb takim pune me an\u00ebtar\u00ebt e ekipit p\u00ebr p\u00ebrcjelljen e privatizimit t\u00eb cilin e ka udh\u00ebhequr ndihm\u00ebsi i ministrit p\u00ebr zhvillim t\u00eb q\u00ebndruesh\u00ebm t\u00eb Malit t\u00eb Zi, zot\u00ebri Nebojsha Popoviq. Ndihm\u00ebsi i ministrit Popoviq t\u00eb gjith\u00eb t\u00eb pranishmit i ka informuar t\u00eb pranishmit [&hellip;]<\/p>\n","protected":false},"author":1,"featured_media":0,"comment_status":"open","ping_status":"closed","sticky":false,"template":"","format":"standard","meta":{"spay_email":"","jetpack_publicize_message":"","jetpack_is_tweetstorm":false,"jetpack_publicize_feature_enabled":true},"categories":[11],"tags":[14525,15858,19211,15868,2761,14505,4607,15864,15869,1073,15854,13756,14502,297,229,15865,15853,19215,15857,19212,15856,14518,118,15861,15866,14516,15862,15860,14514,15859,200,18,12690,14510,15863,15867,1797,15855],"jetpack_publicize_connections":[],"yoast_head":"<!-- This site is optimized with the Yoast SEO plugin v19.1 - https:\/\/yoast.com\/wordpress\/plugins\/seo\/ -->\n<title>07.10.2011: Takim pune i Kryetarit t\u00eb Komun\u00ebs s\u00eb Ulqinit me ndihm\u00ebsin e ministrit p\u00ebr zhvillim t\u00eb q\u00ebndruesh\u00ebm Nebojsha Popoviq - Lajme nga Ulqini<\/title>\n<meta name=\"description\" content=\"Kryetari i Komun\u00ebs s\u00eb Ulqinit Nazif Cungu me bashk\u00ebpun\u00ebtor\u00eb ka mbajtur sot nj\u00eb takim pune me an\u00ebtar\u00ebt e ekipit p\u00ebr p\u00ebrcjelljen e privatizimit t\u00eb cilin e\" \/>\n<meta name=\"robots\" content=\"index, follow, max-snippet:-1, max-image-preview:large, max-video-preview:-1\" \/>\n<link rel=\"canonical\" href=\"https:\/\/www.visit-ulcinj.com\/blog\/2011\/10\/13\/07-10-2011-takim-pune-i-kryetarit-te-komunes-se-ulqinit-me-ndihmesin-e-ministrit-per-zhvillim-te-qendrueshem-nebojsha-popoviq\/\" \/>\n<meta property=\"og:locale\" content=\"en_US\" \/>\n<meta property=\"og:type\" content=\"article\" \/>\n<meta property=\"og:title\" content=\"07.10.2011: Takim pune i Kryetarit t\u00eb Komun\u00ebs s\u00eb Ulqinit me ndihm\u00ebsin e ministrit p\u00ebr zhvillim t\u00eb q\u00ebndruesh\u00ebm Nebojsha Popoviq - Lajme nga Ulqini\" \/>\n<meta property=\"og:description\" content=\"Kryetari i Komun\u00ebs s\u00eb Ulqinit Nazif Cungu me bashk\u00ebpun\u00ebtor\u00eb ka mbajtur sot nj\u00eb takim pune me an\u00ebtar\u00ebt e ekipit p\u00ebr p\u00ebrcjelljen e privatizimit t\u00eb cilin e\" \/>\n<meta property=\"og:url\" content=\"https:\/\/www.visit-ulcinj.com\/blog\/2011\/10\/13\/07-10-2011-takim-pune-i-kryetarit-te-komunes-se-ulqinit-me-ndihmesin-e-ministrit-per-zhvillim-te-qendrueshem-nebojsha-popoviq\/\" \/>\n<meta property=\"og:site_name\" content=\"Lajme nga Ulqini\" \/>\n<meta property=\"article:published_time\" content=\"2011-10-13T12:29:05+00:00\" \/>\n<meta property=\"og:image\" content=\"http:\/\/www.visit-ulcinj.com\/blog\/wp-content\/uploads\/2011\/10\/Kryetari-UlqinitNazif-Cungu_Ministri-Nebojsa-Popovic.11.jpg\" \/>\n<meta name=\"twitter:label1\" content=\"Written by\" \/>\n\t<meta name=\"twitter:data1\" content=\"ulqini\" \/>\n\t<meta name=\"twitter:label2\" content=\"Est. reading time\" \/>\n\t<meta name=\"twitter:data2\" content=\"2 minutes\" \/>\n<script type=\"application\/ld+json\" class=\"yoast-schema-graph\">{\"@context\":\"https:\/\/schema.org\",\"@graph\":[{\"@type\":\"WebSite\",\"@id\":\"https:\/\/www.visit-ulcinj.com\/blog\/#website\",\"url\":\"https:\/\/www.visit-ulcinj.com\/blog\/\",\"name\":\"Lajme nga Ulqini\",\"description\":\"Lajme,Vijesti,Ulqini,Ulqin,Crna Gora,Mali i Zi\",\"potentialAction\":[{\"@type\":\"SearchAction\",\"target\":{\"@type\":\"EntryPoint\",\"urlTemplate\":\"https:\/\/www.visit-ulcinj.com\/blog\/?s={search_term_string}\"},\"query-input\":\"required name=search_term_string\"}],\"inLanguage\":\"en-US\"},{\"@type\":\"ImageObject\",\"inLanguage\":\"en-US\",\"@id\":\"https:\/\/www.visit-ulcinj.com\/blog\/2011\/10\/13\/07-10-2011-takim-pune-i-kryetarit-te-komunes-se-ulqinit-me-ndihmesin-e-ministrit-per-zhvillim-te-qendrueshem-nebojsha-popoviq\/#primaryimage\",\"url\":\"https:\/\/www.visit-ulcinj.com\/blog\/wp-content\/uploads\/2011\/10\/Kryetari-UlqinitNazif-Cungu_Ministri-Nebojsa-Popovic.11.jpg\",\"contentUrl\":\"https:\/\/www.visit-ulcinj.com\/blog\/wp-content\/uploads\/2011\/10\/Kryetari-UlqinitNazif-Cungu_Ministri-Nebojsa-Popovic.11.jpg\",\"width\":\"800\",\"height\":\"530\"},{\"@type\":\"WebPage\",\"@id\":\"https:\/\/www.visit-ulcinj.com\/blog\/2011\/10\/13\/07-10-2011-takim-pune-i-kryetarit-te-komunes-se-ulqinit-me-ndihmesin-e-ministrit-per-zhvillim-te-qendrueshem-nebojsha-popoviq\/#webpage\",\"url\":\"https:\/\/www.visit-ulcinj.com\/blog\/2011\/10\/13\/07-10-2011-takim-pune-i-kryetarit-te-komunes-se-ulqinit-me-ndihmesin-e-ministrit-per-zhvillim-te-qendrueshem-nebojsha-popoviq\/\",\"name\":\"07.10.2011: Takim pune i Kryetarit t\u00eb Komun\u00ebs s\u00eb Ulqinit me ndihm\u00ebsin e ministrit p\u00ebr zhvillim t\u00eb q\u00ebndruesh\u00ebm Nebojsha Popoviq - Lajme nga Ulqini\",\"isPartOf\":{\"@id\":\"https:\/\/www.visit-ulcinj.com\/blog\/#website\"},\"primaryImageOfPage\":{\"@id\":\"https:\/\/www.visit-ulcinj.com\/blog\/2011\/10\/13\/07-10-2011-takim-pune-i-kryetarit-te-komunes-se-ulqinit-me-ndihmesin-e-ministrit-per-zhvillim-te-qendrueshem-nebojsha-popoviq\/#primaryimage\"},\"datePublished\":\"2011-10-13T12:29:05+00:00\",\"dateModified\":\"2011-10-13T12:29:05+00:00\",\"author\":{\"@id\":\"https:\/\/www.visit-ulcinj.com\/blog\/#\/schema\/person\/dcab619c614d3038751c63bc2aadc06d\"},\"description\":\"Kryetari i Komun\u00ebs s\u00eb Ulqinit Nazif Cungu me bashk\u00ebpun\u00ebtor\u00eb ka mbajtur sot nj\u00eb takim pune me an\u00ebtar\u00ebt e ekipit p\u00ebr p\u00ebrcjelljen e privatizimit t\u00eb cilin e\",\"breadcrumb\":{\"@id\":\"https:\/\/www.visit-ulcinj.com\/blog\/2011\/10\/13\/07-10-2011-takim-pune-i-kryetarit-te-komunes-se-ulqinit-me-ndihmesin-e-ministrit-per-zhvillim-te-qendrueshem-nebojsha-popoviq\/#breadcrumb\"},\"inLanguage\":\"en-US\",\"potentialAction\":[{\"@type\":\"ReadAction\",\"target\":[\"https:\/\/www.visit-ulcinj.com\/blog\/2011\/10\/13\/07-10-2011-takim-pune-i-kryetarit-te-komunes-se-ulqinit-me-ndihmesin-e-ministrit-per-zhvillim-te-qendrueshem-nebojsha-popoviq\/\"]}]},{\"@type\":\"BreadcrumbList\",\"@id\":\"https:\/\/www.visit-ulcinj.com\/blog\/2011\/10\/13\/07-10-2011-takim-pune-i-kryetarit-te-komunes-se-ulqinit-me-ndihmesin-e-ministrit-per-zhvillim-te-qendrueshem-nebojsha-popoviq\/#breadcrumb\",\"itemListElement\":[{\"@type\":\"ListItem\",\"position\":1,\"name\":\"07.10.2011: Takim pune i Kryetarit t\u00eb Komun\u00ebs s\u00eb Ulqinit me ndihm\u00ebsin e ministrit p\u00ebr zhvillim t\u00eb q\u00ebndruesh\u00ebm Nebojsha Popoviq\"}]},{\"@type\":\"Person\",\"@id\":\"https:\/\/www.visit-ulcinj.com\/blog\/#\/schema\/person\/dcab619c614d3038751c63bc2aadc06d\",\"name\":\"ulqini\",\"sameAs\":[\"http:\/\/www.visit-ulcinj.com\"],\"url\":\"https:\/\/www.visit-ulcinj.com\/blog\/author\/admin\/\"}]}<\/script>\n<!-- \/ Yoast SEO plugin. -->","yoast_head_json":{"title":"07.10.2011: Takim pune i Kryetarit t\u00eb Komun\u00ebs s\u00eb Ulqinit me ndihm\u00ebsin e ministrit p\u00ebr zhvillim t\u00eb q\u00ebndruesh\u00ebm Nebojsha Popoviq - Lajme nga Ulqini","description":"Kryetari i Komun\u00ebs s\u00eb Ulqinit Nazif Cungu me bashk\u00ebpun\u00ebtor\u00eb ka mbajtur sot nj\u00eb takim pune me an\u00ebtar\u00ebt e ekipit p\u00ebr p\u00ebrcjelljen e privatizimit t\u00eb cilin e","robots":{"index":"index","follow":"follow","max-snippet":"max-snippet:-1","max-image-preview":"max-image-preview:large","max-video-preview":"max-video-preview:-1"},"canonical":"https:\/\/www.visit-ulcinj.com\/blog\/2011\/10\/13\/07-10-2011-takim-pune-i-kryetarit-te-komunes-se-ulqinit-me-ndihmesin-e-ministrit-per-zhvillim-te-qendrueshem-nebojsha-popoviq\/","og_locale":"en_US","og_type":"article","og_title":"07.10.2011: Takim pune i Kryetarit t\u00eb Komun\u00ebs s\u00eb Ulqinit me ndihm\u00ebsin e ministrit p\u00ebr zhvillim t\u00eb q\u00ebndruesh\u00ebm Nebojsha Popoviq - Lajme nga Ulqini","og_description":"Kryetari i Komun\u00ebs s\u00eb Ulqinit Nazif Cungu me bashk\u00ebpun\u00ebtor\u00eb ka mbajtur sot nj\u00eb takim pune me an\u00ebtar\u00ebt e ekipit p\u00ebr p\u00ebrcjelljen e privatizimit t\u00eb cilin e","og_url":"https:\/\/www.visit-ulcinj.com\/blog\/2011\/10\/13\/07-10-2011-takim-pune-i-kryetarit-te-komunes-se-ulqinit-me-ndihmesin-e-ministrit-per-zhvillim-te-qendrueshem-nebojsha-popoviq\/","og_site_name":"Lajme nga Ulqini","article_published_time":"2011-10-13T12:29:05+00:00","og_image":[{"url":"http:\/\/www.visit-ulcinj.com\/blog\/wp-content\/uploads\/2011\/10\/Kryetari-UlqinitNazif-Cungu_Ministri-Nebojsa-Popovic.11.jpg"}],"twitter_misc":{"Written by":"ulqini","Est. reading time":"2 minutes"},"schema":{"@context":"https:\/\/schema.org","@graph":[{"@type":"WebSite","@id":"https:\/\/www.visit-ulcinj.com\/blog\/#website","url":"https:\/\/www.visit-ulcinj.com\/blog\/","name":"Lajme nga Ulqini","description":"Lajme,Vijesti,Ulqini,Ulqin,Crna Gora,Mali i Zi","potentialAction":[{"@type":"SearchAction","target":{"@type":"EntryPoint","urlTemplate":"https:\/\/www.visit-ulcinj.com\/blog\/?s={search_term_string}"},"query-input":"required name=search_term_string"}],"inLanguage":"en-US"},{"@type":"ImageObject","inLanguage":"en-US","@id":"https:\/\/www.visit-ulcinj.com\/blog\/2011\/10\/13\/07-10-2011-takim-pune-i-kryetarit-te-komunes-se-ulqinit-me-ndihmesin-e-ministrit-per-zhvillim-te-qendrueshem-nebojsha-popoviq\/#primaryimage","url":"https:\/\/www.visit-ulcinj.com\/blog\/wp-content\/uploads\/2011\/10\/Kryetari-UlqinitNazif-Cungu_Ministri-Nebojsa-Popovic.11.jpg","contentUrl":"https:\/\/www.visit-ulcinj.com\/blog\/wp-content\/uploads\/2011\/10\/Kryetari-UlqinitNazif-Cungu_Ministri-Nebojsa-Popovic.11.jpg","width":"800","height":"530"},{"@type":"WebPage","@id":"https:\/\/www.visit-ulcinj.com\/blog\/2011\/10\/13\/07-10-2011-takim-pune-i-kryetarit-te-komunes-se-ulqinit-me-ndihmesin-e-ministrit-per-zhvillim-te-qendrueshem-nebojsha-popoviq\/#webpage","url":"https:\/\/www.visit-ulcinj.com\/blog\/2011\/10\/13\/07-10-2011-takim-pune-i-kryetarit-te-komunes-se-ulqinit-me-ndihmesin-e-ministrit-per-zhvillim-te-qendrueshem-nebojsha-popoviq\/","name":"07.10.2011: Takim pune i Kryetarit t\u00eb Komun\u00ebs s\u00eb Ulqinit me ndihm\u00ebsin e ministrit p\u00ebr zhvillim t\u00eb q\u00ebndruesh\u00ebm Nebojsha Popoviq - Lajme nga Ulqini","isPartOf":{"@id":"https:\/\/www.visit-ulcinj.com\/blog\/#website"},"primaryImageOfPage":{"@id":"https:\/\/www.visit-ulcinj.com\/blog\/2011\/10\/13\/07-10-2011-takim-pune-i-kryetarit-te-komunes-se-ulqinit-me-ndihmesin-e-ministrit-per-zhvillim-te-qendrueshem-nebojsha-popoviq\/#primaryimage"},"datePublished":"2011-10-13T12:29:05+00:00","dateModified":"2011-10-13T12:29:05+00:00","author":{"@id":"https:\/\/www.visit-ulcinj.com\/blog\/#\/schema\/person\/dcab619c614d3038751c63bc2aadc06d"},"description":"Kryetari i Komun\u00ebs s\u00eb Ulqinit Nazif Cungu me bashk\u00ebpun\u00ebtor\u00eb ka mbajtur sot nj\u00eb takim pune me an\u00ebtar\u00ebt e ekipit p\u00ebr p\u00ebrcjelljen e privatizimit t\u00eb cilin e","breadcrumb":{"@id":"https:\/\/www.visit-ulcinj.com\/blog\/2011\/10\/13\/07-10-2011-takim-pune-i-kryetarit-te-komunes-se-ulqinit-me-ndihmesin-e-ministrit-per-zhvillim-te-qendrueshem-nebojsha-popoviq\/#breadcrumb"},"inLanguage":"en-US","potentialAction":[{"@type":"ReadAction","target":["https:\/\/www.visit-ulcinj.com\/blog\/2011\/10\/13\/07-10-2011-takim-pune-i-kryetarit-te-komunes-se-ulqinit-me-ndihmesin-e-ministrit-per-zhvillim-te-qendrueshem-nebojsha-popoviq\/"]}]},{"@type":"BreadcrumbList","@id":"https:\/\/www.visit-ulcinj.com\/blog\/2011\/10\/13\/07-10-2011-takim-pune-i-kryetarit-te-komunes-se-ulqinit-me-ndihmesin-e-ministrit-per-zhvillim-te-qendrueshem-nebojsha-popoviq\/#breadcrumb","itemListElement":[{"@type":"ListItem","position":1,"name":"07.10.2011: Takim pune i Kryetarit t\u00eb Komun\u00ebs s\u00eb Ulqinit me ndihm\u00ebsin e ministrit p\u00ebr zhvillim t\u00eb q\u00ebndruesh\u00ebm Nebojsha Popoviq"}]},{"@type":"Person","@id":"https:\/\/www.visit-ulcinj.com\/blog\/#\/schema\/person\/dcab619c614d3038751c63bc2aadc06d","name":"ulqini","sameAs":["http:\/\/www.visit-ulcinj.com"],"url":"https:\/\/www.visit-ulcinj.com\/blog\/author\/admin\/"}]}},"jetpack_featured_media_url":"","jetpack_sharing_enabled":true,"jetpack_shortlink":"https:\/\/wp.me\/pe6lTn-dyt","_links":{"self":[{"href":"https:\/\/www.visit-ulcinj.com\/blog\/wp-json\/wp\/v2\/posts\/52109"}],"collection":[{"href":"https:\/\/www.visit-ulcinj.com\/blog\/wp-json\/wp\/v2\/posts"}],"about":[{"href":"https:\/\/www.visit-ulcinj.com\/blog\/wp-json\/wp\/v2\/types\/post"}],"author":[{"embeddable":true,"href":"https:\/\/www.visit-ulcinj.com\/blog\/wp-json\/wp\/v2\/users\/1"}],"replies":[{"embeddable":true,"href":"https:\/\/www.visit-ulcinj.com\/blog\/wp-json\/wp\/v2\/comments?post=52109"}],"version-history":[{"count":1,"href":"https:\/\/www.visit-ulcinj.com\/blog\/wp-json\/wp\/v2\/posts\/52109\/revisions"}],"predecessor-version":[{"id":52113,"href":"https:\/\/www.visit-ulcinj.com\/blog\/wp-json\/wp\/v2\/posts\/52109\/revisions\/52113"}],"wp:attachment":[{"href":"https:\/\/www.visit-ulcinj.com\/blog\/wp-json\/wp\/v2\/media?parent=52109"}],"wp:term":[{"taxonomy":"category","embeddable":true,"href":"https:\/\/www.visit-ulcinj.com\/blog\/wp-json\/wp\/v2\/categories?post=52109"},{"taxonomy":"post_tag","embeddable":true,"href":"https:\/\/www.visit-ulcinj.com\/blog\/wp-json\/wp\/v2\/tags?post=52109"}],"curies":[{"name":"wp","href":"https:\/\/api.w.org\/{rel}","templated":true}]}}