{"id":52114,"date":"2011-10-13T13:49:37","date_gmt":"2011-10-13T12:49:37","guid":{"rendered":"http:\/\/www.visit-ulcinj.com\/blog\/?p=52114"},"modified":"2011-10-13T13:49:37","modified_gmt":"2011-10-13T12:49:37","slug":"telegram-cestitkapredsjednika-opstine-ulcinjnazifa-cungu-predsjedniku-vlade-crne-gore-igoru-luksicu","status":"publish","type":"post","link":"https:\/\/www.visit-ulcinj.com\/blog\/2011\/10\/13\/telegram-cestitkapredsjednika-opstine-ulcinjnazifa-cungu-predsjedniku-vlade-crne-gore-igoru-luksicu\/","title":{"rendered":"Telegram \u010destitka,Predsjednika Op\u0161tine Ulcinj,Nazifa Cungu &#8211; predsjedniku Vlade Crne Gore Igoru Luk\u0161i\u0107u"},"content":{"rendered":"<p><strong><a href=\"http:\/\/www.visit-ulcinj.com\/blog\/wp-content\/uploads\/2011\/10\/opstina-ulcinj_crna-gora.jpg\"><img loading=\"lazy\" class=\"alignleft size-full wp-image-52115\" title=\"opstina ulcinj_crna gora\" src=\"http:\/\/www.visit-ulcinj.com\/blog\/wp-content\/uploads\/2011\/10\/opstina-ulcinj_crna-gora.jpg\" alt=\"\" width=\"508\" height=\"110\" srcset=\"https:\/\/www.visit-ulcinj.com\/blog\/wp-content\/uploads\/2011\/10\/opstina-ulcinj_crna-gora.jpg 508w, https:\/\/www.visit-ulcinj.com\/blog\/wp-content\/uploads\/2011\/10\/opstina-ulcinj_crna-gora-300x64.jpg 300w\" sizes=\"(max-width: 508px) 100vw, 508px\" \/><\/a>VLADA CRNE GORE<br \/>\n<\/strong>Predsjednik Vlade, Dr. Igor Luk\u0161i\u0107<\/p>\n<p align=\"right\">Ulcinj, 13.10.2011<\/p>\n<p align=\"center\">\n<p>Po\u0161tovani predsjedni\u010de,<\/p>\n<p>Evropska komisija u izve\u0161taju o napretku zemalja kandidata i potencijalnih kandidata za prijem u EU, utvrdila po\u010detak pregovora sa Crnom Gorom o prijemu u Evropsku uniju,<\/p>\n<p>Ovim, Crna Gora jo\u0161 jednom potvrdjuje svoju evropsku perspektivu \u0161to nas izuzetno raduje.<\/p>\n<p>Ovim \u010dinom otvaramo nove izazove, a to su ispunjavanje odre\u0111enih uslova za po\u010detak pregovora a i samim pregovorima u svim poglavljima, \u0161to \u0107e biti dodatni napor kako Vlade Crne Gore tako i svih lokalnih samouprava.<\/p>\n<p>Op\u0161tina Ulcinj koja je u svim istra\u017eivanjima gradjana jedna od najve\u0107ih podr\u017eavaoca pristupa Evropskoj uniji, \u0107e dati svoj doprinos i doprinjeti ja\u010danju vladavine prava, i ispunjavanju svih tematskih poglavlja pregovora.<\/p>\n<p>Ovim povodom gospodine predsjedni\u010de \u017eelim da Vam najsrada\u010dnije \u010destitam. Ubjedjen sam da \u0107emo zajedni\u010dkim radom ostvariti na\u0161 zajedni\u010dki prioritetni cilj, a to su integraciju u EU i NATO.<\/p>\n<p>S po\u0161tovanjem,<br \/>\nNazif Cungu.<\/p>\n<p align=\"center\"><strong>Komuna e Ulqinit \/ Op\u0161tina Ulcinj \/ Municipality Of\u00a0 Ulqin Bul. Skenderbeubb.<\/strong><br \/>\n<strong> \u00a0 Tel.: +382 30 412050 Fax.: +382 30 412413e-mail: <a title=\"Nazif Cungu\" href=\"mailto: nazifcungu@gmail.com\" target=\"_blank\">nazifcungu@gmail.com<\/a><\/strong><\/p>\n","protected":false},"excerpt":{"rendered":"<p>VLADA CRNE GORE Predsjednik Vlade, Dr. Igor Luk\u0161i\u0107 Ulcinj, 13.10.2011 Po\u0161tovani predsjedni\u010de, Evropska komisija u izve\u0161taju o napretku zemalja kandidata i potencijalnih kandidata za prijem u EU, utvrdila po\u010detak pregovora sa Crnom Gorom o prijemu u Evropsku uniju, Ovim, Crna Gora jo\u0161 jednom potvrdjuje svoju evropsku perspektivu \u0161to nas izuzetno raduje. Ovim \u010dinom otvaramo nove [&hellip;]<\/p>\n","protected":false},"author":1,"featured_media":0,"comment_status":"open","ping_status":"closed","sticky":false,"template":"","format":"standard","meta":{"spay_email":"","jetpack_publicize_message":"","jetpack_is_tweetstorm":false,"jetpack_publicize_feature_enabled":true},"categories":[8337],"tags":[19218,264,19217,19219,19216,19],"jetpack_publicize_connections":[],"yoast_head":"<!-- This site is optimized with the Yoast SEO plugin v19.1 - https:\/\/yoast.com\/wordpress\/plugins\/seo\/ -->\n<title>Telegram \u010destitka,Predsjednika Op\u0161tine Ulcinj,Nazifa Cungu - predsjedniku Vlade Crne Gore Igoru Luk\u0161i\u0107u - Lajme nga Ulqini<\/title>\n<meta name=\"description\" content=\"VLADA CRNE GORE Predsjednik Vlade, Dr. Igor Luk\u0161i\u0107 Ulcinj, 13.10.2011 Po\u0161tovani predsjedni\u010de, Evropska komisija u izve\u0161taju o napretku zemalja kandidata i\" \/>\n<meta name=\"robots\" content=\"index, follow, max-snippet:-1, max-image-preview:large, max-video-preview:-1\" \/>\n<link rel=\"canonical\" href=\"https:\/\/www.visit-ulcinj.com\/blog\/2011\/10\/13\/telegram-cestitkapredsjednika-opstine-ulcinjnazifa-cungu-predsjedniku-vlade-crne-gore-igoru-luksicu\/\" \/>\n<meta property=\"og:locale\" content=\"en_US\" \/>\n<meta property=\"og:type\" content=\"article\" \/>\n<meta property=\"og:title\" content=\"Telegram \u010destitka,Predsjednika Op\u0161tine Ulcinj,Nazifa Cungu - predsjedniku Vlade Crne Gore Igoru Luk\u0161i\u0107u - Lajme nga Ulqini\" \/>\n<meta property=\"og:description\" content=\"VLADA CRNE GORE Predsjednik Vlade, Dr. Igor Luk\u0161i\u0107 Ulcinj, 13.10.2011 Po\u0161tovani predsjedni\u010de, Evropska komisija u izve\u0161taju o napretku zemalja kandidata i\" \/>\n<meta property=\"og:url\" content=\"https:\/\/www.visit-ulcinj.com\/blog\/2011\/10\/13\/telegram-cestitkapredsjednika-opstine-ulcinjnazifa-cungu-predsjedniku-vlade-crne-gore-igoru-luksicu\/\" \/>\n<meta property=\"og:site_name\" content=\"Lajme nga Ulqini\" \/>\n<meta property=\"article:published_time\" content=\"2011-10-13T12:49:37+00:00\" \/>\n<meta property=\"og:image\" content=\"http:\/\/www.visit-ulcinj.com\/blog\/wp-content\/uploads\/2011\/10\/opstina-ulcinj_crna-gora.jpg\" \/>\n<meta name=\"twitter:label1\" content=\"Written by\" \/>\n\t<meta name=\"twitter:data1\" content=\"ulqini\" \/>\n\t<meta name=\"twitter:label2\" content=\"Est. reading time\" \/>\n\t<meta name=\"twitter:data2\" content=\"1 minute\" \/>\n<script type=\"application\/ld+json\" class=\"yoast-schema-graph\">{\"@context\":\"https:\/\/schema.org\",\"@graph\":[{\"@type\":\"WebSite\",\"@id\":\"https:\/\/www.visit-ulcinj.com\/blog\/#website\",\"url\":\"https:\/\/www.visit-ulcinj.com\/blog\/\",\"name\":\"Lajme nga Ulqini\",\"description\":\"Lajme,Vijesti,Ulqini,Ulqin,Crna Gora,Mali i Zi\",\"potentialAction\":[{\"@type\":\"SearchAction\",\"target\":{\"@type\":\"EntryPoint\",\"urlTemplate\":\"https:\/\/www.visit-ulcinj.com\/blog\/?s={search_term_string}\"},\"query-input\":\"required name=search_term_string\"}],\"inLanguage\":\"en-US\"},{\"@type\":\"ImageObject\",\"inLanguage\":\"en-US\",\"@id\":\"https:\/\/www.visit-ulcinj.com\/blog\/2011\/10\/13\/telegram-cestitkapredsjednika-opstine-ulcinjnazifa-cungu-predsjedniku-vlade-crne-gore-igoru-luksicu\/#primaryimage\",\"url\":\"https:\/\/www.visit-ulcinj.com\/blog\/wp-content\/uploads\/2011\/10\/opstina-ulcinj_crna-gora.jpg\",\"contentUrl\":\"https:\/\/www.visit-ulcinj.com\/blog\/wp-content\/uploads\/2011\/10\/opstina-ulcinj_crna-gora.jpg\",\"width\":\"508\",\"height\":\"110\"},{\"@type\":\"WebPage\",\"@id\":\"https:\/\/www.visit-ulcinj.com\/blog\/2011\/10\/13\/telegram-cestitkapredsjednika-opstine-ulcinjnazifa-cungu-predsjedniku-vlade-crne-gore-igoru-luksicu\/#webpage\",\"url\":\"https:\/\/www.visit-ulcinj.com\/blog\/2011\/10\/13\/telegram-cestitkapredsjednika-opstine-ulcinjnazifa-cungu-predsjedniku-vlade-crne-gore-igoru-luksicu\/\",\"name\":\"Telegram \u010destitka,Predsjednika Op\u0161tine Ulcinj,Nazifa Cungu - predsjedniku Vlade Crne Gore Igoru Luk\u0161i\u0107u - Lajme nga Ulqini\",\"isPartOf\":{\"@id\":\"https:\/\/www.visit-ulcinj.com\/blog\/#website\"},\"primaryImageOfPage\":{\"@id\":\"https:\/\/www.visit-ulcinj.com\/blog\/2011\/10\/13\/telegram-cestitkapredsjednika-opstine-ulcinjnazifa-cungu-predsjedniku-vlade-crne-gore-igoru-luksicu\/#primaryimage\"},\"datePublished\":\"2011-10-13T12:49:37+00:00\",\"dateModified\":\"2011-10-13T12:49:37+00:00\",\"author\":{\"@id\":\"https:\/\/www.visit-ulcinj.com\/blog\/#\/schema\/person\/dcab619c614d3038751c63bc2aadc06d\"},\"description\":\"VLADA CRNE GORE Predsjednik Vlade, Dr. Igor Luk\u0161i\u0107 Ulcinj, 13.10.2011 Po\u0161tovani predsjedni\u010de, Evropska komisija u izve\u0161taju o napretku zemalja kandidata i\",\"breadcrumb\":{\"@id\":\"https:\/\/www.visit-ulcinj.com\/blog\/2011\/10\/13\/telegram-cestitkapredsjednika-opstine-ulcinjnazifa-cungu-predsjedniku-vlade-crne-gore-igoru-luksicu\/#breadcrumb\"},\"inLanguage\":\"en-US\",\"potentialAction\":[{\"@type\":\"ReadAction\",\"target\":[\"https:\/\/www.visit-ulcinj.com\/blog\/2011\/10\/13\/telegram-cestitkapredsjednika-opstine-ulcinjnazifa-cungu-predsjedniku-vlade-crne-gore-igoru-luksicu\/\"]}]},{\"@type\":\"BreadcrumbList\",\"@id\":\"https:\/\/www.visit-ulcinj.com\/blog\/2011\/10\/13\/telegram-cestitkapredsjednika-opstine-ulcinjnazifa-cungu-predsjedniku-vlade-crne-gore-igoru-luksicu\/#breadcrumb\",\"itemListElement\":[{\"@type\":\"ListItem\",\"position\":1,\"name\":\"Telegram \u010destitka,Predsjednika Op\u0161tine Ulcinj,Nazifa Cungu &#8211; predsjedniku Vlade Crne Gore Igoru Luk\u0161i\u0107u\"}]},{\"@type\":\"Person\",\"@id\":\"https:\/\/www.visit-ulcinj.com\/blog\/#\/schema\/person\/dcab619c614d3038751c63bc2aadc06d\",\"name\":\"ulqini\",\"sameAs\":[\"http:\/\/www.visit-ulcinj.com\"],\"url\":\"https:\/\/www.visit-ulcinj.com\/blog\/author\/admin\/\"}]}<\/script>\n<!-- \/ Yoast SEO plugin. -->","yoast_head_json":{"title":"Telegram \u010destitka,Predsjednika Op\u0161tine Ulcinj,Nazifa Cungu - predsjedniku Vlade Crne Gore Igoru Luk\u0161i\u0107u - Lajme nga Ulqini","description":"VLADA CRNE GORE Predsjednik Vlade, Dr. Igor Luk\u0161i\u0107 Ulcinj, 13.10.2011 Po\u0161tovani predsjedni\u010de, Evropska komisija u izve\u0161taju o napretku zemalja kandidata i","robots":{"index":"index","follow":"follow","max-snippet":"max-snippet:-1","max-image-preview":"max-image-preview:large","max-video-preview":"max-video-preview:-1"},"canonical":"https:\/\/www.visit-ulcinj.com\/blog\/2011\/10\/13\/telegram-cestitkapredsjednika-opstine-ulcinjnazifa-cungu-predsjedniku-vlade-crne-gore-igoru-luksicu\/","og_locale":"en_US","og_type":"article","og_title":"Telegram \u010destitka,Predsjednika Op\u0161tine Ulcinj,Nazifa Cungu - predsjedniku Vlade Crne Gore Igoru Luk\u0161i\u0107u - Lajme nga Ulqini","og_description":"VLADA CRNE GORE Predsjednik Vlade, Dr. Igor Luk\u0161i\u0107 Ulcinj, 13.10.2011 Po\u0161tovani predsjedni\u010de, Evropska komisija u izve\u0161taju o napretku zemalja kandidata i","og_url":"https:\/\/www.visit-ulcinj.com\/blog\/2011\/10\/13\/telegram-cestitkapredsjednika-opstine-ulcinjnazifa-cungu-predsjedniku-vlade-crne-gore-igoru-luksicu\/","og_site_name":"Lajme nga Ulqini","article_published_time":"2011-10-13T12:49:37+00:00","og_image":[{"url":"http:\/\/www.visit-ulcinj.com\/blog\/wp-content\/uploads\/2011\/10\/opstina-ulcinj_crna-gora.jpg"}],"twitter_misc":{"Written by":"ulqini","Est. reading time":"1 minute"},"schema":{"@context":"https:\/\/schema.org","@graph":[{"@type":"WebSite","@id":"https:\/\/www.visit-ulcinj.com\/blog\/#website","url":"https:\/\/www.visit-ulcinj.com\/blog\/","name":"Lajme nga Ulqini","description":"Lajme,Vijesti,Ulqini,Ulqin,Crna Gora,Mali i Zi","potentialAction":[{"@type":"SearchAction","target":{"@type":"EntryPoint","urlTemplate":"https:\/\/www.visit-ulcinj.com\/blog\/?s={search_term_string}"},"query-input":"required name=search_term_string"}],"inLanguage":"en-US"},{"@type":"ImageObject","inLanguage":"en-US","@id":"https:\/\/www.visit-ulcinj.com\/blog\/2011\/10\/13\/telegram-cestitkapredsjednika-opstine-ulcinjnazifa-cungu-predsjedniku-vlade-crne-gore-igoru-luksicu\/#primaryimage","url":"https:\/\/www.visit-ulcinj.com\/blog\/wp-content\/uploads\/2011\/10\/opstina-ulcinj_crna-gora.jpg","contentUrl":"https:\/\/www.visit-ulcinj.com\/blog\/wp-content\/uploads\/2011\/10\/opstina-ulcinj_crna-gora.jpg","width":"508","height":"110"},{"@type":"WebPage","@id":"https:\/\/www.visit-ulcinj.com\/blog\/2011\/10\/13\/telegram-cestitkapredsjednika-opstine-ulcinjnazifa-cungu-predsjedniku-vlade-crne-gore-igoru-luksicu\/#webpage","url":"https:\/\/www.visit-ulcinj.com\/blog\/2011\/10\/13\/telegram-cestitkapredsjednika-opstine-ulcinjnazifa-cungu-predsjedniku-vlade-crne-gore-igoru-luksicu\/","name":"Telegram \u010destitka,Predsjednika Op\u0161tine Ulcinj,Nazifa Cungu - predsjedniku Vlade Crne Gore Igoru Luk\u0161i\u0107u - Lajme nga Ulqini","isPartOf":{"@id":"https:\/\/www.visit-ulcinj.com\/blog\/#website"},"primaryImageOfPage":{"@id":"https:\/\/www.visit-ulcinj.com\/blog\/2011\/10\/13\/telegram-cestitkapredsjednika-opstine-ulcinjnazifa-cungu-predsjedniku-vlade-crne-gore-igoru-luksicu\/#primaryimage"},"datePublished":"2011-10-13T12:49:37+00:00","dateModified":"2011-10-13T12:49:37+00:00","author":{"@id":"https:\/\/www.visit-ulcinj.com\/blog\/#\/schema\/person\/dcab619c614d3038751c63bc2aadc06d"},"description":"VLADA CRNE GORE Predsjednik Vlade, Dr. Igor Luk\u0161i\u0107 Ulcinj, 13.10.2011 Po\u0161tovani predsjedni\u010de, Evropska komisija u izve\u0161taju o napretku zemalja kandidata i","breadcrumb":{"@id":"https:\/\/www.visit-ulcinj.com\/blog\/2011\/10\/13\/telegram-cestitkapredsjednika-opstine-ulcinjnazifa-cungu-predsjedniku-vlade-crne-gore-igoru-luksicu\/#breadcrumb"},"inLanguage":"en-US","potentialAction":[{"@type":"ReadAction","target":["https:\/\/www.visit-ulcinj.com\/blog\/2011\/10\/13\/telegram-cestitkapredsjednika-opstine-ulcinjnazifa-cungu-predsjedniku-vlade-crne-gore-igoru-luksicu\/"]}]},{"@type":"BreadcrumbList","@id":"https:\/\/www.visit-ulcinj.com\/blog\/2011\/10\/13\/telegram-cestitkapredsjednika-opstine-ulcinjnazifa-cungu-predsjedniku-vlade-crne-gore-igoru-luksicu\/#breadcrumb","itemListElement":[{"@type":"ListItem","position":1,"name":"Telegram \u010destitka,Predsjednika Op\u0161tine Ulcinj,Nazifa Cungu &#8211; predsjedniku Vlade Crne Gore Igoru Luk\u0161i\u0107u"}]},{"@type":"Person","@id":"https:\/\/www.visit-ulcinj.com\/blog\/#\/schema\/person\/dcab619c614d3038751c63bc2aadc06d","name":"ulqini","sameAs":["http:\/\/www.visit-ulcinj.com"],"url":"https:\/\/www.visit-ulcinj.com\/blog\/author\/admin\/"}]}},"jetpack_featured_media_url":"","jetpack_sharing_enabled":true,"jetpack_shortlink":"https:\/\/wp.me\/pe6lTn-dyy","_links":{"self":[{"href":"https:\/\/www.visit-ulcinj.com\/blog\/wp-json\/wp\/v2\/posts\/52114"}],"collection":[{"href":"https:\/\/www.visit-ulcinj.com\/blog\/wp-json\/wp\/v2\/posts"}],"about":[{"href":"https:\/\/www.visit-ulcinj.com\/blog\/wp-json\/wp\/v2\/types\/post"}],"author":[{"embeddable":true,"href":"https:\/\/www.visit-ulcinj.com\/blog\/wp-json\/wp\/v2\/users\/1"}],"replies":[{"embeddable":true,"href":"https:\/\/www.visit-ulcinj.com\/blog\/wp-json\/wp\/v2\/comments?post=52114"}],"version-history":[{"count":2,"href":"https:\/\/www.visit-ulcinj.com\/blog\/wp-json\/wp\/v2\/posts\/52114\/revisions"}],"predecessor-version":[{"id":52117,"href":"https:\/\/www.visit-ulcinj.com\/blog\/wp-json\/wp\/v2\/posts\/52114\/revisions\/52117"}],"wp:attachment":[{"href":"https:\/\/www.visit-ulcinj.com\/blog\/wp-json\/wp\/v2\/media?parent=52114"}],"wp:term":[{"taxonomy":"category","embeddable":true,"href":"https:\/\/www.visit-ulcinj.com\/blog\/wp-json\/wp\/v2\/categories?post=52114"},{"taxonomy":"post_tag","embeddable":true,"href":"https:\/\/www.visit-ulcinj.com\/blog\/wp-json\/wp\/v2\/tags?post=52114"}],"curies":[{"name":"wp","href":"https:\/\/api.w.org\/{rel}","templated":true}]}}