{"id":52118,"date":"2011-10-13T13:58:28","date_gmt":"2011-10-13T12:58:28","guid":{"rendered":"http:\/\/www.visit-ulcinj.com\/blog\/?p=52118"},"modified":"2011-10-13T13:58:28","modified_gmt":"2011-10-13T12:58:28","slug":"telegram-urimi-e-kryetarit-te-komune-se-ulqinit-nazif-cungukryeministrit-te-malit-te-ziigor-llukshiq","status":"publish","type":"post","link":"https:\/\/www.visit-ulcinj.com\/blog\/2011\/10\/13\/telegram-urimi-e-kryetarit-te-komune-se-ulqinit-nazif-cungukryeministrit-te-malit-te-ziigor-llukshiq\/","title":{"rendered":"Telegram urimi e kryetarit te Komune se Ulqinit Nazif Cungu,kryeministrit te Malit te Zi,Igor Llukshiq"},"content":{"rendered":"<p><strong><a href=\"http:\/\/www.visit-ulcinj.com\/blog\/wp-content\/uploads\/2011\/10\/Komuna-e-Ulqinit.jpg\"><img loading=\"lazy\" class=\"alignleft size-full wp-image-52119\" title=\"Komuna e Ulqinit\" src=\"http:\/\/www.visit-ulcinj.com\/blog\/wp-content\/uploads\/2011\/10\/Komuna-e-Ulqinit.jpg\" alt=\"\" width=\"508\" height=\"110\" srcset=\"https:\/\/www.visit-ulcinj.com\/blog\/wp-content\/uploads\/2011\/10\/Komuna-e-Ulqinit.jpg 508w, https:\/\/www.visit-ulcinj.com\/blog\/wp-content\/uploads\/2011\/10\/Komuna-e-Ulqinit-300x64.jpg 300w\" sizes=\"(max-width: 508px) 100vw, 508px\" \/><\/a>Qeveria e malit te zi<br \/>\n<\/strong>Kryetar I qeverise, Dr. Igor Lukshiq<\/p>\n<p align=\"right\">Ulqin, 13.10.2011<\/p>\n<p>&nbsp;<\/p>\n<p>I nderuar kryeminist\u00ebr,<\/p>\n<p>Komisioni evropian n\u00eb raportin mbi progresin e vendeve kandidate dhe kandidate potenciale p\u00ebr an\u00ebtar\u00ebsim n\u00eb BE, ka p\u00ebrcaktuar fillimin e bisedimeve me Malin e Zi p\u00ebr pranimin n\u00eb Bashkimin Evropian,<\/p>\n<p>Me k\u00ebt\u00eb, Mali i Zi edhe nj\u00eb her\u00eb konfirmon perspektiv\u00ebn e tij evropiane, gj\u00eb q\u00eb na jep k\u00ebnaq\u00ebsi t\u00eb ve\u00e7ant\u00eb.<\/p>\n<p>Me k\u00ebt\u00eb akt hapim perspektiva dhe sfida t\u00eb reja, e ato jan\u00eb p\u00ebrmbushja e disa kushteve p\u00ebr t\u00eb filluar negociatat si dhe vet negociatat p\u00ebr t\u00eb gjith\u00eb kapitujt, gj\u00eb q\u00eb do t\u00eb jet\u00eb nj\u00eb p\u00ebrpjekje shtes\u00eb e Qeveris\u00eb s\u00eb Malit t\u00eb Zi dhe t\u00eb gjitha qeverisjeve lokale.<\/p>\n<p>Komuna e Ulqinit, e cila n\u00eb t\u00eb gjitha sondazhet e qytetar\u00ebve \u00ebsht\u00eb nj\u00eb nga p\u00ebrkrah\u00ebsit m\u00eb t\u00eb madh t\u00eb qasjes drejt Bashkimit Evropian, do t\u00eb japin kontributin dhe t\u00eb kontribuoj\u00eb n\u00eb forcimin e sundimit t\u00eb ligjit, dhe p\u00ebrmbushjen e t\u00eb gjitha kapitujve t\u00eb negociatave.<\/p>\n<p>Me k\u00ebt\u00eb rast, sinqerisht \u00a0Ju uroj n\u00eb k\u00ebt\u00eb arritje t\u00eb r\u00ebnd\u00ebsishme t\u00eb qeveris\u00eb t\u00eb cil\u00ebn Ju e udh\u00ebhiqni. Jam i bindur se do t\u00eb punojm\u00eb s\u00eb bashku p\u00ebr t\u00eb arritur objektivin ton\u00eb t\u00eb p\u00ebrbashk\u00ebt prioritar\u00eb, pra integrimin n\u00eb BE dhe NATO.<\/p>\n<p>Me respekt,<br \/>\nNazif Cungu.<\/p>\n<p align=\"center\"><strong>Komuna e Ulqinit \/ Op\u0161tina Ulcinj \/ Municipality Of\u00a0 Ulqin Bul. Skenderbeubb.<\/strong><br \/>\n<strong>\u00a0 Tel.: +382 30 412050 Fax.: +382 30 412413e-mail: <a title=\"Nazif Cungu\" href=\"mailto:%20nazifcungu@gmail.com\" target=\"_blank\">nazifcungu@gmail.com<\/a><\/strong><\/p>\n","protected":false},"excerpt":{"rendered":"<p>Qeveria e malit te zi Kryetar I qeverise, Dr. Igor Lukshiq Ulqin, 13.10.2011 &nbsp; I nderuar kryeminist\u00ebr, Komisioni evropian n\u00eb raportin mbi progresin e vendeve kandidate dhe kandidate potenciale p\u00ebr an\u00ebtar\u00ebsim n\u00eb BE, ka p\u00ebrcaktuar fillimin e bisedimeve me Malin e Zi p\u00ebr pranimin n\u00eb Bashkimin Evropian, Me k\u00ebt\u00eb, Mali i Zi edhe nj\u00eb her\u00eb [&hellip;]<\/p>\n","protected":false},"author":1,"featured_media":0,"comment_status":"open","ping_status":"closed","sticky":false,"template":"","format":"standard","meta":{"spay_email":"","jetpack_publicize_message":"","jetpack_is_tweetstorm":false,"jetpack_publicize_feature_enabled":true},"categories":[12],"tags":[6426,19221,95,118,19220,200,18],"jetpack_publicize_connections":[],"yoast_head":"<!-- This site is optimized with the Yoast SEO plugin v19.1 - https:\/\/yoast.com\/wordpress\/plugins\/seo\/ -->\n<title>Telegram urimi e kryetarit te Komune se Ulqinit Nazif Cungu,kryeministrit te Malit te Zi,Igor Llukshiq - Lajme nga Ulqini<\/title>\n<meta name=\"description\" content=\"Qeveria e malit te zi Kryetar I qeverise, Dr. Igor Lukshiq Ulqin, 13.10.2011 &nbsp; I nderuar kryeminist\u00ebr, Komisioni evropian n\u00eb raportin mbi progresin e\" \/>\n<meta name=\"robots\" content=\"index, follow, max-snippet:-1, max-image-preview:large, max-video-preview:-1\" \/>\n<link rel=\"canonical\" href=\"https:\/\/www.visit-ulcinj.com\/blog\/2011\/10\/13\/telegram-urimi-e-kryetarit-te-komune-se-ulqinit-nazif-cungukryeministrit-te-malit-te-ziigor-llukshiq\/\" \/>\n<meta property=\"og:locale\" content=\"en_US\" \/>\n<meta property=\"og:type\" content=\"article\" \/>\n<meta property=\"og:title\" content=\"Telegram urimi e kryetarit te Komune se Ulqinit Nazif Cungu,kryeministrit te Malit te Zi,Igor Llukshiq - Lajme nga Ulqini\" \/>\n<meta property=\"og:description\" content=\"Qeveria e malit te zi Kryetar I qeverise, Dr. Igor Lukshiq Ulqin, 13.10.2011 &nbsp; I nderuar kryeminist\u00ebr, Komisioni evropian n\u00eb raportin mbi progresin e\" \/>\n<meta property=\"og:url\" content=\"https:\/\/www.visit-ulcinj.com\/blog\/2011\/10\/13\/telegram-urimi-e-kryetarit-te-komune-se-ulqinit-nazif-cungukryeministrit-te-malit-te-ziigor-llukshiq\/\" \/>\n<meta property=\"og:site_name\" content=\"Lajme nga Ulqini\" \/>\n<meta property=\"article:published_time\" content=\"2011-10-13T12:58:28+00:00\" \/>\n<meta property=\"og:image\" content=\"http:\/\/www.visit-ulcinj.com\/blog\/wp-content\/uploads\/2011\/10\/Komuna-e-Ulqinit.jpg\" \/>\n<meta name=\"twitter:label1\" content=\"Written by\" \/>\n\t<meta name=\"twitter:data1\" content=\"ulqini\" \/>\n\t<meta name=\"twitter:label2\" content=\"Est. reading time\" \/>\n\t<meta name=\"twitter:data2\" content=\"1 minute\" \/>\n<script type=\"application\/ld+json\" class=\"yoast-schema-graph\">{\"@context\":\"https:\/\/schema.org\",\"@graph\":[{\"@type\":\"WebSite\",\"@id\":\"https:\/\/www.visit-ulcinj.com\/blog\/#website\",\"url\":\"https:\/\/www.visit-ulcinj.com\/blog\/\",\"name\":\"Lajme nga Ulqini\",\"description\":\"Lajme,Vijesti,Ulqini,Ulqin,Crna Gora,Mali i Zi\",\"potentialAction\":[{\"@type\":\"SearchAction\",\"target\":{\"@type\":\"EntryPoint\",\"urlTemplate\":\"https:\/\/www.visit-ulcinj.com\/blog\/?s={search_term_string}\"},\"query-input\":\"required name=search_term_string\"}],\"inLanguage\":\"en-US\"},{\"@type\":\"ImageObject\",\"inLanguage\":\"en-US\",\"@id\":\"https:\/\/www.visit-ulcinj.com\/blog\/2011\/10\/13\/telegram-urimi-e-kryetarit-te-komune-se-ulqinit-nazif-cungukryeministrit-te-malit-te-ziigor-llukshiq\/#primaryimage\",\"url\":\"https:\/\/www.visit-ulcinj.com\/blog\/wp-content\/uploads\/2011\/10\/Komuna-e-Ulqinit.jpg\",\"contentUrl\":\"https:\/\/www.visit-ulcinj.com\/blog\/wp-content\/uploads\/2011\/10\/Komuna-e-Ulqinit.jpg\",\"width\":\"508\",\"height\":\"110\"},{\"@type\":\"WebPage\",\"@id\":\"https:\/\/www.visit-ulcinj.com\/blog\/2011\/10\/13\/telegram-urimi-e-kryetarit-te-komune-se-ulqinit-nazif-cungukryeministrit-te-malit-te-ziigor-llukshiq\/#webpage\",\"url\":\"https:\/\/www.visit-ulcinj.com\/blog\/2011\/10\/13\/telegram-urimi-e-kryetarit-te-komune-se-ulqinit-nazif-cungukryeministrit-te-malit-te-ziigor-llukshiq\/\",\"name\":\"Telegram urimi e kryetarit te Komune se Ulqinit Nazif Cungu,kryeministrit te Malit te Zi,Igor Llukshiq - Lajme nga Ulqini\",\"isPartOf\":{\"@id\":\"https:\/\/www.visit-ulcinj.com\/blog\/#website\"},\"primaryImageOfPage\":{\"@id\":\"https:\/\/www.visit-ulcinj.com\/blog\/2011\/10\/13\/telegram-urimi-e-kryetarit-te-komune-se-ulqinit-nazif-cungukryeministrit-te-malit-te-ziigor-llukshiq\/#primaryimage\"},\"datePublished\":\"2011-10-13T12:58:28+00:00\",\"dateModified\":\"2011-10-13T12:58:28+00:00\",\"author\":{\"@id\":\"https:\/\/www.visit-ulcinj.com\/blog\/#\/schema\/person\/dcab619c614d3038751c63bc2aadc06d\"},\"description\":\"Qeveria e malit te zi Kryetar I qeverise, Dr. Igor Lukshiq Ulqin, 13.10.2011 &nbsp; I nderuar kryeminist\u00ebr, Komisioni evropian n\u00eb raportin mbi progresin e\",\"breadcrumb\":{\"@id\":\"https:\/\/www.visit-ulcinj.com\/blog\/2011\/10\/13\/telegram-urimi-e-kryetarit-te-komune-se-ulqinit-nazif-cungukryeministrit-te-malit-te-ziigor-llukshiq\/#breadcrumb\"},\"inLanguage\":\"en-US\",\"potentialAction\":[{\"@type\":\"ReadAction\",\"target\":[\"https:\/\/www.visit-ulcinj.com\/blog\/2011\/10\/13\/telegram-urimi-e-kryetarit-te-komune-se-ulqinit-nazif-cungukryeministrit-te-malit-te-ziigor-llukshiq\/\"]}]},{\"@type\":\"BreadcrumbList\",\"@id\":\"https:\/\/www.visit-ulcinj.com\/blog\/2011\/10\/13\/telegram-urimi-e-kryetarit-te-komune-se-ulqinit-nazif-cungukryeministrit-te-malit-te-ziigor-llukshiq\/#breadcrumb\",\"itemListElement\":[{\"@type\":\"ListItem\",\"position\":1,\"name\":\"Telegram urimi e kryetarit te Komune se Ulqinit Nazif Cungu,kryeministrit te Malit te Zi,Igor Llukshiq\"}]},{\"@type\":\"Person\",\"@id\":\"https:\/\/www.visit-ulcinj.com\/blog\/#\/schema\/person\/dcab619c614d3038751c63bc2aadc06d\",\"name\":\"ulqini\",\"sameAs\":[\"http:\/\/www.visit-ulcinj.com\"],\"url\":\"https:\/\/www.visit-ulcinj.com\/blog\/author\/admin\/\"}]}<\/script>\n<!-- \/ Yoast SEO plugin. -->","yoast_head_json":{"title":"Telegram urimi e kryetarit te Komune se Ulqinit Nazif Cungu,kryeministrit te Malit te Zi,Igor Llukshiq - Lajme nga Ulqini","description":"Qeveria e malit te zi Kryetar I qeverise, Dr. Igor Lukshiq Ulqin, 13.10.2011 &nbsp; I nderuar kryeminist\u00ebr, Komisioni evropian n\u00eb raportin mbi progresin e","robots":{"index":"index","follow":"follow","max-snippet":"max-snippet:-1","max-image-preview":"max-image-preview:large","max-video-preview":"max-video-preview:-1"},"canonical":"https:\/\/www.visit-ulcinj.com\/blog\/2011\/10\/13\/telegram-urimi-e-kryetarit-te-komune-se-ulqinit-nazif-cungukryeministrit-te-malit-te-ziigor-llukshiq\/","og_locale":"en_US","og_type":"article","og_title":"Telegram urimi e kryetarit te Komune se Ulqinit Nazif Cungu,kryeministrit te Malit te Zi,Igor Llukshiq - Lajme nga Ulqini","og_description":"Qeveria e malit te zi Kryetar I qeverise, Dr. Igor Lukshiq Ulqin, 13.10.2011 &nbsp; I nderuar kryeminist\u00ebr, Komisioni evropian n\u00eb raportin mbi progresin e","og_url":"https:\/\/www.visit-ulcinj.com\/blog\/2011\/10\/13\/telegram-urimi-e-kryetarit-te-komune-se-ulqinit-nazif-cungukryeministrit-te-malit-te-ziigor-llukshiq\/","og_site_name":"Lajme nga Ulqini","article_published_time":"2011-10-13T12:58:28+00:00","og_image":[{"url":"http:\/\/www.visit-ulcinj.com\/blog\/wp-content\/uploads\/2011\/10\/Komuna-e-Ulqinit.jpg"}],"twitter_misc":{"Written by":"ulqini","Est. reading time":"1 minute"},"schema":{"@context":"https:\/\/schema.org","@graph":[{"@type":"WebSite","@id":"https:\/\/www.visit-ulcinj.com\/blog\/#website","url":"https:\/\/www.visit-ulcinj.com\/blog\/","name":"Lajme nga Ulqini","description":"Lajme,Vijesti,Ulqini,Ulqin,Crna Gora,Mali i Zi","potentialAction":[{"@type":"SearchAction","target":{"@type":"EntryPoint","urlTemplate":"https:\/\/www.visit-ulcinj.com\/blog\/?s={search_term_string}"},"query-input":"required name=search_term_string"}],"inLanguage":"en-US"},{"@type":"ImageObject","inLanguage":"en-US","@id":"https:\/\/www.visit-ulcinj.com\/blog\/2011\/10\/13\/telegram-urimi-e-kryetarit-te-komune-se-ulqinit-nazif-cungukryeministrit-te-malit-te-ziigor-llukshiq\/#primaryimage","url":"https:\/\/www.visit-ulcinj.com\/blog\/wp-content\/uploads\/2011\/10\/Komuna-e-Ulqinit.jpg","contentUrl":"https:\/\/www.visit-ulcinj.com\/blog\/wp-content\/uploads\/2011\/10\/Komuna-e-Ulqinit.jpg","width":"508","height":"110"},{"@type":"WebPage","@id":"https:\/\/www.visit-ulcinj.com\/blog\/2011\/10\/13\/telegram-urimi-e-kryetarit-te-komune-se-ulqinit-nazif-cungukryeministrit-te-malit-te-ziigor-llukshiq\/#webpage","url":"https:\/\/www.visit-ulcinj.com\/blog\/2011\/10\/13\/telegram-urimi-e-kryetarit-te-komune-se-ulqinit-nazif-cungukryeministrit-te-malit-te-ziigor-llukshiq\/","name":"Telegram urimi e kryetarit te Komune se Ulqinit Nazif Cungu,kryeministrit te Malit te Zi,Igor Llukshiq - Lajme nga Ulqini","isPartOf":{"@id":"https:\/\/www.visit-ulcinj.com\/blog\/#website"},"primaryImageOfPage":{"@id":"https:\/\/www.visit-ulcinj.com\/blog\/2011\/10\/13\/telegram-urimi-e-kryetarit-te-komune-se-ulqinit-nazif-cungukryeministrit-te-malit-te-ziigor-llukshiq\/#primaryimage"},"datePublished":"2011-10-13T12:58:28+00:00","dateModified":"2011-10-13T12:58:28+00:00","author":{"@id":"https:\/\/www.visit-ulcinj.com\/blog\/#\/schema\/person\/dcab619c614d3038751c63bc2aadc06d"},"description":"Qeveria e malit te zi Kryetar I qeverise, Dr. Igor Lukshiq Ulqin, 13.10.2011 &nbsp; I nderuar kryeminist\u00ebr, Komisioni evropian n\u00eb raportin mbi progresin e","breadcrumb":{"@id":"https:\/\/www.visit-ulcinj.com\/blog\/2011\/10\/13\/telegram-urimi-e-kryetarit-te-komune-se-ulqinit-nazif-cungukryeministrit-te-malit-te-ziigor-llukshiq\/#breadcrumb"},"inLanguage":"en-US","potentialAction":[{"@type":"ReadAction","target":["https:\/\/www.visit-ulcinj.com\/blog\/2011\/10\/13\/telegram-urimi-e-kryetarit-te-komune-se-ulqinit-nazif-cungukryeministrit-te-malit-te-ziigor-llukshiq\/"]}]},{"@type":"BreadcrumbList","@id":"https:\/\/www.visit-ulcinj.com\/blog\/2011\/10\/13\/telegram-urimi-e-kryetarit-te-komune-se-ulqinit-nazif-cungukryeministrit-te-malit-te-ziigor-llukshiq\/#breadcrumb","itemListElement":[{"@type":"ListItem","position":1,"name":"Telegram urimi e kryetarit te Komune se Ulqinit Nazif Cungu,kryeministrit te Malit te Zi,Igor Llukshiq"}]},{"@type":"Person","@id":"https:\/\/www.visit-ulcinj.com\/blog\/#\/schema\/person\/dcab619c614d3038751c63bc2aadc06d","name":"ulqini","sameAs":["http:\/\/www.visit-ulcinj.com"],"url":"https:\/\/www.visit-ulcinj.com\/blog\/author\/admin\/"}]}},"jetpack_featured_media_url":"","jetpack_sharing_enabled":true,"jetpack_shortlink":"https:\/\/wp.me\/pe6lTn-dyC","_links":{"self":[{"href":"https:\/\/www.visit-ulcinj.com\/blog\/wp-json\/wp\/v2\/posts\/52118"}],"collection":[{"href":"https:\/\/www.visit-ulcinj.com\/blog\/wp-json\/wp\/v2\/posts"}],"about":[{"href":"https:\/\/www.visit-ulcinj.com\/blog\/wp-json\/wp\/v2\/types\/post"}],"author":[{"embeddable":true,"href":"https:\/\/www.visit-ulcinj.com\/blog\/wp-json\/wp\/v2\/users\/1"}],"replies":[{"embeddable":true,"href":"https:\/\/www.visit-ulcinj.com\/blog\/wp-json\/wp\/v2\/comments?post=52118"}],"version-history":[{"count":1,"href":"https:\/\/www.visit-ulcinj.com\/blog\/wp-json\/wp\/v2\/posts\/52118\/revisions"}],"predecessor-version":[{"id":52120,"href":"https:\/\/www.visit-ulcinj.com\/blog\/wp-json\/wp\/v2\/posts\/52118\/revisions\/52120"}],"wp:attachment":[{"href":"https:\/\/www.visit-ulcinj.com\/blog\/wp-json\/wp\/v2\/media?parent=52118"}],"wp:term":[{"taxonomy":"category","embeddable":true,"href":"https:\/\/www.visit-ulcinj.com\/blog\/wp-json\/wp\/v2\/categories?post=52118"},{"taxonomy":"post_tag","embeddable":true,"href":"https:\/\/www.visit-ulcinj.com\/blog\/wp-json\/wp\/v2\/tags?post=52118"}],"curies":[{"name":"wp","href":"https:\/\/api.w.org\/{rel}","templated":true}]}}