{"id":52130,"date":"2011-10-15T19:40:35","date_gmt":"2011-10-15T18:40:35","guid":{"rendered":"http:\/\/www.visit-ulcinj.com\/blog\/?p=52130"},"modified":"2011-10-18T23:02:45","modified_gmt":"2011-10-18T22:02:45","slug":"sot-u-mbajt-akcioni-i-madh-i-pastrimit-per-ulqin-%e2%80%9cqytet-i-paster%e2%80%9d","status":"publish","type":"post","link":"https:\/\/www.visit-ulcinj.com\/blog\/2011\/10\/15\/sot-u-mbajt-akcioni-i-madh-i-pastrimit-per-ulqin-%e2%80%9cqytet-i-paster%e2%80%9d\/","title":{"rendered":"Sot u mbajt akcioni i madh i pastrimit p\u00ebr Ulqin \u201cQytet i past\u00ebr\u201d"},"content":{"rendered":"<p><a href=\"http:\/\/www.visit-ulcinj.com\/blog\/wp-content\/uploads\/2011\/10\/Ulqini-Qytet-i-paster_-Za-cist-Ulcinj_.jpg\"><img loading=\"lazy\" class=\"alignleft size-full wp-image-52131\" title=\"Ulqini Qytet i paster_ Za cist Ulcinj_\" src=\"http:\/\/www.visit-ulcinj.com\/blog\/wp-content\/uploads\/2011\/10\/Ulqini-Qytet-i-paster_-Za-cist-Ulcinj_.jpg\" alt=\"\" width=\"508\" height=\"380\" \/><\/a>Sot n\u00eb Ulqin \u00ebsht\u00eb mbajtur akcioni i madh i pastrimit t\u00eb qytetit i organizuar nga Komuna e Ulqinit n\u00eb partneritet me Nd\u00ebrmarrjen komunale dhe Ulqin Biznes Asociacioni. Aksioni ka filluar n\u00eb or\u00ebn 9 dhe zgjati deri n\u00eb or\u00ebn 18.00 t\u00eb dark\u00ebs. Aksionit jan\u00eb p\u00ebrgjegjur nj\u00eb num\u00ebr i madh i subjekteve, nx\u00ebn\u00ebsit dhe profesor\u00ebt e t\u00eb gjith\u00eb shollave fillore dhe t\u00eb mesme, plazhist\u00ebt, agencionet turistike, hotelet dhe restoranet, filiala policore e Ulqinit, nd\u00ebrmarrja publike p\u00ebr mexhanimin e t\u00eb mirave detare, sh\u00ebrbimi i mbrojtjes dhe shp\u00ebtimit, shoqatat joqeveritare, policia komunale, pompat e benzinit si dhe nj\u00eb num\u00ebr i madh i qytetar\u00ebve. Sipas vler\u00ebsimeve n\u00eb aksion kan\u00eb marr\u00eb pjes\u00eb rreth 1500 qytetar\u00eb.<\/p>\n<p>N\u00eb aksion morr\u00ebn pjes\u00eb p\u00ebrfaq\u00ebsuesja e Ministris\u00eb p\u00ebr zhvillim t\u00eb qendruesh\u00ebm dhe turiz\u00ebm z.nja Ana Pavi\u00e7eviq, p\u00ebrfaq\u00ebsuesit e misionit t\u00eb OSBE-s\u00eb me z\u00ebvend\u00ebsin e shefit t\u00eb misionit z. Valdemar Figaj si dhe p\u00ebrfaq\u00ebsuesi i Rochfeller Brothers Fund p\u00ebr Mal t\u00eb Zi z. Haki Abazi.<br \/>\n<a href=\"http:\/\/www.visit-ulcinj.com\/blog\/wp-content\/uploads\/2011\/10\/Ulqini-Qytet-i-paster_-Za-cist-Ulcinj.1_picnik.jpg\"><img loading=\"lazy\" class=\"alignleft size-full wp-image-52132\" title=\"Ulqini Qytet i paster_ Za cist Ulcinj.1_picnik\" src=\"http:\/\/www.visit-ulcinj.com\/blog\/wp-content\/uploads\/2011\/10\/Ulqini-Qytet-i-paster_-Za-cist-Ulcinj.1_picnik.jpg\" alt=\"\" width=\"508\" height=\"330\" \/><\/a><\/p>\n<p>Gjat\u00eb aksionit jan\u00eb pastruar nj\u00eb num\u00ebr i madh i deponive ilegale n\u00eb t\u00ebr\u00eb territorin e Komun\u00ebs s\u00eb Ulqinit. Kryetari i Komun\u00ebs s\u00eb Ulqinit Nazif Cungu theksoi q\u00eb me k\u00ebt\u00eb aksion, i cili arriti t\u00eb animoj\u00eb nj\u00eb num\u00ebr t\u00eb madh t\u00eb qytetar\u00ebve, subjekteve afariste dhe institucioneve, sh\u00ebnohet fillimi i p\u00ebrgatitjeve p\u00ebr sezonin turistik veror\u00eb 2011 dhe n\u00eb t\u00eb ardhmen sh\u00ebrbimi i inspeksionit komunal do t\u00eb kujdeset p\u00ebr mir\u00ebmbajtjen e zonave t\u00eb pastruara.\u00a0 P\u00ebr Ulqinin si qytet turistik parakushti themellor p\u00ebr nj\u00eb sezon t\u00eb suksesh\u00ebm \u00ebsht\u00eb past\u00ebrtia dhe regulli komunal, me k\u00ebt\u00eb aksion merren masa p\u00ebr kthimin e epitetit t\u00eb Ulqinit si nj\u00eb qytet i cili kujdes p\u00ebr vet\u00ebvehte dhe i pret musafir\u00ebt n\u00eb nj\u00eb ambijent t\u00eb past\u00ebr.<\/p>\n<p align=\"center\"><strong>Komuna e Ulqinit \/ Op\u0161tina Ulcinj \/ Municipality Of\u00a0 Ulqin Bul. Skenderbeubb.<\/strong><br \/>\n<strong> \u00a0 Tel.: +382 30 412050 Fax.: +382 30 412413e-mail: <a title=\"Nazif Cungu\" href=\"mailto:%20nazifcungu@gmail.com\" target=\"_blank\">nazifcungu@gmail.com<\/a><\/strong><\/p>\n\n\t\t<style type=\"text\/css\">\n\t\t\t#gallery-1 {\n\t\t\t\tmargin: auto;\n\t\t\t}\n\t\t\t#gallery-1 .gallery-item {\n\t\t\t\tfloat: left;\n\t\t\t\tmargin-top: 10px;\n\t\t\t\ttext-align: center;\n\t\t\t\twidth: 33%;\n\t\t\t}\n\t\t\t#gallery-1 img {\n\t\t\t\tborder: 2px solid #cfcfcf;\n\t\t\t}\n\t\t\t#gallery-1 .gallery-caption {\n\t\t\t\tmargin-left: 0;\n\t\t\t}\n\t\t\t\/* see gallery_shortcode() in wp-includes\/media.php *\/\n\t\t<\/style>\n\t\t<div id='gallery-1' class='gallery galleryid-52130 gallery-columns-3 gallery-size-thumbnail'><dl class='gallery-item'>\n\t\t\t<dt class='gallery-icon landscape'>\n\t\t\t\t<a href='https:\/\/www.visit-ulcinj.com\/blog\/wp-content\/uploads\/2011\/10\/Ulqini-Qytet-i-paster_-Za-cist-Ulcinj_.jpg'><img width=\"150\" height=\"150\" src=\"https:\/\/www.visit-ulcinj.com\/blog\/wp-content\/uploads\/2011\/10\/Ulqini-Qytet-i-paster_-Za-cist-Ulcinj_-150x150.jpg\" class=\"attachment-thumbnail size-thumbnail\" alt=\"\" loading=\"lazy\" \/><\/a>\n\t\t\t<\/dt><\/dl><dl class='gallery-item'>\n\t\t\t<dt class='gallery-icon landscape'>\n\t\t\t\t<a href='https:\/\/www.visit-ulcinj.com\/blog\/wp-content\/uploads\/2011\/10\/Ulqini-Qytet-i-paster_-Za-cist-Ulcinj.1_picnik.jpg'><img width=\"150\" height=\"150\" src=\"https:\/\/www.visit-ulcinj.com\/blog\/wp-content\/uploads\/2011\/10\/Ulqini-Qytet-i-paster_-Za-cist-Ulcinj.1_picnik-150x150.jpg\" class=\"attachment-thumbnail size-thumbnail\" alt=\"\" loading=\"lazy\" \/><\/a>\n\t\t\t<\/dt><\/dl><dl class='gallery-item'>\n\t\t\t<dt class='gallery-icon landscape'>\n\t\t\t\t<a href='https:\/\/www.visit-ulcinj.com\/blog\/wp-content\/uploads\/2011\/10\/Ulqini-Qytet-i-paster_-Za-cist-Ulcinj_1.jpg'><img width=\"150\" height=\"150\" src=\"https:\/\/www.visit-ulcinj.com\/blog\/wp-content\/uploads\/2011\/10\/Ulqini-Qytet-i-paster_-Za-cist-Ulcinj_1-150x150.jpg\" class=\"attachment-thumbnail size-thumbnail\" alt=\"\" loading=\"lazy\" \/><\/a>\n\t\t\t<\/dt><\/dl><br style=\"clear: both\" \/><dl class='gallery-item'>\n\t\t\t<dt class='gallery-icon landscape'>\n\t\t\t\t<a href='https:\/\/www.visit-ulcinj.com\/blog\/wp-content\/uploads\/2011\/10\/Ulqini-Qytet-i-paster_-Za-cist-Ulcinj_3.jpg'><img width=\"150\" height=\"150\" src=\"https:\/\/www.visit-ulcinj.com\/blog\/wp-content\/uploads\/2011\/10\/Ulqini-Qytet-i-paster_-Za-cist-Ulcinj_3-150x150.jpg\" class=\"attachment-thumbnail size-thumbnail\" alt=\"\" loading=\"lazy\" \/><\/a>\n\t\t\t<\/dt><\/dl><dl class='gallery-item'>\n\t\t\t<dt class='gallery-icon landscape'>\n\t\t\t\t<a href='https:\/\/www.visit-ulcinj.com\/blog\/wp-content\/uploads\/2011\/10\/Ulqini-Qytet-i-paster_-Za-cist-Ulcinj_5.jpg'><img width=\"150\" height=\"150\" src=\"https:\/\/www.visit-ulcinj.com\/blog\/wp-content\/uploads\/2011\/10\/Ulqini-Qytet-i-paster_-Za-cist-Ulcinj_5-150x150.jpg\" class=\"attachment-thumbnail size-thumbnail\" alt=\"\" loading=\"lazy\" \/><\/a>\n\t\t\t<\/dt><\/dl><dl class='gallery-item'>\n\t\t\t<dt class='gallery-icon landscape'>\n\t\t\t\t<a href='https:\/\/www.visit-ulcinj.com\/blog\/wp-content\/uploads\/2011\/10\/Ulqini-Qytet-i-paster_-Za-cist-Ulcinj_7.jpg'><img width=\"150\" height=\"150\" src=\"https:\/\/www.visit-ulcinj.com\/blog\/wp-content\/uploads\/2011\/10\/Ulqini-Qytet-i-paster_-Za-cist-Ulcinj_7-150x150.jpg\" class=\"attachment-thumbnail size-thumbnail\" alt=\"\" loading=\"lazy\" \/><\/a>\n\t\t\t<\/dt><\/dl><br style=\"clear: both\" \/>\n\t\t<\/div>\n\n<p>&nbsp;<\/p>\n<p>&nbsp;<\/p>\n","protected":false},"excerpt":{"rendered":"<p>Sot n\u00eb Ulqin \u00ebsht\u00eb mbajtur akcioni i madh i pastrimit t\u00eb qytetit i organizuar nga Komuna e Ulqinit n\u00eb partneritet me Nd\u00ebrmarrjen komunale dhe Ulqin Biznes Asociacioni. Aksioni ka filluar n\u00eb or\u00ebn 9 dhe zgjati deri n\u00eb or\u00ebn 18.00 t\u00eb dark\u00ebs. Aksionit jan\u00eb p\u00ebrgjegjur nj\u00eb num\u00ebr i madh i subjekteve, nx\u00ebn\u00ebsit dhe profesor\u00ebt e t\u00eb [&hellip;]<\/p>\n","protected":false},"author":1,"featured_media":0,"comment_status":"open","ping_status":"closed","sticky":false,"template":"","format":"standard","meta":{"spay_email":"","jetpack_publicize_message":"","jetpack_is_tweetstorm":false,"jetpack_publicize_feature_enabled":true},"categories":[1,13],"tags":[118,16586,19223,5346,200,18],"jetpack_publicize_connections":[],"yoast_head":"<!-- This site is optimized with the Yoast SEO plugin v19.1 - https:\/\/yoast.com\/wordpress\/plugins\/seo\/ -->\n<title>Sot u mbajt akcioni i madh i pastrimit p\u00ebr Ulqin \u201cQytet i past\u00ebr\u201d - Lajme nga Ulqini<\/title>\n<meta name=\"description\" content=\"Sot n\u00eb Ulqin \u00ebsht\u00eb mbajtur akcioni i madh i pastrimit t\u00eb qytetit i organizuar nga Komuna e Ulqinit n\u00eb partneritet me Nd\u00ebrmarrjen komunale dhe Ulqin Biznes\" \/>\n<meta name=\"robots\" content=\"index, follow, max-snippet:-1, max-image-preview:large, max-video-preview:-1\" \/>\n<link rel=\"canonical\" href=\"https:\/\/www.visit-ulcinj.com\/blog\/2011\/10\/15\/sot-u-mbajt-akcioni-i-madh-i-pastrimit-per-ulqin-\u201cqytet-i-paster\u201d\/\" \/>\n<meta property=\"og:locale\" content=\"en_US\" \/>\n<meta property=\"og:type\" content=\"article\" \/>\n<meta property=\"og:title\" content=\"Sot u mbajt akcioni i madh i pastrimit p\u00ebr Ulqin \u201cQytet i past\u00ebr\u201d - Lajme nga Ulqini\" \/>\n<meta property=\"og:description\" content=\"Sot n\u00eb Ulqin \u00ebsht\u00eb mbajtur akcioni i madh i pastrimit t\u00eb qytetit i organizuar nga Komuna e Ulqinit n\u00eb partneritet me Nd\u00ebrmarrjen komunale dhe Ulqin Biznes\" \/>\n<meta property=\"og:url\" content=\"https:\/\/www.visit-ulcinj.com\/blog\/2011\/10\/15\/sot-u-mbajt-akcioni-i-madh-i-pastrimit-per-ulqin-\u201cqytet-i-paster\u201d\/\" \/>\n<meta property=\"og:site_name\" content=\"Lajme nga Ulqini\" \/>\n<meta property=\"article:published_time\" content=\"2011-10-15T18:40:35+00:00\" \/>\n<meta property=\"article:modified_time\" content=\"2011-10-18T22:02:45+00:00\" \/>\n<meta property=\"og:image\" content=\"https:\/\/www.visit-ulcinj.com\/blog\/wp-content\/uploads\/2011\/10\/Ulqini-Qytet-i-paster_-Za-cist-Ulcinj_-150x150.jpg\" \/>\n<meta name=\"twitter:label1\" content=\"Written by\" \/>\n\t<meta name=\"twitter:data1\" content=\"ulqini\" \/>\n\t<meta name=\"twitter:label2\" content=\"Est. reading time\" \/>\n\t<meta name=\"twitter:data2\" content=\"2 minutes\" \/>\n<script type=\"application\/ld+json\" class=\"yoast-schema-graph\">{\"@context\":\"https:\/\/schema.org\",\"@graph\":[{\"@type\":\"WebSite\",\"@id\":\"https:\/\/www.visit-ulcinj.com\/blog\/#website\",\"url\":\"https:\/\/www.visit-ulcinj.com\/blog\/\",\"name\":\"Lajme nga Ulqini\",\"description\":\"Lajme,Vijesti,Ulqini,Ulqin,Crna Gora,Mali i Zi\",\"potentialAction\":[{\"@type\":\"SearchAction\",\"target\":{\"@type\":\"EntryPoint\",\"urlTemplate\":\"https:\/\/www.visit-ulcinj.com\/blog\/?s={search_term_string}\"},\"query-input\":\"required name=search_term_string\"}],\"inLanguage\":\"en-US\"},{\"@type\":\"ImageObject\",\"inLanguage\":\"en-US\",\"@id\":\"https:\/\/www.visit-ulcinj.com\/blog\/2011\/10\/15\/sot-u-mbajt-akcioni-i-madh-i-pastrimit-per-ulqin-%e2%80%9cqytet-i-paster%e2%80%9d\/#primaryimage\",\"url\":\"https:\/\/www.visit-ulcinj.com\/blog\/wp-content\/uploads\/2011\/10\/Ulqini-Qytet-i-paster_-Za-cist-Ulcinj_.jpg\",\"contentUrl\":\"https:\/\/www.visit-ulcinj.com\/blog\/wp-content\/uploads\/2011\/10\/Ulqini-Qytet-i-paster_-Za-cist-Ulcinj_.jpg\",\"width\":\"1000\",\"height\":\"662\"},{\"@type\":\"WebPage\",\"@id\":\"https:\/\/www.visit-ulcinj.com\/blog\/2011\/10\/15\/sot-u-mbajt-akcioni-i-madh-i-pastrimit-per-ulqin-%e2%80%9cqytet-i-paster%e2%80%9d\/#webpage\",\"url\":\"https:\/\/www.visit-ulcinj.com\/blog\/2011\/10\/15\/sot-u-mbajt-akcioni-i-madh-i-pastrimit-per-ulqin-%e2%80%9cqytet-i-paster%e2%80%9d\/\",\"name\":\"Sot u mbajt akcioni i madh i pastrimit p\u00ebr Ulqin \u201cQytet i past\u00ebr\u201d - Lajme nga Ulqini\",\"isPartOf\":{\"@id\":\"https:\/\/www.visit-ulcinj.com\/blog\/#website\"},\"primaryImageOfPage\":{\"@id\":\"https:\/\/www.visit-ulcinj.com\/blog\/2011\/10\/15\/sot-u-mbajt-akcioni-i-madh-i-pastrimit-per-ulqin-%e2%80%9cqytet-i-paster%e2%80%9d\/#primaryimage\"},\"datePublished\":\"2011-10-15T18:40:35+00:00\",\"dateModified\":\"2011-10-18T22:02:45+00:00\",\"author\":{\"@id\":\"https:\/\/www.visit-ulcinj.com\/blog\/#\/schema\/person\/dcab619c614d3038751c63bc2aadc06d\"},\"description\":\"Sot n\u00eb Ulqin \u00ebsht\u00eb mbajtur akcioni i madh i pastrimit t\u00eb qytetit i organizuar nga Komuna e Ulqinit n\u00eb partneritet me Nd\u00ebrmarrjen komunale dhe Ulqin Biznes\",\"breadcrumb\":{\"@id\":\"https:\/\/www.visit-ulcinj.com\/blog\/2011\/10\/15\/sot-u-mbajt-akcioni-i-madh-i-pastrimit-per-ulqin-%e2%80%9cqytet-i-paster%e2%80%9d\/#breadcrumb\"},\"inLanguage\":\"en-US\",\"potentialAction\":[{\"@type\":\"ReadAction\",\"target\":[\"https:\/\/www.visit-ulcinj.com\/blog\/2011\/10\/15\/sot-u-mbajt-akcioni-i-madh-i-pastrimit-per-ulqin-%e2%80%9cqytet-i-paster%e2%80%9d\/\"]}]},{\"@type\":\"BreadcrumbList\",\"@id\":\"https:\/\/www.visit-ulcinj.com\/blog\/2011\/10\/15\/sot-u-mbajt-akcioni-i-madh-i-pastrimit-per-ulqin-%e2%80%9cqytet-i-paster%e2%80%9d\/#breadcrumb\",\"itemListElement\":[{\"@type\":\"ListItem\",\"position\":1,\"name\":\"Sot u mbajt akcioni i madh i pastrimit p\u00ebr Ulqin \u201cQytet i past\u00ebr\u201d\"}]},{\"@type\":\"Person\",\"@id\":\"https:\/\/www.visit-ulcinj.com\/blog\/#\/schema\/person\/dcab619c614d3038751c63bc2aadc06d\",\"name\":\"ulqini\",\"sameAs\":[\"http:\/\/www.visit-ulcinj.com\"],\"url\":\"https:\/\/www.visit-ulcinj.com\/blog\/author\/admin\/\"}]}<\/script>\n<!-- \/ Yoast SEO plugin. -->","yoast_head_json":{"title":"Sot u mbajt akcioni i madh i pastrimit p\u00ebr Ulqin \u201cQytet i past\u00ebr\u201d - Lajme nga Ulqini","description":"Sot n\u00eb Ulqin \u00ebsht\u00eb mbajtur akcioni i madh i pastrimit t\u00eb qytetit i organizuar nga Komuna e Ulqinit n\u00eb partneritet me Nd\u00ebrmarrjen komunale dhe Ulqin Biznes","robots":{"index":"index","follow":"follow","max-snippet":"max-snippet:-1","max-image-preview":"max-image-preview:large","max-video-preview":"max-video-preview:-1"},"canonical":"https:\/\/www.visit-ulcinj.com\/blog\/2011\/10\/15\/sot-u-mbajt-akcioni-i-madh-i-pastrimit-per-ulqin-\u201cqytet-i-paster\u201d\/","og_locale":"en_US","og_type":"article","og_title":"Sot u mbajt akcioni i madh i pastrimit p\u00ebr Ulqin \u201cQytet i past\u00ebr\u201d - Lajme nga Ulqini","og_description":"Sot n\u00eb Ulqin \u00ebsht\u00eb mbajtur akcioni i madh i pastrimit t\u00eb qytetit i organizuar nga Komuna e Ulqinit n\u00eb partneritet me Nd\u00ebrmarrjen komunale dhe Ulqin Biznes","og_url":"https:\/\/www.visit-ulcinj.com\/blog\/2011\/10\/15\/sot-u-mbajt-akcioni-i-madh-i-pastrimit-per-ulqin-\u201cqytet-i-paster\u201d\/","og_site_name":"Lajme nga Ulqini","article_published_time":"2011-10-15T18:40:35+00:00","article_modified_time":"2011-10-18T22:02:45+00:00","og_image":[{"url":"https:\/\/www.visit-ulcinj.com\/blog\/wp-content\/uploads\/2011\/10\/Ulqini-Qytet-i-paster_-Za-cist-Ulcinj_-150x150.jpg"}],"twitter_misc":{"Written by":"ulqini","Est. reading time":"2 minutes"},"schema":{"@context":"https:\/\/schema.org","@graph":[{"@type":"WebSite","@id":"https:\/\/www.visit-ulcinj.com\/blog\/#website","url":"https:\/\/www.visit-ulcinj.com\/blog\/","name":"Lajme nga Ulqini","description":"Lajme,Vijesti,Ulqini,Ulqin,Crna Gora,Mali i Zi","potentialAction":[{"@type":"SearchAction","target":{"@type":"EntryPoint","urlTemplate":"https:\/\/www.visit-ulcinj.com\/blog\/?s={search_term_string}"},"query-input":"required name=search_term_string"}],"inLanguage":"en-US"},{"@type":"ImageObject","inLanguage":"en-US","@id":"https:\/\/www.visit-ulcinj.com\/blog\/2011\/10\/15\/sot-u-mbajt-akcioni-i-madh-i-pastrimit-per-ulqin-%e2%80%9cqytet-i-paster%e2%80%9d\/#primaryimage","url":"https:\/\/www.visit-ulcinj.com\/blog\/wp-content\/uploads\/2011\/10\/Ulqini-Qytet-i-paster_-Za-cist-Ulcinj_.jpg","contentUrl":"https:\/\/www.visit-ulcinj.com\/blog\/wp-content\/uploads\/2011\/10\/Ulqini-Qytet-i-paster_-Za-cist-Ulcinj_.jpg","width":"1000","height":"662"},{"@type":"WebPage","@id":"https:\/\/www.visit-ulcinj.com\/blog\/2011\/10\/15\/sot-u-mbajt-akcioni-i-madh-i-pastrimit-per-ulqin-%e2%80%9cqytet-i-paster%e2%80%9d\/#webpage","url":"https:\/\/www.visit-ulcinj.com\/blog\/2011\/10\/15\/sot-u-mbajt-akcioni-i-madh-i-pastrimit-per-ulqin-%e2%80%9cqytet-i-paster%e2%80%9d\/","name":"Sot u mbajt akcioni i madh i pastrimit p\u00ebr Ulqin \u201cQytet i past\u00ebr\u201d - Lajme nga Ulqini","isPartOf":{"@id":"https:\/\/www.visit-ulcinj.com\/blog\/#website"},"primaryImageOfPage":{"@id":"https:\/\/www.visit-ulcinj.com\/blog\/2011\/10\/15\/sot-u-mbajt-akcioni-i-madh-i-pastrimit-per-ulqin-%e2%80%9cqytet-i-paster%e2%80%9d\/#primaryimage"},"datePublished":"2011-10-15T18:40:35+00:00","dateModified":"2011-10-18T22:02:45+00:00","author":{"@id":"https:\/\/www.visit-ulcinj.com\/blog\/#\/schema\/person\/dcab619c614d3038751c63bc2aadc06d"},"description":"Sot n\u00eb Ulqin \u00ebsht\u00eb mbajtur akcioni i madh i pastrimit t\u00eb qytetit i organizuar nga Komuna e Ulqinit n\u00eb partneritet me Nd\u00ebrmarrjen komunale dhe Ulqin Biznes","breadcrumb":{"@id":"https:\/\/www.visit-ulcinj.com\/blog\/2011\/10\/15\/sot-u-mbajt-akcioni-i-madh-i-pastrimit-per-ulqin-%e2%80%9cqytet-i-paster%e2%80%9d\/#breadcrumb"},"inLanguage":"en-US","potentialAction":[{"@type":"ReadAction","target":["https:\/\/www.visit-ulcinj.com\/blog\/2011\/10\/15\/sot-u-mbajt-akcioni-i-madh-i-pastrimit-per-ulqin-%e2%80%9cqytet-i-paster%e2%80%9d\/"]}]},{"@type":"BreadcrumbList","@id":"https:\/\/www.visit-ulcinj.com\/blog\/2011\/10\/15\/sot-u-mbajt-akcioni-i-madh-i-pastrimit-per-ulqin-%e2%80%9cqytet-i-paster%e2%80%9d\/#breadcrumb","itemListElement":[{"@type":"ListItem","position":1,"name":"Sot u mbajt akcioni i madh i pastrimit p\u00ebr Ulqin \u201cQytet i past\u00ebr\u201d"}]},{"@type":"Person","@id":"https:\/\/www.visit-ulcinj.com\/blog\/#\/schema\/person\/dcab619c614d3038751c63bc2aadc06d","name":"ulqini","sameAs":["http:\/\/www.visit-ulcinj.com"],"url":"https:\/\/www.visit-ulcinj.com\/blog\/author\/admin\/"}]}},"jetpack_featured_media_url":"","jetpack_sharing_enabled":true,"jetpack_shortlink":"https:\/\/wp.me\/pe6lTn-dyO","_links":{"self":[{"href":"https:\/\/www.visit-ulcinj.com\/blog\/wp-json\/wp\/v2\/posts\/52130"}],"collection":[{"href":"https:\/\/www.visit-ulcinj.com\/blog\/wp-json\/wp\/v2\/posts"}],"about":[{"href":"https:\/\/www.visit-ulcinj.com\/blog\/wp-json\/wp\/v2\/types\/post"}],"author":[{"embeddable":true,"href":"https:\/\/www.visit-ulcinj.com\/blog\/wp-json\/wp\/v2\/users\/1"}],"replies":[{"embeddable":true,"href":"https:\/\/www.visit-ulcinj.com\/blog\/wp-json\/wp\/v2\/comments?post=52130"}],"version-history":[{"count":3,"href":"https:\/\/www.visit-ulcinj.com\/blog\/wp-json\/wp\/v2\/posts\/52130\/revisions"}],"predecessor-version":[{"id":52174,"href":"https:\/\/www.visit-ulcinj.com\/blog\/wp-json\/wp\/v2\/posts\/52130\/revisions\/52174"}],"wp:attachment":[{"href":"https:\/\/www.visit-ulcinj.com\/blog\/wp-json\/wp\/v2\/media?parent=52130"}],"wp:term":[{"taxonomy":"category","embeddable":true,"href":"https:\/\/www.visit-ulcinj.com\/blog\/wp-json\/wp\/v2\/categories?post=52130"},{"taxonomy":"post_tag","embeddable":true,"href":"https:\/\/www.visit-ulcinj.com\/blog\/wp-json\/wp\/v2\/tags?post=52130"}],"curies":[{"name":"wp","href":"https:\/\/api.w.org\/{rel}","templated":true}]}}