{"id":52139,"date":"2011-10-15T20:37:53","date_gmt":"2011-10-15T19:37:53","guid":{"rendered":"http:\/\/www.visit-ulcinj.com\/blog\/?p=52139"},"modified":"2011-10-15T20:42:55","modified_gmt":"2011-10-15T19:42:55","slug":"canka-odlucno-i-oprezno-do-sigurne-luke","status":"publish","type":"post","link":"https:\/\/www.visit-ulcinj.com\/blog\/2011\/10\/15\/canka-odlucno-i-oprezno-do-sigurne-luke\/","title":{"rendered":"Canka: Odlu\u010dno i oprezno do sigurne luke"},"content":{"rendered":"<p><a href=\"http:\/\/www.visit-ulcinj.com\/blog\/wp-content\/uploads\/2011\/10\/Next-futur-exit-Ulcinj-Montenegro.jpg\"><img loading=\"lazy\" class=\"alignleft size-full wp-image-52140\" title=\"Next futur exit Ulcinj Montenegro\" src=\"http:\/\/www.visit-ulcinj.com\/blog\/wp-content\/uploads\/2011\/10\/Next-futur-exit-Ulcinj-Montenegro.jpg\" alt=\"\" width=\"508\" height=\"331\" srcset=\"https:\/\/www.visit-ulcinj.com\/blog\/wp-content\/uploads\/2011\/10\/Next-futur-exit-Ulcinj-Montenegro.jpg 508w, https:\/\/www.visit-ulcinj.com\/blog\/wp-content\/uploads\/2011\/10\/Next-futur-exit-Ulcinj-Montenegro-300x195.jpg 300w\" sizes=\"(max-width: 508px) 100vw, 508px\" \/><\/a>U\u010destale posjete dr\u017eavnih funkcionera Ulcinju pokazuju da se u ovu op\u0161tinu nakon demokratskih promjena sa nivoa cijele zemlje gleda sa nadom i optimizmom. To je razumljivo ako se zna da je prakti\u010dno jo\u0161 jedino ovdje ostalo prostora, resursa, volje i spremnosti za velike iskorake i posvema\u0161nji razvoj turizma.I \u010dini se da \u0107e on simboli\u010dki krenuti, upravo onako kako je bilo prije gotovo osam decenija: gradnjom hotela Jadran. Sve banke su spremne da isfinansiraju taj projekat koji \u0107e, uz hotel Mediteran, podi\u0107i atraktivnost ponude u\u017eeg dijela grada.<br \/>\nUz to, samo jo\u0161 jedan obnovljen hotel na Velikoj pla\u017ei \u0107e od Ulcinja napraviti op\u0161tinu koja \u0107e ve\u0107 po\u010detkom maja 2014. godine imati nekoliko hiljada gostiju.<br \/>\nTo je ono \u0161to je na\u0161 najve\u0107i dobitak kao op\u0161tine i gra\u0111ana: razvoj se nipo\u0161to ne smije odvijati stihijski i u interesu tajkuna. On mora biti odr\u017eiv i odgovoran, jer samo i jedino tako se obezbje\u0111uju dugoro\u010dan rast, razvoj i socijalna kohezija.Istovremeno treba povezivati turizam i poljoprivredu, odnosno iskoristiti ogromne potencijale za proizvodnju zdrave hrane. Ulcinjsko zale\u0111e, po procjenama Svjetske poljoprivredne organizacije, mo\u017ee hraniti pola Crne Gore, ili, druga\u010dije re\u010deno, mo\u017ee podmiriti sve potrebe za hranom gostiju na na\u0161oj rivijeri. Grijeh je (i zlo\u010din) ne iskoristiti tu \u0161ansu koja se sama od sebe name\u0107e. Naro\u010dito u situaciji kada \u0107e cijena hrane na svjetskom tr\u017ei\u0161tu stalno rasti, a gosti vole ono \u0161to je autohtono i jedinstveno.<br \/>\nPosla, dakle, ima previ\u0161e. Za po\u010detak grad mora biti \u010dist. Oko toga ne smije biti nikakve dileme. Zato je akcija \u010di\u0161\u0107enja, koja se mora jo\u0161 jednom pokrenuti u aprilu, hvale vrijedan potez i nu\u017enost.<\/p>\n<p>Ta pozitivna energija, nada i o\u010dekivanje mora pro\u017eimati svaki na\u0161 \u010din, rije\u010d i misao. Nama je kao hljeb potrebno jedinstvo na ovim konkretnim projektima. Vremena i prostora za nesporazume, posebno sva\u0111e, nema i ne smije biti. Svi moraju pokazati dobru volju, odlu\u010dnost i strpljivost.Kao \u0161to se ne smiju kr\u0161iti procedure i dobri obi\u010daji. \u00a0Dostignuti stepen demokratije nipo\u0161to ne smije biti ugro\u017een! Demokratija, mo\u017eda, usporava neke procese, ona tako\u0111e dosta ko\u0161ta, ali je svakako najbolji na\u010din za dono\u0161enje odluka. Ko to ne shvata i ne razumije, proma\u0161io je vrijeme i prostor u kojem \u017eivi. Naro\u010dito se to aktuelizuje saznanjem da je ova zemlja na pragu otpo\u010dinjanja pristupnih pregovora sa Evropskom unijom.<br \/>\nVrijeme ina\u0107enja, arogantnosti, bahatosti, frustracija, je, valjda, zauvijek ostalo za nama. Ovo vrijeme tra\u017ei mnogo rada, znanja, sabura, tra\u017eenja najboljih savjeta i posebno stvarala\u010dku viziju. Podrazumijeva se politika \u010distih ruku i potpune transparentnosti. To treba postati na\u010din \u017eivljenja. Drugog puta jednostavno nema. Ima samo bespu\u0107a, minskih polja la\u017ei i zabluda, olako obe\u0107ane brzine.<br \/>\nZato na krilima te nade, odlu\u010dno\u0161\u0107u i hrabro\u0161\u0107u, treba na\u0161 brod, ta\u010dnije taj jedrenjak sa razbucanim jedrima, koji na sve strane propu\u0161ta, a istovremeno je u velikoj oluji, dovesti u mirnu luku. Na sre\u0107u, ona se ve\u0107 jasno vidi, i zato se svi tome moramo radovati. Iako znamo da treba neumorno raditi svaki bogovjetni dan, izdr\u017eati sve te nevere, podvodne stijene, pa i opstrukcije.No, u toj ogromnoj \u017eelji za \u0161to br\u017ei dolazak u luku sigurnosti, lako se mo\u017ee pregorjeti. Zato nam treba odlu\u010dnost, hrabrost i oprez kapetana i \u010ditave posade.\u00a0 Mjesta pesimizmu nema, ve\u0107 se mora graditi jedinstvo kroz iskrenu volju, demokratske procedure i evropske standarde.U tom i takvom, na\u0161em Ulcinju, ima i bi\u0107e mjesta za svakog gra\u0111anina, turistu ili posjetioca.<\/p>\n<p><strong>Mustafa Canka<br \/>\n<!--YouTube Error: bad URL entered--><br \/>\n<\/strong><\/p>\n","protected":false},"excerpt":{"rendered":"<p>U\u010destale posjete dr\u017eavnih funkcionera Ulcinju pokazuju da se u ovu op\u0161tinu nakon demokratskih promjena sa nivoa cijele zemlje gleda sa nadom i optimizmom. To je razumljivo ako se zna da je prakti\u010dno jo\u0161 jedino ovdje ostalo prostora, resursa, volje i spremnosti za velike iskorake i posvema\u0161nji razvoj turizma.I \u010dini se da \u0107e on simboli\u010dki krenuti, [&hellip;]<\/p>\n","protected":false},"author":1,"featured_media":0,"comment_status":"open","ping_status":"closed","sticky":false,"template":"","format":"standard","meta":{"spay_email":"","jetpack_publicize_message":"","jetpack_is_tweetstorm":false,"jetpack_publicize_feature_enabled":true},"categories":[8337],"tags":[20,79,19,200,18],"jetpack_publicize_connections":[],"yoast_head":"<!-- This site is optimized with the Yoast SEO plugin v19.1 - https:\/\/yoast.com\/wordpress\/plugins\/seo\/ -->\n<title>Canka: Odlu\u010dno i oprezno do sigurne luke - Lajme nga Ulqini<\/title>\n<meta name=\"description\" content=\"U\u010destale posjete dr\u017eavnih funkcionera Ulcinju pokazuju da se u ovu op\u0161tinu nakon demokratskih promjena sa nivoa cijele zemlje gleda sa nadom i optimizmom.\" \/>\n<meta name=\"robots\" content=\"index, follow, max-snippet:-1, max-image-preview:large, max-video-preview:-1\" \/>\n<link rel=\"canonical\" href=\"https:\/\/www.visit-ulcinj.com\/blog\/2011\/10\/15\/canka-odlucno-i-oprezno-do-sigurne-luke\/\" \/>\n<meta property=\"og:locale\" content=\"en_US\" \/>\n<meta property=\"og:type\" content=\"article\" \/>\n<meta property=\"og:title\" content=\"Canka: Odlu\u010dno i oprezno do sigurne luke - Lajme nga Ulqini\" \/>\n<meta property=\"og:description\" content=\"U\u010destale posjete dr\u017eavnih funkcionera Ulcinju pokazuju da se u ovu op\u0161tinu nakon demokratskih promjena sa nivoa cijele zemlje gleda sa nadom i optimizmom.\" \/>\n<meta property=\"og:url\" content=\"https:\/\/www.visit-ulcinj.com\/blog\/2011\/10\/15\/canka-odlucno-i-oprezno-do-sigurne-luke\/\" \/>\n<meta property=\"og:site_name\" content=\"Lajme nga Ulqini\" \/>\n<meta property=\"article:published_time\" content=\"2011-10-15T19:37:53+00:00\" \/>\n<meta property=\"article:modified_time\" content=\"2011-10-15T19:42:55+00:00\" \/>\n<meta property=\"og:image\" content=\"http:\/\/www.visit-ulcinj.com\/blog\/wp-content\/uploads\/2011\/10\/Next-futur-exit-Ulcinj-Montenegro.jpg\" \/>\n<meta name=\"twitter:label1\" content=\"Written by\" \/>\n\t<meta name=\"twitter:data1\" content=\"ulqini\" \/>\n\t<meta name=\"twitter:label2\" content=\"Est. reading time\" \/>\n\t<meta name=\"twitter:data2\" content=\"3 minutes\" \/>\n<script type=\"application\/ld+json\" class=\"yoast-schema-graph\">{\"@context\":\"https:\/\/schema.org\",\"@graph\":[{\"@type\":\"WebSite\",\"@id\":\"https:\/\/www.visit-ulcinj.com\/blog\/#website\",\"url\":\"https:\/\/www.visit-ulcinj.com\/blog\/\",\"name\":\"Lajme nga Ulqini\",\"description\":\"Lajme,Vijesti,Ulqini,Ulqin,Crna Gora,Mali i Zi\",\"potentialAction\":[{\"@type\":\"SearchAction\",\"target\":{\"@type\":\"EntryPoint\",\"urlTemplate\":\"https:\/\/www.visit-ulcinj.com\/blog\/?s={search_term_string}\"},\"query-input\":\"required name=search_term_string\"}],\"inLanguage\":\"en-US\"},{\"@type\":\"ImageObject\",\"inLanguage\":\"en-US\",\"@id\":\"https:\/\/www.visit-ulcinj.com\/blog\/2011\/10\/15\/canka-odlucno-i-oprezno-do-sigurne-luke\/#primaryimage\",\"url\":\"https:\/\/www.visit-ulcinj.com\/blog\/wp-content\/uploads\/2011\/10\/Next-futur-exit-Ulcinj-Montenegro.jpg\",\"contentUrl\":\"https:\/\/www.visit-ulcinj.com\/blog\/wp-content\/uploads\/2011\/10\/Next-futur-exit-Ulcinj-Montenegro.jpg\",\"width\":\"508\",\"height\":\"331\"},{\"@type\":\"WebPage\",\"@id\":\"https:\/\/www.visit-ulcinj.com\/blog\/2011\/10\/15\/canka-odlucno-i-oprezno-do-sigurne-luke\/#webpage\",\"url\":\"https:\/\/www.visit-ulcinj.com\/blog\/2011\/10\/15\/canka-odlucno-i-oprezno-do-sigurne-luke\/\",\"name\":\"Canka: Odlu\u010dno i oprezno do sigurne luke - Lajme nga Ulqini\",\"isPartOf\":{\"@id\":\"https:\/\/www.visit-ulcinj.com\/blog\/#website\"},\"primaryImageOfPage\":{\"@id\":\"https:\/\/www.visit-ulcinj.com\/blog\/2011\/10\/15\/canka-odlucno-i-oprezno-do-sigurne-luke\/#primaryimage\"},\"datePublished\":\"2011-10-15T19:37:53+00:00\",\"dateModified\":\"2011-10-15T19:42:55+00:00\",\"author\":{\"@id\":\"https:\/\/www.visit-ulcinj.com\/blog\/#\/schema\/person\/dcab619c614d3038751c63bc2aadc06d\"},\"description\":\"U\u010destale posjete dr\u017eavnih funkcionera Ulcinju pokazuju da se u ovu op\u0161tinu nakon demokratskih promjena sa nivoa cijele zemlje gleda sa nadom i optimizmom.\",\"breadcrumb\":{\"@id\":\"https:\/\/www.visit-ulcinj.com\/blog\/2011\/10\/15\/canka-odlucno-i-oprezno-do-sigurne-luke\/#breadcrumb\"},\"inLanguage\":\"en-US\",\"potentialAction\":[{\"@type\":\"ReadAction\",\"target\":[\"https:\/\/www.visit-ulcinj.com\/blog\/2011\/10\/15\/canka-odlucno-i-oprezno-do-sigurne-luke\/\"]}]},{\"@type\":\"BreadcrumbList\",\"@id\":\"https:\/\/www.visit-ulcinj.com\/blog\/2011\/10\/15\/canka-odlucno-i-oprezno-do-sigurne-luke\/#breadcrumb\",\"itemListElement\":[{\"@type\":\"ListItem\",\"position\":1,\"name\":\"Canka: Odlu\u010dno i oprezno do sigurne luke\"}]},{\"@type\":\"Person\",\"@id\":\"https:\/\/www.visit-ulcinj.com\/blog\/#\/schema\/person\/dcab619c614d3038751c63bc2aadc06d\",\"name\":\"ulqini\",\"sameAs\":[\"http:\/\/www.visit-ulcinj.com\"],\"url\":\"https:\/\/www.visit-ulcinj.com\/blog\/author\/admin\/\"}]}<\/script>\n<!-- \/ Yoast SEO plugin. -->","yoast_head_json":{"title":"Canka: Odlu\u010dno i oprezno do sigurne luke - Lajme nga Ulqini","description":"U\u010destale posjete dr\u017eavnih funkcionera Ulcinju pokazuju da se u ovu op\u0161tinu nakon demokratskih promjena sa nivoa cijele zemlje gleda sa nadom i optimizmom.","robots":{"index":"index","follow":"follow","max-snippet":"max-snippet:-1","max-image-preview":"max-image-preview:large","max-video-preview":"max-video-preview:-1"},"canonical":"https:\/\/www.visit-ulcinj.com\/blog\/2011\/10\/15\/canka-odlucno-i-oprezno-do-sigurne-luke\/","og_locale":"en_US","og_type":"article","og_title":"Canka: Odlu\u010dno i oprezno do sigurne luke - Lajme nga Ulqini","og_description":"U\u010destale posjete dr\u017eavnih funkcionera Ulcinju pokazuju da se u ovu op\u0161tinu nakon demokratskih promjena sa nivoa cijele zemlje gleda sa nadom i optimizmom.","og_url":"https:\/\/www.visit-ulcinj.com\/blog\/2011\/10\/15\/canka-odlucno-i-oprezno-do-sigurne-luke\/","og_site_name":"Lajme nga Ulqini","article_published_time":"2011-10-15T19:37:53+00:00","article_modified_time":"2011-10-15T19:42:55+00:00","og_image":[{"url":"http:\/\/www.visit-ulcinj.com\/blog\/wp-content\/uploads\/2011\/10\/Next-futur-exit-Ulcinj-Montenegro.jpg"}],"twitter_misc":{"Written by":"ulqini","Est. reading time":"3 minutes"},"schema":{"@context":"https:\/\/schema.org","@graph":[{"@type":"WebSite","@id":"https:\/\/www.visit-ulcinj.com\/blog\/#website","url":"https:\/\/www.visit-ulcinj.com\/blog\/","name":"Lajme nga Ulqini","description":"Lajme,Vijesti,Ulqini,Ulqin,Crna Gora,Mali i Zi","potentialAction":[{"@type":"SearchAction","target":{"@type":"EntryPoint","urlTemplate":"https:\/\/www.visit-ulcinj.com\/blog\/?s={search_term_string}"},"query-input":"required name=search_term_string"}],"inLanguage":"en-US"},{"@type":"ImageObject","inLanguage":"en-US","@id":"https:\/\/www.visit-ulcinj.com\/blog\/2011\/10\/15\/canka-odlucno-i-oprezno-do-sigurne-luke\/#primaryimage","url":"https:\/\/www.visit-ulcinj.com\/blog\/wp-content\/uploads\/2011\/10\/Next-futur-exit-Ulcinj-Montenegro.jpg","contentUrl":"https:\/\/www.visit-ulcinj.com\/blog\/wp-content\/uploads\/2011\/10\/Next-futur-exit-Ulcinj-Montenegro.jpg","width":"508","height":"331"},{"@type":"WebPage","@id":"https:\/\/www.visit-ulcinj.com\/blog\/2011\/10\/15\/canka-odlucno-i-oprezno-do-sigurne-luke\/#webpage","url":"https:\/\/www.visit-ulcinj.com\/blog\/2011\/10\/15\/canka-odlucno-i-oprezno-do-sigurne-luke\/","name":"Canka: Odlu\u010dno i oprezno do sigurne luke - Lajme nga Ulqini","isPartOf":{"@id":"https:\/\/www.visit-ulcinj.com\/blog\/#website"},"primaryImageOfPage":{"@id":"https:\/\/www.visit-ulcinj.com\/blog\/2011\/10\/15\/canka-odlucno-i-oprezno-do-sigurne-luke\/#primaryimage"},"datePublished":"2011-10-15T19:37:53+00:00","dateModified":"2011-10-15T19:42:55+00:00","author":{"@id":"https:\/\/www.visit-ulcinj.com\/blog\/#\/schema\/person\/dcab619c614d3038751c63bc2aadc06d"},"description":"U\u010destale posjete dr\u017eavnih funkcionera Ulcinju pokazuju da se u ovu op\u0161tinu nakon demokratskih promjena sa nivoa cijele zemlje gleda sa nadom i optimizmom.","breadcrumb":{"@id":"https:\/\/www.visit-ulcinj.com\/blog\/2011\/10\/15\/canka-odlucno-i-oprezno-do-sigurne-luke\/#breadcrumb"},"inLanguage":"en-US","potentialAction":[{"@type":"ReadAction","target":["https:\/\/www.visit-ulcinj.com\/blog\/2011\/10\/15\/canka-odlucno-i-oprezno-do-sigurne-luke\/"]}]},{"@type":"BreadcrumbList","@id":"https:\/\/www.visit-ulcinj.com\/blog\/2011\/10\/15\/canka-odlucno-i-oprezno-do-sigurne-luke\/#breadcrumb","itemListElement":[{"@type":"ListItem","position":1,"name":"Canka: Odlu\u010dno i oprezno do sigurne luke"}]},{"@type":"Person","@id":"https:\/\/www.visit-ulcinj.com\/blog\/#\/schema\/person\/dcab619c614d3038751c63bc2aadc06d","name":"ulqini","sameAs":["http:\/\/www.visit-ulcinj.com"],"url":"https:\/\/www.visit-ulcinj.com\/blog\/author\/admin\/"}]}},"jetpack_featured_media_url":"","jetpack_sharing_enabled":true,"jetpack_shortlink":"https:\/\/wp.me\/pe6lTn-dyX","_links":{"self":[{"href":"https:\/\/www.visit-ulcinj.com\/blog\/wp-json\/wp\/v2\/posts\/52139"}],"collection":[{"href":"https:\/\/www.visit-ulcinj.com\/blog\/wp-json\/wp\/v2\/posts"}],"about":[{"href":"https:\/\/www.visit-ulcinj.com\/blog\/wp-json\/wp\/v2\/types\/post"}],"author":[{"embeddable":true,"href":"https:\/\/www.visit-ulcinj.com\/blog\/wp-json\/wp\/v2\/users\/1"}],"replies":[{"embeddable":true,"href":"https:\/\/www.visit-ulcinj.com\/blog\/wp-json\/wp\/v2\/comments?post=52139"}],"version-history":[{"count":5,"href":"https:\/\/www.visit-ulcinj.com\/blog\/wp-json\/wp\/v2\/posts\/52139\/revisions"}],"predecessor-version":[{"id":52149,"href":"https:\/\/www.visit-ulcinj.com\/blog\/wp-json\/wp\/v2\/posts\/52139\/revisions\/52149"}],"wp:attachment":[{"href":"https:\/\/www.visit-ulcinj.com\/blog\/wp-json\/wp\/v2\/media?parent=52139"}],"wp:term":[{"taxonomy":"category","embeddable":true,"href":"https:\/\/www.visit-ulcinj.com\/blog\/wp-json\/wp\/v2\/categories?post=52139"},{"taxonomy":"post_tag","embeddable":true,"href":"https:\/\/www.visit-ulcinj.com\/blog\/wp-json\/wp\/v2\/tags?post=52139"}],"curies":[{"name":"wp","href":"https:\/\/api.w.org\/{rel}","templated":true}]}}