{"id":52145,"date":"2011-10-15T20:53:08","date_gmt":"2011-10-15T19:53:08","guid":{"rendered":"http:\/\/www.visit-ulcinj.com\/blog\/?p=52145"},"modified":"2011-10-15T20:53:50","modified_gmt":"2011-10-15T19:53:50","slug":"canka-qyteti-duhet-te-jete-i-paster","status":"publish","type":"post","link":"https:\/\/www.visit-ulcinj.com\/blog\/2011\/10\/15\/canka-qyteti-duhet-te-jete-i-paster\/","title":{"rendered":"Canka: Qyteti duhet t\u00eb jet\u00eb i past\u00ebr"},"content":{"rendered":"<p><a href=\"http:\/\/www.visit-ulcinj.com\/blog\/wp-content\/uploads\/2011\/10\/Next-futur-exit-Ulqin_Mali-i-Zi.jpg\"><img loading=\"lazy\" class=\"alignleft size-full wp-image-52146\" title=\"Next futur exit Ulqin_Mali i  Zi\" src=\"http:\/\/www.visit-ulcinj.com\/blog\/wp-content\/uploads\/2011\/10\/Next-futur-exit-Ulqin_Mali-i-Zi.jpg\" alt=\"\" width=\"508\" height=\"331\" srcset=\"https:\/\/www.visit-ulcinj.com\/blog\/wp-content\/uploads\/2011\/10\/Next-futur-exit-Ulqin_Mali-i-Zi.jpg 508w, https:\/\/www.visit-ulcinj.com\/blog\/wp-content\/uploads\/2011\/10\/Next-futur-exit-Ulqin_Mali-i-Zi-300x195.jpg 300w\" sizes=\"(max-width: 508px) 100vw, 508px\" \/><\/a>Pas ndryshimeve demokratike t\u00eb ndodhura n\u00eb komun\u00ebn e Ulqinit, vizitat e shpeshta t\u00eb zyrtar\u00ebve t\u00eb qeveris\u00eb\u00a0 dit\u00ebve t\u00eb fundit tregojn\u00eb se komuna jon\u00eb nga\u00a0 nivelet m\u00eb t\u00eb larta t\u00eb shtetit\u00a0 shikohet me\u00a0 shpres\u00eb dhe optimiz\u00ebm. Kjo \u00ebsht\u00eb e kuptueshme duke marr\u00eb parasysh se praktikisht se \u00ebsht\u00ebi vetmi vend ku ka mbetur nj\u00eb pjes\u00eb\u00a0 e hap\u00ebsir\u00ebs, burimeve, vullnet dhe gatishm\u00ebrin\u00eb p\u00ebr p\u00ebrparime t\u00eb m\u00ebdha dhe zhvillimin e p\u00ebrgjithsh\u00ebm t\u00eb turizmit, shkruan n\u00eb nj\u00eb shkrim t\u00eb tij opinionisti Mustafa Canka.<br \/>\nDhe kjo duket se do t\u00eb ket\u00eb nj\u00eb l\u00ebvizje simbolike, ashtu si\u00e7 ishte pothuajse tet\u00eb dekada me radh\u00eb: nd\u00ebrtimi i hotelit Jadran. T\u00eb gjitha bankat jan\u00eb t\u00eb gatsh\u00ebm t\u00eb finansojn\u00eb projektin\u00a0 i cili, s\u00eb bashku me hotel Mediteran, do t\u00eb rris\u00eb atraktivitetin e ofertave t\u00eb k\u00ebsaj pjese t\u00eb qytetit. P\u00ebrve\u00e7 k\u00ebsaj, edhe vet\u00ebm nj\u00eb hotel tjet\u00ebr i\u00a0 rinovuar n\u00eb Plazh t\u00eb Madh do t\u00eb b\u00ebj\u00eb komun\u00ebn e Ulqinit q\u00eb nga nga fillimi i majit i vitit\u00a0 2014 me disa mij\u00ebra vizitor\u00eb m\u00eb shum\u00eb. Kjo \u00ebsht\u00eb ajo q\u00eb do t\u00eb jet\u00eb fitorja m\u00eb e madhe e\u00a0 komun\u00ebs dhe qytetar\u00ebve t\u00eb saj. Zhvillimi i komun\u00ebs n\u00eb asnj\u00eb m\u00ebnyr\u00eb nuk guxon t\u00eb jet\u00eb spontan dhe n\u00eb interes t\u00eb manjat\u00ebve t\u00eb ndrysh\u00ebm.\u00a0 Ai duhet t\u00eb jet\u00eb i i q\u00ebndrueshme\u00a0 dhe vet\u00ebm ashtu mund t\u00eb siguroj\u00eb rritje afatgjat\u00eb, zhvillim dhe kohezion social.<\/p>\n<p>N\u00eb t\u00eb nj\u00ebjt\u00ebn koh\u00eb duhet t\u00eb nd\u00ebrlidhim turizmin dhe bujq\u00ebsin\u00eb, ose t\u00eb p\u00ebrfitojn\u00eb nga potencial t\u00eb madh p\u00ebr prodhimin e ushqimit t\u00eb sh\u00ebndetsh\u00ebm. Fushat e komun\u00ebs s\u00eb Ulqinit,\u00a0 sipas vler\u00ebsimeve t\u00eb Organizat\u00eba Bot\u00ebrore t\u00eb Bujq\u00ebsis\u00eb, mund t\u00eb furnizoj\u00eb\u00a0 gjysm\u00ebn e Malit t\u00eb Zi, apo, me fjal\u00eb t\u00eb tjera, mund t\u00eb plot\u00ebsoj\u00eb t\u00eb gjitha nevojat ushqimore p\u00ebr vizitoret ton\u00eb gjat\u00eb sezonit turistik. Kjo \u00ebsht\u00eb nj\u00eb m\u00ebkat (dhe krim) p\u00ebr t\u00eb mos shfryt\u00ebzuar k\u00ebt\u00eb shans q\u00eb vetvetiu na\u00a0 imponohet. Kjo \u00ebsht\u00eb e r\u00ebnd\u00ebsishme sidomos n\u00eb k\u00ebt\u00eb situat\u00eb ku \u00e7mimi i ushqimit n\u00eb tregun bot\u00ebror \u00ebsht\u00eb duke u rritur n\u00eb m\u00ebnyr\u00eb t\u00eb vazhdueshme dhe t\u00eb gjith\u00eb mysafir\u00ebt d\u00ebshirojn\u00eb at\u00eb \u00e7far\u00eb \u00ebsht\u00eb autentike dhe unike.<\/p>\n<p>Pra, pun\u00eb ka mjaft. P\u00ebr fillim, qyteti duhet t\u00eb jet\u00eb i past\u00ebr.<\/p>\n<p><strong>Ulqini Online<strong><br \/>\n<!--YouTube Error: bad URL entered--><\/strong><br \/>\n<\/strong><\/p>\n","protected":false},"excerpt":{"rendered":"<p>Pas ndryshimeve demokratike t\u00eb ndodhura n\u00eb komun\u00ebn e Ulqinit, vizitat e shpeshta t\u00eb zyrtar\u00ebve t\u00eb qeveris\u00eb\u00a0 dit\u00ebve t\u00eb fundit tregojn\u00eb se komuna jon\u00eb nga\u00a0 nivelet m\u00eb t\u00eb larta t\u00eb shtetit\u00a0 shikohet me\u00a0 shpres\u00eb dhe optimiz\u00ebm. Kjo \u00ebsht\u00eb e kuptueshme duke marr\u00eb parasysh se praktikisht se \u00ebsht\u00ebi vetmi vend ku ka mbetur nj\u00eb pjes\u00eb\u00a0 e hap\u00ebsir\u00ebs, [&hellip;]<\/p>\n","protected":false},"author":1,"featured_media":0,"comment_status":"open","ping_status":"closed","sticky":false,"template":"","format":"standard","meta":{"spay_email":"","jetpack_publicize_message":"","jetpack_is_tweetstorm":false,"jetpack_publicize_feature_enabled":true},"categories":[14249],"tags":[95,5276,200,18],"jetpack_publicize_connections":[],"yoast_head":"<!-- This site is optimized with the Yoast SEO plugin v19.1 - https:\/\/yoast.com\/wordpress\/plugins\/seo\/ -->\n<title>Canka: Qyteti duhet t\u00eb jet\u00eb i past\u00ebr - Lajme nga Ulqini<\/title>\n<meta name=\"description\" content=\"Pas ndryshimeve demokratike t\u00eb ndodhura n\u00eb komun\u00ebn e Ulqinit, vizitat e shpeshta t\u00eb zyrtar\u00ebve t\u00eb qeveris\u00eb\u00a0 dit\u00ebve t\u00eb fundit tregojn\u00eb se komuna jon\u00eb nga\u00a0\" \/>\n<meta name=\"robots\" content=\"index, follow, max-snippet:-1, max-image-preview:large, max-video-preview:-1\" \/>\n<link rel=\"canonical\" href=\"https:\/\/www.visit-ulcinj.com\/blog\/2011\/10\/15\/canka-qyteti-duhet-te-jete-i-paster\/\" \/>\n<meta property=\"og:locale\" content=\"en_US\" \/>\n<meta property=\"og:type\" content=\"article\" \/>\n<meta property=\"og:title\" content=\"Canka: Qyteti duhet t\u00eb jet\u00eb i past\u00ebr - Lajme nga Ulqini\" \/>\n<meta property=\"og:description\" content=\"Pas ndryshimeve demokratike t\u00eb ndodhura n\u00eb komun\u00ebn e Ulqinit, vizitat e shpeshta t\u00eb zyrtar\u00ebve t\u00eb qeveris\u00eb\u00a0 dit\u00ebve t\u00eb fundit tregojn\u00eb se komuna jon\u00eb nga\u00a0\" \/>\n<meta property=\"og:url\" content=\"https:\/\/www.visit-ulcinj.com\/blog\/2011\/10\/15\/canka-qyteti-duhet-te-jete-i-paster\/\" \/>\n<meta property=\"og:site_name\" content=\"Lajme nga Ulqini\" \/>\n<meta property=\"article:published_time\" content=\"2011-10-15T19:53:08+00:00\" \/>\n<meta property=\"article:modified_time\" content=\"2011-10-15T19:53:50+00:00\" \/>\n<meta property=\"og:image\" content=\"http:\/\/www.visit-ulcinj.com\/blog\/wp-content\/uploads\/2011\/10\/Next-futur-exit-Ulqin_Mali-i-Zi.jpg\" \/>\n<meta name=\"twitter:label1\" content=\"Written by\" \/>\n\t<meta name=\"twitter:data1\" content=\"ulqini\" \/>\n\t<meta name=\"twitter:label2\" content=\"Est. reading time\" \/>\n\t<meta name=\"twitter:data2\" content=\"2 minutes\" \/>\n<script type=\"application\/ld+json\" class=\"yoast-schema-graph\">{\"@context\":\"https:\/\/schema.org\",\"@graph\":[{\"@type\":\"WebSite\",\"@id\":\"https:\/\/www.visit-ulcinj.com\/blog\/#website\",\"url\":\"https:\/\/www.visit-ulcinj.com\/blog\/\",\"name\":\"Lajme nga Ulqini\",\"description\":\"Lajme,Vijesti,Ulqini,Ulqin,Crna Gora,Mali i Zi\",\"potentialAction\":[{\"@type\":\"SearchAction\",\"target\":{\"@type\":\"EntryPoint\",\"urlTemplate\":\"https:\/\/www.visit-ulcinj.com\/blog\/?s={search_term_string}\"},\"query-input\":\"required name=search_term_string\"}],\"inLanguage\":\"en-US\"},{\"@type\":\"ImageObject\",\"inLanguage\":\"en-US\",\"@id\":\"https:\/\/www.visit-ulcinj.com\/blog\/2011\/10\/15\/canka-qyteti-duhet-te-jete-i-paster\/#primaryimage\",\"url\":\"https:\/\/www.visit-ulcinj.com\/blog\/wp-content\/uploads\/2011\/10\/Next-futur-exit-Ulqin_Mali-i-Zi.jpg\",\"contentUrl\":\"https:\/\/www.visit-ulcinj.com\/blog\/wp-content\/uploads\/2011\/10\/Next-futur-exit-Ulqin_Mali-i-Zi.jpg\",\"width\":\"508\",\"height\":\"331\"},{\"@type\":\"WebPage\",\"@id\":\"https:\/\/www.visit-ulcinj.com\/blog\/2011\/10\/15\/canka-qyteti-duhet-te-jete-i-paster\/#webpage\",\"url\":\"https:\/\/www.visit-ulcinj.com\/blog\/2011\/10\/15\/canka-qyteti-duhet-te-jete-i-paster\/\",\"name\":\"Canka: Qyteti duhet t\u00eb jet\u00eb i past\u00ebr - Lajme nga Ulqini\",\"isPartOf\":{\"@id\":\"https:\/\/www.visit-ulcinj.com\/blog\/#website\"},\"primaryImageOfPage\":{\"@id\":\"https:\/\/www.visit-ulcinj.com\/blog\/2011\/10\/15\/canka-qyteti-duhet-te-jete-i-paster\/#primaryimage\"},\"datePublished\":\"2011-10-15T19:53:08+00:00\",\"dateModified\":\"2011-10-15T19:53:50+00:00\",\"author\":{\"@id\":\"https:\/\/www.visit-ulcinj.com\/blog\/#\/schema\/person\/dcab619c614d3038751c63bc2aadc06d\"},\"description\":\"Pas ndryshimeve demokratike t\u00eb ndodhura n\u00eb komun\u00ebn e Ulqinit, vizitat e shpeshta t\u00eb zyrtar\u00ebve t\u00eb qeveris\u00eb\u00a0 dit\u00ebve t\u00eb fundit tregojn\u00eb se komuna jon\u00eb nga\u00a0\",\"breadcrumb\":{\"@id\":\"https:\/\/www.visit-ulcinj.com\/blog\/2011\/10\/15\/canka-qyteti-duhet-te-jete-i-paster\/#breadcrumb\"},\"inLanguage\":\"en-US\",\"potentialAction\":[{\"@type\":\"ReadAction\",\"target\":[\"https:\/\/www.visit-ulcinj.com\/blog\/2011\/10\/15\/canka-qyteti-duhet-te-jete-i-paster\/\"]}]},{\"@type\":\"BreadcrumbList\",\"@id\":\"https:\/\/www.visit-ulcinj.com\/blog\/2011\/10\/15\/canka-qyteti-duhet-te-jete-i-paster\/#breadcrumb\",\"itemListElement\":[{\"@type\":\"ListItem\",\"position\":1,\"name\":\"Canka: Qyteti duhet t\u00eb jet\u00eb i past\u00ebr\"}]},{\"@type\":\"Person\",\"@id\":\"https:\/\/www.visit-ulcinj.com\/blog\/#\/schema\/person\/dcab619c614d3038751c63bc2aadc06d\",\"name\":\"ulqini\",\"sameAs\":[\"http:\/\/www.visit-ulcinj.com\"],\"url\":\"https:\/\/www.visit-ulcinj.com\/blog\/author\/admin\/\"}]}<\/script>\n<!-- \/ Yoast SEO plugin. -->","yoast_head_json":{"title":"Canka: Qyteti duhet t\u00eb jet\u00eb i past\u00ebr - Lajme nga Ulqini","description":"Pas ndryshimeve demokratike t\u00eb ndodhura n\u00eb komun\u00ebn e Ulqinit, vizitat e shpeshta t\u00eb zyrtar\u00ebve t\u00eb qeveris\u00eb\u00a0 dit\u00ebve t\u00eb fundit tregojn\u00eb se komuna jon\u00eb nga\u00a0","robots":{"index":"index","follow":"follow","max-snippet":"max-snippet:-1","max-image-preview":"max-image-preview:large","max-video-preview":"max-video-preview:-1"},"canonical":"https:\/\/www.visit-ulcinj.com\/blog\/2011\/10\/15\/canka-qyteti-duhet-te-jete-i-paster\/","og_locale":"en_US","og_type":"article","og_title":"Canka: Qyteti duhet t\u00eb jet\u00eb i past\u00ebr - Lajme nga Ulqini","og_description":"Pas ndryshimeve demokratike t\u00eb ndodhura n\u00eb komun\u00ebn e Ulqinit, vizitat e shpeshta t\u00eb zyrtar\u00ebve t\u00eb qeveris\u00eb\u00a0 dit\u00ebve t\u00eb fundit tregojn\u00eb se komuna jon\u00eb nga\u00a0","og_url":"https:\/\/www.visit-ulcinj.com\/blog\/2011\/10\/15\/canka-qyteti-duhet-te-jete-i-paster\/","og_site_name":"Lajme nga Ulqini","article_published_time":"2011-10-15T19:53:08+00:00","article_modified_time":"2011-10-15T19:53:50+00:00","og_image":[{"url":"http:\/\/www.visit-ulcinj.com\/blog\/wp-content\/uploads\/2011\/10\/Next-futur-exit-Ulqin_Mali-i-Zi.jpg"}],"twitter_misc":{"Written by":"ulqini","Est. reading time":"2 minutes"},"schema":{"@context":"https:\/\/schema.org","@graph":[{"@type":"WebSite","@id":"https:\/\/www.visit-ulcinj.com\/blog\/#website","url":"https:\/\/www.visit-ulcinj.com\/blog\/","name":"Lajme nga Ulqini","description":"Lajme,Vijesti,Ulqini,Ulqin,Crna Gora,Mali i Zi","potentialAction":[{"@type":"SearchAction","target":{"@type":"EntryPoint","urlTemplate":"https:\/\/www.visit-ulcinj.com\/blog\/?s={search_term_string}"},"query-input":"required name=search_term_string"}],"inLanguage":"en-US"},{"@type":"ImageObject","inLanguage":"en-US","@id":"https:\/\/www.visit-ulcinj.com\/blog\/2011\/10\/15\/canka-qyteti-duhet-te-jete-i-paster\/#primaryimage","url":"https:\/\/www.visit-ulcinj.com\/blog\/wp-content\/uploads\/2011\/10\/Next-futur-exit-Ulqin_Mali-i-Zi.jpg","contentUrl":"https:\/\/www.visit-ulcinj.com\/blog\/wp-content\/uploads\/2011\/10\/Next-futur-exit-Ulqin_Mali-i-Zi.jpg","width":"508","height":"331"},{"@type":"WebPage","@id":"https:\/\/www.visit-ulcinj.com\/blog\/2011\/10\/15\/canka-qyteti-duhet-te-jete-i-paster\/#webpage","url":"https:\/\/www.visit-ulcinj.com\/blog\/2011\/10\/15\/canka-qyteti-duhet-te-jete-i-paster\/","name":"Canka: Qyteti duhet t\u00eb jet\u00eb i past\u00ebr - Lajme nga Ulqini","isPartOf":{"@id":"https:\/\/www.visit-ulcinj.com\/blog\/#website"},"primaryImageOfPage":{"@id":"https:\/\/www.visit-ulcinj.com\/blog\/2011\/10\/15\/canka-qyteti-duhet-te-jete-i-paster\/#primaryimage"},"datePublished":"2011-10-15T19:53:08+00:00","dateModified":"2011-10-15T19:53:50+00:00","author":{"@id":"https:\/\/www.visit-ulcinj.com\/blog\/#\/schema\/person\/dcab619c614d3038751c63bc2aadc06d"},"description":"Pas ndryshimeve demokratike t\u00eb ndodhura n\u00eb komun\u00ebn e Ulqinit, vizitat e shpeshta t\u00eb zyrtar\u00ebve t\u00eb qeveris\u00eb\u00a0 dit\u00ebve t\u00eb fundit tregojn\u00eb se komuna jon\u00eb nga\u00a0","breadcrumb":{"@id":"https:\/\/www.visit-ulcinj.com\/blog\/2011\/10\/15\/canka-qyteti-duhet-te-jete-i-paster\/#breadcrumb"},"inLanguage":"en-US","potentialAction":[{"@type":"ReadAction","target":["https:\/\/www.visit-ulcinj.com\/blog\/2011\/10\/15\/canka-qyteti-duhet-te-jete-i-paster\/"]}]},{"@type":"BreadcrumbList","@id":"https:\/\/www.visit-ulcinj.com\/blog\/2011\/10\/15\/canka-qyteti-duhet-te-jete-i-paster\/#breadcrumb","itemListElement":[{"@type":"ListItem","position":1,"name":"Canka: Qyteti duhet t\u00eb jet\u00eb i past\u00ebr"}]},{"@type":"Person","@id":"https:\/\/www.visit-ulcinj.com\/blog\/#\/schema\/person\/dcab619c614d3038751c63bc2aadc06d","name":"ulqini","sameAs":["http:\/\/www.visit-ulcinj.com"],"url":"https:\/\/www.visit-ulcinj.com\/blog\/author\/admin\/"}]}},"jetpack_featured_media_url":"","jetpack_sharing_enabled":true,"jetpack_shortlink":"https:\/\/wp.me\/pe6lTn-dz3","_links":{"self":[{"href":"https:\/\/www.visit-ulcinj.com\/blog\/wp-json\/wp\/v2\/posts\/52145"}],"collection":[{"href":"https:\/\/www.visit-ulcinj.com\/blog\/wp-json\/wp\/v2\/posts"}],"about":[{"href":"https:\/\/www.visit-ulcinj.com\/blog\/wp-json\/wp\/v2\/types\/post"}],"author":[{"embeddable":true,"href":"https:\/\/www.visit-ulcinj.com\/blog\/wp-json\/wp\/v2\/users\/1"}],"replies":[{"embeddable":true,"href":"https:\/\/www.visit-ulcinj.com\/blog\/wp-json\/wp\/v2\/comments?post=52145"}],"version-history":[{"count":3,"href":"https:\/\/www.visit-ulcinj.com\/blog\/wp-json\/wp\/v2\/posts\/52145\/revisions"}],"predecessor-version":[{"id":52148,"href":"https:\/\/www.visit-ulcinj.com\/blog\/wp-json\/wp\/v2\/posts\/52145\/revisions\/52148"}],"wp:attachment":[{"href":"https:\/\/www.visit-ulcinj.com\/blog\/wp-json\/wp\/v2\/media?parent=52145"}],"wp:term":[{"taxonomy":"category","embeddable":true,"href":"https:\/\/www.visit-ulcinj.com\/blog\/wp-json\/wp\/v2\/categories?post=52145"},{"taxonomy":"post_tag","embeddable":true,"href":"https:\/\/www.visit-ulcinj.com\/blog\/wp-json\/wp\/v2\/tags?post=52145"}],"curies":[{"name":"wp","href":"https:\/\/api.w.org\/{rel}","templated":true}]}}