{"id":52155,"date":"2011-10-18T17:12:04","date_gmt":"2011-10-18T16:12:04","guid":{"rendered":"http:\/\/www.visit-ulcinj.com\/blog\/?p=52155"},"modified":"2011-10-18T17:16:42","modified_gmt":"2011-10-18T16:16:42","slug":"fondacioni-%e2%80%9cdom-simon-filipaj%e2%80%9d-organizoi-mbremjen-vjetore-ne-nju-jork","status":"publish","type":"post","link":"https:\/\/www.visit-ulcinj.com\/blog\/2011\/10\/18\/fondacioni-%e2%80%9cdom-simon-filipaj%e2%80%9d-organizoi-mbremjen-vjetore-ne-nju-jork\/","title":{"rendered":"Fondacioni \u201cDom Simon Filipaj\u201d organizoi mbr\u00ebmjen vjetore n\u00eb Nju Jork"},"content":{"rendered":"<p><a href=\"http:\/\/fondacioni.com\/images\/main-img.jpg\"><img loading=\"lazy\" class=\"alignleft\" src=\"http:\/\/fondacioni.com\/images\/main-img.jpg\" alt=\"\" width=\"508\" height=\"230\" \/><\/a>T\u00eb Diel\u00ebn, me 16 Tetor 2011, Fondacioni \u201cDom Simon Filipaj\u201d organizoi mbr\u00ebmjen\u00a0 vjetore t\u00eb rradh\u00ebs n\u00eb Bronx (New York) me q\u00ebllimin kryesor t\u00eb mbledhjeve t\u00eb fondeve materiale me dedikim p\u00ebr vendlindje.<\/p>\n<p>N\u00eb k\u00ebt\u00eb mbr\u00ebmje mor\u00ebn pjes\u00eb nj\u00eb num\u00ebr i konsideruesh\u00ebm i bashkatdhetar\u00ebve shqiptar\u00eb q\u00eb jetojn\u00eb n\u00eb New York me rrethe, me \u00e7\u2019rast\u00a0 u mblodh\u00ebn 17,500.00 dollar\u00eb p\u00ebr nevojat e veprimtaris\u00eb s\u00eb k\u00ebtij fondacioni\u00a0 t\u00eb cilat, ashtu si edhe n\u00eb t\u00eb kaluar\u00ebn, do t\u00eb shp\u00ebrndahen p\u00ebr nevojat humanitare t\u00eb vendlindje.<\/p>\n<p>Fondacioni \u201cDom Simon Filipaj\u201d kryesisht grubullon rreth vehtes bashkatdhetar\u00eb me prejardhje nga Komuna e Ulqinit dhe q\u00eb nga themelimi i vet\u00a0 n\u00eb vitin 2005,\u00a0 jan\u00eb mbledhur\u00a0 me qindra mija dollar\u00eb, t\u00eb cilat jan\u00eb shp\u00ebrndar\u00eb, n\u00eb rend t\u00eb par\u00eb, p\u00ebr familjet e rrezikuara shqiptare n\u00eb Komun\u00ebn e Ulqinit por edhe p\u00ebr ndihma\u00a0 t\u00eb tjera humanitare n\u00eb vendlindje dhe n\u00eb atdhe.<\/p>\n<p><strong>Xh. Zeneli, New York<\/strong><\/p>\n","protected":false},"excerpt":{"rendered":"<p>T\u00eb Diel\u00ebn, me 16 Tetor 2011, Fondacioni \u201cDom Simon Filipaj\u201d organizoi mbr\u00ebmjen\u00a0 vjetore t\u00eb rradh\u00ebs n\u00eb Bronx (New York) me q\u00ebllimin kryesor t\u00eb mbledhjeve t\u00eb fondeve materiale me dedikim p\u00ebr vendlindje. N\u00eb k\u00ebt\u00eb mbr\u00ebmje mor\u00ebn pjes\u00eb nj\u00eb num\u00ebr i konsideruesh\u00ebm i bashkatdhetar\u00ebve shqiptar\u00eb q\u00eb jetojn\u00eb n\u00eb New York me rrethe, me \u00e7\u2019rast\u00a0 u mblodh\u00ebn 17,500.00 [&hellip;]<\/p>\n","protected":false},"author":1,"featured_media":0,"comment_status":"open","ping_status":"closed","sticky":false,"template":"","format":"standard","meta":{"spay_email":"","jetpack_publicize_message":"","jetpack_is_tweetstorm":false,"jetpack_publicize_feature_enabled":true},"categories":[6950],"tags":[11352],"jetpack_publicize_connections":[],"yoast_head":"<!-- This site is optimized with the Yoast SEO plugin v19.1 - https:\/\/yoast.com\/wordpress\/plugins\/seo\/ -->\n<title>Fondacioni \u201cDom Simon Filipaj\u201d organizoi mbr\u00ebmjen vjetore n\u00eb Nju Jork - Lajme nga Ulqini<\/title>\n<meta name=\"description\" content=\"T\u00eb Diel\u00ebn, me 16 Tetor 2011, Fondacioni \u201cDom Simon Filipaj\u201d organizoi mbr\u00ebmjen\u00a0 vjetore t\u00eb rradh\u00ebs n\u00eb Bronx (New York) me q\u00ebllimin kryesor t\u00eb mbledhjeve\" \/>\n<meta name=\"robots\" content=\"index, follow, max-snippet:-1, max-image-preview:large, max-video-preview:-1\" \/>\n<link rel=\"canonical\" href=\"https:\/\/www.visit-ulcinj.com\/blog\/2011\/10\/18\/fondacioni-\u201cdom-simon-filipaj\u201d-organizoi-mbremjen-vjetore-ne-nju-jork\/\" \/>\n<meta property=\"og:locale\" content=\"en_US\" \/>\n<meta property=\"og:type\" content=\"article\" \/>\n<meta property=\"og:title\" content=\"Fondacioni \u201cDom Simon Filipaj\u201d organizoi mbr\u00ebmjen vjetore n\u00eb Nju Jork - Lajme nga Ulqini\" \/>\n<meta property=\"og:description\" content=\"T\u00eb Diel\u00ebn, me 16 Tetor 2011, Fondacioni \u201cDom Simon Filipaj\u201d organizoi mbr\u00ebmjen\u00a0 vjetore t\u00eb rradh\u00ebs n\u00eb Bronx (New York) me q\u00ebllimin kryesor t\u00eb mbledhjeve\" \/>\n<meta property=\"og:url\" content=\"https:\/\/www.visit-ulcinj.com\/blog\/2011\/10\/18\/fondacioni-\u201cdom-simon-filipaj\u201d-organizoi-mbremjen-vjetore-ne-nju-jork\/\" \/>\n<meta property=\"og:site_name\" content=\"Lajme nga Ulqini\" \/>\n<meta property=\"article:published_time\" content=\"2011-10-18T16:12:04+00:00\" \/>\n<meta property=\"article:modified_time\" content=\"2011-10-18T16:16:42+00:00\" \/>\n<meta property=\"og:image\" content=\"http:\/\/fondacioni.com\/images\/main-img.jpg\" \/>\n<meta name=\"twitter:label1\" content=\"Written by\" \/>\n\t<meta name=\"twitter:data1\" content=\"ulqini\" \/>\n\t<meta name=\"twitter:label2\" content=\"Est. reading time\" \/>\n\t<meta name=\"twitter:data2\" content=\"1 minute\" \/>\n<script type=\"application\/ld+json\" class=\"yoast-schema-graph\">{\"@context\":\"https:\/\/schema.org\",\"@graph\":[{\"@type\":\"WebSite\",\"@id\":\"https:\/\/www.visit-ulcinj.com\/blog\/#website\",\"url\":\"https:\/\/www.visit-ulcinj.com\/blog\/\",\"name\":\"Lajme nga Ulqini\",\"description\":\"Lajme,Vijesti,Ulqini,Ulqin,Crna Gora,Mali i Zi\",\"potentialAction\":[{\"@type\":\"SearchAction\",\"target\":{\"@type\":\"EntryPoint\",\"urlTemplate\":\"https:\/\/www.visit-ulcinj.com\/blog\/?s={search_term_string}\"},\"query-input\":\"required name=search_term_string\"}],\"inLanguage\":\"en-US\"},{\"@type\":\"ImageObject\",\"inLanguage\":\"en-US\",\"@id\":\"https:\/\/www.visit-ulcinj.com\/blog\/2011\/10\/18\/fondacioni-%e2%80%9cdom-simon-filipaj%e2%80%9d-organizoi-mbremjen-vjetore-ne-nju-jork\/#primaryimage\",\"url\":\"http:\/\/fondacioni.com\/images\/main-img.jpg\",\"contentUrl\":\"http:\/\/fondacioni.com\/images\/main-img.jpg\"},{\"@type\":\"WebPage\",\"@id\":\"https:\/\/www.visit-ulcinj.com\/blog\/2011\/10\/18\/fondacioni-%e2%80%9cdom-simon-filipaj%e2%80%9d-organizoi-mbremjen-vjetore-ne-nju-jork\/#webpage\",\"url\":\"https:\/\/www.visit-ulcinj.com\/blog\/2011\/10\/18\/fondacioni-%e2%80%9cdom-simon-filipaj%e2%80%9d-organizoi-mbremjen-vjetore-ne-nju-jork\/\",\"name\":\"Fondacioni \u201cDom Simon Filipaj\u201d organizoi mbr\u00ebmjen vjetore n\u00eb Nju Jork - Lajme nga Ulqini\",\"isPartOf\":{\"@id\":\"https:\/\/www.visit-ulcinj.com\/blog\/#website\"},\"primaryImageOfPage\":{\"@id\":\"https:\/\/www.visit-ulcinj.com\/blog\/2011\/10\/18\/fondacioni-%e2%80%9cdom-simon-filipaj%e2%80%9d-organizoi-mbremjen-vjetore-ne-nju-jork\/#primaryimage\"},\"datePublished\":\"2011-10-18T16:12:04+00:00\",\"dateModified\":\"2011-10-18T16:16:42+00:00\",\"author\":{\"@id\":\"https:\/\/www.visit-ulcinj.com\/blog\/#\/schema\/person\/dcab619c614d3038751c63bc2aadc06d\"},\"description\":\"T\u00eb Diel\u00ebn, me 16 Tetor 2011, Fondacioni \u201cDom Simon Filipaj\u201d organizoi mbr\u00ebmjen\u00a0 vjetore t\u00eb rradh\u00ebs n\u00eb Bronx (New York) me q\u00ebllimin kryesor t\u00eb mbledhjeve\",\"breadcrumb\":{\"@id\":\"https:\/\/www.visit-ulcinj.com\/blog\/2011\/10\/18\/fondacioni-%e2%80%9cdom-simon-filipaj%e2%80%9d-organizoi-mbremjen-vjetore-ne-nju-jork\/#breadcrumb\"},\"inLanguage\":\"en-US\",\"potentialAction\":[{\"@type\":\"ReadAction\",\"target\":[\"https:\/\/www.visit-ulcinj.com\/blog\/2011\/10\/18\/fondacioni-%e2%80%9cdom-simon-filipaj%e2%80%9d-organizoi-mbremjen-vjetore-ne-nju-jork\/\"]}]},{\"@type\":\"BreadcrumbList\",\"@id\":\"https:\/\/www.visit-ulcinj.com\/blog\/2011\/10\/18\/fondacioni-%e2%80%9cdom-simon-filipaj%e2%80%9d-organizoi-mbremjen-vjetore-ne-nju-jork\/#breadcrumb\",\"itemListElement\":[{\"@type\":\"ListItem\",\"position\":1,\"name\":\"Fondacioni \u201cDom Simon Filipaj\u201d organizoi mbr\u00ebmjen vjetore n\u00eb Nju Jork\"}]},{\"@type\":\"Person\",\"@id\":\"https:\/\/www.visit-ulcinj.com\/blog\/#\/schema\/person\/dcab619c614d3038751c63bc2aadc06d\",\"name\":\"ulqini\",\"sameAs\":[\"http:\/\/www.visit-ulcinj.com\"],\"url\":\"https:\/\/www.visit-ulcinj.com\/blog\/author\/admin\/\"}]}<\/script>\n<!-- \/ Yoast SEO plugin. -->","yoast_head_json":{"title":"Fondacioni \u201cDom Simon Filipaj\u201d organizoi mbr\u00ebmjen vjetore n\u00eb Nju Jork - Lajme nga Ulqini","description":"T\u00eb Diel\u00ebn, me 16 Tetor 2011, Fondacioni \u201cDom Simon Filipaj\u201d organizoi mbr\u00ebmjen\u00a0 vjetore t\u00eb rradh\u00ebs n\u00eb Bronx (New York) me q\u00ebllimin kryesor t\u00eb mbledhjeve","robots":{"index":"index","follow":"follow","max-snippet":"max-snippet:-1","max-image-preview":"max-image-preview:large","max-video-preview":"max-video-preview:-1"},"canonical":"https:\/\/www.visit-ulcinj.com\/blog\/2011\/10\/18\/fondacioni-\u201cdom-simon-filipaj\u201d-organizoi-mbremjen-vjetore-ne-nju-jork\/","og_locale":"en_US","og_type":"article","og_title":"Fondacioni \u201cDom Simon Filipaj\u201d organizoi mbr\u00ebmjen vjetore n\u00eb Nju Jork - Lajme nga Ulqini","og_description":"T\u00eb Diel\u00ebn, me 16 Tetor 2011, Fondacioni \u201cDom Simon Filipaj\u201d organizoi mbr\u00ebmjen\u00a0 vjetore t\u00eb rradh\u00ebs n\u00eb Bronx (New York) me q\u00ebllimin kryesor t\u00eb mbledhjeve","og_url":"https:\/\/www.visit-ulcinj.com\/blog\/2011\/10\/18\/fondacioni-\u201cdom-simon-filipaj\u201d-organizoi-mbremjen-vjetore-ne-nju-jork\/","og_site_name":"Lajme nga Ulqini","article_published_time":"2011-10-18T16:12:04+00:00","article_modified_time":"2011-10-18T16:16:42+00:00","og_image":[{"url":"http:\/\/fondacioni.com\/images\/main-img.jpg"}],"twitter_misc":{"Written by":"ulqini","Est. reading time":"1 minute"},"schema":{"@context":"https:\/\/schema.org","@graph":[{"@type":"WebSite","@id":"https:\/\/www.visit-ulcinj.com\/blog\/#website","url":"https:\/\/www.visit-ulcinj.com\/blog\/","name":"Lajme nga Ulqini","description":"Lajme,Vijesti,Ulqini,Ulqin,Crna Gora,Mali i Zi","potentialAction":[{"@type":"SearchAction","target":{"@type":"EntryPoint","urlTemplate":"https:\/\/www.visit-ulcinj.com\/blog\/?s={search_term_string}"},"query-input":"required name=search_term_string"}],"inLanguage":"en-US"},{"@type":"ImageObject","inLanguage":"en-US","@id":"https:\/\/www.visit-ulcinj.com\/blog\/2011\/10\/18\/fondacioni-%e2%80%9cdom-simon-filipaj%e2%80%9d-organizoi-mbremjen-vjetore-ne-nju-jork\/#primaryimage","url":"http:\/\/fondacioni.com\/images\/main-img.jpg","contentUrl":"http:\/\/fondacioni.com\/images\/main-img.jpg"},{"@type":"WebPage","@id":"https:\/\/www.visit-ulcinj.com\/blog\/2011\/10\/18\/fondacioni-%e2%80%9cdom-simon-filipaj%e2%80%9d-organizoi-mbremjen-vjetore-ne-nju-jork\/#webpage","url":"https:\/\/www.visit-ulcinj.com\/blog\/2011\/10\/18\/fondacioni-%e2%80%9cdom-simon-filipaj%e2%80%9d-organizoi-mbremjen-vjetore-ne-nju-jork\/","name":"Fondacioni \u201cDom Simon Filipaj\u201d organizoi mbr\u00ebmjen vjetore n\u00eb Nju Jork - Lajme nga Ulqini","isPartOf":{"@id":"https:\/\/www.visit-ulcinj.com\/blog\/#website"},"primaryImageOfPage":{"@id":"https:\/\/www.visit-ulcinj.com\/blog\/2011\/10\/18\/fondacioni-%e2%80%9cdom-simon-filipaj%e2%80%9d-organizoi-mbremjen-vjetore-ne-nju-jork\/#primaryimage"},"datePublished":"2011-10-18T16:12:04+00:00","dateModified":"2011-10-18T16:16:42+00:00","author":{"@id":"https:\/\/www.visit-ulcinj.com\/blog\/#\/schema\/person\/dcab619c614d3038751c63bc2aadc06d"},"description":"T\u00eb Diel\u00ebn, me 16 Tetor 2011, Fondacioni \u201cDom Simon Filipaj\u201d organizoi mbr\u00ebmjen\u00a0 vjetore t\u00eb rradh\u00ebs n\u00eb Bronx (New York) me q\u00ebllimin kryesor t\u00eb mbledhjeve","breadcrumb":{"@id":"https:\/\/www.visit-ulcinj.com\/blog\/2011\/10\/18\/fondacioni-%e2%80%9cdom-simon-filipaj%e2%80%9d-organizoi-mbremjen-vjetore-ne-nju-jork\/#breadcrumb"},"inLanguage":"en-US","potentialAction":[{"@type":"ReadAction","target":["https:\/\/www.visit-ulcinj.com\/blog\/2011\/10\/18\/fondacioni-%e2%80%9cdom-simon-filipaj%e2%80%9d-organizoi-mbremjen-vjetore-ne-nju-jork\/"]}]},{"@type":"BreadcrumbList","@id":"https:\/\/www.visit-ulcinj.com\/blog\/2011\/10\/18\/fondacioni-%e2%80%9cdom-simon-filipaj%e2%80%9d-organizoi-mbremjen-vjetore-ne-nju-jork\/#breadcrumb","itemListElement":[{"@type":"ListItem","position":1,"name":"Fondacioni \u201cDom Simon Filipaj\u201d organizoi mbr\u00ebmjen vjetore n\u00eb Nju Jork"}]},{"@type":"Person","@id":"https:\/\/www.visit-ulcinj.com\/blog\/#\/schema\/person\/dcab619c614d3038751c63bc2aadc06d","name":"ulqini","sameAs":["http:\/\/www.visit-ulcinj.com"],"url":"https:\/\/www.visit-ulcinj.com\/blog\/author\/admin\/"}]}},"jetpack_featured_media_url":"","jetpack_sharing_enabled":true,"jetpack_shortlink":"https:\/\/wp.me\/pe6lTn-dzd","_links":{"self":[{"href":"https:\/\/www.visit-ulcinj.com\/blog\/wp-json\/wp\/v2\/posts\/52155"}],"collection":[{"href":"https:\/\/www.visit-ulcinj.com\/blog\/wp-json\/wp\/v2\/posts"}],"about":[{"href":"https:\/\/www.visit-ulcinj.com\/blog\/wp-json\/wp\/v2\/types\/post"}],"author":[{"embeddable":true,"href":"https:\/\/www.visit-ulcinj.com\/blog\/wp-json\/wp\/v2\/users\/1"}],"replies":[{"embeddable":true,"href":"https:\/\/www.visit-ulcinj.com\/blog\/wp-json\/wp\/v2\/comments?post=52155"}],"version-history":[{"count":4,"href":"https:\/\/www.visit-ulcinj.com\/blog\/wp-json\/wp\/v2\/posts\/52155\/revisions"}],"predecessor-version":[{"id":52157,"href":"https:\/\/www.visit-ulcinj.com\/blog\/wp-json\/wp\/v2\/posts\/52155\/revisions\/52157"}],"wp:attachment":[{"href":"https:\/\/www.visit-ulcinj.com\/blog\/wp-json\/wp\/v2\/media?parent=52155"}],"wp:term":[{"taxonomy":"category","embeddable":true,"href":"https:\/\/www.visit-ulcinj.com\/blog\/wp-json\/wp\/v2\/categories?post=52155"},{"taxonomy":"post_tag","embeddable":true,"href":"https:\/\/www.visit-ulcinj.com\/blog\/wp-json\/wp\/v2\/tags?post=52155"}],"curies":[{"name":"wp","href":"https:\/\/api.w.org\/{rel}","templated":true}]}}