{"id":52161,"date":"2011-10-18T18:30:29","date_gmt":"2011-10-18T17:30:29","guid":{"rendered":"http:\/\/www.visit-ulcinj.com\/blog\/?p=52161"},"modified":"2011-10-18T18:39:10","modified_gmt":"2011-10-18T17:39:10","slug":"klubi-i-karatese-ulqini-shkelqen-ne-gjilan","status":"publish","type":"post","link":"https:\/\/www.visit-ulcinj.com\/blog\/2011\/10\/18\/klubi-i-karatese-ulqini-shkelqen-ne-gjilan\/","title":{"rendered":"Klubi i karates\u00eb Ulqini shk\u00eblqen n\u00eb Gjilan"},"content":{"rendered":"<p><a href=\"https:\/\/fbcdn-sphotos-a.akamaihd.net\/hphotos-ak-snc7\/s720x720\/293482_2210081967792_1119765684_32183675_648027617_n.jpg\"><img loading=\"lazy\" class=\"alignleft\" src=\"https:\/\/fbcdn-sphotos-a.akamaihd.net\/hphotos-ak-snc7\/s720x720\/293482_2210081967792_1119765684_32183675_648027617_n.jpg\" alt=\"\" width=\"508\" height=\"380\" \/><\/a>T\u00eb dielen, m\u00eb 16 tetor 2011 n\u00eb Gjilan t\u00eb Kosov\u00ebs u mbajt Turneu i 6-t\u00eb nd\u00ebrkomb\u00ebtar i karates\u00eb \u201cKatana Open 2011\u201d, n\u00eb t\u00eb cilin mor\u00ebn pjes\u00eb 34 klube me mbi 450 garues nga Shqip\u00ebria, Gjermania, Serbia, Maqedonia, Bosna e Hercegovina, Lugina e Preshev\u00ebs, Kosova dhe nga Mali i Zi.<br \/>\n<a href=\"https:\/\/fbcdn-sphotos-a.akamaihd.net\/hphotos-ak-snc7\/317388_2210083407828_1119765684_32183681_1010962718_n.jpg\"><img loading=\"lazy\" class=\"alignleft\" src=\"https:\/\/fbcdn-sphotos-a.akamaihd.net\/hphotos-ak-snc7\/317388_2210083407828_1119765684_32183681_1010962718_n.jpg\" alt=\"\" width=\"508\" height=\"330\" \/><\/a><br \/>\nTurneu u organizua n\u00eb nj\u00eb nivel t\u00eb lart\u00eb nga klubi&#8230; vendas i karates\u00eb \u201cDardania\u201d dhe Federata e Karates\u00eb s\u00eb Kosov\u00ebs, nd\u00ebrsa konkurrenca ishte mjaft e fort\u00eb. Klubi i Karates\u00eb \u201cUlqini\u201d shk\u00eblqeu n\u00eb k\u00ebt\u00eb turne nd\u00ebrkomb\u00ebtar duke arritur rezultate mjaft t\u00eb mira, si n\u00eb kata po ashtu dhe n\u00eb luft\u00ebra. Klubi i Karates\u00eb \u201cUlqini\u201d mori pjes\u00eb me 22 garues, t\u00eb cil\u00ebt u kuror\u00ebzuan me gjithsej 31 medalje: 10 t\u00eb arta, 12 t\u00eb argjendta dhe 9 t\u00eb bronzta. T\u00eb gjith\u00eb garuesit e k\u00ebtij klubi q\u00eb mor\u00ebn pjes\u00eb n\u00eb turne u kuror\u00ebzuan me medalje, \u00e7ka d\u00ebshmon p\u00ebr p\u00ebrgatitjen dhe nivelin e lart\u00eb t\u00eb tyre. Nga KK &#8220;Ulqini&#8221; me medalje t\u00eb arta u shp\u00ebrblyen: Diell\u00ebza Rama, Rexhep Shaba, Teufik Shurdha, Behlul Peri, Antigona Rama, Hantije Ibro\u00e7i, Dardan Ceka, Mark Daboviq, Nderim Cuca dhe Jeton Luka.<br \/>\n<a href=\"https:\/\/fbcdn-sphotos-a.akamaihd.net\/hphotos-ak-snc7\/303857_2210084727861_1119765684_32183687_2135402244_n.jpg\"><img loading=\"lazy\" class=\"alignleft\" src=\"https:\/\/fbcdn-sphotos-a.akamaihd.net\/hphotos-ak-snc7\/303857_2210084727861_1119765684_32183687_2135402244_n.jpg\" alt=\"\" width=\"508\" height=\"330\" \/><\/a><br \/>\nP\u00ebrve\u00e7 k\u00ebtyre medaljeve k\u00ebta garues u kuror\u00ebzuan edhe me medalje t\u00eb tjera. Me nga disa medalje t\u00eb tjera u shp\u00ebrblyen k\u00ebta garues: Eliza Salihu, Izabella Ivanoviq, Edin Kraja, Venesa Nuhi, Sretena Gjuriq, Allmir Hajdari, Viktor Curoviq, Gabriell Bytyqi, Bledar Seferi, Ensar Marshiq dhe Nermin Suma.<br \/>\n<a href=\"https:\/\/fbcdn-sphotos-a.akamaihd.net\/hphotos-ak-ash4\/316871_2210085567882_1119765684_32183691_1252426368_n.jpg\"><img loading=\"lazy\" class=\"alignleft\" src=\"https:\/\/fbcdn-sphotos-a.akamaihd.net\/hphotos-ak-ash4\/316871_2210085567882_1119765684_32183691_1252426368_n.jpg\" alt=\"\" width=\"508\" height=\"330\" \/><\/a><br \/>\nIshte ky nj\u00eb rezultat pak a shum\u00eb i pritur nga garuesit tan\u00eb, t\u00eb cil\u00ebt e d\u00ebshmuan q\u00eb jan\u00eb shum\u00eb mir\u00eb t\u00eb p\u00ebrgatitur. Jemi t\u00eb sigurt\u00eb q\u00eb k\u00ebto rezultate do t\u2019i p\u00ebrs\u00ebrisim edhe n\u00eb t\u00eb ardhmen, &#8211; shprehen t\u00eb k\u00ebnaqur udh\u00ebheq\u00ebsit e k\u00ebtij klubi dhe trajner\u00ebt pasi q\u00eb dit\u00eb m\u00eb par\u00eb edhe paralajm\u00ebruan q\u00eb presin nj\u00eb sukses t\u00eb mir\u00eb nga garuesit e tyre.<br \/>\n<a href=\"https:\/\/fbcdn-sphotos-a.akamaihd.net\/hphotos-ak-snc7\/320101_2210095448129_1119765684_32183713_58941090_n.jpg\"><img loading=\"lazy\" class=\"alignleft\" src=\"https:\/\/fbcdn-sphotos-a.akamaihd.net\/hphotos-ak-snc7\/320101_2210095448129_1119765684_32183713_58941090_n.jpg\" alt=\"\" width=\"508\" height=\"330\" \/><\/a><br \/>\nTrajner\u00ebt e KK \u201cUlqini\u201d fal\u00ebnderojn\u00eb sponsor\u00ebt q\u00eb mund\u00ebsuan pjes\u00ebmarrjen e klubit n\u00eb Turneun \u201cKatana Open 2011\u201d &#8211; Final Trade dhe burektoren \u201cPelivan\u201d, pastaj udh\u00ebheq\u00ebsin\u00eb e Klubit &#8211; kryetarin e klubit zot\u00ebri Loro Nrekiqin, drejtorin e marketingut Skender Tahirin dhe trajnerin m\u00eb t\u00eb vjet\u00ebr n\u00eb komun\u00ebn ton\u00eb, m\u00ebsuesin ton\u00eb t\u00eb karates\u00eb Gjergj Daboviqin, t\u00eb cil\u00ebt n\u00eb vazhdim\u00ebsi po japin kontributin e tyre p\u00ebr zhvillimin e klubit dhe t\u00eb sportit t\u00eb karates\u00eb n\u00eb p\u00ebrgjith\u00ebsi n\u00eb komun\u00ebn e Ulqinit e m\u00eb gjer\u00eb. Ata fal\u00ebnderojn\u00eb po ashtu organizatorin Maliq Maliqi p\u00ebr mikpritjen e ve\u00e7ant\u00eb q\u00eb i b\u00ebri ekipit t\u00eb KK \u201cUlqini\u201d n\u00eb Gjilan.<\/p>\n<p><strong>Sh\u00ebrbimi informativ i Klubit t\u00eb karates\u00eb \u201cUlqini\u201d<\/strong><\/p>\n","protected":false},"excerpt":{"rendered":"<p>T\u00eb dielen, m\u00eb 16 tetor 2011 n\u00eb Gjilan t\u00eb Kosov\u00ebs u mbajt Turneu i 6-t\u00eb nd\u00ebrkomb\u00ebtar i karates\u00eb \u201cKatana Open 2011\u201d, n\u00eb t\u00eb cilin mor\u00ebn pjes\u00eb 34 klube me mbi 450 garues nga Shqip\u00ebria, Gjermania, Serbia, Maqedonia, Bosna e Hercegovina, Lugina e Preshev\u00ebs, Kosova dhe nga Mali i Zi. Turneu u organizua n\u00eb nj\u00eb nivel [&hellip;]<\/p>\n","protected":false},"author":1,"featured_media":0,"comment_status":"open","ping_status":"closed","sticky":false,"template":"","format":"standard","meta":{"spay_email":"","jetpack_publicize_message":"","jetpack_is_tweetstorm":false,"jetpack_publicize_feature_enabled":true},"categories":[3],"tags":[14707],"jetpack_publicize_connections":[],"yoast_head":"<!-- This site is optimized with the Yoast SEO plugin v19.1 - https:\/\/yoast.com\/wordpress\/plugins\/seo\/ -->\n<title>Klubi i karates\u00eb Ulqini shk\u00eblqen n\u00eb Gjilan - Lajme nga Ulqini<\/title>\n<meta name=\"description\" content=\"T\u00eb dielen, m\u00eb 16 tetor 2011 n\u00eb Gjilan t\u00eb Kosov\u00ebs u mbajt Turneu i 6-t\u00eb nd\u00ebrkomb\u00ebtar i karates\u00eb \u201cKatana Open 2011\u201d, n\u00eb t\u00eb cilin mor\u00ebn pjes\u00eb 34 klube me mbi\" \/>\n<meta name=\"robots\" content=\"index, follow, max-snippet:-1, max-image-preview:large, max-video-preview:-1\" \/>\n<link rel=\"canonical\" href=\"https:\/\/www.visit-ulcinj.com\/blog\/2011\/10\/18\/klubi-i-karatese-ulqini-shkelqen-ne-gjilan\/\" \/>\n<meta property=\"og:locale\" content=\"en_US\" \/>\n<meta property=\"og:type\" content=\"article\" \/>\n<meta property=\"og:title\" content=\"Klubi i karates\u00eb Ulqini shk\u00eblqen n\u00eb Gjilan - Lajme nga Ulqini\" \/>\n<meta property=\"og:description\" content=\"T\u00eb dielen, m\u00eb 16 tetor 2011 n\u00eb Gjilan t\u00eb Kosov\u00ebs u mbajt Turneu i 6-t\u00eb nd\u00ebrkomb\u00ebtar i karates\u00eb \u201cKatana Open 2011\u201d, n\u00eb t\u00eb cilin mor\u00ebn pjes\u00eb 34 klube me mbi\" \/>\n<meta property=\"og:url\" content=\"https:\/\/www.visit-ulcinj.com\/blog\/2011\/10\/18\/klubi-i-karatese-ulqini-shkelqen-ne-gjilan\/\" \/>\n<meta property=\"og:site_name\" content=\"Lajme nga Ulqini\" \/>\n<meta property=\"article:published_time\" content=\"2011-10-18T17:30:29+00:00\" \/>\n<meta property=\"article:modified_time\" content=\"2011-10-18T17:39:10+00:00\" \/>\n<meta property=\"og:image\" content=\"https:\/\/fbcdn-sphotos-a.akamaihd.net\/hphotos-ak-snc7\/s720x720\/293482_2210081967792_1119765684_32183675_648027617_n.jpg\" \/>\n<meta name=\"twitter:label1\" content=\"Written by\" \/>\n\t<meta name=\"twitter:data1\" content=\"ulqini\" \/>\n\t<meta name=\"twitter:label2\" content=\"Est. reading time\" \/>\n\t<meta name=\"twitter:data2\" content=\"2 minutes\" \/>\n<script type=\"application\/ld+json\" class=\"yoast-schema-graph\">{\"@context\":\"https:\/\/schema.org\",\"@graph\":[{\"@type\":\"WebSite\",\"@id\":\"https:\/\/www.visit-ulcinj.com\/blog\/#website\",\"url\":\"https:\/\/www.visit-ulcinj.com\/blog\/\",\"name\":\"Lajme nga Ulqini\",\"description\":\"Lajme,Vijesti,Ulqini,Ulqin,Crna Gora,Mali i Zi\",\"potentialAction\":[{\"@type\":\"SearchAction\",\"target\":{\"@type\":\"EntryPoint\",\"urlTemplate\":\"https:\/\/www.visit-ulcinj.com\/blog\/?s={search_term_string}\"},\"query-input\":\"required name=search_term_string\"}],\"inLanguage\":\"en-US\"},{\"@type\":\"ImageObject\",\"inLanguage\":\"en-US\",\"@id\":\"https:\/\/www.visit-ulcinj.com\/blog\/2011\/10\/18\/klubi-i-karatese-ulqini-shkelqen-ne-gjilan\/#primaryimage\",\"url\":\"https:\/\/fbcdn-sphotos-a.akamaihd.net\/hphotos-ak-snc7\/s720x720\/293482_2210081967792_1119765684_32183675_648027617_n.jpg\",\"contentUrl\":\"https:\/\/fbcdn-sphotos-a.akamaihd.net\/hphotos-ak-snc7\/s720x720\/293482_2210081967792_1119765684_32183675_648027617_n.jpg\"},{\"@type\":\"WebPage\",\"@id\":\"https:\/\/www.visit-ulcinj.com\/blog\/2011\/10\/18\/klubi-i-karatese-ulqini-shkelqen-ne-gjilan\/#webpage\",\"url\":\"https:\/\/www.visit-ulcinj.com\/blog\/2011\/10\/18\/klubi-i-karatese-ulqini-shkelqen-ne-gjilan\/\",\"name\":\"Klubi i karates\u00eb Ulqini shk\u00eblqen n\u00eb Gjilan - Lajme nga Ulqini\",\"isPartOf\":{\"@id\":\"https:\/\/www.visit-ulcinj.com\/blog\/#website\"},\"primaryImageOfPage\":{\"@id\":\"https:\/\/www.visit-ulcinj.com\/blog\/2011\/10\/18\/klubi-i-karatese-ulqini-shkelqen-ne-gjilan\/#primaryimage\"},\"datePublished\":\"2011-10-18T17:30:29+00:00\",\"dateModified\":\"2011-10-18T17:39:10+00:00\",\"author\":{\"@id\":\"https:\/\/www.visit-ulcinj.com\/blog\/#\/schema\/person\/dcab619c614d3038751c63bc2aadc06d\"},\"description\":\"T\u00eb dielen, m\u00eb 16 tetor 2011 n\u00eb Gjilan t\u00eb Kosov\u00ebs u mbajt Turneu i 6-t\u00eb nd\u00ebrkomb\u00ebtar i karates\u00eb \u201cKatana Open 2011\u201d, n\u00eb t\u00eb cilin mor\u00ebn pjes\u00eb 34 klube me mbi\",\"breadcrumb\":{\"@id\":\"https:\/\/www.visit-ulcinj.com\/blog\/2011\/10\/18\/klubi-i-karatese-ulqini-shkelqen-ne-gjilan\/#breadcrumb\"},\"inLanguage\":\"en-US\",\"potentialAction\":[{\"@type\":\"ReadAction\",\"target\":[\"https:\/\/www.visit-ulcinj.com\/blog\/2011\/10\/18\/klubi-i-karatese-ulqini-shkelqen-ne-gjilan\/\"]}]},{\"@type\":\"BreadcrumbList\",\"@id\":\"https:\/\/www.visit-ulcinj.com\/blog\/2011\/10\/18\/klubi-i-karatese-ulqini-shkelqen-ne-gjilan\/#breadcrumb\",\"itemListElement\":[{\"@type\":\"ListItem\",\"position\":1,\"name\":\"Klubi i karates\u00eb Ulqini shk\u00eblqen n\u00eb Gjilan\"}]},{\"@type\":\"Person\",\"@id\":\"https:\/\/www.visit-ulcinj.com\/blog\/#\/schema\/person\/dcab619c614d3038751c63bc2aadc06d\",\"name\":\"ulqini\",\"sameAs\":[\"http:\/\/www.visit-ulcinj.com\"],\"url\":\"https:\/\/www.visit-ulcinj.com\/blog\/author\/admin\/\"}]}<\/script>\n<!-- \/ Yoast SEO plugin. -->","yoast_head_json":{"title":"Klubi i karates\u00eb Ulqini shk\u00eblqen n\u00eb Gjilan - Lajme nga Ulqini","description":"T\u00eb dielen, m\u00eb 16 tetor 2011 n\u00eb Gjilan t\u00eb Kosov\u00ebs u mbajt Turneu i 6-t\u00eb nd\u00ebrkomb\u00ebtar i karates\u00eb \u201cKatana Open 2011\u201d, n\u00eb t\u00eb cilin mor\u00ebn pjes\u00eb 34 klube me mbi","robots":{"index":"index","follow":"follow","max-snippet":"max-snippet:-1","max-image-preview":"max-image-preview:large","max-video-preview":"max-video-preview:-1"},"canonical":"https:\/\/www.visit-ulcinj.com\/blog\/2011\/10\/18\/klubi-i-karatese-ulqini-shkelqen-ne-gjilan\/","og_locale":"en_US","og_type":"article","og_title":"Klubi i karates\u00eb Ulqini shk\u00eblqen n\u00eb Gjilan - Lajme nga Ulqini","og_description":"T\u00eb dielen, m\u00eb 16 tetor 2011 n\u00eb Gjilan t\u00eb Kosov\u00ebs u mbajt Turneu i 6-t\u00eb nd\u00ebrkomb\u00ebtar i karates\u00eb \u201cKatana Open 2011\u201d, n\u00eb t\u00eb cilin mor\u00ebn pjes\u00eb 34 klube me mbi","og_url":"https:\/\/www.visit-ulcinj.com\/blog\/2011\/10\/18\/klubi-i-karatese-ulqini-shkelqen-ne-gjilan\/","og_site_name":"Lajme nga Ulqini","article_published_time":"2011-10-18T17:30:29+00:00","article_modified_time":"2011-10-18T17:39:10+00:00","og_image":[{"url":"https:\/\/fbcdn-sphotos-a.akamaihd.net\/hphotos-ak-snc7\/s720x720\/293482_2210081967792_1119765684_32183675_648027617_n.jpg"}],"twitter_misc":{"Written by":"ulqini","Est. reading time":"2 minutes"},"schema":{"@context":"https:\/\/schema.org","@graph":[{"@type":"WebSite","@id":"https:\/\/www.visit-ulcinj.com\/blog\/#website","url":"https:\/\/www.visit-ulcinj.com\/blog\/","name":"Lajme nga Ulqini","description":"Lajme,Vijesti,Ulqini,Ulqin,Crna Gora,Mali i Zi","potentialAction":[{"@type":"SearchAction","target":{"@type":"EntryPoint","urlTemplate":"https:\/\/www.visit-ulcinj.com\/blog\/?s={search_term_string}"},"query-input":"required name=search_term_string"}],"inLanguage":"en-US"},{"@type":"ImageObject","inLanguage":"en-US","@id":"https:\/\/www.visit-ulcinj.com\/blog\/2011\/10\/18\/klubi-i-karatese-ulqini-shkelqen-ne-gjilan\/#primaryimage","url":"https:\/\/fbcdn-sphotos-a.akamaihd.net\/hphotos-ak-snc7\/s720x720\/293482_2210081967792_1119765684_32183675_648027617_n.jpg","contentUrl":"https:\/\/fbcdn-sphotos-a.akamaihd.net\/hphotos-ak-snc7\/s720x720\/293482_2210081967792_1119765684_32183675_648027617_n.jpg"},{"@type":"WebPage","@id":"https:\/\/www.visit-ulcinj.com\/blog\/2011\/10\/18\/klubi-i-karatese-ulqini-shkelqen-ne-gjilan\/#webpage","url":"https:\/\/www.visit-ulcinj.com\/blog\/2011\/10\/18\/klubi-i-karatese-ulqini-shkelqen-ne-gjilan\/","name":"Klubi i karates\u00eb Ulqini shk\u00eblqen n\u00eb Gjilan - Lajme nga Ulqini","isPartOf":{"@id":"https:\/\/www.visit-ulcinj.com\/blog\/#website"},"primaryImageOfPage":{"@id":"https:\/\/www.visit-ulcinj.com\/blog\/2011\/10\/18\/klubi-i-karatese-ulqini-shkelqen-ne-gjilan\/#primaryimage"},"datePublished":"2011-10-18T17:30:29+00:00","dateModified":"2011-10-18T17:39:10+00:00","author":{"@id":"https:\/\/www.visit-ulcinj.com\/blog\/#\/schema\/person\/dcab619c614d3038751c63bc2aadc06d"},"description":"T\u00eb dielen, m\u00eb 16 tetor 2011 n\u00eb Gjilan t\u00eb Kosov\u00ebs u mbajt Turneu i 6-t\u00eb nd\u00ebrkomb\u00ebtar i karates\u00eb \u201cKatana Open 2011\u201d, n\u00eb t\u00eb cilin mor\u00ebn pjes\u00eb 34 klube me mbi","breadcrumb":{"@id":"https:\/\/www.visit-ulcinj.com\/blog\/2011\/10\/18\/klubi-i-karatese-ulqini-shkelqen-ne-gjilan\/#breadcrumb"},"inLanguage":"en-US","potentialAction":[{"@type":"ReadAction","target":["https:\/\/www.visit-ulcinj.com\/blog\/2011\/10\/18\/klubi-i-karatese-ulqini-shkelqen-ne-gjilan\/"]}]},{"@type":"BreadcrumbList","@id":"https:\/\/www.visit-ulcinj.com\/blog\/2011\/10\/18\/klubi-i-karatese-ulqini-shkelqen-ne-gjilan\/#breadcrumb","itemListElement":[{"@type":"ListItem","position":1,"name":"Klubi i karates\u00eb Ulqini shk\u00eblqen n\u00eb Gjilan"}]},{"@type":"Person","@id":"https:\/\/www.visit-ulcinj.com\/blog\/#\/schema\/person\/dcab619c614d3038751c63bc2aadc06d","name":"ulqini","sameAs":["http:\/\/www.visit-ulcinj.com"],"url":"https:\/\/www.visit-ulcinj.com\/blog\/author\/admin\/"}]}},"jetpack_featured_media_url":"","jetpack_sharing_enabled":true,"jetpack_shortlink":"https:\/\/wp.me\/pe6lTn-dzj","_links":{"self":[{"href":"https:\/\/www.visit-ulcinj.com\/blog\/wp-json\/wp\/v2\/posts\/52161"}],"collection":[{"href":"https:\/\/www.visit-ulcinj.com\/blog\/wp-json\/wp\/v2\/posts"}],"about":[{"href":"https:\/\/www.visit-ulcinj.com\/blog\/wp-json\/wp\/v2\/types\/post"}],"author":[{"embeddable":true,"href":"https:\/\/www.visit-ulcinj.com\/blog\/wp-json\/wp\/v2\/users\/1"}],"replies":[{"embeddable":true,"href":"https:\/\/www.visit-ulcinj.com\/blog\/wp-json\/wp\/v2\/comments?post=52161"}],"version-history":[{"count":4,"href":"https:\/\/www.visit-ulcinj.com\/blog\/wp-json\/wp\/v2\/posts\/52161\/revisions"}],"predecessor-version":[{"id":52165,"href":"https:\/\/www.visit-ulcinj.com\/blog\/wp-json\/wp\/v2\/posts\/52161\/revisions\/52165"}],"wp:attachment":[{"href":"https:\/\/www.visit-ulcinj.com\/blog\/wp-json\/wp\/v2\/media?parent=52161"}],"wp:term":[{"taxonomy":"category","embeddable":true,"href":"https:\/\/www.visit-ulcinj.com\/blog\/wp-json\/wp\/v2\/categories?post=52161"},{"taxonomy":"post_tag","embeddable":true,"href":"https:\/\/www.visit-ulcinj.com\/blog\/wp-json\/wp\/v2\/tags?post=52161"}],"curies":[{"name":"wp","href":"https:\/\/api.w.org\/{rel}","templated":true}]}}