{"id":52168,"date":"2011-10-18T19:18:32","date_gmt":"2011-10-18T18:18:32","guid":{"rendered":"http:\/\/www.visit-ulcinj.com\/blog\/?p=52168"},"modified":"2011-10-18T19:18:32","modified_gmt":"2011-10-18T18:18:32","slug":"problematike-dhe-jo-transparente-privatizimet-e-bera-ne-komunen-e-ulqinit","status":"publish","type":"post","link":"https:\/\/www.visit-ulcinj.com\/blog\/2011\/10\/18\/problematike-dhe-jo-transparente-privatizimet-e-bera-ne-komunen-e-ulqinit\/","title":{"rendered":"Problematike dhe jo transparente privatizimet e b\u00ebra n\u00eb Komun\u00ebn e Ulqinit"},"content":{"rendered":"<p><a href=\"http:\/\/www.visit-ulcinj.com\/wp-content\/uploads\/2011\/07\/storia-della-citta-Ulcinj_Montenegro.jpg\"><img loading=\"lazy\" class=\"alignleft\" src=\"http:\/\/www.visit-ulcinj.com\/wp-content\/uploads\/2011\/07\/storia-della-citta-Ulcinj_Montenegro.jpg\" alt=\"\" width=\"508\" height=\"380\" \/><\/a>Perfaqesuesit politike, shoqatat joqeveritare dhe analistet ekonomike\u00a0 e cilesojne si problematike\u00a0 dhe jo transparente\u00a0 privatizimet e bera viteve te fundit\u00a0 ne Komunen e Ulqinit. Ata gjithashtu vleresojne se ky proces\u00a0 u zhvillua ne menyre te gabuar duke shkaktuar pasoja te medha ekonomiko-sociale per qytetaret\u00a0 e Ulqinit. Deputetet shqiptare e shohin te nevojshme fillimin e nje dialogu te mirfillte midis pushtetit qendror dhe atij vendor\u00a0ne\u00a0 kordinimin dhe realizimin e procesit te privatizimit ne Komunen e Ulqinit.<\/p>\n<p><strong>Ali Salaj<br \/>\nVAO\u00a0<\/strong><\/p>\n","protected":false},"excerpt":{"rendered":"<p>Perfaqesuesit politike, shoqatat joqeveritare dhe analistet ekonomike\u00a0 e cilesojne si problematike\u00a0 dhe jo transparente\u00a0 privatizimet e bera viteve te fundit\u00a0 ne Komunen e Ulqinit. Ata gjithashtu vleresojne se ky proces\u00a0 u zhvillua ne menyre te gabuar duke shkaktuar pasoja te medha ekonomiko-sociale per qytetaret\u00a0 e Ulqinit. Deputetet shqiptare e shohin te nevojshme fillimin e nje [&hellip;]<\/p>\n","protected":false},"author":1,"featured_media":0,"comment_status":"open","ping_status":"closed","sticky":false,"template":"","format":"standard","meta":{"spay_email":"","jetpack_publicize_message":"","jetpack_is_tweetstorm":false,"jetpack_publicize_feature_enabled":true},"categories":[12],"tags":[200,18],"jetpack_publicize_connections":[],"yoast_head":"<!-- This site is optimized with the Yoast SEO plugin v19.1 - https:\/\/yoast.com\/wordpress\/plugins\/seo\/ -->\n<title>Problematike dhe jo transparente privatizimet e b\u00ebra n\u00eb Komun\u00ebn e Ulqinit - Lajme nga Ulqini<\/title>\n<meta name=\"description\" content=\"Perfaqesuesit politike, shoqatat joqeveritare dhe analistet ekonomike\u00a0 e cilesojne si problematike\u00a0 dhe jo transparente\u00a0 privatizimet e bera viteve te\" \/>\n<meta name=\"robots\" content=\"index, follow, max-snippet:-1, max-image-preview:large, max-video-preview:-1\" \/>\n<link rel=\"canonical\" href=\"https:\/\/www.visit-ulcinj.com\/blog\/2011\/10\/18\/problematike-dhe-jo-transparente-privatizimet-e-bera-ne-komunen-e-ulqinit\/\" \/>\n<meta property=\"og:locale\" content=\"en_US\" \/>\n<meta property=\"og:type\" content=\"article\" \/>\n<meta property=\"og:title\" content=\"Problematike dhe jo transparente privatizimet e b\u00ebra n\u00eb Komun\u00ebn e Ulqinit - Lajme nga Ulqini\" \/>\n<meta property=\"og:description\" content=\"Perfaqesuesit politike, shoqatat joqeveritare dhe analistet ekonomike\u00a0 e cilesojne si problematike\u00a0 dhe jo transparente\u00a0 privatizimet e bera viteve te\" \/>\n<meta property=\"og:url\" content=\"https:\/\/www.visit-ulcinj.com\/blog\/2011\/10\/18\/problematike-dhe-jo-transparente-privatizimet-e-bera-ne-komunen-e-ulqinit\/\" \/>\n<meta property=\"og:site_name\" content=\"Lajme nga Ulqini\" \/>\n<meta property=\"article:published_time\" content=\"2011-10-18T18:18:32+00:00\" \/>\n<meta property=\"og:image\" content=\"http:\/\/www.visit-ulcinj.com\/wp-content\/uploads\/2011\/07\/storia-della-citta-Ulcinj_Montenegro.jpg\" \/>\n<meta name=\"twitter:label1\" content=\"Written by\" \/>\n\t<meta name=\"twitter:data1\" content=\"ulqini\" \/>\n<script type=\"application\/ld+json\" class=\"yoast-schema-graph\">{\"@context\":\"https:\/\/schema.org\",\"@graph\":[{\"@type\":\"WebSite\",\"@id\":\"https:\/\/www.visit-ulcinj.com\/blog\/#website\",\"url\":\"https:\/\/www.visit-ulcinj.com\/blog\/\",\"name\":\"Lajme nga Ulqini\",\"description\":\"Lajme,Vijesti,Ulqini,Ulqin,Crna Gora,Mali i Zi\",\"potentialAction\":[{\"@type\":\"SearchAction\",\"target\":{\"@type\":\"EntryPoint\",\"urlTemplate\":\"https:\/\/www.visit-ulcinj.com\/blog\/?s={search_term_string}\"},\"query-input\":\"required name=search_term_string\"}],\"inLanguage\":\"en-US\"},{\"@type\":\"ImageObject\",\"inLanguage\":\"en-US\",\"@id\":\"https:\/\/www.visit-ulcinj.com\/blog\/2011\/10\/18\/problematike-dhe-jo-transparente-privatizimet-e-bera-ne-komunen-e-ulqinit\/#primaryimage\",\"url\":\"http:\/\/www.visit-ulcinj.com\/wp-content\/uploads\/2011\/07\/storia-della-citta-Ulcinj_Montenegro.jpg\",\"contentUrl\":\"http:\/\/www.visit-ulcinj.com\/wp-content\/uploads\/2011\/07\/storia-della-citta-Ulcinj_Montenegro.jpg\"},{\"@type\":\"WebPage\",\"@id\":\"https:\/\/www.visit-ulcinj.com\/blog\/2011\/10\/18\/problematike-dhe-jo-transparente-privatizimet-e-bera-ne-komunen-e-ulqinit\/#webpage\",\"url\":\"https:\/\/www.visit-ulcinj.com\/blog\/2011\/10\/18\/problematike-dhe-jo-transparente-privatizimet-e-bera-ne-komunen-e-ulqinit\/\",\"name\":\"Problematike dhe jo transparente privatizimet e b\u00ebra n\u00eb Komun\u00ebn e Ulqinit - Lajme nga Ulqini\",\"isPartOf\":{\"@id\":\"https:\/\/www.visit-ulcinj.com\/blog\/#website\"},\"primaryImageOfPage\":{\"@id\":\"https:\/\/www.visit-ulcinj.com\/blog\/2011\/10\/18\/problematike-dhe-jo-transparente-privatizimet-e-bera-ne-komunen-e-ulqinit\/#primaryimage\"},\"datePublished\":\"2011-10-18T18:18:32+00:00\",\"dateModified\":\"2011-10-18T18:18:32+00:00\",\"author\":{\"@id\":\"https:\/\/www.visit-ulcinj.com\/blog\/#\/schema\/person\/dcab619c614d3038751c63bc2aadc06d\"},\"description\":\"Perfaqesuesit politike, shoqatat joqeveritare dhe analistet ekonomike\u00a0 e cilesojne si problematike\u00a0 dhe jo transparente\u00a0 privatizimet e bera viteve te\",\"breadcrumb\":{\"@id\":\"https:\/\/www.visit-ulcinj.com\/blog\/2011\/10\/18\/problematike-dhe-jo-transparente-privatizimet-e-bera-ne-komunen-e-ulqinit\/#breadcrumb\"},\"inLanguage\":\"en-US\",\"potentialAction\":[{\"@type\":\"ReadAction\",\"target\":[\"https:\/\/www.visit-ulcinj.com\/blog\/2011\/10\/18\/problematike-dhe-jo-transparente-privatizimet-e-bera-ne-komunen-e-ulqinit\/\"]}]},{\"@type\":\"BreadcrumbList\",\"@id\":\"https:\/\/www.visit-ulcinj.com\/blog\/2011\/10\/18\/problematike-dhe-jo-transparente-privatizimet-e-bera-ne-komunen-e-ulqinit\/#breadcrumb\",\"itemListElement\":[{\"@type\":\"ListItem\",\"position\":1,\"name\":\"Problematike dhe jo transparente privatizimet e b\u00ebra n\u00eb Komun\u00ebn e Ulqinit\"}]},{\"@type\":\"Person\",\"@id\":\"https:\/\/www.visit-ulcinj.com\/blog\/#\/schema\/person\/dcab619c614d3038751c63bc2aadc06d\",\"name\":\"ulqini\",\"sameAs\":[\"http:\/\/www.visit-ulcinj.com\"],\"url\":\"https:\/\/www.visit-ulcinj.com\/blog\/author\/admin\/\"}]}<\/script>\n<!-- \/ Yoast SEO plugin. -->","yoast_head_json":{"title":"Problematike dhe jo transparente privatizimet e b\u00ebra n\u00eb Komun\u00ebn e Ulqinit - Lajme nga Ulqini","description":"Perfaqesuesit politike, shoqatat joqeveritare dhe analistet ekonomike\u00a0 e cilesojne si problematike\u00a0 dhe jo transparente\u00a0 privatizimet e bera viteve te","robots":{"index":"index","follow":"follow","max-snippet":"max-snippet:-1","max-image-preview":"max-image-preview:large","max-video-preview":"max-video-preview:-1"},"canonical":"https:\/\/www.visit-ulcinj.com\/blog\/2011\/10\/18\/problematike-dhe-jo-transparente-privatizimet-e-bera-ne-komunen-e-ulqinit\/","og_locale":"en_US","og_type":"article","og_title":"Problematike dhe jo transparente privatizimet e b\u00ebra n\u00eb Komun\u00ebn e Ulqinit - Lajme nga Ulqini","og_description":"Perfaqesuesit politike, shoqatat joqeveritare dhe analistet ekonomike\u00a0 e cilesojne si problematike\u00a0 dhe jo transparente\u00a0 privatizimet e bera viteve te","og_url":"https:\/\/www.visit-ulcinj.com\/blog\/2011\/10\/18\/problematike-dhe-jo-transparente-privatizimet-e-bera-ne-komunen-e-ulqinit\/","og_site_name":"Lajme nga Ulqini","article_published_time":"2011-10-18T18:18:32+00:00","og_image":[{"url":"http:\/\/www.visit-ulcinj.com\/wp-content\/uploads\/2011\/07\/storia-della-citta-Ulcinj_Montenegro.jpg"}],"twitter_misc":{"Written by":"ulqini"},"schema":{"@context":"https:\/\/schema.org","@graph":[{"@type":"WebSite","@id":"https:\/\/www.visit-ulcinj.com\/blog\/#website","url":"https:\/\/www.visit-ulcinj.com\/blog\/","name":"Lajme nga Ulqini","description":"Lajme,Vijesti,Ulqini,Ulqin,Crna Gora,Mali i Zi","potentialAction":[{"@type":"SearchAction","target":{"@type":"EntryPoint","urlTemplate":"https:\/\/www.visit-ulcinj.com\/blog\/?s={search_term_string}"},"query-input":"required name=search_term_string"}],"inLanguage":"en-US"},{"@type":"ImageObject","inLanguage":"en-US","@id":"https:\/\/www.visit-ulcinj.com\/blog\/2011\/10\/18\/problematike-dhe-jo-transparente-privatizimet-e-bera-ne-komunen-e-ulqinit\/#primaryimage","url":"http:\/\/www.visit-ulcinj.com\/wp-content\/uploads\/2011\/07\/storia-della-citta-Ulcinj_Montenegro.jpg","contentUrl":"http:\/\/www.visit-ulcinj.com\/wp-content\/uploads\/2011\/07\/storia-della-citta-Ulcinj_Montenegro.jpg"},{"@type":"WebPage","@id":"https:\/\/www.visit-ulcinj.com\/blog\/2011\/10\/18\/problematike-dhe-jo-transparente-privatizimet-e-bera-ne-komunen-e-ulqinit\/#webpage","url":"https:\/\/www.visit-ulcinj.com\/blog\/2011\/10\/18\/problematike-dhe-jo-transparente-privatizimet-e-bera-ne-komunen-e-ulqinit\/","name":"Problematike dhe jo transparente privatizimet e b\u00ebra n\u00eb Komun\u00ebn e Ulqinit - Lajme nga Ulqini","isPartOf":{"@id":"https:\/\/www.visit-ulcinj.com\/blog\/#website"},"primaryImageOfPage":{"@id":"https:\/\/www.visit-ulcinj.com\/blog\/2011\/10\/18\/problematike-dhe-jo-transparente-privatizimet-e-bera-ne-komunen-e-ulqinit\/#primaryimage"},"datePublished":"2011-10-18T18:18:32+00:00","dateModified":"2011-10-18T18:18:32+00:00","author":{"@id":"https:\/\/www.visit-ulcinj.com\/blog\/#\/schema\/person\/dcab619c614d3038751c63bc2aadc06d"},"description":"Perfaqesuesit politike, shoqatat joqeveritare dhe analistet ekonomike\u00a0 e cilesojne si problematike\u00a0 dhe jo transparente\u00a0 privatizimet e bera viteve te","breadcrumb":{"@id":"https:\/\/www.visit-ulcinj.com\/blog\/2011\/10\/18\/problematike-dhe-jo-transparente-privatizimet-e-bera-ne-komunen-e-ulqinit\/#breadcrumb"},"inLanguage":"en-US","potentialAction":[{"@type":"ReadAction","target":["https:\/\/www.visit-ulcinj.com\/blog\/2011\/10\/18\/problematike-dhe-jo-transparente-privatizimet-e-bera-ne-komunen-e-ulqinit\/"]}]},{"@type":"BreadcrumbList","@id":"https:\/\/www.visit-ulcinj.com\/blog\/2011\/10\/18\/problematike-dhe-jo-transparente-privatizimet-e-bera-ne-komunen-e-ulqinit\/#breadcrumb","itemListElement":[{"@type":"ListItem","position":1,"name":"Problematike dhe jo transparente privatizimet e b\u00ebra n\u00eb Komun\u00ebn e Ulqinit"}]},{"@type":"Person","@id":"https:\/\/www.visit-ulcinj.com\/blog\/#\/schema\/person\/dcab619c614d3038751c63bc2aadc06d","name":"ulqini","sameAs":["http:\/\/www.visit-ulcinj.com"],"url":"https:\/\/www.visit-ulcinj.com\/blog\/author\/admin\/"}]}},"jetpack_featured_media_url":"","jetpack_sharing_enabled":true,"jetpack_shortlink":"https:\/\/wp.me\/pe6lTn-dzq","_links":{"self":[{"href":"https:\/\/www.visit-ulcinj.com\/blog\/wp-json\/wp\/v2\/posts\/52168"}],"collection":[{"href":"https:\/\/www.visit-ulcinj.com\/blog\/wp-json\/wp\/v2\/posts"}],"about":[{"href":"https:\/\/www.visit-ulcinj.com\/blog\/wp-json\/wp\/v2\/types\/post"}],"author":[{"embeddable":true,"href":"https:\/\/www.visit-ulcinj.com\/blog\/wp-json\/wp\/v2\/users\/1"}],"replies":[{"embeddable":true,"href":"https:\/\/www.visit-ulcinj.com\/blog\/wp-json\/wp\/v2\/comments?post=52168"}],"version-history":[{"count":1,"href":"https:\/\/www.visit-ulcinj.com\/blog\/wp-json\/wp\/v2\/posts\/52168\/revisions"}],"predecessor-version":[{"id":52169,"href":"https:\/\/www.visit-ulcinj.com\/blog\/wp-json\/wp\/v2\/posts\/52168\/revisions\/52169"}],"wp:attachment":[{"href":"https:\/\/www.visit-ulcinj.com\/blog\/wp-json\/wp\/v2\/media?parent=52168"}],"wp:term":[{"taxonomy":"category","embeddable":true,"href":"https:\/\/www.visit-ulcinj.com\/blog\/wp-json\/wp\/v2\/categories?post=52168"},{"taxonomy":"post_tag","embeddable":true,"href":"https:\/\/www.visit-ulcinj.com\/blog\/wp-json\/wp\/v2\/tags?post=52168"}],"curies":[{"name":"wp","href":"https:\/\/api.w.org\/{rel}","templated":true}]}}