{"id":52188,"date":"2011-10-21T19:36:57","date_gmt":"2011-10-21T18:36:57","guid":{"rendered":"http:\/\/www.visit-ulcinj.com\/blog\/?p=52188"},"modified":"2011-10-29T19:49:12","modified_gmt":"2011-10-29T18:49:12","slug":"the-kayla-jenna-kurmemaj-children-foundationndihmon-femijet-me-pengesa-ne-ulqin","status":"publish","type":"post","link":"https:\/\/www.visit-ulcinj.com\/blog\/2011\/10\/21\/the-kayla-jenna-kurmemaj-children-foundationndihmon-femijet-me-pengesa-ne-ulqin\/","title":{"rendered":"The Kayla &#038; Jenna Kurmemaj Children Foundation,ndihmon f\u00ebmij\u00ebt me pengesa n\u00eb Ulqin"},"content":{"rendered":"<p><a href=\"http:\/\/www.visit-ulcinj.com\/blog\/wp-content\/uploads\/2011\/10\/The-Kayla-Jenna-Kurmemaj-Children-Foundation-help-Ulqin_Montenegro.jpg\"><img loading=\"lazy\" class=\"alignleft size-full wp-image-52190\" title=\"The Kayla &amp; Jenna Kurmemaj Children Foundation help Ulqin_Montenegro\" src=\"http:\/\/www.visit-ulcinj.com\/blog\/wp-content\/uploads\/2011\/10\/The-Kayla-Jenna-Kurmemaj-Children-Foundation-help-Ulqin_Montenegro.jpg\" alt=\"\" width=\"508\" height=\"380\" \/><\/a>Qendra ditore p\u00ebr f\u00ebmij\u00eb dhe t\u00eb rinj me pengesa n\u00eb zhvillim sot fitoi nj\u00eb furgon p\u00ebr transportin e f\u00ebmij\u00ebve.<\/p>\n<p>Furgonin, komun\u00ebs s\u00eb Ulqinit ia dhuroj Ahmet Kurmemaj n\u00ebp\u00ebrmes fondacionit t\u00eb f\u00ebmij\u00ebve &#8220;The Kayla &amp; Jenna Kurmemaj&#8221; dhe \u00ebsht\u00eb i dedikuar k\u00ebsaj qendr\u00ebs ditore.<\/p>\n<p>Ahmet Kurmemaj i cili \u00ebsht\u00eb me origjine nga Tivari dhe gruaja e tij Edina jan\u00eb themeluesit e fondacionit bamir\u00ebs \u201cThe Kayla &amp; Jenna Kurmemaj&#8221; nga New Yorku dhe ndihmon kryesisht f\u00ebmij\u00ebt dhe t\u00eb rinjt\u00eb me pengesa n\u00eb zhvillim.<\/p>\n<p>Dh\u00ebnies s\u00eb k\u00ebtij donacioni morri pjes\u00eb edhe vet zot\u00ebri Kurmemaj i cili i dor\u00ebzoi \u00e7el\u00ebsat e furgonit Kryetarit t\u00eb komun\u00ebs s\u00eb Ulqinit zot\u00ebri Nazif Cungut.<\/p>\n<p>Cungu u fal\u00ebnderoi zot\u00ebri Kurmemajit n\u00eb k\u00ebt\u00eb donacion kaq me vler\u00eb dhe vler\u00ebsoi lart\u00eb kujdesin e diaspor\u00ebs n\u00eb aktivitete bamir\u00ebse e sidomos kur b\u00ebhet fjal\u00eb p\u00ebr f\u00ebmij\u00ebt me pengesa n\u00eb zhvillim.<\/p>\n<p align=\"center\"><strong>Komuna e Ulqinit \/ Op\u0161tina Ulcinj \/ Municipality Of\u00a0 Ulqin Bul. Skenderbeubb.<\/strong><br \/>\n<strong>\u00a0 Tel.: +382 30 412050 Fax.: +382 30 412413e-mail: <a title=\"Nazif Cungu\" href=\"mailto:%20nazifcungu@gmail.com\" target=\"_blank\">nazifcungu@gmail.com<\/a><\/strong><\/p>\n<p style=\"text-align: left;\" align=\"center\"><!--YouTube Error: bad URL entered--><strong><\/strong><\/p>\n","protected":false},"excerpt":{"rendered":"<p>Qendra ditore p\u00ebr f\u00ebmij\u00eb dhe t\u00eb rinj me pengesa n\u00eb zhvillim sot fitoi nj\u00eb furgon p\u00ebr transportin e f\u00ebmij\u00ebve. Furgonin, komun\u00ebs s\u00eb Ulqinit ia dhuroj Ahmet Kurmemaj n\u00ebp\u00ebrmes fondacionit t\u00eb f\u00ebmij\u00ebve &#8220;The Kayla &amp; Jenna Kurmemaj&#8221; dhe \u00ebsht\u00eb i dedikuar k\u00ebsaj qendr\u00ebs ditore. Ahmet Kurmemaj i cili \u00ebsht\u00eb me origjine nga Tivari dhe gruaja e [&hellip;]<\/p>\n","protected":false},"author":1,"featured_media":0,"comment_status":"open","ping_status":"closed","sticky":false,"template":"","format":"standard","meta":{"spay_email":"","jetpack_publicize_message":"","jetpack_is_tweetstorm":false,"jetpack_publicize_feature_enabled":true},"categories":[1,11],"tags":[19228,19,200,18],"jetpack_publicize_connections":[],"yoast_head":"<!-- This site is optimized with the Yoast SEO plugin v19.1 - https:\/\/yoast.com\/wordpress\/plugins\/seo\/ -->\n<title>The Kayla &amp; Jenna Kurmemaj Children Foundation,ndihmon f\u00ebmij\u00ebt me pengesa n\u00eb Ulqin - Lajme nga Ulqini<\/title>\n<meta name=\"description\" content=\"Qendra ditore p\u00ebr f\u00ebmij\u00eb dhe t\u00eb rinj me pengesa n\u00eb zhvillim sot fitoi nj\u00eb furgon p\u00ebr transportin e f\u00ebmij\u00ebve. Furgonin, komun\u00ebs s\u00eb Ulqinit ia dhuroj Ahmet\" \/>\n<meta name=\"robots\" content=\"index, follow, max-snippet:-1, max-image-preview:large, max-video-preview:-1\" \/>\n<link rel=\"canonical\" href=\"https:\/\/www.visit-ulcinj.com\/blog\/2011\/10\/21\/the-kayla-jenna-kurmemaj-children-foundationndihmon-femijet-me-pengesa-ne-ulqin\/\" \/>\n<meta property=\"og:locale\" content=\"en_US\" \/>\n<meta property=\"og:type\" content=\"article\" \/>\n<meta property=\"og:title\" content=\"The Kayla &amp; Jenna Kurmemaj Children Foundation,ndihmon f\u00ebmij\u00ebt me pengesa n\u00eb Ulqin - Lajme nga Ulqini\" \/>\n<meta property=\"og:description\" content=\"Qendra ditore p\u00ebr f\u00ebmij\u00eb dhe t\u00eb rinj me pengesa n\u00eb zhvillim sot fitoi nj\u00eb furgon p\u00ebr transportin e f\u00ebmij\u00ebve. Furgonin, komun\u00ebs s\u00eb Ulqinit ia dhuroj Ahmet\" \/>\n<meta property=\"og:url\" content=\"https:\/\/www.visit-ulcinj.com\/blog\/2011\/10\/21\/the-kayla-jenna-kurmemaj-children-foundationndihmon-femijet-me-pengesa-ne-ulqin\/\" \/>\n<meta property=\"og:site_name\" content=\"Lajme nga Ulqini\" \/>\n<meta property=\"article:published_time\" content=\"2011-10-21T18:36:57+00:00\" \/>\n<meta property=\"article:modified_time\" content=\"2011-10-29T18:49:12+00:00\" \/>\n<meta property=\"og:image\" content=\"http:\/\/www.visit-ulcinj.com\/blog\/wp-content\/uploads\/2011\/10\/The-Kayla-Jenna-Kurmemaj-Children-Foundation-help-Ulqin_Montenegro.jpg\" \/>\n<meta name=\"twitter:label1\" content=\"Written by\" \/>\n\t<meta name=\"twitter:data1\" content=\"ulqini\" \/>\n\t<meta name=\"twitter:label2\" content=\"Est. reading time\" \/>\n\t<meta name=\"twitter:data2\" content=\"1 minute\" \/>\n<script type=\"application\/ld+json\" class=\"yoast-schema-graph\">{\"@context\":\"https:\/\/schema.org\",\"@graph\":[{\"@type\":\"WebSite\",\"@id\":\"https:\/\/www.visit-ulcinj.com\/blog\/#website\",\"url\":\"https:\/\/www.visit-ulcinj.com\/blog\/\",\"name\":\"Lajme nga Ulqini\",\"description\":\"Lajme,Vijesti,Ulqini,Ulqin,Crna Gora,Mali i Zi\",\"potentialAction\":[{\"@type\":\"SearchAction\",\"target\":{\"@type\":\"EntryPoint\",\"urlTemplate\":\"https:\/\/www.visit-ulcinj.com\/blog\/?s={search_term_string}\"},\"query-input\":\"required name=search_term_string\"}],\"inLanguage\":\"en-US\"},{\"@type\":\"ImageObject\",\"inLanguage\":\"en-US\",\"@id\":\"https:\/\/www.visit-ulcinj.com\/blog\/2011\/10\/21\/the-kayla-jenna-kurmemaj-children-foundationndihmon-femijet-me-pengesa-ne-ulqin\/#primaryimage\",\"url\":\"https:\/\/www.visit-ulcinj.com\/blog\/wp-content\/uploads\/2011\/10\/The-Kayla-Jenna-Kurmemaj-Children-Foundation-help-Ulqin_Montenegro.jpg\",\"contentUrl\":\"https:\/\/www.visit-ulcinj.com\/blog\/wp-content\/uploads\/2011\/10\/The-Kayla-Jenna-Kurmemaj-Children-Foundation-help-Ulqin_Montenegro.jpg\",\"width\":\"800\",\"height\":\"530\"},{\"@type\":\"WebPage\",\"@id\":\"https:\/\/www.visit-ulcinj.com\/blog\/2011\/10\/21\/the-kayla-jenna-kurmemaj-children-foundationndihmon-femijet-me-pengesa-ne-ulqin\/#webpage\",\"url\":\"https:\/\/www.visit-ulcinj.com\/blog\/2011\/10\/21\/the-kayla-jenna-kurmemaj-children-foundationndihmon-femijet-me-pengesa-ne-ulqin\/\",\"name\":\"The Kayla & Jenna Kurmemaj Children Foundation,ndihmon f\u00ebmij\u00ebt me pengesa n\u00eb Ulqin - Lajme nga Ulqini\",\"isPartOf\":{\"@id\":\"https:\/\/www.visit-ulcinj.com\/blog\/#website\"},\"primaryImageOfPage\":{\"@id\":\"https:\/\/www.visit-ulcinj.com\/blog\/2011\/10\/21\/the-kayla-jenna-kurmemaj-children-foundationndihmon-femijet-me-pengesa-ne-ulqin\/#primaryimage\"},\"datePublished\":\"2011-10-21T18:36:57+00:00\",\"dateModified\":\"2011-10-29T18:49:12+00:00\",\"author\":{\"@id\":\"https:\/\/www.visit-ulcinj.com\/blog\/#\/schema\/person\/dcab619c614d3038751c63bc2aadc06d\"},\"description\":\"Qendra ditore p\u00ebr f\u00ebmij\u00eb dhe t\u00eb rinj me pengesa n\u00eb zhvillim sot fitoi nj\u00eb furgon p\u00ebr transportin e f\u00ebmij\u00ebve. Furgonin, komun\u00ebs s\u00eb Ulqinit ia dhuroj Ahmet\",\"breadcrumb\":{\"@id\":\"https:\/\/www.visit-ulcinj.com\/blog\/2011\/10\/21\/the-kayla-jenna-kurmemaj-children-foundationndihmon-femijet-me-pengesa-ne-ulqin\/#breadcrumb\"},\"inLanguage\":\"en-US\",\"potentialAction\":[{\"@type\":\"ReadAction\",\"target\":[\"https:\/\/www.visit-ulcinj.com\/blog\/2011\/10\/21\/the-kayla-jenna-kurmemaj-children-foundationndihmon-femijet-me-pengesa-ne-ulqin\/\"]}]},{\"@type\":\"BreadcrumbList\",\"@id\":\"https:\/\/www.visit-ulcinj.com\/blog\/2011\/10\/21\/the-kayla-jenna-kurmemaj-children-foundationndihmon-femijet-me-pengesa-ne-ulqin\/#breadcrumb\",\"itemListElement\":[{\"@type\":\"ListItem\",\"position\":1,\"name\":\"The Kayla &#038; Jenna Kurmemaj Children Foundation,ndihmon f\u00ebmij\u00ebt me pengesa n\u00eb Ulqin\"}]},{\"@type\":\"Person\",\"@id\":\"https:\/\/www.visit-ulcinj.com\/blog\/#\/schema\/person\/dcab619c614d3038751c63bc2aadc06d\",\"name\":\"ulqini\",\"sameAs\":[\"http:\/\/www.visit-ulcinj.com\"],\"url\":\"https:\/\/www.visit-ulcinj.com\/blog\/author\/admin\/\"}]}<\/script>\n<!-- \/ Yoast SEO plugin. -->","yoast_head_json":{"title":"The Kayla & Jenna Kurmemaj Children Foundation,ndihmon f\u00ebmij\u00ebt me pengesa n\u00eb Ulqin - Lajme nga Ulqini","description":"Qendra ditore p\u00ebr f\u00ebmij\u00eb dhe t\u00eb rinj me pengesa n\u00eb zhvillim sot fitoi nj\u00eb furgon p\u00ebr transportin e f\u00ebmij\u00ebve. Furgonin, komun\u00ebs s\u00eb Ulqinit ia dhuroj Ahmet","robots":{"index":"index","follow":"follow","max-snippet":"max-snippet:-1","max-image-preview":"max-image-preview:large","max-video-preview":"max-video-preview:-1"},"canonical":"https:\/\/www.visit-ulcinj.com\/blog\/2011\/10\/21\/the-kayla-jenna-kurmemaj-children-foundationndihmon-femijet-me-pengesa-ne-ulqin\/","og_locale":"en_US","og_type":"article","og_title":"The Kayla & Jenna Kurmemaj Children Foundation,ndihmon f\u00ebmij\u00ebt me pengesa n\u00eb Ulqin - Lajme nga Ulqini","og_description":"Qendra ditore p\u00ebr f\u00ebmij\u00eb dhe t\u00eb rinj me pengesa n\u00eb zhvillim sot fitoi nj\u00eb furgon p\u00ebr transportin e f\u00ebmij\u00ebve. Furgonin, komun\u00ebs s\u00eb Ulqinit ia dhuroj Ahmet","og_url":"https:\/\/www.visit-ulcinj.com\/blog\/2011\/10\/21\/the-kayla-jenna-kurmemaj-children-foundationndihmon-femijet-me-pengesa-ne-ulqin\/","og_site_name":"Lajme nga Ulqini","article_published_time":"2011-10-21T18:36:57+00:00","article_modified_time":"2011-10-29T18:49:12+00:00","og_image":[{"url":"http:\/\/www.visit-ulcinj.com\/blog\/wp-content\/uploads\/2011\/10\/The-Kayla-Jenna-Kurmemaj-Children-Foundation-help-Ulqin_Montenegro.jpg"}],"twitter_misc":{"Written by":"ulqini","Est. reading time":"1 minute"},"schema":{"@context":"https:\/\/schema.org","@graph":[{"@type":"WebSite","@id":"https:\/\/www.visit-ulcinj.com\/blog\/#website","url":"https:\/\/www.visit-ulcinj.com\/blog\/","name":"Lajme nga Ulqini","description":"Lajme,Vijesti,Ulqini,Ulqin,Crna Gora,Mali i Zi","potentialAction":[{"@type":"SearchAction","target":{"@type":"EntryPoint","urlTemplate":"https:\/\/www.visit-ulcinj.com\/blog\/?s={search_term_string}"},"query-input":"required name=search_term_string"}],"inLanguage":"en-US"},{"@type":"ImageObject","inLanguage":"en-US","@id":"https:\/\/www.visit-ulcinj.com\/blog\/2011\/10\/21\/the-kayla-jenna-kurmemaj-children-foundationndihmon-femijet-me-pengesa-ne-ulqin\/#primaryimage","url":"https:\/\/www.visit-ulcinj.com\/blog\/wp-content\/uploads\/2011\/10\/The-Kayla-Jenna-Kurmemaj-Children-Foundation-help-Ulqin_Montenegro.jpg","contentUrl":"https:\/\/www.visit-ulcinj.com\/blog\/wp-content\/uploads\/2011\/10\/The-Kayla-Jenna-Kurmemaj-Children-Foundation-help-Ulqin_Montenegro.jpg","width":"800","height":"530"},{"@type":"WebPage","@id":"https:\/\/www.visit-ulcinj.com\/blog\/2011\/10\/21\/the-kayla-jenna-kurmemaj-children-foundationndihmon-femijet-me-pengesa-ne-ulqin\/#webpage","url":"https:\/\/www.visit-ulcinj.com\/blog\/2011\/10\/21\/the-kayla-jenna-kurmemaj-children-foundationndihmon-femijet-me-pengesa-ne-ulqin\/","name":"The Kayla & Jenna Kurmemaj Children Foundation,ndihmon f\u00ebmij\u00ebt me pengesa n\u00eb Ulqin - Lajme nga Ulqini","isPartOf":{"@id":"https:\/\/www.visit-ulcinj.com\/blog\/#website"},"primaryImageOfPage":{"@id":"https:\/\/www.visit-ulcinj.com\/blog\/2011\/10\/21\/the-kayla-jenna-kurmemaj-children-foundationndihmon-femijet-me-pengesa-ne-ulqin\/#primaryimage"},"datePublished":"2011-10-21T18:36:57+00:00","dateModified":"2011-10-29T18:49:12+00:00","author":{"@id":"https:\/\/www.visit-ulcinj.com\/blog\/#\/schema\/person\/dcab619c614d3038751c63bc2aadc06d"},"description":"Qendra ditore p\u00ebr f\u00ebmij\u00eb dhe t\u00eb rinj me pengesa n\u00eb zhvillim sot fitoi nj\u00eb furgon p\u00ebr transportin e f\u00ebmij\u00ebve. Furgonin, komun\u00ebs s\u00eb Ulqinit ia dhuroj Ahmet","breadcrumb":{"@id":"https:\/\/www.visit-ulcinj.com\/blog\/2011\/10\/21\/the-kayla-jenna-kurmemaj-children-foundationndihmon-femijet-me-pengesa-ne-ulqin\/#breadcrumb"},"inLanguage":"en-US","potentialAction":[{"@type":"ReadAction","target":["https:\/\/www.visit-ulcinj.com\/blog\/2011\/10\/21\/the-kayla-jenna-kurmemaj-children-foundationndihmon-femijet-me-pengesa-ne-ulqin\/"]}]},{"@type":"BreadcrumbList","@id":"https:\/\/www.visit-ulcinj.com\/blog\/2011\/10\/21\/the-kayla-jenna-kurmemaj-children-foundationndihmon-femijet-me-pengesa-ne-ulqin\/#breadcrumb","itemListElement":[{"@type":"ListItem","position":1,"name":"The Kayla &#038; Jenna Kurmemaj Children Foundation,ndihmon f\u00ebmij\u00ebt me pengesa n\u00eb Ulqin"}]},{"@type":"Person","@id":"https:\/\/www.visit-ulcinj.com\/blog\/#\/schema\/person\/dcab619c614d3038751c63bc2aadc06d","name":"ulqini","sameAs":["http:\/\/www.visit-ulcinj.com"],"url":"https:\/\/www.visit-ulcinj.com\/blog\/author\/admin\/"}]}},"jetpack_featured_media_url":"","jetpack_sharing_enabled":true,"jetpack_shortlink":"https:\/\/wp.me\/pe6lTn-dzK","_links":{"self":[{"href":"https:\/\/www.visit-ulcinj.com\/blog\/wp-json\/wp\/v2\/posts\/52188"}],"collection":[{"href":"https:\/\/www.visit-ulcinj.com\/blog\/wp-json\/wp\/v2\/posts"}],"about":[{"href":"https:\/\/www.visit-ulcinj.com\/blog\/wp-json\/wp\/v2\/types\/post"}],"author":[{"embeddable":true,"href":"https:\/\/www.visit-ulcinj.com\/blog\/wp-json\/wp\/v2\/users\/1"}],"replies":[{"embeddable":true,"href":"https:\/\/www.visit-ulcinj.com\/blog\/wp-json\/wp\/v2\/comments?post=52188"}],"version-history":[{"count":3,"href":"https:\/\/www.visit-ulcinj.com\/blog\/wp-json\/wp\/v2\/posts\/52188\/revisions"}],"predecessor-version":[{"id":52537,"href":"https:\/\/www.visit-ulcinj.com\/blog\/wp-json\/wp\/v2\/posts\/52188\/revisions\/52537"}],"wp:attachment":[{"href":"https:\/\/www.visit-ulcinj.com\/blog\/wp-json\/wp\/v2\/media?parent=52188"}],"wp:term":[{"taxonomy":"category","embeddable":true,"href":"https:\/\/www.visit-ulcinj.com\/blog\/wp-json\/wp\/v2\/categories?post=52188"},{"taxonomy":"post_tag","embeddable":true,"href":"https:\/\/www.visit-ulcinj.com\/blog\/wp-json\/wp\/v2\/tags?post=52188"}],"curies":[{"name":"wp","href":"https:\/\/api.w.org\/{rel}","templated":true}]}}