{"id":52197,"date":"2011-10-22T07:02:47","date_gmt":"2011-10-22T06:02:47","guid":{"rendered":"http:\/\/www.visit-ulcinj.com\/blog\/?p=52197"},"modified":"2011-10-22T07:06:19","modified_gmt":"2011-10-22T06:06:19","slug":"adelina-zyrtarisht-me-%e2%80%9ci-love-you-more%e2%80%9d","status":"publish","type":"post","link":"https:\/\/www.visit-ulcinj.com\/blog\/2011\/10\/22\/adelina-zyrtarisht-me-%e2%80%9ci-love-you-more%e2%80%9d\/","title":{"rendered":"Adelina zyrtarisht me \u201cI Love You More\u201d"},"content":{"rendered":"<p><a href=\"http:\/\/www.visit-ulcinj.com\/blog\/wp-content\/uploads\/2011\/10\/Adelina-Ismajli-zyrtarisht-meI-Love-You-More.jpg\"><img loading=\"lazy\" class=\"alignleft size-full wp-image-52198\" title=\"Adelina Ismajli zyrtarisht meI Love You More\" src=\"http:\/\/www.visit-ulcinj.com\/blog\/wp-content\/uploads\/2011\/10\/Adelina-Ismajli-zyrtarisht-meI-Love-You-More.jpg\" alt=\"\" width=\"508\" height=\"357\" \/><\/a>K\u00ebng\u00ebtarja e njohur kosovare, Adelina Ismajli ka b\u00ebr\u00eb premier\u00ebn ashtu sikurse edhe ka premtuar t\u00eb klipit \u201cI Love You More\u201d.<\/p>\n<p>K\u00ebnga n\u00eb fakt \u00ebsht\u00eb nj\u00eb bashk\u00ebpunim me k\u00ebng\u00ebtarin francez \u201cFaudel\u201d p\u00ebrderisa klipi i k\u00ebng\u00ebs \u00ebsht\u00eb realizuar n\u00eb kryeqytetin francez Paris.<\/p>\n<p>K\u00ebnga ka elemente t\u00eb shqipes dhe \u00ebsht\u00eb e k\u00ebnduar n\u00eb anglisht, por n\u00eb t\u00eb jan\u00eb t\u00eb g\u00ebrshetuar kat\u00ebr gjuh\u00eb \u2013 anglisht, fr\u00ebngjisht, arabisht dhe shqip.<\/p>\n<p>K\u00ebshtu k\u00ebng\u00ebtarja Adelina Ismajli me k\u00ebt\u00eb k\u00ebng\u00eb hyn\u00eb edhe n\u00eb tregun e huaj pasi q\u00eb dit\u00eb m\u00eb par\u00eb kompania Iliada Entertainment ka b\u00ebr\u00eb marr\u00ebveshje me kompanin\u00eb muzikore amerikane me baz\u00eb n\u00eb Los Angeles, Universal Music.<\/p>\n<p>K\u00ebnga \u00ebsht\u00eb tekno dhe \u00ebsht\u00eb nj\u00ebra prej krijimeve m\u00eb t\u00eb mira q\u00eb Adelina Ismajli ka b\u00ebr\u00eb n\u00eb karrier\u00ebn e saj disa vje\u00e7are.<\/p>\n<p><strong>Klipi \u201cI Love You More\u201d premier n\u00eb Express <\/strong><\/p>\n<!--YouTube Error: bad URL entered-->\n","protected":false},"excerpt":{"rendered":"<p>K\u00ebng\u00ebtarja e njohur kosovare, Adelina Ismajli ka b\u00ebr\u00eb premier\u00ebn ashtu sikurse edhe ka premtuar t\u00eb klipit \u201cI Love You More\u201d. K\u00ebnga n\u00eb fakt \u00ebsht\u00eb nj\u00eb bashk\u00ebpunim me k\u00ebng\u00ebtarin francez \u201cFaudel\u201d p\u00ebrderisa klipi i k\u00ebng\u00ebs \u00ebsht\u00eb realizuar n\u00eb kryeqytetin francez Paris. K\u00ebnga ka elemente t\u00eb shqipes dhe \u00ebsht\u00eb e k\u00ebnduar n\u00eb anglisht, por n\u00eb t\u00eb jan\u00eb [&hellip;]<\/p>\n","protected":false},"author":1,"featured_media":0,"comment_status":"open","ping_status":"closed","sticky":false,"template":"","format":"standard","meta":{"spay_email":"","jetpack_publicize_message":"","jetpack_is_tweetstorm":false,"jetpack_publicize_feature_enabled":true},"categories":[1],"tags":[5264,19229],"jetpack_publicize_connections":[],"yoast_head":"<!-- This site is optimized with the Yoast SEO plugin v19.1 - https:\/\/yoast.com\/wordpress\/plugins\/seo\/ -->\n<title>Adelina zyrtarisht me \u201cI Love You More\u201d - Lajme nga Ulqini<\/title>\n<meta name=\"description\" content=\"K\u00ebng\u00ebtarja e njohur kosovare, Adelina Ismajli ka b\u00ebr\u00eb premier\u00ebn ashtu sikurse edhe ka premtuar t\u00eb klipit \u201cI Love You More\u201d. K\u00ebnga n\u00eb fakt \u00ebsht\u00eb nj\u00eb\" \/>\n<meta name=\"robots\" content=\"index, follow, max-snippet:-1, max-image-preview:large, max-video-preview:-1\" \/>\n<link rel=\"canonical\" href=\"https:\/\/www.visit-ulcinj.com\/blog\/2011\/10\/22\/adelina-zyrtarisht-me-\u201ci-love-you-more\u201d\/\" \/>\n<meta property=\"og:locale\" content=\"en_US\" \/>\n<meta property=\"og:type\" content=\"article\" \/>\n<meta property=\"og:title\" content=\"Adelina zyrtarisht me \u201cI Love You More\u201d - Lajme nga Ulqini\" \/>\n<meta property=\"og:description\" content=\"K\u00ebng\u00ebtarja e njohur kosovare, Adelina Ismajli ka b\u00ebr\u00eb premier\u00ebn ashtu sikurse edhe ka premtuar t\u00eb klipit \u201cI Love You More\u201d. K\u00ebnga n\u00eb fakt \u00ebsht\u00eb nj\u00eb\" \/>\n<meta property=\"og:url\" content=\"https:\/\/www.visit-ulcinj.com\/blog\/2011\/10\/22\/adelina-zyrtarisht-me-\u201ci-love-you-more\u201d\/\" \/>\n<meta property=\"og:site_name\" content=\"Lajme nga Ulqini\" \/>\n<meta property=\"article:published_time\" content=\"2011-10-22T06:02:47+00:00\" \/>\n<meta property=\"article:modified_time\" content=\"2011-10-22T06:06:19+00:00\" \/>\n<meta property=\"og:image\" content=\"http:\/\/www.visit-ulcinj.com\/blog\/wp-content\/uploads\/2011\/10\/Adelina-Ismajli-zyrtarisht-meI-Love-You-More.jpg\" \/>\n<meta name=\"twitter:label1\" content=\"Written by\" \/>\n\t<meta name=\"twitter:data1\" content=\"ulqini\" \/>\n\t<meta name=\"twitter:label2\" content=\"Est. reading time\" \/>\n\t<meta name=\"twitter:data2\" content=\"1 minute\" \/>\n<script type=\"application\/ld+json\" class=\"yoast-schema-graph\">{\"@context\":\"https:\/\/schema.org\",\"@graph\":[{\"@type\":\"WebSite\",\"@id\":\"https:\/\/www.visit-ulcinj.com\/blog\/#website\",\"url\":\"https:\/\/www.visit-ulcinj.com\/blog\/\",\"name\":\"Lajme nga Ulqini\",\"description\":\"Lajme,Vijesti,Ulqini,Ulqin,Crna Gora,Mali i Zi\",\"potentialAction\":[{\"@type\":\"SearchAction\",\"target\":{\"@type\":\"EntryPoint\",\"urlTemplate\":\"https:\/\/www.visit-ulcinj.com\/blog\/?s={search_term_string}\"},\"query-input\":\"required name=search_term_string\"}],\"inLanguage\":\"en-US\"},{\"@type\":\"ImageObject\",\"inLanguage\":\"en-US\",\"@id\":\"https:\/\/www.visit-ulcinj.com\/blog\/2011\/10\/22\/adelina-zyrtarisht-me-%e2%80%9ci-love-you-more%e2%80%9d\/#primaryimage\",\"url\":\"http:\/\/www.visit-ulcinj.com\/blog\/wp-content\/uploads\/2011\/10\/Adelina-Ismajli-zyrtarisht-meI-Love-You-More.jpg\",\"contentUrl\":\"http:\/\/www.visit-ulcinj.com\/blog\/wp-content\/uploads\/2011\/10\/Adelina-Ismajli-zyrtarisht-meI-Love-You-More.jpg\"},{\"@type\":\"WebPage\",\"@id\":\"https:\/\/www.visit-ulcinj.com\/blog\/2011\/10\/22\/adelina-zyrtarisht-me-%e2%80%9ci-love-you-more%e2%80%9d\/#webpage\",\"url\":\"https:\/\/www.visit-ulcinj.com\/blog\/2011\/10\/22\/adelina-zyrtarisht-me-%e2%80%9ci-love-you-more%e2%80%9d\/\",\"name\":\"Adelina zyrtarisht me \u201cI Love You More\u201d - Lajme nga Ulqini\",\"isPartOf\":{\"@id\":\"https:\/\/www.visit-ulcinj.com\/blog\/#website\"},\"primaryImageOfPage\":{\"@id\":\"https:\/\/www.visit-ulcinj.com\/blog\/2011\/10\/22\/adelina-zyrtarisht-me-%e2%80%9ci-love-you-more%e2%80%9d\/#primaryimage\"},\"datePublished\":\"2011-10-22T06:02:47+00:00\",\"dateModified\":\"2011-10-22T06:06:19+00:00\",\"author\":{\"@id\":\"https:\/\/www.visit-ulcinj.com\/blog\/#\/schema\/person\/dcab619c614d3038751c63bc2aadc06d\"},\"description\":\"K\u00ebng\u00ebtarja e njohur kosovare, Adelina Ismajli ka b\u00ebr\u00eb premier\u00ebn ashtu sikurse edhe ka premtuar t\u00eb klipit \u201cI Love You More\u201d. K\u00ebnga n\u00eb fakt \u00ebsht\u00eb nj\u00eb\",\"breadcrumb\":{\"@id\":\"https:\/\/www.visit-ulcinj.com\/blog\/2011\/10\/22\/adelina-zyrtarisht-me-%e2%80%9ci-love-you-more%e2%80%9d\/#breadcrumb\"},\"inLanguage\":\"en-US\",\"potentialAction\":[{\"@type\":\"ReadAction\",\"target\":[\"https:\/\/www.visit-ulcinj.com\/blog\/2011\/10\/22\/adelina-zyrtarisht-me-%e2%80%9ci-love-you-more%e2%80%9d\/\"]}]},{\"@type\":\"BreadcrumbList\",\"@id\":\"https:\/\/www.visit-ulcinj.com\/blog\/2011\/10\/22\/adelina-zyrtarisht-me-%e2%80%9ci-love-you-more%e2%80%9d\/#breadcrumb\",\"itemListElement\":[{\"@type\":\"ListItem\",\"position\":1,\"name\":\"Adelina zyrtarisht me \u201cI Love You More\u201d\"}]},{\"@type\":\"Person\",\"@id\":\"https:\/\/www.visit-ulcinj.com\/blog\/#\/schema\/person\/dcab619c614d3038751c63bc2aadc06d\",\"name\":\"ulqini\",\"sameAs\":[\"http:\/\/www.visit-ulcinj.com\"],\"url\":\"https:\/\/www.visit-ulcinj.com\/blog\/author\/admin\/\"}]}<\/script>\n<!-- \/ Yoast SEO plugin. -->","yoast_head_json":{"title":"Adelina zyrtarisht me \u201cI Love You More\u201d - Lajme nga Ulqini","description":"K\u00ebng\u00ebtarja e njohur kosovare, Adelina Ismajli ka b\u00ebr\u00eb premier\u00ebn ashtu sikurse edhe ka premtuar t\u00eb klipit \u201cI Love You More\u201d. K\u00ebnga n\u00eb fakt \u00ebsht\u00eb nj\u00eb","robots":{"index":"index","follow":"follow","max-snippet":"max-snippet:-1","max-image-preview":"max-image-preview:large","max-video-preview":"max-video-preview:-1"},"canonical":"https:\/\/www.visit-ulcinj.com\/blog\/2011\/10\/22\/adelina-zyrtarisht-me-\u201ci-love-you-more\u201d\/","og_locale":"en_US","og_type":"article","og_title":"Adelina zyrtarisht me \u201cI Love You More\u201d - Lajme nga Ulqini","og_description":"K\u00ebng\u00ebtarja e njohur kosovare, Adelina Ismajli ka b\u00ebr\u00eb premier\u00ebn ashtu sikurse edhe ka premtuar t\u00eb klipit \u201cI Love You More\u201d. K\u00ebnga n\u00eb fakt \u00ebsht\u00eb nj\u00eb","og_url":"https:\/\/www.visit-ulcinj.com\/blog\/2011\/10\/22\/adelina-zyrtarisht-me-\u201ci-love-you-more\u201d\/","og_site_name":"Lajme nga Ulqini","article_published_time":"2011-10-22T06:02:47+00:00","article_modified_time":"2011-10-22T06:06:19+00:00","og_image":[{"url":"http:\/\/www.visit-ulcinj.com\/blog\/wp-content\/uploads\/2011\/10\/Adelina-Ismajli-zyrtarisht-meI-Love-You-More.jpg"}],"twitter_misc":{"Written by":"ulqini","Est. reading time":"1 minute"},"schema":{"@context":"https:\/\/schema.org","@graph":[{"@type":"WebSite","@id":"https:\/\/www.visit-ulcinj.com\/blog\/#website","url":"https:\/\/www.visit-ulcinj.com\/blog\/","name":"Lajme nga Ulqini","description":"Lajme,Vijesti,Ulqini,Ulqin,Crna Gora,Mali i Zi","potentialAction":[{"@type":"SearchAction","target":{"@type":"EntryPoint","urlTemplate":"https:\/\/www.visit-ulcinj.com\/blog\/?s={search_term_string}"},"query-input":"required name=search_term_string"}],"inLanguage":"en-US"},{"@type":"ImageObject","inLanguage":"en-US","@id":"https:\/\/www.visit-ulcinj.com\/blog\/2011\/10\/22\/adelina-zyrtarisht-me-%e2%80%9ci-love-you-more%e2%80%9d\/#primaryimage","url":"http:\/\/www.visit-ulcinj.com\/blog\/wp-content\/uploads\/2011\/10\/Adelina-Ismajli-zyrtarisht-meI-Love-You-More.jpg","contentUrl":"http:\/\/www.visit-ulcinj.com\/blog\/wp-content\/uploads\/2011\/10\/Adelina-Ismajli-zyrtarisht-meI-Love-You-More.jpg"},{"@type":"WebPage","@id":"https:\/\/www.visit-ulcinj.com\/blog\/2011\/10\/22\/adelina-zyrtarisht-me-%e2%80%9ci-love-you-more%e2%80%9d\/#webpage","url":"https:\/\/www.visit-ulcinj.com\/blog\/2011\/10\/22\/adelina-zyrtarisht-me-%e2%80%9ci-love-you-more%e2%80%9d\/","name":"Adelina zyrtarisht me \u201cI Love You More\u201d - Lajme nga Ulqini","isPartOf":{"@id":"https:\/\/www.visit-ulcinj.com\/blog\/#website"},"primaryImageOfPage":{"@id":"https:\/\/www.visit-ulcinj.com\/blog\/2011\/10\/22\/adelina-zyrtarisht-me-%e2%80%9ci-love-you-more%e2%80%9d\/#primaryimage"},"datePublished":"2011-10-22T06:02:47+00:00","dateModified":"2011-10-22T06:06:19+00:00","author":{"@id":"https:\/\/www.visit-ulcinj.com\/blog\/#\/schema\/person\/dcab619c614d3038751c63bc2aadc06d"},"description":"K\u00ebng\u00ebtarja e njohur kosovare, Adelina Ismajli ka b\u00ebr\u00eb premier\u00ebn ashtu sikurse edhe ka premtuar t\u00eb klipit \u201cI Love You More\u201d. K\u00ebnga n\u00eb fakt \u00ebsht\u00eb nj\u00eb","breadcrumb":{"@id":"https:\/\/www.visit-ulcinj.com\/blog\/2011\/10\/22\/adelina-zyrtarisht-me-%e2%80%9ci-love-you-more%e2%80%9d\/#breadcrumb"},"inLanguage":"en-US","potentialAction":[{"@type":"ReadAction","target":["https:\/\/www.visit-ulcinj.com\/blog\/2011\/10\/22\/adelina-zyrtarisht-me-%e2%80%9ci-love-you-more%e2%80%9d\/"]}]},{"@type":"BreadcrumbList","@id":"https:\/\/www.visit-ulcinj.com\/blog\/2011\/10\/22\/adelina-zyrtarisht-me-%e2%80%9ci-love-you-more%e2%80%9d\/#breadcrumb","itemListElement":[{"@type":"ListItem","position":1,"name":"Adelina zyrtarisht me \u201cI Love You More\u201d"}]},{"@type":"Person","@id":"https:\/\/www.visit-ulcinj.com\/blog\/#\/schema\/person\/dcab619c614d3038751c63bc2aadc06d","name":"ulqini","sameAs":["http:\/\/www.visit-ulcinj.com"],"url":"https:\/\/www.visit-ulcinj.com\/blog\/author\/admin\/"}]}},"jetpack_featured_media_url":"","jetpack_sharing_enabled":true,"jetpack_shortlink":"https:\/\/wp.me\/pe6lTn-dzT","_links":{"self":[{"href":"https:\/\/www.visit-ulcinj.com\/blog\/wp-json\/wp\/v2\/posts\/52197"}],"collection":[{"href":"https:\/\/www.visit-ulcinj.com\/blog\/wp-json\/wp\/v2\/posts"}],"about":[{"href":"https:\/\/www.visit-ulcinj.com\/blog\/wp-json\/wp\/v2\/types\/post"}],"author":[{"embeddable":true,"href":"https:\/\/www.visit-ulcinj.com\/blog\/wp-json\/wp\/v2\/users\/1"}],"replies":[{"embeddable":true,"href":"https:\/\/www.visit-ulcinj.com\/blog\/wp-json\/wp\/v2\/comments?post=52197"}],"version-history":[{"count":2,"href":"https:\/\/www.visit-ulcinj.com\/blog\/wp-json\/wp\/v2\/posts\/52197\/revisions"}],"predecessor-version":[{"id":52200,"href":"https:\/\/www.visit-ulcinj.com\/blog\/wp-json\/wp\/v2\/posts\/52197\/revisions\/52200"}],"wp:attachment":[{"href":"https:\/\/www.visit-ulcinj.com\/blog\/wp-json\/wp\/v2\/media?parent=52197"}],"wp:term":[{"taxonomy":"category","embeddable":true,"href":"https:\/\/www.visit-ulcinj.com\/blog\/wp-json\/wp\/v2\/categories?post=52197"},{"taxonomy":"post_tag","embeddable":true,"href":"https:\/\/www.visit-ulcinj.com\/blog\/wp-json\/wp\/v2\/tags?post=52197"}],"curies":[{"name":"wp","href":"https:\/\/api.w.org\/{rel}","templated":true}]}}