{"id":52213,"date":"2011-10-22T09:35:51","date_gmt":"2011-10-22T08:35:51","guid":{"rendered":"http:\/\/www.visit-ulcinj.com\/blog\/?p=52213"},"modified":"2011-10-22T09:40:16","modified_gmt":"2011-10-22T08:40:16","slug":"hajdinaga-potpisao-cungu-otpusta","status":"publish","type":"post","link":"https:\/\/www.visit-ulcinj.com\/blog\/2011\/10\/22\/hajdinaga-potpisao-cungu-otpusta\/","title":{"rendered":"Hajdinaga potpisao, Cungu otpu\u0161ta"},"content":{"rendered":"<div id=\"attachment_52214\" style=\"width: 518px\" class=\"wp-caption alignleft\"><a href=\"http:\/\/www.visit-ulcinj.com\/blog\/wp-content\/uploads\/2011\/10\/GZIM-HAJDINAGA_FOTO-VIJESTI_picnik.jpg\"><img aria-describedby=\"caption-attachment-52214\" loading=\"lazy\" class=\"size-full wp-image-52214\" title=\"GZIM HAJDINAGA_FOTO VIJESTI_picnik\" src=\"http:\/\/www.visit-ulcinj.com\/blog\/wp-content\/uploads\/2011\/10\/GZIM-HAJDINAGA_FOTO-VIJESTI_picnik.jpg\" alt=\"Foto: Vijesti\" width=\"508\" height=\"380\" \/><\/a><p id=\"caption-attachment-52214\" class=\"wp-caption-text\">Foto: Vijesti<\/p><\/div>\n<p>Op\u0161tina Ulcinj mora\u0107e narednih mjeseci da zna\u010dajno smanji broj zaposlenih i njihova primanja. Kresanje plata i otpu\u0161tanje radnika uslijedi\u0107e na osnovu ugovora koje je pred kraj mandata sa Ministarstvom finansija potpisao biv\u0161i predsjednik op\u0161tine Gzim Hajdinaga. Informaciju o tome nedavno je saop\u0161tio i novi predsjednik op\u0161tine Nazif Cungu, koji je rekao da ga je o tome obavijestio sekretar za finasije.<br \/>\n&#8211; Imam obavezu da obavijestim odbornike i gra\u0111ane, a pogotovo zaposlene u Op\u0161tini Ulcinj, da je biv\u0161i predsjednik sa Ministarstvom finansija potpisao ugovor po kome se mora otpustiti veliki broj zaposlenih, a plate treba smanjiti 25 odsto &#8211; kazao je Cungu.<br \/>\nOn je dodao da taj dokument jo\u0161 nije vidio, jer je poslat krajem septembra, dan-dva prije primopredaje du\u017enosti.<br \/>\n&#8211; Poslat je oko 26. ili 27. septembra. Mo\u017eda je i stigao, ali ga neko negdje skriva. No, uskoro \u0107e se znati ta\u010dna informacija &#8211; rekao je Cungu.<br \/>\n<a href=\"http:\/\/www.visit-ulcinj.com\/blog\/wp-content\/uploads\/2011\/10\/Nazif-Cungu_Ulcinj.jpg\"><img loading=\"lazy\" class=\"alignleft size-full wp-image-52215\" title=\"Nazif Cungu_Ulcinj\" src=\"http:\/\/www.visit-ulcinj.com\/blog\/wp-content\/uploads\/2011\/10\/Nazif-Cungu_Ulcinj.jpg\" alt=\"\" width=\"508\" height=\"330\" \/><\/a><br \/>\nJo\u0161 u februaru ove godine tada\u0161nji predsjednik op\u0161tine objavio je javni poziv zaposlenima u lokalnoj samoupravi za sporazumni raskid radnog odnosa.<br \/>\n&#8211; Na osnovu \u010dlana 17, 17a i 179d Zakona o penzijskom i invalidskom osiguranju, a u skladu sa planom sprovo\u0111enja aktivnosti reorganizacije i utvr\u0111ivanja optimalnog broja zaposlenih u lokalnoj samoupravi, zaposleni kojima je do ostvarivanja prava na penziju nedostaju do dvije godine i vi\u0161e pozivaju se da sporazumno raskinu radni odnos uz isplatu otpremnine. Otpremnina za nedostaju\u0107e dvije godine do ostvarivanja prava na penziju iznosi 12 bruto zarada zaposlenog, a za vi\u0161e od dvije godine uve\u0107ala bi se za odre\u0111eni fiksni iznos za svaku godinu koja nedostaje, a maksimalno za sedam &#8211; stajalo je u pozivu koji je tada potpisao Hajdinaga.<br \/>\nVlada od \u010delnih ljudi crnogorskih gradova o\u010dekuje da smanje broj zaposlenih u lokalnim upravama. Neki od njih ve\u0107 su po\u010deli sa otpu\u0161tanjima, a neki se tek spremaju da to u\u010dine. Ali, svi oni od dr\u017eave o\u010dekuju novac za otpremnine.<br \/>\nPrema saznanjima na\u0161eg lista, u op\u0161tinskim ustanovama i preduze\u0107ima zaposleno je 468 slu\u017ebenika. Iako nadle\u017eni do sada nijesu zvani\u010dno saop\u0161tili koliko je zaposlenih vi\u0161ak, dobro upu\u0107eni tvrde da taj broj varira izme\u0111u 100 i 150 zaposlenih.<br \/>\nPremijer Igor Luk\u0161i\u0107 ranije je kazao da \u0107e Vlada Crne Gore pomo\u0107i lokalnim samoupravama u obezbje\u0111ivanju novca za adekvatan socijalni program za isplatu otpremnina prekobrojnima u lokalnoj samoupravi. Prema zaklju\u010dcima Vlade Crne Gore i Zajednice op\u0161tina, radnici koji dobiju otkaz dobi\u0107e predvi\u0111ene otpremnine. Istovremeno, u Vladi i Zajednici op\u0161tina tvrde da projekat smanjivanja broja zaposlenih ne zna\u010di da se ne\u0107e otvarati nova radna mjesta za mlade i profesionalno obu\u010dene slu\u017ebenike. Cilj akcije, isti\u010du, nije puko smanjivanje broja zaposlenih, nego i \u017eelja da se se pobolj\u0161a profesionalna struktura zaposlenih u organima lokalne uprave i javnim preduze\u0107ima.<\/p>\n<p><strong>Hroni\u010dna\u00a0 besparica<\/strong><\/p>\n<p>Ulcinj odavno ima glomaznu administraciju, koja bi bila optere\u0107enje i za mnogo bogatije op\u0161tine. Zbog toga je u poslednje dvije godine bilo mnogo problema u redovnoj isplati zarada. Zbog hroni\u010dne besparice, zarade zaposlenih u lokalnoj upravi i javnim preduze\u0107ima \u010diji je osniva\u010d op\u0161tina kasnile su i po 16 mjeseci. Ta praksa je posebno bila prisutna u javnim preduze\u0107ima, pa nije bila rijetkost da zaposleni zaborave kada su poslednji put napunili nov\u010danike. Tu poraznu sliku najbolje ilustruje primjer Javnog preduze\u0107a za uzgoj i za\u0161titu divlja\u010di, gdje su radnici u jednom trenutku plate kasnile godinu i po. Ulcinjani nijesu prednja\u010dili samo u ka\u0161njenju plata. Prema podacima Monstata, gra\u0111ani najju\u017enije op\u0161tine imaju u prosjeku najni\u017ee plate u Crnoj Gori.<\/p>\n<p><strong>Sto \u010dinovnika dovoljno<\/strong><\/p>\n<p>Shodno odluci o organizovanju i na\u010dinu rada lokalne uprave, u op\u0161tini Ulcinj predvi\u0111en je rad osam sekretarijata i tri stru\u010dne slu\u017ebe, Kabinet predsjednika op\u0161tine, Slu\u017eba glavnog administratora i Slu\u017eba za zajedni\u010dke poslove, kao i dvije posebne slu\u017ebe, Slu\u017eba za za\u0161titu i spasavanje i Slu\u017eba za informacione sisteme. Prema evropskim standardima, shodno broju stanovnika u najju\u017enijoj crnogorskoj op\u0161tini, ne bi trebalo da bude zaposleno vi\u0161e od 100 \u010dinovnika.<\/p>\n<p><a href=\"http:\/\/www.dan.co.me\/?nivo=3&amp;rubrika=Regioni&amp;datum=2011-10-21&amp;clanak=302598\" target=\"_blank\"><strong>Izvor: DAN<\/strong><\/a><\/p>\n","protected":false},"excerpt":{"rendered":"<p>Op\u0161tina Ulcinj mora\u0107e narednih mjeseci da zna\u010dajno smanji broj zaposlenih i njihova primanja. Kresanje plata i otpu\u0161tanje radnika uslijedi\u0107e na osnovu ugovora koje je pred kraj mandata sa Ministarstvom finansija potpisao biv\u0161i predsjednik op\u0161tine Gzim Hajdinaga. Informaciju o tome nedavno je saop\u0161tio i novi predsjednik op\u0161tine Nazif Cungu, koji je rekao da ga je o [&hellip;]<\/p>\n","protected":false},"author":1,"featured_media":0,"comment_status":"open","ping_status":"closed","sticky":false,"template":"","format":"standard","meta":{"spay_email":"","jetpack_publicize_message":"","jetpack_is_tweetstorm":false,"jetpack_publicize_feature_enabled":true},"categories":[8337],"tags":[140,118,264,19232,19],"jetpack_publicize_connections":[],"yoast_head":"<!-- This site is optimized with the Yoast SEO plugin v19.1 - https:\/\/yoast.com\/wordpress\/plugins\/seo\/ -->\n<title>Hajdinaga potpisao, Cungu otpu\u0161ta - Lajme nga Ulqini<\/title>\n<meta name=\"description\" content=\"Op\u0161tina Ulcinj mora\u0107e narednih mjeseci da zna\u010dajno smanji broj zaposlenih i njihova primanja. Kresanje plata i otpu\u0161tanje radnika uslijedi\u0107e na osnovu\" \/>\n<meta name=\"robots\" content=\"index, follow, max-snippet:-1, max-image-preview:large, max-video-preview:-1\" \/>\n<link rel=\"canonical\" href=\"https:\/\/www.visit-ulcinj.com\/blog\/2011\/10\/22\/hajdinaga-potpisao-cungu-otpusta\/\" \/>\n<meta property=\"og:locale\" content=\"en_US\" \/>\n<meta property=\"og:type\" content=\"article\" \/>\n<meta property=\"og:title\" content=\"Hajdinaga potpisao, Cungu otpu\u0161ta - Lajme nga Ulqini\" \/>\n<meta property=\"og:description\" content=\"Op\u0161tina Ulcinj mora\u0107e narednih mjeseci da zna\u010dajno smanji broj zaposlenih i njihova primanja. Kresanje plata i otpu\u0161tanje radnika uslijedi\u0107e na osnovu\" \/>\n<meta property=\"og:url\" content=\"https:\/\/www.visit-ulcinj.com\/blog\/2011\/10\/22\/hajdinaga-potpisao-cungu-otpusta\/\" \/>\n<meta property=\"og:site_name\" content=\"Lajme nga Ulqini\" \/>\n<meta property=\"article:published_time\" content=\"2011-10-22T08:35:51+00:00\" \/>\n<meta property=\"article:modified_time\" content=\"2011-10-22T08:40:16+00:00\" \/>\n<meta property=\"og:image\" content=\"http:\/\/www.visit-ulcinj.com\/blog\/wp-content\/uploads\/2011\/10\/GZIM-HAJDINAGA_FOTO-VIJESTI_picnik.jpg\" \/>\n<meta name=\"twitter:label1\" content=\"Written by\" \/>\n\t<meta name=\"twitter:data1\" content=\"ulqini\" \/>\n\t<meta name=\"twitter:label2\" content=\"Est. reading time\" \/>\n\t<meta name=\"twitter:data2\" content=\"4 minutes\" \/>\n<script type=\"application\/ld+json\" class=\"yoast-schema-graph\">{\"@context\":\"https:\/\/schema.org\",\"@graph\":[{\"@type\":\"WebSite\",\"@id\":\"https:\/\/www.visit-ulcinj.com\/blog\/#website\",\"url\":\"https:\/\/www.visit-ulcinj.com\/blog\/\",\"name\":\"Lajme nga Ulqini\",\"description\":\"Lajme,Vijesti,Ulqini,Ulqin,Crna Gora,Mali i Zi\",\"potentialAction\":[{\"@type\":\"SearchAction\",\"target\":{\"@type\":\"EntryPoint\",\"urlTemplate\":\"https:\/\/www.visit-ulcinj.com\/blog\/?s={search_term_string}\"},\"query-input\":\"required name=search_term_string\"}],\"inLanguage\":\"en-US\"},{\"@type\":\"ImageObject\",\"inLanguage\":\"en-US\",\"@id\":\"https:\/\/www.visit-ulcinj.com\/blog\/2011\/10\/22\/hajdinaga-potpisao-cungu-otpusta\/#primaryimage\",\"url\":\"https:\/\/www.visit-ulcinj.com\/blog\/wp-content\/uploads\/2011\/10\/GZIM-HAJDINAGA_FOTO-VIJESTI_picnik.jpg\",\"contentUrl\":\"https:\/\/www.visit-ulcinj.com\/blog\/wp-content\/uploads\/2011\/10\/GZIM-HAJDINAGA_FOTO-VIJESTI_picnik.jpg\",\"width\":\"798\",\"height\":\"633\",\"caption\":\"Foto: Vijesti\"},{\"@type\":\"WebPage\",\"@id\":\"https:\/\/www.visit-ulcinj.com\/blog\/2011\/10\/22\/hajdinaga-potpisao-cungu-otpusta\/#webpage\",\"url\":\"https:\/\/www.visit-ulcinj.com\/blog\/2011\/10\/22\/hajdinaga-potpisao-cungu-otpusta\/\",\"name\":\"Hajdinaga potpisao, Cungu otpu\u0161ta - Lajme nga Ulqini\",\"isPartOf\":{\"@id\":\"https:\/\/www.visit-ulcinj.com\/blog\/#website\"},\"primaryImageOfPage\":{\"@id\":\"https:\/\/www.visit-ulcinj.com\/blog\/2011\/10\/22\/hajdinaga-potpisao-cungu-otpusta\/#primaryimage\"},\"datePublished\":\"2011-10-22T08:35:51+00:00\",\"dateModified\":\"2011-10-22T08:40:16+00:00\",\"author\":{\"@id\":\"https:\/\/www.visit-ulcinj.com\/blog\/#\/schema\/person\/dcab619c614d3038751c63bc2aadc06d\"},\"description\":\"Op\u0161tina Ulcinj mora\u0107e narednih mjeseci da zna\u010dajno smanji broj zaposlenih i njihova primanja. Kresanje plata i otpu\u0161tanje radnika uslijedi\u0107e na osnovu\",\"breadcrumb\":{\"@id\":\"https:\/\/www.visit-ulcinj.com\/blog\/2011\/10\/22\/hajdinaga-potpisao-cungu-otpusta\/#breadcrumb\"},\"inLanguage\":\"en-US\",\"potentialAction\":[{\"@type\":\"ReadAction\",\"target\":[\"https:\/\/www.visit-ulcinj.com\/blog\/2011\/10\/22\/hajdinaga-potpisao-cungu-otpusta\/\"]}]},{\"@type\":\"BreadcrumbList\",\"@id\":\"https:\/\/www.visit-ulcinj.com\/blog\/2011\/10\/22\/hajdinaga-potpisao-cungu-otpusta\/#breadcrumb\",\"itemListElement\":[{\"@type\":\"ListItem\",\"position\":1,\"name\":\"Hajdinaga potpisao, Cungu otpu\u0161ta\"}]},{\"@type\":\"Person\",\"@id\":\"https:\/\/www.visit-ulcinj.com\/blog\/#\/schema\/person\/dcab619c614d3038751c63bc2aadc06d\",\"name\":\"ulqini\",\"sameAs\":[\"http:\/\/www.visit-ulcinj.com\"],\"url\":\"https:\/\/www.visit-ulcinj.com\/blog\/author\/admin\/\"}]}<\/script>\n<!-- \/ Yoast SEO plugin. -->","yoast_head_json":{"title":"Hajdinaga potpisao, Cungu otpu\u0161ta - Lajme nga Ulqini","description":"Op\u0161tina Ulcinj mora\u0107e narednih mjeseci da zna\u010dajno smanji broj zaposlenih i njihova primanja. Kresanje plata i otpu\u0161tanje radnika uslijedi\u0107e na osnovu","robots":{"index":"index","follow":"follow","max-snippet":"max-snippet:-1","max-image-preview":"max-image-preview:large","max-video-preview":"max-video-preview:-1"},"canonical":"https:\/\/www.visit-ulcinj.com\/blog\/2011\/10\/22\/hajdinaga-potpisao-cungu-otpusta\/","og_locale":"en_US","og_type":"article","og_title":"Hajdinaga potpisao, Cungu otpu\u0161ta - Lajme nga Ulqini","og_description":"Op\u0161tina Ulcinj mora\u0107e narednih mjeseci da zna\u010dajno smanji broj zaposlenih i njihova primanja. Kresanje plata i otpu\u0161tanje radnika uslijedi\u0107e na osnovu","og_url":"https:\/\/www.visit-ulcinj.com\/blog\/2011\/10\/22\/hajdinaga-potpisao-cungu-otpusta\/","og_site_name":"Lajme nga Ulqini","article_published_time":"2011-10-22T08:35:51+00:00","article_modified_time":"2011-10-22T08:40:16+00:00","og_image":[{"url":"http:\/\/www.visit-ulcinj.com\/blog\/wp-content\/uploads\/2011\/10\/GZIM-HAJDINAGA_FOTO-VIJESTI_picnik.jpg"}],"twitter_misc":{"Written by":"ulqini","Est. reading time":"4 minutes"},"schema":{"@context":"https:\/\/schema.org","@graph":[{"@type":"WebSite","@id":"https:\/\/www.visit-ulcinj.com\/blog\/#website","url":"https:\/\/www.visit-ulcinj.com\/blog\/","name":"Lajme nga Ulqini","description":"Lajme,Vijesti,Ulqini,Ulqin,Crna Gora,Mali i Zi","potentialAction":[{"@type":"SearchAction","target":{"@type":"EntryPoint","urlTemplate":"https:\/\/www.visit-ulcinj.com\/blog\/?s={search_term_string}"},"query-input":"required name=search_term_string"}],"inLanguage":"en-US"},{"@type":"ImageObject","inLanguage":"en-US","@id":"https:\/\/www.visit-ulcinj.com\/blog\/2011\/10\/22\/hajdinaga-potpisao-cungu-otpusta\/#primaryimage","url":"https:\/\/www.visit-ulcinj.com\/blog\/wp-content\/uploads\/2011\/10\/GZIM-HAJDINAGA_FOTO-VIJESTI_picnik.jpg","contentUrl":"https:\/\/www.visit-ulcinj.com\/blog\/wp-content\/uploads\/2011\/10\/GZIM-HAJDINAGA_FOTO-VIJESTI_picnik.jpg","width":"798","height":"633","caption":"Foto: Vijesti"},{"@type":"WebPage","@id":"https:\/\/www.visit-ulcinj.com\/blog\/2011\/10\/22\/hajdinaga-potpisao-cungu-otpusta\/#webpage","url":"https:\/\/www.visit-ulcinj.com\/blog\/2011\/10\/22\/hajdinaga-potpisao-cungu-otpusta\/","name":"Hajdinaga potpisao, Cungu otpu\u0161ta - Lajme nga Ulqini","isPartOf":{"@id":"https:\/\/www.visit-ulcinj.com\/blog\/#website"},"primaryImageOfPage":{"@id":"https:\/\/www.visit-ulcinj.com\/blog\/2011\/10\/22\/hajdinaga-potpisao-cungu-otpusta\/#primaryimage"},"datePublished":"2011-10-22T08:35:51+00:00","dateModified":"2011-10-22T08:40:16+00:00","author":{"@id":"https:\/\/www.visit-ulcinj.com\/blog\/#\/schema\/person\/dcab619c614d3038751c63bc2aadc06d"},"description":"Op\u0161tina Ulcinj mora\u0107e narednih mjeseci da zna\u010dajno smanji broj zaposlenih i njihova primanja. Kresanje plata i otpu\u0161tanje radnika uslijedi\u0107e na osnovu","breadcrumb":{"@id":"https:\/\/www.visit-ulcinj.com\/blog\/2011\/10\/22\/hajdinaga-potpisao-cungu-otpusta\/#breadcrumb"},"inLanguage":"en-US","potentialAction":[{"@type":"ReadAction","target":["https:\/\/www.visit-ulcinj.com\/blog\/2011\/10\/22\/hajdinaga-potpisao-cungu-otpusta\/"]}]},{"@type":"BreadcrumbList","@id":"https:\/\/www.visit-ulcinj.com\/blog\/2011\/10\/22\/hajdinaga-potpisao-cungu-otpusta\/#breadcrumb","itemListElement":[{"@type":"ListItem","position":1,"name":"Hajdinaga potpisao, Cungu otpu\u0161ta"}]},{"@type":"Person","@id":"https:\/\/www.visit-ulcinj.com\/blog\/#\/schema\/person\/dcab619c614d3038751c63bc2aadc06d","name":"ulqini","sameAs":["http:\/\/www.visit-ulcinj.com"],"url":"https:\/\/www.visit-ulcinj.com\/blog\/author\/admin\/"}]}},"jetpack_featured_media_url":"","jetpack_sharing_enabled":true,"jetpack_shortlink":"https:\/\/wp.me\/pe6lTn-dA9","_links":{"self":[{"href":"https:\/\/www.visit-ulcinj.com\/blog\/wp-json\/wp\/v2\/posts\/52213"}],"collection":[{"href":"https:\/\/www.visit-ulcinj.com\/blog\/wp-json\/wp\/v2\/posts"}],"about":[{"href":"https:\/\/www.visit-ulcinj.com\/blog\/wp-json\/wp\/v2\/types\/post"}],"author":[{"embeddable":true,"href":"https:\/\/www.visit-ulcinj.com\/blog\/wp-json\/wp\/v2\/users\/1"}],"replies":[{"embeddable":true,"href":"https:\/\/www.visit-ulcinj.com\/blog\/wp-json\/wp\/v2\/comments?post=52213"}],"version-history":[{"count":4,"href":"https:\/\/www.visit-ulcinj.com\/blog\/wp-json\/wp\/v2\/posts\/52213\/revisions"}],"predecessor-version":[{"id":52218,"href":"https:\/\/www.visit-ulcinj.com\/blog\/wp-json\/wp\/v2\/posts\/52213\/revisions\/52218"}],"wp:attachment":[{"href":"https:\/\/www.visit-ulcinj.com\/blog\/wp-json\/wp\/v2\/media?parent=52213"}],"wp:term":[{"taxonomy":"category","embeddable":true,"href":"https:\/\/www.visit-ulcinj.com\/blog\/wp-json\/wp\/v2\/categories?post=52213"},{"taxonomy":"post_tag","embeddable":true,"href":"https:\/\/www.visit-ulcinj.com\/blog\/wp-json\/wp\/v2\/tags?post=52213"}],"curies":[{"name":"wp","href":"https:\/\/api.w.org\/{rel}","templated":true}]}}