{"id":52220,"date":"2011-10-22T11:00:32","date_gmt":"2011-10-22T10:00:32","guid":{"rendered":"http:\/\/www.visit-ulcinj.com\/blog\/?p=52220"},"modified":"2011-10-22T11:01:46","modified_gmt":"2011-10-22T10:01:46","slug":"dafina-zeqiri-maniake-pas-parase%e2%80%a6","status":"publish","type":"post","link":"https:\/\/www.visit-ulcinj.com\/blog\/2011\/10\/22\/dafina-zeqiri-maniake-pas-parase%e2%80%a6\/","title":{"rendered":"Dafina Zeqiri MANIAKE pas paras\u00eb\u2026"},"content":{"rendered":"<p><a href=\"http:\/\/www.visit-ulcinj.com\/blog\/wp-content\/uploads\/2011\/10\/Dafina-Zeqiri.jpg\"><img loading=\"lazy\" class=\"alignleft size-full wp-image-52221\" title=\"Dafina Zeqiri\" src=\"http:\/\/www.visit-ulcinj.com\/blog\/wp-content\/uploads\/2011\/10\/Dafina-Zeqiri.jpg\" alt=\"\" width=\"340\" height=\"390\" \/><\/a>Dafina Zeqiri k\u00ebng\u00ebtarja e cila u b\u00eb e njohur fal\u00eb bashk\u00ebpunimeve\u00a0me k\u00ebng\u00ebtar\u00eb t\u00eb njohur si Blero, 2po2, Capital T\u00a0apo t\u00eb tjer\u00eb, dhe tashm\u00eb brenda pak koh\u00ebsh ua ka kaluar p\u00ebr fam\u00eb edhe atyre.<\/p>\n<p>Madje, ka arritur nj\u00eb sukses q\u00eb pak k\u00ebng\u00ebtare shqiptar\u00eb kan\u00eb arritur ta ken\u00eb deri m\u00eb sot. Sepse Duffy, e konsideron veten kaq t\u00eb r\u00ebnd\u00ebsishme saq\u00eb jo vet\u00ebm q\u00eb moderator\u00ebt televiziv\u00eb duhet t\u00eb paguajn\u00eb p\u00ebr ta pasur t\u00eb ftuar n\u00eb emisionet e tyre\u00a0 si\u00e7 ishte rasti\u00a0i Arian \u00c7anit refuzuar nga ana e Duffy-t,\u00a0 por edhe stacionet muzikore duhet t\u00eb\u00a0paguajn\u00eb p\u00ebr transmetimin e klipeve t\u00eb saj.<\/p>\n<p>K\u00ebshtu ka ndodhur me nj\u00eb stacion ne\u00a0Kosov\u00eb, drejtuesve televiziv t\u00eb t\u00eb cilit menaxheri i\u00a0k\u00ebng\u00ebtares u ka k\u00ebrkuar para p\u00ebr transmetimin e klipeve. Nd\u00ebrkoh\u00eb q\u00eb transmetimi i klipeve muzikore n\u00eb televizione t\u00eb ndryshme \u00ebsht\u00eb konsideruar deri m\u00eb sot nj\u00eb reklam\u00eb falas p\u00ebr k\u00ebng\u00ebtar\u00ebt. P\u00ebr k\u00ebt\u00eb arsye k\u00ebrkesa p\u00ebr para e Duffy-t konsiderohet\u00a0 paradoks. Mir\u00ebpo n\u00eb k\u00ebt\u00eb m\u00ebnyr\u00eb k\u00ebng\u00ebtarja\u00a0ka arritur n\u00eb show biz t\u00eb krijoj\u00eb nj\u00eb profil q\u00eb shum\u00eb pak t\u00eb tjera e kan\u00eb.<\/p>\n<p><strong>Bluetooth<\/strong><\/p>\n<!--YouTube Error: bad URL entered-->\n","protected":false},"excerpt":{"rendered":"<p>Dafina Zeqiri k\u00ebng\u00ebtarja e cila u b\u00eb e njohur fal\u00eb bashk\u00ebpunimeve\u00a0me k\u00ebng\u00ebtar\u00eb t\u00eb njohur si Blero, 2po2, Capital T\u00a0apo t\u00eb tjer\u00eb, dhe tashm\u00eb brenda pak koh\u00ebsh ua ka kaluar p\u00ebr fam\u00eb edhe atyre. Madje, ka arritur nj\u00eb sukses q\u00eb pak k\u00ebng\u00ebtare shqiptar\u00eb kan\u00eb arritur ta ken\u00eb deri m\u00eb sot. Sepse Duffy, e konsideron veten kaq [&hellip;]<\/p>\n","protected":false},"author":1,"featured_media":0,"comment_status":"open","ping_status":"closed","sticky":false,"template":"","format":"standard","meta":{"spay_email":"","jetpack_publicize_message":"","jetpack_is_tweetstorm":false,"jetpack_publicize_feature_enabled":true},"categories":[1],"tags":[4926],"jetpack_publicize_connections":[],"yoast_head":"<!-- This site is optimized with the Yoast SEO plugin v19.1 - https:\/\/yoast.com\/wordpress\/plugins\/seo\/ -->\n<title>Dafina Zeqiri MANIAKE pas paras\u00eb\u2026 - Lajme nga Ulqini<\/title>\n<meta name=\"description\" content=\"Dafina Zeqiri k\u00ebng\u00ebtarja e cila u b\u00eb e njohur fal\u00eb bashk\u00ebpunimeve\u00a0me k\u00ebng\u00ebtar\u00eb t\u00eb njohur si Blero, 2po2, Capital T\u00a0apo t\u00eb tjer\u00eb, dhe tashm\u00eb brenda pak\" \/>\n<meta name=\"robots\" content=\"index, follow, max-snippet:-1, max-image-preview:large, max-video-preview:-1\" \/>\n<link rel=\"canonical\" href=\"https:\/\/www.visit-ulcinj.com\/blog\/2011\/10\/22\/dafina-zeqiri-maniake-pas-parase\u2026\/\" \/>\n<meta property=\"og:locale\" content=\"en_US\" \/>\n<meta property=\"og:type\" content=\"article\" \/>\n<meta property=\"og:title\" content=\"Dafina Zeqiri MANIAKE pas paras\u00eb\u2026 - Lajme nga Ulqini\" \/>\n<meta property=\"og:description\" content=\"Dafina Zeqiri k\u00ebng\u00ebtarja e cila u b\u00eb e njohur fal\u00eb bashk\u00ebpunimeve\u00a0me k\u00ebng\u00ebtar\u00eb t\u00eb njohur si Blero, 2po2, Capital T\u00a0apo t\u00eb tjer\u00eb, dhe tashm\u00eb brenda pak\" \/>\n<meta property=\"og:url\" content=\"https:\/\/www.visit-ulcinj.com\/blog\/2011\/10\/22\/dafina-zeqiri-maniake-pas-parase\u2026\/\" \/>\n<meta property=\"og:site_name\" content=\"Lajme nga Ulqini\" \/>\n<meta property=\"article:published_time\" content=\"2011-10-22T10:00:32+00:00\" \/>\n<meta property=\"article:modified_time\" content=\"2011-10-22T10:01:46+00:00\" \/>\n<meta property=\"og:image\" content=\"http:\/\/www.visit-ulcinj.com\/blog\/wp-content\/uploads\/2011\/10\/Dafina-Zeqiri.jpg\" \/>\n<meta name=\"twitter:label1\" content=\"Written by\" \/>\n\t<meta name=\"twitter:data1\" content=\"ulqini\" \/>\n\t<meta name=\"twitter:label2\" content=\"Est. reading time\" \/>\n\t<meta name=\"twitter:data2\" content=\"1 minute\" \/>\n<script type=\"application\/ld+json\" class=\"yoast-schema-graph\">{\"@context\":\"https:\/\/schema.org\",\"@graph\":[{\"@type\":\"WebSite\",\"@id\":\"https:\/\/www.visit-ulcinj.com\/blog\/#website\",\"url\":\"https:\/\/www.visit-ulcinj.com\/blog\/\",\"name\":\"Lajme nga Ulqini\",\"description\":\"Lajme,Vijesti,Ulqini,Ulqin,Crna Gora,Mali i Zi\",\"potentialAction\":[{\"@type\":\"SearchAction\",\"target\":{\"@type\":\"EntryPoint\",\"urlTemplate\":\"https:\/\/www.visit-ulcinj.com\/blog\/?s={search_term_string}\"},\"query-input\":\"required name=search_term_string\"}],\"inLanguage\":\"en-US\"},{\"@type\":\"ImageObject\",\"inLanguage\":\"en-US\",\"@id\":\"https:\/\/www.visit-ulcinj.com\/blog\/2011\/10\/22\/dafina-zeqiri-maniake-pas-parase%e2%80%a6\/#primaryimage\",\"url\":\"http:\/\/www.visit-ulcinj.com\/blog\/wp-content\/uploads\/2011\/10\/Dafina-Zeqiri.jpg\",\"contentUrl\":\"http:\/\/www.visit-ulcinj.com\/blog\/wp-content\/uploads\/2011\/10\/Dafina-Zeqiri.jpg\"},{\"@type\":\"WebPage\",\"@id\":\"https:\/\/www.visit-ulcinj.com\/blog\/2011\/10\/22\/dafina-zeqiri-maniake-pas-parase%e2%80%a6\/#webpage\",\"url\":\"https:\/\/www.visit-ulcinj.com\/blog\/2011\/10\/22\/dafina-zeqiri-maniake-pas-parase%e2%80%a6\/\",\"name\":\"Dafina Zeqiri MANIAKE pas paras\u00eb\u2026 - Lajme nga Ulqini\",\"isPartOf\":{\"@id\":\"https:\/\/www.visit-ulcinj.com\/blog\/#website\"},\"primaryImageOfPage\":{\"@id\":\"https:\/\/www.visit-ulcinj.com\/blog\/2011\/10\/22\/dafina-zeqiri-maniake-pas-parase%e2%80%a6\/#primaryimage\"},\"datePublished\":\"2011-10-22T10:00:32+00:00\",\"dateModified\":\"2011-10-22T10:01:46+00:00\",\"author\":{\"@id\":\"https:\/\/www.visit-ulcinj.com\/blog\/#\/schema\/person\/dcab619c614d3038751c63bc2aadc06d\"},\"description\":\"Dafina Zeqiri k\u00ebng\u00ebtarja e cila u b\u00eb e njohur fal\u00eb bashk\u00ebpunimeve\u00a0me k\u00ebng\u00ebtar\u00eb t\u00eb njohur si Blero, 2po2, Capital T\u00a0apo t\u00eb tjer\u00eb, dhe tashm\u00eb brenda pak\",\"breadcrumb\":{\"@id\":\"https:\/\/www.visit-ulcinj.com\/blog\/2011\/10\/22\/dafina-zeqiri-maniake-pas-parase%e2%80%a6\/#breadcrumb\"},\"inLanguage\":\"en-US\",\"potentialAction\":[{\"@type\":\"ReadAction\",\"target\":[\"https:\/\/www.visit-ulcinj.com\/blog\/2011\/10\/22\/dafina-zeqiri-maniake-pas-parase%e2%80%a6\/\"]}]},{\"@type\":\"BreadcrumbList\",\"@id\":\"https:\/\/www.visit-ulcinj.com\/blog\/2011\/10\/22\/dafina-zeqiri-maniake-pas-parase%e2%80%a6\/#breadcrumb\",\"itemListElement\":[{\"@type\":\"ListItem\",\"position\":1,\"name\":\"Dafina Zeqiri MANIAKE pas paras\u00eb\u2026\"}]},{\"@type\":\"Person\",\"@id\":\"https:\/\/www.visit-ulcinj.com\/blog\/#\/schema\/person\/dcab619c614d3038751c63bc2aadc06d\",\"name\":\"ulqini\",\"sameAs\":[\"http:\/\/www.visit-ulcinj.com\"],\"url\":\"https:\/\/www.visit-ulcinj.com\/blog\/author\/admin\/\"}]}<\/script>\n<!-- \/ Yoast SEO plugin. -->","yoast_head_json":{"title":"Dafina Zeqiri MANIAKE pas paras\u00eb\u2026 - Lajme nga Ulqini","description":"Dafina Zeqiri k\u00ebng\u00ebtarja e cila u b\u00eb e njohur fal\u00eb bashk\u00ebpunimeve\u00a0me k\u00ebng\u00ebtar\u00eb t\u00eb njohur si Blero, 2po2, Capital T\u00a0apo t\u00eb tjer\u00eb, dhe tashm\u00eb brenda pak","robots":{"index":"index","follow":"follow","max-snippet":"max-snippet:-1","max-image-preview":"max-image-preview:large","max-video-preview":"max-video-preview:-1"},"canonical":"https:\/\/www.visit-ulcinj.com\/blog\/2011\/10\/22\/dafina-zeqiri-maniake-pas-parase\u2026\/","og_locale":"en_US","og_type":"article","og_title":"Dafina Zeqiri MANIAKE pas paras\u00eb\u2026 - Lajme nga Ulqini","og_description":"Dafina Zeqiri k\u00ebng\u00ebtarja e cila u b\u00eb e njohur fal\u00eb bashk\u00ebpunimeve\u00a0me k\u00ebng\u00ebtar\u00eb t\u00eb njohur si Blero, 2po2, Capital T\u00a0apo t\u00eb tjer\u00eb, dhe tashm\u00eb brenda pak","og_url":"https:\/\/www.visit-ulcinj.com\/blog\/2011\/10\/22\/dafina-zeqiri-maniake-pas-parase\u2026\/","og_site_name":"Lajme nga Ulqini","article_published_time":"2011-10-22T10:00:32+00:00","article_modified_time":"2011-10-22T10:01:46+00:00","og_image":[{"url":"http:\/\/www.visit-ulcinj.com\/blog\/wp-content\/uploads\/2011\/10\/Dafina-Zeqiri.jpg"}],"twitter_misc":{"Written by":"ulqini","Est. reading time":"1 minute"},"schema":{"@context":"https:\/\/schema.org","@graph":[{"@type":"WebSite","@id":"https:\/\/www.visit-ulcinj.com\/blog\/#website","url":"https:\/\/www.visit-ulcinj.com\/blog\/","name":"Lajme nga Ulqini","description":"Lajme,Vijesti,Ulqini,Ulqin,Crna Gora,Mali i Zi","potentialAction":[{"@type":"SearchAction","target":{"@type":"EntryPoint","urlTemplate":"https:\/\/www.visit-ulcinj.com\/blog\/?s={search_term_string}"},"query-input":"required name=search_term_string"}],"inLanguage":"en-US"},{"@type":"ImageObject","inLanguage":"en-US","@id":"https:\/\/www.visit-ulcinj.com\/blog\/2011\/10\/22\/dafina-zeqiri-maniake-pas-parase%e2%80%a6\/#primaryimage","url":"http:\/\/www.visit-ulcinj.com\/blog\/wp-content\/uploads\/2011\/10\/Dafina-Zeqiri.jpg","contentUrl":"http:\/\/www.visit-ulcinj.com\/blog\/wp-content\/uploads\/2011\/10\/Dafina-Zeqiri.jpg"},{"@type":"WebPage","@id":"https:\/\/www.visit-ulcinj.com\/blog\/2011\/10\/22\/dafina-zeqiri-maniake-pas-parase%e2%80%a6\/#webpage","url":"https:\/\/www.visit-ulcinj.com\/blog\/2011\/10\/22\/dafina-zeqiri-maniake-pas-parase%e2%80%a6\/","name":"Dafina Zeqiri MANIAKE pas paras\u00eb\u2026 - Lajme nga Ulqini","isPartOf":{"@id":"https:\/\/www.visit-ulcinj.com\/blog\/#website"},"primaryImageOfPage":{"@id":"https:\/\/www.visit-ulcinj.com\/blog\/2011\/10\/22\/dafina-zeqiri-maniake-pas-parase%e2%80%a6\/#primaryimage"},"datePublished":"2011-10-22T10:00:32+00:00","dateModified":"2011-10-22T10:01:46+00:00","author":{"@id":"https:\/\/www.visit-ulcinj.com\/blog\/#\/schema\/person\/dcab619c614d3038751c63bc2aadc06d"},"description":"Dafina Zeqiri k\u00ebng\u00ebtarja e cila u b\u00eb e njohur fal\u00eb bashk\u00ebpunimeve\u00a0me k\u00ebng\u00ebtar\u00eb t\u00eb njohur si Blero, 2po2, Capital T\u00a0apo t\u00eb tjer\u00eb, dhe tashm\u00eb brenda pak","breadcrumb":{"@id":"https:\/\/www.visit-ulcinj.com\/blog\/2011\/10\/22\/dafina-zeqiri-maniake-pas-parase%e2%80%a6\/#breadcrumb"},"inLanguage":"en-US","potentialAction":[{"@type":"ReadAction","target":["https:\/\/www.visit-ulcinj.com\/blog\/2011\/10\/22\/dafina-zeqiri-maniake-pas-parase%e2%80%a6\/"]}]},{"@type":"BreadcrumbList","@id":"https:\/\/www.visit-ulcinj.com\/blog\/2011\/10\/22\/dafina-zeqiri-maniake-pas-parase%e2%80%a6\/#breadcrumb","itemListElement":[{"@type":"ListItem","position":1,"name":"Dafina Zeqiri MANIAKE pas paras\u00eb\u2026"}]},{"@type":"Person","@id":"https:\/\/www.visit-ulcinj.com\/blog\/#\/schema\/person\/dcab619c614d3038751c63bc2aadc06d","name":"ulqini","sameAs":["http:\/\/www.visit-ulcinj.com"],"url":"https:\/\/www.visit-ulcinj.com\/blog\/author\/admin\/"}]}},"jetpack_featured_media_url":"","jetpack_sharing_enabled":true,"jetpack_shortlink":"https:\/\/wp.me\/pe6lTn-dAg","_links":{"self":[{"href":"https:\/\/www.visit-ulcinj.com\/blog\/wp-json\/wp\/v2\/posts\/52220"}],"collection":[{"href":"https:\/\/www.visit-ulcinj.com\/blog\/wp-json\/wp\/v2\/posts"}],"about":[{"href":"https:\/\/www.visit-ulcinj.com\/blog\/wp-json\/wp\/v2\/types\/post"}],"author":[{"embeddable":true,"href":"https:\/\/www.visit-ulcinj.com\/blog\/wp-json\/wp\/v2\/users\/1"}],"replies":[{"embeddable":true,"href":"https:\/\/www.visit-ulcinj.com\/blog\/wp-json\/wp\/v2\/comments?post=52220"}],"version-history":[{"count":2,"href":"https:\/\/www.visit-ulcinj.com\/blog\/wp-json\/wp\/v2\/posts\/52220\/revisions"}],"predecessor-version":[{"id":52223,"href":"https:\/\/www.visit-ulcinj.com\/blog\/wp-json\/wp\/v2\/posts\/52220\/revisions\/52223"}],"wp:attachment":[{"href":"https:\/\/www.visit-ulcinj.com\/blog\/wp-json\/wp\/v2\/media?parent=52220"}],"wp:term":[{"taxonomy":"category","embeddable":true,"href":"https:\/\/www.visit-ulcinj.com\/blog\/wp-json\/wp\/v2\/categories?post=52220"},{"taxonomy":"post_tag","embeddable":true,"href":"https:\/\/www.visit-ulcinj.com\/blog\/wp-json\/wp\/v2\/tags?post=52220"}],"curies":[{"name":"wp","href":"https:\/\/api.w.org\/{rel}","templated":true}]}}