{"id":52226,"date":"2011-10-22T11:18:51","date_gmt":"2011-10-22T10:18:51","guid":{"rendered":"http:\/\/www.visit-ulcinj.com\/blog\/?p=52226"},"modified":"2011-10-22T11:18:51","modified_gmt":"2011-10-22T10:18:51","slug":"anxhelina-hadergjonaj-foto-%e2%80%98hot%e2%80%99-nga-shba","status":"publish","type":"post","link":"https:\/\/www.visit-ulcinj.com\/blog\/2011\/10\/22\/anxhelina-hadergjonaj-foto-%e2%80%98hot%e2%80%99-nga-shba\/","title":{"rendered":"Anxhelina Hadergjonaj foto \u2018hot\u2019 nga SHBA"},"content":{"rendered":"<p><a href=\"http:\/\/www.visit-ulcinj.com\/blog\/wp-content\/uploads\/2011\/10\/Anxhelina-Hadergjonaj.jpg\"><img loading=\"lazy\" class=\"alignleft size-full wp-image-52227\" title=\"Anxhelina Hadergjonaj\" src=\"http:\/\/www.visit-ulcinj.com\/blog\/wp-content\/uploads\/2011\/10\/Anxhelina-Hadergjonaj.jpg\" alt=\"\" width=\"340\" height=\"390\" \/><\/a>Prej pak jav\u00ebsh, k\u00ebng\u00ebtarja e re Anxhelina Had\u00ebrgjonaj, vajza e k\u00ebng\u00ebtares Alb\u00ebrie Had\u00ebrgjonaj, \u00ebsht\u00eb vendosur p\u00ebr t\u00eb jetuar n\u00eb Shtetet e Bashkuara t\u00eb Amerik\u00ebs, vend t\u00eb cilin e sheh si t\u00eb p\u00ebrkryerin p\u00ebr t\u00eb nd\u00ebrtuar karrier\u00ebn e saj.<\/p>\n<p>Ky ka qen\u00eb lajmi i fundit prej saj, pas suksesit n\u00eb Festivalin \u201cTop Fest\u201d t\u00eb k\u00ebtij viti. Por prej pak dit\u00ebsh duket se ajo u ka b\u00ebr\u00eb nj\u00eb p\u00ebrsh\u00ebndetje fansave me disa foto krejt t\u00eb ve\u00e7anta. E fotot amerikan\u00eb t\u00eb Anxhelin\u00ebs jan\u00eb shum\u00eb larg asaj vajz\u00ebs adoleshente q\u00eb kemi njohur deri m\u00eb sot. Mjaft seksi, n\u00eb dy fotot q\u00eb ju sjellim, ajo duket se p\u00ebrcjell nj\u00eb atmosfer\u00eb t\u00eb tipit \u2018Moulin Rouge\u2019.<\/p>\n<p>Nuk dim\u00eb n\u00ebse k\u00ebto foto jan\u00eb artistike, jan\u00eb t\u00eb shk\u00ebputura nga ndonj\u00eb fest\u00eb vajzash, apo jan\u00eb nj\u00eb m\u00ebnyr\u00eb \u201crebelimi\u201d e k\u00ebng\u00ebtares s\u00eb re p\u00ebr t\u00eb th\u00ebn\u00eb se ajo ndihet po kaq seksi sa\u00e7 edhe duket n\u00eb k\u00ebto imazhe. Cilido q\u00eb t\u00eb ket\u00eb qen\u00eb misioni, Anxhelina ia ka arritur t\u00eb t\u00ebrheq\u00eb dhe t\u00eb duket mjaft \u2018hot\u2019.<\/p>\n<p><strong>MAPO<\/strong><\/p>\n<!--YouTube Error: bad URL entered-->\n","protected":false},"excerpt":{"rendered":"<p>Prej pak jav\u00ebsh, k\u00ebng\u00ebtarja e re Anxhelina Had\u00ebrgjonaj, vajza e k\u00ebng\u00ebtares Alb\u00ebrie Had\u00ebrgjonaj, \u00ebsht\u00eb vendosur p\u00ebr t\u00eb jetuar n\u00eb Shtetet e Bashkuara t\u00eb Amerik\u00ebs, vend t\u00eb cilin e sheh si t\u00eb p\u00ebrkryerin p\u00ebr t\u00eb nd\u00ebrtuar karrier\u00ebn e saj. Ky ka qen\u00eb lajmi i fundit prej saj, pas suksesit n\u00eb Festivalin \u201cTop Fest\u201d t\u00eb k\u00ebtij viti. [&hellip;]<\/p>\n","protected":false},"author":1,"featured_media":0,"comment_status":"open","ping_status":"closed","sticky":false,"template":"","format":"standard","meta":{"spay_email":"","jetpack_publicize_message":"","jetpack_is_tweetstorm":false,"jetpack_publicize_feature_enabled":true},"categories":[1],"tags":[15086],"jetpack_publicize_connections":[],"yoast_head":"<!-- This site is optimized with the Yoast SEO plugin v19.1 - https:\/\/yoast.com\/wordpress\/plugins\/seo\/ -->\n<title>Anxhelina Hadergjonaj foto \u2018hot\u2019 nga SHBA - Lajme nga Ulqini<\/title>\n<meta name=\"description\" content=\"Prej pak jav\u00ebsh, k\u00ebng\u00ebtarja e re Anxhelina Had\u00ebrgjonaj, vajza e k\u00ebng\u00ebtares Alb\u00ebrie Had\u00ebrgjonaj, \u00ebsht\u00eb vendosur p\u00ebr t\u00eb jetuar n\u00eb Shtetet e Bashkuara t\u00eb\" \/>\n<meta name=\"robots\" content=\"index, follow, max-snippet:-1, max-image-preview:large, max-video-preview:-1\" \/>\n<link rel=\"canonical\" href=\"https:\/\/www.visit-ulcinj.com\/blog\/2011\/10\/22\/anxhelina-hadergjonaj-foto-\u2018hot\u2019-nga-shba\/\" \/>\n<meta property=\"og:locale\" content=\"en_US\" \/>\n<meta property=\"og:type\" content=\"article\" \/>\n<meta property=\"og:title\" content=\"Anxhelina Hadergjonaj foto \u2018hot\u2019 nga SHBA - Lajme nga Ulqini\" \/>\n<meta property=\"og:description\" content=\"Prej pak jav\u00ebsh, k\u00ebng\u00ebtarja e re Anxhelina Had\u00ebrgjonaj, vajza e k\u00ebng\u00ebtares Alb\u00ebrie Had\u00ebrgjonaj, \u00ebsht\u00eb vendosur p\u00ebr t\u00eb jetuar n\u00eb Shtetet e Bashkuara t\u00eb\" \/>\n<meta property=\"og:url\" content=\"https:\/\/www.visit-ulcinj.com\/blog\/2011\/10\/22\/anxhelina-hadergjonaj-foto-\u2018hot\u2019-nga-shba\/\" \/>\n<meta property=\"og:site_name\" content=\"Lajme nga Ulqini\" \/>\n<meta property=\"article:published_time\" content=\"2011-10-22T10:18:51+00:00\" \/>\n<meta property=\"og:image\" content=\"http:\/\/www.visit-ulcinj.com\/blog\/wp-content\/uploads\/2011\/10\/Anxhelina-Hadergjonaj.jpg\" \/>\n<meta name=\"twitter:label1\" content=\"Written by\" \/>\n\t<meta name=\"twitter:data1\" content=\"ulqini\" \/>\n\t<meta name=\"twitter:label2\" content=\"Est. reading time\" \/>\n\t<meta name=\"twitter:data2\" content=\"1 minute\" \/>\n<script type=\"application\/ld+json\" class=\"yoast-schema-graph\">{\"@context\":\"https:\/\/schema.org\",\"@graph\":[{\"@type\":\"WebSite\",\"@id\":\"https:\/\/www.visit-ulcinj.com\/blog\/#website\",\"url\":\"https:\/\/www.visit-ulcinj.com\/blog\/\",\"name\":\"Lajme nga Ulqini\",\"description\":\"Lajme,Vijesti,Ulqini,Ulqin,Crna Gora,Mali i Zi\",\"potentialAction\":[{\"@type\":\"SearchAction\",\"target\":{\"@type\":\"EntryPoint\",\"urlTemplate\":\"https:\/\/www.visit-ulcinj.com\/blog\/?s={search_term_string}\"},\"query-input\":\"required name=search_term_string\"}],\"inLanguage\":\"en-US\"},{\"@type\":\"ImageObject\",\"inLanguage\":\"en-US\",\"@id\":\"https:\/\/www.visit-ulcinj.com\/blog\/2011\/10\/22\/anxhelina-hadergjonaj-foto-%e2%80%98hot%e2%80%99-nga-shba\/#primaryimage\",\"url\":\"http:\/\/www.visit-ulcinj.com\/blog\/wp-content\/uploads\/2011\/10\/Anxhelina-Hadergjonaj.jpg\",\"contentUrl\":\"http:\/\/www.visit-ulcinj.com\/blog\/wp-content\/uploads\/2011\/10\/Anxhelina-Hadergjonaj.jpg\"},{\"@type\":\"WebPage\",\"@id\":\"https:\/\/www.visit-ulcinj.com\/blog\/2011\/10\/22\/anxhelina-hadergjonaj-foto-%e2%80%98hot%e2%80%99-nga-shba\/#webpage\",\"url\":\"https:\/\/www.visit-ulcinj.com\/blog\/2011\/10\/22\/anxhelina-hadergjonaj-foto-%e2%80%98hot%e2%80%99-nga-shba\/\",\"name\":\"Anxhelina Hadergjonaj foto \u2018hot\u2019 nga SHBA - Lajme nga Ulqini\",\"isPartOf\":{\"@id\":\"https:\/\/www.visit-ulcinj.com\/blog\/#website\"},\"primaryImageOfPage\":{\"@id\":\"https:\/\/www.visit-ulcinj.com\/blog\/2011\/10\/22\/anxhelina-hadergjonaj-foto-%e2%80%98hot%e2%80%99-nga-shba\/#primaryimage\"},\"datePublished\":\"2011-10-22T10:18:51+00:00\",\"dateModified\":\"2011-10-22T10:18:51+00:00\",\"author\":{\"@id\":\"https:\/\/www.visit-ulcinj.com\/blog\/#\/schema\/person\/dcab619c614d3038751c63bc2aadc06d\"},\"description\":\"Prej pak jav\u00ebsh, k\u00ebng\u00ebtarja e re Anxhelina Had\u00ebrgjonaj, vajza e k\u00ebng\u00ebtares Alb\u00ebrie Had\u00ebrgjonaj, \u00ebsht\u00eb vendosur p\u00ebr t\u00eb jetuar n\u00eb Shtetet e Bashkuara t\u00eb\",\"breadcrumb\":{\"@id\":\"https:\/\/www.visit-ulcinj.com\/blog\/2011\/10\/22\/anxhelina-hadergjonaj-foto-%e2%80%98hot%e2%80%99-nga-shba\/#breadcrumb\"},\"inLanguage\":\"en-US\",\"potentialAction\":[{\"@type\":\"ReadAction\",\"target\":[\"https:\/\/www.visit-ulcinj.com\/blog\/2011\/10\/22\/anxhelina-hadergjonaj-foto-%e2%80%98hot%e2%80%99-nga-shba\/\"]}]},{\"@type\":\"BreadcrumbList\",\"@id\":\"https:\/\/www.visit-ulcinj.com\/blog\/2011\/10\/22\/anxhelina-hadergjonaj-foto-%e2%80%98hot%e2%80%99-nga-shba\/#breadcrumb\",\"itemListElement\":[{\"@type\":\"ListItem\",\"position\":1,\"name\":\"Anxhelina Hadergjonaj foto \u2018hot\u2019 nga SHBA\"}]},{\"@type\":\"Person\",\"@id\":\"https:\/\/www.visit-ulcinj.com\/blog\/#\/schema\/person\/dcab619c614d3038751c63bc2aadc06d\",\"name\":\"ulqini\",\"sameAs\":[\"http:\/\/www.visit-ulcinj.com\"],\"url\":\"https:\/\/www.visit-ulcinj.com\/blog\/author\/admin\/\"}]}<\/script>\n<!-- \/ Yoast SEO plugin. -->","yoast_head_json":{"title":"Anxhelina Hadergjonaj foto \u2018hot\u2019 nga SHBA - Lajme nga Ulqini","description":"Prej pak jav\u00ebsh, k\u00ebng\u00ebtarja e re Anxhelina Had\u00ebrgjonaj, vajza e k\u00ebng\u00ebtares Alb\u00ebrie Had\u00ebrgjonaj, \u00ebsht\u00eb vendosur p\u00ebr t\u00eb jetuar n\u00eb Shtetet e Bashkuara t\u00eb","robots":{"index":"index","follow":"follow","max-snippet":"max-snippet:-1","max-image-preview":"max-image-preview:large","max-video-preview":"max-video-preview:-1"},"canonical":"https:\/\/www.visit-ulcinj.com\/blog\/2011\/10\/22\/anxhelina-hadergjonaj-foto-\u2018hot\u2019-nga-shba\/","og_locale":"en_US","og_type":"article","og_title":"Anxhelina Hadergjonaj foto \u2018hot\u2019 nga SHBA - Lajme nga Ulqini","og_description":"Prej pak jav\u00ebsh, k\u00ebng\u00ebtarja e re Anxhelina Had\u00ebrgjonaj, vajza e k\u00ebng\u00ebtares Alb\u00ebrie Had\u00ebrgjonaj, \u00ebsht\u00eb vendosur p\u00ebr t\u00eb jetuar n\u00eb Shtetet e Bashkuara t\u00eb","og_url":"https:\/\/www.visit-ulcinj.com\/blog\/2011\/10\/22\/anxhelina-hadergjonaj-foto-\u2018hot\u2019-nga-shba\/","og_site_name":"Lajme nga Ulqini","article_published_time":"2011-10-22T10:18:51+00:00","og_image":[{"url":"http:\/\/www.visit-ulcinj.com\/blog\/wp-content\/uploads\/2011\/10\/Anxhelina-Hadergjonaj.jpg"}],"twitter_misc":{"Written by":"ulqini","Est. reading time":"1 minute"},"schema":{"@context":"https:\/\/schema.org","@graph":[{"@type":"WebSite","@id":"https:\/\/www.visit-ulcinj.com\/blog\/#website","url":"https:\/\/www.visit-ulcinj.com\/blog\/","name":"Lajme nga Ulqini","description":"Lajme,Vijesti,Ulqini,Ulqin,Crna Gora,Mali i Zi","potentialAction":[{"@type":"SearchAction","target":{"@type":"EntryPoint","urlTemplate":"https:\/\/www.visit-ulcinj.com\/blog\/?s={search_term_string}"},"query-input":"required name=search_term_string"}],"inLanguage":"en-US"},{"@type":"ImageObject","inLanguage":"en-US","@id":"https:\/\/www.visit-ulcinj.com\/blog\/2011\/10\/22\/anxhelina-hadergjonaj-foto-%e2%80%98hot%e2%80%99-nga-shba\/#primaryimage","url":"http:\/\/www.visit-ulcinj.com\/blog\/wp-content\/uploads\/2011\/10\/Anxhelina-Hadergjonaj.jpg","contentUrl":"http:\/\/www.visit-ulcinj.com\/blog\/wp-content\/uploads\/2011\/10\/Anxhelina-Hadergjonaj.jpg"},{"@type":"WebPage","@id":"https:\/\/www.visit-ulcinj.com\/blog\/2011\/10\/22\/anxhelina-hadergjonaj-foto-%e2%80%98hot%e2%80%99-nga-shba\/#webpage","url":"https:\/\/www.visit-ulcinj.com\/blog\/2011\/10\/22\/anxhelina-hadergjonaj-foto-%e2%80%98hot%e2%80%99-nga-shba\/","name":"Anxhelina Hadergjonaj foto \u2018hot\u2019 nga SHBA - Lajme nga Ulqini","isPartOf":{"@id":"https:\/\/www.visit-ulcinj.com\/blog\/#website"},"primaryImageOfPage":{"@id":"https:\/\/www.visit-ulcinj.com\/blog\/2011\/10\/22\/anxhelina-hadergjonaj-foto-%e2%80%98hot%e2%80%99-nga-shba\/#primaryimage"},"datePublished":"2011-10-22T10:18:51+00:00","dateModified":"2011-10-22T10:18:51+00:00","author":{"@id":"https:\/\/www.visit-ulcinj.com\/blog\/#\/schema\/person\/dcab619c614d3038751c63bc2aadc06d"},"description":"Prej pak jav\u00ebsh, k\u00ebng\u00ebtarja e re Anxhelina Had\u00ebrgjonaj, vajza e k\u00ebng\u00ebtares Alb\u00ebrie Had\u00ebrgjonaj, \u00ebsht\u00eb vendosur p\u00ebr t\u00eb jetuar n\u00eb Shtetet e Bashkuara t\u00eb","breadcrumb":{"@id":"https:\/\/www.visit-ulcinj.com\/blog\/2011\/10\/22\/anxhelina-hadergjonaj-foto-%e2%80%98hot%e2%80%99-nga-shba\/#breadcrumb"},"inLanguage":"en-US","potentialAction":[{"@type":"ReadAction","target":["https:\/\/www.visit-ulcinj.com\/blog\/2011\/10\/22\/anxhelina-hadergjonaj-foto-%e2%80%98hot%e2%80%99-nga-shba\/"]}]},{"@type":"BreadcrumbList","@id":"https:\/\/www.visit-ulcinj.com\/blog\/2011\/10\/22\/anxhelina-hadergjonaj-foto-%e2%80%98hot%e2%80%99-nga-shba\/#breadcrumb","itemListElement":[{"@type":"ListItem","position":1,"name":"Anxhelina Hadergjonaj foto \u2018hot\u2019 nga SHBA"}]},{"@type":"Person","@id":"https:\/\/www.visit-ulcinj.com\/blog\/#\/schema\/person\/dcab619c614d3038751c63bc2aadc06d","name":"ulqini","sameAs":["http:\/\/www.visit-ulcinj.com"],"url":"https:\/\/www.visit-ulcinj.com\/blog\/author\/admin\/"}]}},"jetpack_featured_media_url":"","jetpack_sharing_enabled":true,"jetpack_shortlink":"https:\/\/wp.me\/pe6lTn-dAm","_links":{"self":[{"href":"https:\/\/www.visit-ulcinj.com\/blog\/wp-json\/wp\/v2\/posts\/52226"}],"collection":[{"href":"https:\/\/www.visit-ulcinj.com\/blog\/wp-json\/wp\/v2\/posts"}],"about":[{"href":"https:\/\/www.visit-ulcinj.com\/blog\/wp-json\/wp\/v2\/types\/post"}],"author":[{"embeddable":true,"href":"https:\/\/www.visit-ulcinj.com\/blog\/wp-json\/wp\/v2\/users\/1"}],"replies":[{"embeddable":true,"href":"https:\/\/www.visit-ulcinj.com\/blog\/wp-json\/wp\/v2\/comments?post=52226"}],"version-history":[{"count":1,"href":"https:\/\/www.visit-ulcinj.com\/blog\/wp-json\/wp\/v2\/posts\/52226\/revisions"}],"predecessor-version":[{"id":52228,"href":"https:\/\/www.visit-ulcinj.com\/blog\/wp-json\/wp\/v2\/posts\/52226\/revisions\/52228"}],"wp:attachment":[{"href":"https:\/\/www.visit-ulcinj.com\/blog\/wp-json\/wp\/v2\/media?parent=52226"}],"wp:term":[{"taxonomy":"category","embeddable":true,"href":"https:\/\/www.visit-ulcinj.com\/blog\/wp-json\/wp\/v2\/categories?post=52226"},{"taxonomy":"post_tag","embeddable":true,"href":"https:\/\/www.visit-ulcinj.com\/blog\/wp-json\/wp\/v2\/tags?post=52226"}],"curies":[{"name":"wp","href":"https:\/\/api.w.org\/{rel}","templated":true}]}}