{"id":52229,"date":"2011-10-22T11:38:17","date_gmt":"2011-10-22T10:38:17","guid":{"rendered":"http:\/\/www.visit-ulcinj.com\/blog\/?p=52229"},"modified":"2011-10-22T11:38:17","modified_gmt":"2011-10-22T10:38:17","slug":"albani-dhe-miriami-per-here-te-pare-rivale","status":"publish","type":"post","link":"https:\/\/www.visit-ulcinj.com\/blog\/2011\/10\/22\/albani-dhe-miriami-per-here-te-pare-rivale\/","title":{"rendered":"Albani dhe Miriami p\u00ebr her\u00eb t\u00eb par\u00eb rival\u00eb"},"content":{"rendered":"<p><a href=\"http:\/\/www.visit-ulcinj.com\/blog\/wp-content\/uploads\/2011\/10\/Alban-Skenderaj-Miriam-Cani.jpg\"><img loading=\"lazy\" class=\"alignleft size-full wp-image-52231\" title=\"Alban Skenderaj &amp; Miriam Cani\" src=\"http:\/\/www.visit-ulcinj.com\/blog\/wp-content\/uploads\/2011\/10\/Alban-Skenderaj-Miriam-Cani.jpg\" alt=\"\" width=\"508\" height=\"380\" \/><\/a>Dit\u00ebt e fundit qarkulloi n\u00ebp\u00ebr shtypin roz\u00eb se Alban Sk\u00ebnderaj, k\u00ebng\u00ebtari m\u00eb i suksessh\u00ebm shqiptar, aktualisht do t\u00eb shp\u00ebrngulej p\u00ebr pak koh\u00eb n\u00eb Shqip\u00ebri, ku \u00ebsht\u00eb e vendosur edhe e fejuara e tij Miriam Cami, si an\u00ebtare jurie n\u00eb spektaklin \u201cThe voice\u201d.<br \/>\nM\u00ebse e kuptueshme n\u00eb fakt kjo, p\u00ebr nj\u00eb \u00e7ift t\u00eb ri q\u00eb mb\u00ebshtet nj\u00ebri-tjetrin n\u00eb \u00e7do projekt personal. Por zbulimi i juris\u00eb s\u00eb X Factor Albania na tregon se Albani \u00ebsht\u00eb pjes\u00eb e tij.<br \/>\n\u00c7ka do t\u00eb thot\u00eb se edhe ai ndodhet me nj\u00eb mision personal n\u00eb Tiran\u00eb. Ajo q\u00eb p\u00ebrb\u00ebn sigurisht kuriozitet \u00ebsht\u00eb pik\u00ebrisht \u201cndarja\u201d e \u00e7iftit jo vet\u00ebm n\u00eb dy spektakle e ekrane t\u00eb ndryshme, por pik\u00ebrisht n\u00eb dy talent\/sho\u00eb konkurrent\u00eb t\u00eb nj\u00ebri-tjetrit.<br \/>\n\u00c7ifti Vip \u00ebsht\u00eb nj\u00eb nga m\u00eb t\u00eb spikaturit e sho\u00eb-bizzit shqiptar dhe prej disa vitesh po jetojn\u00eb nj\u00eb dashuri mjaft t\u00eb bukur. Krahas k\u00ebsaj edhe karriera e tyre muzikore ka vijuar suksessh\u00ebm, nd\u00ebrsa p\u00ebr her\u00eb t\u00eb par\u00eb tashm\u00eb jo vet\u00ebm q\u00eb nuk do t\u00eb bashk\u00ebpunojn\u00eb me nj\u00ebri-tjetrin, por madje do t\u00eb rivalizojn\u00eb sho-shoqin. Se cili prej tyre do t\u00eb jet\u00eb m\u00eb i fort\u00eb n\u00eb k\u00ebt\u00eb rol t\u00eb ri, mbetet p\u00ebr t\u2019u par\u00eb. ..<\/p>\n<p><strong>MAPO<\/strong><\/p>\n<!--YouTube Error: bad URL entered-->\n","protected":false},"excerpt":{"rendered":"<p>Dit\u00ebt e fundit qarkulloi n\u00ebp\u00ebr shtypin roz\u00eb se Alban Sk\u00ebnderaj, k\u00ebng\u00ebtari m\u00eb i suksessh\u00ebm shqiptar, aktualisht do t\u00eb shp\u00ebrngulej p\u00ebr pak koh\u00eb n\u00eb Shqip\u00ebri, ku \u00ebsht\u00eb e vendosur edhe e fejuara e tij Miriam Cami, si an\u00ebtare jurie n\u00eb spektaklin \u201cThe voice\u201d. M\u00ebse e kuptueshme n\u00eb fakt kjo, p\u00ebr nj\u00eb \u00e7ift t\u00eb ri q\u00eb mb\u00ebshtet [&hellip;]<\/p>\n","protected":false},"author":1,"featured_media":0,"comment_status":"open","ping_status":"closed","sticky":false,"template":"","format":"standard","meta":{"spay_email":"","jetpack_publicize_message":"","jetpack_is_tweetstorm":false,"jetpack_publicize_feature_enabled":true},"categories":[1],"tags":[15066],"jetpack_publicize_connections":[],"yoast_head":"<!-- This site is optimized with the Yoast SEO plugin v19.1 - https:\/\/yoast.com\/wordpress\/plugins\/seo\/ -->\n<title>Albani dhe Miriami p\u00ebr her\u00eb t\u00eb par\u00eb rival\u00eb - Lajme nga Ulqini<\/title>\n<meta name=\"description\" content=\"Dit\u00ebt e fundit qarkulloi n\u00ebp\u00ebr shtypin roz\u00eb se Alban Sk\u00ebnderaj, k\u00ebng\u00ebtari m\u00eb i suksessh\u00ebm shqiptar, aktualisht do t\u00eb shp\u00ebrngulej p\u00ebr pak koh\u00eb n\u00eb Shqip\u00ebri,\" \/>\n<meta name=\"robots\" content=\"index, follow, max-snippet:-1, max-image-preview:large, max-video-preview:-1\" \/>\n<link rel=\"canonical\" href=\"https:\/\/www.visit-ulcinj.com\/blog\/2011\/10\/22\/albani-dhe-miriami-per-here-te-pare-rivale\/\" \/>\n<meta property=\"og:locale\" content=\"en_US\" \/>\n<meta property=\"og:type\" content=\"article\" \/>\n<meta property=\"og:title\" content=\"Albani dhe Miriami p\u00ebr her\u00eb t\u00eb par\u00eb rival\u00eb - Lajme nga Ulqini\" \/>\n<meta property=\"og:description\" content=\"Dit\u00ebt e fundit qarkulloi n\u00ebp\u00ebr shtypin roz\u00eb se Alban Sk\u00ebnderaj, k\u00ebng\u00ebtari m\u00eb i suksessh\u00ebm shqiptar, aktualisht do t\u00eb shp\u00ebrngulej p\u00ebr pak koh\u00eb n\u00eb Shqip\u00ebri,\" \/>\n<meta property=\"og:url\" content=\"https:\/\/www.visit-ulcinj.com\/blog\/2011\/10\/22\/albani-dhe-miriami-per-here-te-pare-rivale\/\" \/>\n<meta property=\"og:site_name\" content=\"Lajme nga Ulqini\" \/>\n<meta property=\"article:published_time\" content=\"2011-10-22T10:38:17+00:00\" \/>\n<meta property=\"og:image\" content=\"http:\/\/www.visit-ulcinj.com\/blog\/wp-content\/uploads\/2011\/10\/Alban-Skenderaj-Miriam-Cani.jpg\" \/>\n<meta name=\"twitter:label1\" content=\"Written by\" \/>\n\t<meta name=\"twitter:data1\" content=\"ulqini\" \/>\n\t<meta name=\"twitter:label2\" content=\"Est. reading time\" \/>\n\t<meta name=\"twitter:data2\" content=\"1 minute\" \/>\n<script type=\"application\/ld+json\" class=\"yoast-schema-graph\">{\"@context\":\"https:\/\/schema.org\",\"@graph\":[{\"@type\":\"WebSite\",\"@id\":\"https:\/\/www.visit-ulcinj.com\/blog\/#website\",\"url\":\"https:\/\/www.visit-ulcinj.com\/blog\/\",\"name\":\"Lajme nga Ulqini\",\"description\":\"Lajme,Vijesti,Ulqini,Ulqin,Crna Gora,Mali i Zi\",\"potentialAction\":[{\"@type\":\"SearchAction\",\"target\":{\"@type\":\"EntryPoint\",\"urlTemplate\":\"https:\/\/www.visit-ulcinj.com\/blog\/?s={search_term_string}\"},\"query-input\":\"required name=search_term_string\"}],\"inLanguage\":\"en-US\"},{\"@type\":\"ImageObject\",\"inLanguage\":\"en-US\",\"@id\":\"https:\/\/www.visit-ulcinj.com\/blog\/2011\/10\/22\/albani-dhe-miriami-per-here-te-pare-rivale\/#primaryimage\",\"url\":\"http:\/\/www.visit-ulcinj.com\/blog\/wp-content\/uploads\/2011\/10\/Alban-Skenderaj-Miriam-Cani.jpg\",\"contentUrl\":\"http:\/\/www.visit-ulcinj.com\/blog\/wp-content\/uploads\/2011\/10\/Alban-Skenderaj-Miriam-Cani.jpg\"},{\"@type\":\"WebPage\",\"@id\":\"https:\/\/www.visit-ulcinj.com\/blog\/2011\/10\/22\/albani-dhe-miriami-per-here-te-pare-rivale\/#webpage\",\"url\":\"https:\/\/www.visit-ulcinj.com\/blog\/2011\/10\/22\/albani-dhe-miriami-per-here-te-pare-rivale\/\",\"name\":\"Albani dhe Miriami p\u00ebr her\u00eb t\u00eb par\u00eb rival\u00eb - Lajme nga Ulqini\",\"isPartOf\":{\"@id\":\"https:\/\/www.visit-ulcinj.com\/blog\/#website\"},\"primaryImageOfPage\":{\"@id\":\"https:\/\/www.visit-ulcinj.com\/blog\/2011\/10\/22\/albani-dhe-miriami-per-here-te-pare-rivale\/#primaryimage\"},\"datePublished\":\"2011-10-22T10:38:17+00:00\",\"dateModified\":\"2011-10-22T10:38:17+00:00\",\"author\":{\"@id\":\"https:\/\/www.visit-ulcinj.com\/blog\/#\/schema\/person\/dcab619c614d3038751c63bc2aadc06d\"},\"description\":\"Dit\u00ebt e fundit qarkulloi n\u00ebp\u00ebr shtypin roz\u00eb se Alban Sk\u00ebnderaj, k\u00ebng\u00ebtari m\u00eb i suksessh\u00ebm shqiptar, aktualisht do t\u00eb shp\u00ebrngulej p\u00ebr pak koh\u00eb n\u00eb Shqip\u00ebri,\",\"breadcrumb\":{\"@id\":\"https:\/\/www.visit-ulcinj.com\/blog\/2011\/10\/22\/albani-dhe-miriami-per-here-te-pare-rivale\/#breadcrumb\"},\"inLanguage\":\"en-US\",\"potentialAction\":[{\"@type\":\"ReadAction\",\"target\":[\"https:\/\/www.visit-ulcinj.com\/blog\/2011\/10\/22\/albani-dhe-miriami-per-here-te-pare-rivale\/\"]}]},{\"@type\":\"BreadcrumbList\",\"@id\":\"https:\/\/www.visit-ulcinj.com\/blog\/2011\/10\/22\/albani-dhe-miriami-per-here-te-pare-rivale\/#breadcrumb\",\"itemListElement\":[{\"@type\":\"ListItem\",\"position\":1,\"name\":\"Albani dhe Miriami p\u00ebr her\u00eb t\u00eb par\u00eb rival\u00eb\"}]},{\"@type\":\"Person\",\"@id\":\"https:\/\/www.visit-ulcinj.com\/blog\/#\/schema\/person\/dcab619c614d3038751c63bc2aadc06d\",\"name\":\"ulqini\",\"sameAs\":[\"http:\/\/www.visit-ulcinj.com\"],\"url\":\"https:\/\/www.visit-ulcinj.com\/blog\/author\/admin\/\"}]}<\/script>\n<!-- \/ Yoast SEO plugin. -->","yoast_head_json":{"title":"Albani dhe Miriami p\u00ebr her\u00eb t\u00eb par\u00eb rival\u00eb - Lajme nga Ulqini","description":"Dit\u00ebt e fundit qarkulloi n\u00ebp\u00ebr shtypin roz\u00eb se Alban Sk\u00ebnderaj, k\u00ebng\u00ebtari m\u00eb i suksessh\u00ebm shqiptar, aktualisht do t\u00eb shp\u00ebrngulej p\u00ebr pak koh\u00eb n\u00eb Shqip\u00ebri,","robots":{"index":"index","follow":"follow","max-snippet":"max-snippet:-1","max-image-preview":"max-image-preview:large","max-video-preview":"max-video-preview:-1"},"canonical":"https:\/\/www.visit-ulcinj.com\/blog\/2011\/10\/22\/albani-dhe-miriami-per-here-te-pare-rivale\/","og_locale":"en_US","og_type":"article","og_title":"Albani dhe Miriami p\u00ebr her\u00eb t\u00eb par\u00eb rival\u00eb - Lajme nga Ulqini","og_description":"Dit\u00ebt e fundit qarkulloi n\u00ebp\u00ebr shtypin roz\u00eb se Alban Sk\u00ebnderaj, k\u00ebng\u00ebtari m\u00eb i suksessh\u00ebm shqiptar, aktualisht do t\u00eb shp\u00ebrngulej p\u00ebr pak koh\u00eb n\u00eb Shqip\u00ebri,","og_url":"https:\/\/www.visit-ulcinj.com\/blog\/2011\/10\/22\/albani-dhe-miriami-per-here-te-pare-rivale\/","og_site_name":"Lajme nga Ulqini","article_published_time":"2011-10-22T10:38:17+00:00","og_image":[{"url":"http:\/\/www.visit-ulcinj.com\/blog\/wp-content\/uploads\/2011\/10\/Alban-Skenderaj-Miriam-Cani.jpg"}],"twitter_misc":{"Written by":"ulqini","Est. reading time":"1 minute"},"schema":{"@context":"https:\/\/schema.org","@graph":[{"@type":"WebSite","@id":"https:\/\/www.visit-ulcinj.com\/blog\/#website","url":"https:\/\/www.visit-ulcinj.com\/blog\/","name":"Lajme nga Ulqini","description":"Lajme,Vijesti,Ulqini,Ulqin,Crna Gora,Mali i Zi","potentialAction":[{"@type":"SearchAction","target":{"@type":"EntryPoint","urlTemplate":"https:\/\/www.visit-ulcinj.com\/blog\/?s={search_term_string}"},"query-input":"required name=search_term_string"}],"inLanguage":"en-US"},{"@type":"ImageObject","inLanguage":"en-US","@id":"https:\/\/www.visit-ulcinj.com\/blog\/2011\/10\/22\/albani-dhe-miriami-per-here-te-pare-rivale\/#primaryimage","url":"http:\/\/www.visit-ulcinj.com\/blog\/wp-content\/uploads\/2011\/10\/Alban-Skenderaj-Miriam-Cani.jpg","contentUrl":"http:\/\/www.visit-ulcinj.com\/blog\/wp-content\/uploads\/2011\/10\/Alban-Skenderaj-Miriam-Cani.jpg"},{"@type":"WebPage","@id":"https:\/\/www.visit-ulcinj.com\/blog\/2011\/10\/22\/albani-dhe-miriami-per-here-te-pare-rivale\/#webpage","url":"https:\/\/www.visit-ulcinj.com\/blog\/2011\/10\/22\/albani-dhe-miriami-per-here-te-pare-rivale\/","name":"Albani dhe Miriami p\u00ebr her\u00eb t\u00eb par\u00eb rival\u00eb - Lajme nga Ulqini","isPartOf":{"@id":"https:\/\/www.visit-ulcinj.com\/blog\/#website"},"primaryImageOfPage":{"@id":"https:\/\/www.visit-ulcinj.com\/blog\/2011\/10\/22\/albani-dhe-miriami-per-here-te-pare-rivale\/#primaryimage"},"datePublished":"2011-10-22T10:38:17+00:00","dateModified":"2011-10-22T10:38:17+00:00","author":{"@id":"https:\/\/www.visit-ulcinj.com\/blog\/#\/schema\/person\/dcab619c614d3038751c63bc2aadc06d"},"description":"Dit\u00ebt e fundit qarkulloi n\u00ebp\u00ebr shtypin roz\u00eb se Alban Sk\u00ebnderaj, k\u00ebng\u00ebtari m\u00eb i suksessh\u00ebm shqiptar, aktualisht do t\u00eb shp\u00ebrngulej p\u00ebr pak koh\u00eb n\u00eb Shqip\u00ebri,","breadcrumb":{"@id":"https:\/\/www.visit-ulcinj.com\/blog\/2011\/10\/22\/albani-dhe-miriami-per-here-te-pare-rivale\/#breadcrumb"},"inLanguage":"en-US","potentialAction":[{"@type":"ReadAction","target":["https:\/\/www.visit-ulcinj.com\/blog\/2011\/10\/22\/albani-dhe-miriami-per-here-te-pare-rivale\/"]}]},{"@type":"BreadcrumbList","@id":"https:\/\/www.visit-ulcinj.com\/blog\/2011\/10\/22\/albani-dhe-miriami-per-here-te-pare-rivale\/#breadcrumb","itemListElement":[{"@type":"ListItem","position":1,"name":"Albani dhe Miriami p\u00ebr her\u00eb t\u00eb par\u00eb rival\u00eb"}]},{"@type":"Person","@id":"https:\/\/www.visit-ulcinj.com\/blog\/#\/schema\/person\/dcab619c614d3038751c63bc2aadc06d","name":"ulqini","sameAs":["http:\/\/www.visit-ulcinj.com"],"url":"https:\/\/www.visit-ulcinj.com\/blog\/author\/admin\/"}]}},"jetpack_featured_media_url":"","jetpack_sharing_enabled":true,"jetpack_shortlink":"https:\/\/wp.me\/pe6lTn-dAp","_links":{"self":[{"href":"https:\/\/www.visit-ulcinj.com\/blog\/wp-json\/wp\/v2\/posts\/52229"}],"collection":[{"href":"https:\/\/www.visit-ulcinj.com\/blog\/wp-json\/wp\/v2\/posts"}],"about":[{"href":"https:\/\/www.visit-ulcinj.com\/blog\/wp-json\/wp\/v2\/types\/post"}],"author":[{"embeddable":true,"href":"https:\/\/www.visit-ulcinj.com\/blog\/wp-json\/wp\/v2\/users\/1"}],"replies":[{"embeddable":true,"href":"https:\/\/www.visit-ulcinj.com\/blog\/wp-json\/wp\/v2\/comments?post=52229"}],"version-history":[{"count":1,"href":"https:\/\/www.visit-ulcinj.com\/blog\/wp-json\/wp\/v2\/posts\/52229\/revisions"}],"predecessor-version":[{"id":52232,"href":"https:\/\/www.visit-ulcinj.com\/blog\/wp-json\/wp\/v2\/posts\/52229\/revisions\/52232"}],"wp:attachment":[{"href":"https:\/\/www.visit-ulcinj.com\/blog\/wp-json\/wp\/v2\/media?parent=52229"}],"wp:term":[{"taxonomy":"category","embeddable":true,"href":"https:\/\/www.visit-ulcinj.com\/blog\/wp-json\/wp\/v2\/categories?post=52229"},{"taxonomy":"post_tag","embeddable":true,"href":"https:\/\/www.visit-ulcinj.com\/blog\/wp-json\/wp\/v2\/tags?post=52229"}],"curies":[{"name":"wp","href":"https:\/\/api.w.org\/{rel}","templated":true}]}}