{"id":52233,"date":"2011-10-22T11:56:04","date_gmt":"2011-10-22T10:56:04","guid":{"rendered":"http:\/\/www.visit-ulcinj.com\/blog\/?p=52233"},"modified":"2011-10-22T11:56:04","modified_gmt":"2011-10-22T10:56:04","slug":"rovena-me-kurore-prej-2-500-eurove","status":"publish","type":"post","link":"https:\/\/www.visit-ulcinj.com\/blog\/2011\/10\/22\/rovena-me-kurore-prej-2-500-eurove\/","title":{"rendered":"Rovena me kuror\u00eb prej 2 500 eurove"},"content":{"rendered":"<p><strong><a href=\"http:\/\/www.visit-ulcinj.com\/blog\/wp-content\/uploads\/2011\/10\/Rovena-Stefa.jpg\"><img loading=\"lazy\" class=\"alignleft size-full wp-image-52234\" title=\"Rovena Stefa\" src=\"http:\/\/www.visit-ulcinj.com\/blog\/wp-content\/uploads\/2011\/10\/Rovena-Stefa.jpg\" alt=\"\" width=\"340\" height=\"390\" \/><\/a>Edhe pak or\u00eb kan\u00eb mbetur deri n\u00eb spektaklin \u201cZhurma Show Awards 2011\u2019, nd\u00ebrsa n\u00eb Prishtin\u00eb tashm\u00eb artist\u00ebt kan\u00eb nisur t\u00eb arrijn\u00eb.<\/strong><\/p>\n<p>\u201cZhurnal Plus\u201d m\u00ebson se edhe k\u00ebng\u00ebtarja Rovena Stefa \u00ebsht\u00eb b\u00ebr\u00eb gati p\u00ebr k\u00ebt\u00eb ngjarje, madje vet\u00ebm dy dit\u00eb para spektaklir ajo ka qen\u00eb n\u00eb nj\u00eb nga klubet e Prishtin\u00ebs duke u arg\u00ebtuar me miqt\u00eb e saj, si\u00e7\u00a0 shihet edhe n\u00eb k\u00ebt\u00eb foto. Rovena n\u00eb \u201cZhurma Show\u201d \u00ebsht\u00eb e nominuar n\u00eb dy kategori, nd\u00ebrsa do t\u00eb ket\u00eb nj\u00eb performanc\u00eb shum\u00eb interesante gjat\u00eb spektaklit.<\/p>\n<p>Sipas \u201cZhurnal Plus\u201d, artistja do t\u00eb duket si nj\u00eb mbret\u00ebreshe, n\u00eb kok\u00eb do t\u00eb ket\u00eb nj\u00eb kuror\u00eb q\u00eb peshon 650 gram\u00eb e punuar nga filigrani dhe e gjitha n\u00eb argjend, por q\u00eb kjo \u00ebsht\u00eb kurore unike dhe \u00ebsht\u00eb dizajnuar vet\u00ebm p\u00ebr Roven\u00ebn.<\/p>\n<p>Edhe veshja e saj do t\u00eb jet\u00eb shum\u00eb e ve\u00e7ant\u00eb, nd\u00ebrsa bukuris\u00eb s\u00eb kuror\u00ebs s\u00eb argjendt\u00eb do t\u2019i shtohen edhe gur\u00ebt e \u00e7muar smeraldi dhe Swarovski.<\/p>\n<p>Rovena do t\u00eb shoq\u00ebrohet n\u00eb tepihun e kuq nga motrat Elisa dhe Irva. Kjo e fundit \u00ebsht\u00eb e nominuar p\u00ebr \u201cBest New Artist\u201d dhe \u00ebsht\u00eb pretendente e fuqishme p\u00ebr ta fituar k\u00ebt\u00eb \u00e7mim.<\/p>\n<!--YouTube Error: bad URL entered-->\n","protected":false},"excerpt":{"rendered":"<p>Edhe pak or\u00eb kan\u00eb mbetur deri n\u00eb spektaklin \u201cZhurma Show Awards 2011\u2019, nd\u00ebrsa n\u00eb Prishtin\u00eb tashm\u00eb artist\u00ebt kan\u00eb nisur t\u00eb arrijn\u00eb. \u201cZhurnal Plus\u201d m\u00ebson se edhe k\u00ebng\u00ebtarja Rovena Stefa \u00ebsht\u00eb b\u00ebr\u00eb gati p\u00ebr k\u00ebt\u00eb ngjarje, madje vet\u00ebm dy dit\u00eb para spektaklir ajo ka qen\u00eb n\u00eb nj\u00eb nga klubet e Prishtin\u00ebs duke u arg\u00ebtuar me miqt\u00eb [&hellip;]<\/p>\n","protected":false},"author":1,"featured_media":0,"comment_status":"closed","ping_status":"closed","sticky":false,"template":"","format":"standard","meta":{"spay_email":"","jetpack_publicize_message":"","jetpack_is_tweetstorm":false,"jetpack_publicize_feature_enabled":true},"categories":[1],"tags":[4869],"jetpack_publicize_connections":[],"yoast_head":"<!-- This site is optimized with the Yoast SEO plugin v19.1 - https:\/\/yoast.com\/wordpress\/plugins\/seo\/ -->\n<title>Rovena me kuror\u00eb prej 2 500 eurove - Lajme nga Ulqini<\/title>\n<meta name=\"description\" content=\"Edhe pak or\u00eb kan\u00eb mbetur deri n\u00eb spektaklin \u201cZhurma Show Awards 2011\u2019, nd\u00ebrsa n\u00eb Prishtin\u00eb tashm\u00eb artist\u00ebt kan\u00eb nisur t\u00eb arrijn\u00eb. \u201cZhurnal Plus\u201d m\u00ebson se\" \/>\n<meta name=\"robots\" content=\"index, follow, max-snippet:-1, max-image-preview:large, max-video-preview:-1\" \/>\n<link rel=\"canonical\" href=\"https:\/\/www.visit-ulcinj.com\/blog\/2011\/10\/22\/rovena-me-kurore-prej-2-500-eurove\/\" \/>\n<meta property=\"og:locale\" content=\"en_US\" \/>\n<meta property=\"og:type\" content=\"article\" \/>\n<meta property=\"og:title\" content=\"Rovena me kuror\u00eb prej 2 500 eurove - Lajme nga Ulqini\" \/>\n<meta property=\"og:description\" content=\"Edhe pak or\u00eb kan\u00eb mbetur deri n\u00eb spektaklin \u201cZhurma Show Awards 2011\u2019, nd\u00ebrsa n\u00eb Prishtin\u00eb tashm\u00eb artist\u00ebt kan\u00eb nisur t\u00eb arrijn\u00eb. \u201cZhurnal Plus\u201d m\u00ebson se\" \/>\n<meta property=\"og:url\" content=\"https:\/\/www.visit-ulcinj.com\/blog\/2011\/10\/22\/rovena-me-kurore-prej-2-500-eurove\/\" \/>\n<meta property=\"og:site_name\" content=\"Lajme nga Ulqini\" \/>\n<meta property=\"article:published_time\" content=\"2011-10-22T10:56:04+00:00\" \/>\n<meta property=\"og:image\" content=\"http:\/\/www.visit-ulcinj.com\/blog\/wp-content\/uploads\/2011\/10\/Rovena-Stefa.jpg\" \/>\n<meta name=\"twitter:label1\" content=\"Written by\" \/>\n\t<meta name=\"twitter:data1\" content=\"ulqini\" \/>\n\t<meta name=\"twitter:label2\" content=\"Est. reading time\" \/>\n\t<meta name=\"twitter:data2\" content=\"1 minute\" \/>\n<script type=\"application\/ld+json\" class=\"yoast-schema-graph\">{\"@context\":\"https:\/\/schema.org\",\"@graph\":[{\"@type\":\"WebSite\",\"@id\":\"https:\/\/www.visit-ulcinj.com\/blog\/#website\",\"url\":\"https:\/\/www.visit-ulcinj.com\/blog\/\",\"name\":\"Lajme nga Ulqini\",\"description\":\"Lajme,Vijesti,Ulqini,Ulqin,Crna Gora,Mali i Zi\",\"potentialAction\":[{\"@type\":\"SearchAction\",\"target\":{\"@type\":\"EntryPoint\",\"urlTemplate\":\"https:\/\/www.visit-ulcinj.com\/blog\/?s={search_term_string}\"},\"query-input\":\"required name=search_term_string\"}],\"inLanguage\":\"en-US\"},{\"@type\":\"ImageObject\",\"inLanguage\":\"en-US\",\"@id\":\"https:\/\/www.visit-ulcinj.com\/blog\/2011\/10\/22\/rovena-me-kurore-prej-2-500-eurove\/#primaryimage\",\"url\":\"http:\/\/www.visit-ulcinj.com\/blog\/wp-content\/uploads\/2011\/10\/Rovena-Stefa.jpg\",\"contentUrl\":\"http:\/\/www.visit-ulcinj.com\/blog\/wp-content\/uploads\/2011\/10\/Rovena-Stefa.jpg\"},{\"@type\":\"WebPage\",\"@id\":\"https:\/\/www.visit-ulcinj.com\/blog\/2011\/10\/22\/rovena-me-kurore-prej-2-500-eurove\/#webpage\",\"url\":\"https:\/\/www.visit-ulcinj.com\/blog\/2011\/10\/22\/rovena-me-kurore-prej-2-500-eurove\/\",\"name\":\"Rovena me kuror\u00eb prej 2 500 eurove - Lajme nga Ulqini\",\"isPartOf\":{\"@id\":\"https:\/\/www.visit-ulcinj.com\/blog\/#website\"},\"primaryImageOfPage\":{\"@id\":\"https:\/\/www.visit-ulcinj.com\/blog\/2011\/10\/22\/rovena-me-kurore-prej-2-500-eurove\/#primaryimage\"},\"datePublished\":\"2011-10-22T10:56:04+00:00\",\"dateModified\":\"2011-10-22T10:56:04+00:00\",\"author\":{\"@id\":\"https:\/\/www.visit-ulcinj.com\/blog\/#\/schema\/person\/dcab619c614d3038751c63bc2aadc06d\"},\"description\":\"Edhe pak or\u00eb kan\u00eb mbetur deri n\u00eb spektaklin \u201cZhurma Show Awards 2011\u2019, nd\u00ebrsa n\u00eb Prishtin\u00eb tashm\u00eb artist\u00ebt kan\u00eb nisur t\u00eb arrijn\u00eb. \u201cZhurnal Plus\u201d m\u00ebson se\",\"breadcrumb\":{\"@id\":\"https:\/\/www.visit-ulcinj.com\/blog\/2011\/10\/22\/rovena-me-kurore-prej-2-500-eurove\/#breadcrumb\"},\"inLanguage\":\"en-US\",\"potentialAction\":[{\"@type\":\"ReadAction\",\"target\":[\"https:\/\/www.visit-ulcinj.com\/blog\/2011\/10\/22\/rovena-me-kurore-prej-2-500-eurove\/\"]}]},{\"@type\":\"BreadcrumbList\",\"@id\":\"https:\/\/www.visit-ulcinj.com\/blog\/2011\/10\/22\/rovena-me-kurore-prej-2-500-eurove\/#breadcrumb\",\"itemListElement\":[{\"@type\":\"ListItem\",\"position\":1,\"name\":\"Rovena me kuror\u00eb prej 2 500 eurove\"}]},{\"@type\":\"Person\",\"@id\":\"https:\/\/www.visit-ulcinj.com\/blog\/#\/schema\/person\/dcab619c614d3038751c63bc2aadc06d\",\"name\":\"ulqini\",\"sameAs\":[\"http:\/\/www.visit-ulcinj.com\"],\"url\":\"https:\/\/www.visit-ulcinj.com\/blog\/author\/admin\/\"}]}<\/script>\n<!-- \/ Yoast SEO plugin. -->","yoast_head_json":{"title":"Rovena me kuror\u00eb prej 2 500 eurove - Lajme nga Ulqini","description":"Edhe pak or\u00eb kan\u00eb mbetur deri n\u00eb spektaklin \u201cZhurma Show Awards 2011\u2019, nd\u00ebrsa n\u00eb Prishtin\u00eb tashm\u00eb artist\u00ebt kan\u00eb nisur t\u00eb arrijn\u00eb. \u201cZhurnal Plus\u201d m\u00ebson se","robots":{"index":"index","follow":"follow","max-snippet":"max-snippet:-1","max-image-preview":"max-image-preview:large","max-video-preview":"max-video-preview:-1"},"canonical":"https:\/\/www.visit-ulcinj.com\/blog\/2011\/10\/22\/rovena-me-kurore-prej-2-500-eurove\/","og_locale":"en_US","og_type":"article","og_title":"Rovena me kuror\u00eb prej 2 500 eurove - Lajme nga Ulqini","og_description":"Edhe pak or\u00eb kan\u00eb mbetur deri n\u00eb spektaklin \u201cZhurma Show Awards 2011\u2019, nd\u00ebrsa n\u00eb Prishtin\u00eb tashm\u00eb artist\u00ebt kan\u00eb nisur t\u00eb arrijn\u00eb. \u201cZhurnal Plus\u201d m\u00ebson se","og_url":"https:\/\/www.visit-ulcinj.com\/blog\/2011\/10\/22\/rovena-me-kurore-prej-2-500-eurove\/","og_site_name":"Lajme nga Ulqini","article_published_time":"2011-10-22T10:56:04+00:00","og_image":[{"url":"http:\/\/www.visit-ulcinj.com\/blog\/wp-content\/uploads\/2011\/10\/Rovena-Stefa.jpg"}],"twitter_misc":{"Written by":"ulqini","Est. reading time":"1 minute"},"schema":{"@context":"https:\/\/schema.org","@graph":[{"@type":"WebSite","@id":"https:\/\/www.visit-ulcinj.com\/blog\/#website","url":"https:\/\/www.visit-ulcinj.com\/blog\/","name":"Lajme nga Ulqini","description":"Lajme,Vijesti,Ulqini,Ulqin,Crna Gora,Mali i Zi","potentialAction":[{"@type":"SearchAction","target":{"@type":"EntryPoint","urlTemplate":"https:\/\/www.visit-ulcinj.com\/blog\/?s={search_term_string}"},"query-input":"required name=search_term_string"}],"inLanguage":"en-US"},{"@type":"ImageObject","inLanguage":"en-US","@id":"https:\/\/www.visit-ulcinj.com\/blog\/2011\/10\/22\/rovena-me-kurore-prej-2-500-eurove\/#primaryimage","url":"http:\/\/www.visit-ulcinj.com\/blog\/wp-content\/uploads\/2011\/10\/Rovena-Stefa.jpg","contentUrl":"http:\/\/www.visit-ulcinj.com\/blog\/wp-content\/uploads\/2011\/10\/Rovena-Stefa.jpg"},{"@type":"WebPage","@id":"https:\/\/www.visit-ulcinj.com\/blog\/2011\/10\/22\/rovena-me-kurore-prej-2-500-eurove\/#webpage","url":"https:\/\/www.visit-ulcinj.com\/blog\/2011\/10\/22\/rovena-me-kurore-prej-2-500-eurove\/","name":"Rovena me kuror\u00eb prej 2 500 eurove - Lajme nga Ulqini","isPartOf":{"@id":"https:\/\/www.visit-ulcinj.com\/blog\/#website"},"primaryImageOfPage":{"@id":"https:\/\/www.visit-ulcinj.com\/blog\/2011\/10\/22\/rovena-me-kurore-prej-2-500-eurove\/#primaryimage"},"datePublished":"2011-10-22T10:56:04+00:00","dateModified":"2011-10-22T10:56:04+00:00","author":{"@id":"https:\/\/www.visit-ulcinj.com\/blog\/#\/schema\/person\/dcab619c614d3038751c63bc2aadc06d"},"description":"Edhe pak or\u00eb kan\u00eb mbetur deri n\u00eb spektaklin \u201cZhurma Show Awards 2011\u2019, nd\u00ebrsa n\u00eb Prishtin\u00eb tashm\u00eb artist\u00ebt kan\u00eb nisur t\u00eb arrijn\u00eb. \u201cZhurnal Plus\u201d m\u00ebson se","breadcrumb":{"@id":"https:\/\/www.visit-ulcinj.com\/blog\/2011\/10\/22\/rovena-me-kurore-prej-2-500-eurove\/#breadcrumb"},"inLanguage":"en-US","potentialAction":[{"@type":"ReadAction","target":["https:\/\/www.visit-ulcinj.com\/blog\/2011\/10\/22\/rovena-me-kurore-prej-2-500-eurove\/"]}]},{"@type":"BreadcrumbList","@id":"https:\/\/www.visit-ulcinj.com\/blog\/2011\/10\/22\/rovena-me-kurore-prej-2-500-eurove\/#breadcrumb","itemListElement":[{"@type":"ListItem","position":1,"name":"Rovena me kuror\u00eb prej 2 500 eurove"}]},{"@type":"Person","@id":"https:\/\/www.visit-ulcinj.com\/blog\/#\/schema\/person\/dcab619c614d3038751c63bc2aadc06d","name":"ulqini","sameAs":["http:\/\/www.visit-ulcinj.com"],"url":"https:\/\/www.visit-ulcinj.com\/blog\/author\/admin\/"}]}},"jetpack_featured_media_url":"","jetpack_sharing_enabled":true,"jetpack_shortlink":"https:\/\/wp.me\/pe6lTn-dAt","_links":{"self":[{"href":"https:\/\/www.visit-ulcinj.com\/blog\/wp-json\/wp\/v2\/posts\/52233"}],"collection":[{"href":"https:\/\/www.visit-ulcinj.com\/blog\/wp-json\/wp\/v2\/posts"}],"about":[{"href":"https:\/\/www.visit-ulcinj.com\/blog\/wp-json\/wp\/v2\/types\/post"}],"author":[{"embeddable":true,"href":"https:\/\/www.visit-ulcinj.com\/blog\/wp-json\/wp\/v2\/users\/1"}],"replies":[{"embeddable":true,"href":"https:\/\/www.visit-ulcinj.com\/blog\/wp-json\/wp\/v2\/comments?post=52233"}],"version-history":[{"count":1,"href":"https:\/\/www.visit-ulcinj.com\/blog\/wp-json\/wp\/v2\/posts\/52233\/revisions"}],"predecessor-version":[{"id":52235,"href":"https:\/\/www.visit-ulcinj.com\/blog\/wp-json\/wp\/v2\/posts\/52233\/revisions\/52235"}],"wp:attachment":[{"href":"https:\/\/www.visit-ulcinj.com\/blog\/wp-json\/wp\/v2\/media?parent=52233"}],"wp:term":[{"taxonomy":"category","embeddable":true,"href":"https:\/\/www.visit-ulcinj.com\/blog\/wp-json\/wp\/v2\/categories?post=52233"},{"taxonomy":"post_tag","embeddable":true,"href":"https:\/\/www.visit-ulcinj.com\/blog\/wp-json\/wp\/v2\/tags?post=52233"}],"curies":[{"name":"wp","href":"https:\/\/api.w.org\/{rel}","templated":true}]}}