{"id":52262,"date":"2011-10-23T09:02:05","date_gmt":"2011-10-23T08:02:05","guid":{"rendered":"http:\/\/www.visit-ulcinj.com\/blog\/?p=52262"},"modified":"2011-10-23T09:02:05","modified_gmt":"2011-10-23T08:02:05","slug":"krcmljenje-sikare","status":"publish","type":"post","link":"https:\/\/www.visit-ulcinj.com\/blog\/2011\/10\/23\/krcmljenje-sikare\/","title":{"rendered":"Kr\u010dmljenje \u0161ikare"},"content":{"rendered":"<p><a href=\"http:\/\/www.visit-ulcinj.com\/blog\/wp-content\/uploads\/2011\/10\/komuna-e-ulqinit2.jpg\"><img loading=\"lazy\" class=\"alignleft size-full wp-image-52263\" title=\"komuna-e-ulqinit2\" src=\"http:\/\/www.visit-ulcinj.com\/blog\/wp-content\/uploads\/2011\/10\/komuna-e-ulqinit2.jpg\" alt=\"\" width=\"508\" height=\"380\" srcset=\"https:\/\/www.visit-ulcinj.com\/blog\/wp-content\/uploads\/2011\/10\/komuna-e-ulqinit2.jpg 600w, https:\/\/www.visit-ulcinj.com\/blog\/wp-content\/uploads\/2011\/10\/komuna-e-ulqinit2-300x225.jpg 300w\" sizes=\"(max-width: 508px) 100vw, 508px\" \/><\/a>\u201eU op\u0161tinskoj kasi nijesu ostavili prakti\u010dno ni\u0161ta. Potro\u0161ili su \u010dak i sredstva iz obavezne rezerve bud\u017eeta. I to samo \u010detiri-pet dana prije nego \u0161to su napu\u0161tili funkcije&#8221;, ka\u017ee novi predsjednik Op\u0161tine Ulcinj Nazif Cungu. On isti\u010de da jo\u0161 ne mo\u017ee navesti koliko ta\u010dno iznose dugovi Op\u0161tine, ali je izvjesno da prema\u0161uju 15 miliona eura, \u0161to realno zna\u010di oko \u010detiri godi\u0161nja bud\u017eeta Ulcinja! Prema njegovim rije\u010dima, du\u017enici svakodnevno zovu, tra\u017ee novac, sti\u017eu fakture, a para ni\u0111e.<\/p>\n<p>Najgore tek slijedi. Op\u0161tina je nedavno izgubila spor vrijedan dva miliona, a u toku je jo\u0161 jedan u vrijednosti od \u010dak tri miliona eura. Nova vlast mora\u0107e da vra\u0107a i kredit od 1,64 miliona eura koji je u prolje\u0107e dobijen od Erste banke, dugove od oko milion eura za vodu, struju i telefon. Mjesecima nijesu upla\u0107ivani ni doprinosi na zarade zapo\u0161ljenih, a poseban slu\u010daj su zarade u javnim preduze\u0107ima, \u010diji je osniva\u010d lokalni parlament.<\/p>\n<p>&nbsp;<\/p>\n<h3><a href=\"http:\/\/www.monitor.co.me\/index.php?option=com_content&amp;view=article&amp;id=2331:krmljenje-ikare&amp;catid=133:novi-broj-tekstovi&amp;Itemid=1267\" target=\"_blank\"><strong>Pro\u010ditaj vijest do kraja &gt;&gt;<small><\/small>Monitor Online &gt;&gt;Mustafa CANKA<\/strong><\/a><\/h3>\n","protected":false},"excerpt":{"rendered":"<p>\u201eU op\u0161tinskoj kasi nijesu ostavili prakti\u010dno ni\u0161ta. Potro\u0161ili su \u010dak i sredstva iz obavezne rezerve bud\u017eeta. I to samo \u010detiri-pet dana prije nego \u0161to su napu\u0161tili funkcije&#8221;, ka\u017ee novi predsjednik Op\u0161tine Ulcinj Nazif Cungu. On isti\u010de da jo\u0161 ne mo\u017ee navesti koliko ta\u010dno iznose dugovi Op\u0161tine, ali je izvjesno da prema\u0161uju 15 miliona eura, \u0161to [&hellip;]<\/p>\n","protected":false},"author":1,"featured_media":0,"comment_status":"open","ping_status":"closed","sticky":false,"template":"","format":"standard","meta":{"spay_email":"","jetpack_publicize_message":"","jetpack_is_tweetstorm":false,"jetpack_publicize_feature_enabled":true},"categories":[8337],"tags":[264,19],"jetpack_publicize_connections":[],"yoast_head":"<!-- This site is optimized with the Yoast SEO plugin v19.1 - https:\/\/yoast.com\/wordpress\/plugins\/seo\/ -->\n<title>Kr\u010dmljenje \u0161ikare - Lajme nga Ulqini<\/title>\n<meta name=\"description\" content=\"\u201eU op\u0161tinskoj kasi nijesu ostavili prakti\u010dno ni\u0161ta. Potro\u0161ili su \u010dak i sredstva iz obavezne rezerve bud\u017eeta. I to samo \u010detiri-pet dana prije nego \u0161to su\" \/>\n<meta name=\"robots\" content=\"index, follow, max-snippet:-1, max-image-preview:large, max-video-preview:-1\" \/>\n<link rel=\"canonical\" href=\"https:\/\/www.visit-ulcinj.com\/blog\/2011\/10\/23\/krcmljenje-sikare\/\" \/>\n<meta property=\"og:locale\" content=\"en_US\" \/>\n<meta property=\"og:type\" content=\"article\" \/>\n<meta property=\"og:title\" content=\"Kr\u010dmljenje \u0161ikare - Lajme nga Ulqini\" \/>\n<meta property=\"og:description\" content=\"\u201eU op\u0161tinskoj kasi nijesu ostavili prakti\u010dno ni\u0161ta. Potro\u0161ili su \u010dak i sredstva iz obavezne rezerve bud\u017eeta. I to samo \u010detiri-pet dana prije nego \u0161to su\" \/>\n<meta property=\"og:url\" content=\"https:\/\/www.visit-ulcinj.com\/blog\/2011\/10\/23\/krcmljenje-sikare\/\" \/>\n<meta property=\"og:site_name\" content=\"Lajme nga Ulqini\" \/>\n<meta property=\"article:published_time\" content=\"2011-10-23T08:02:05+00:00\" \/>\n<meta property=\"og:image\" content=\"http:\/\/www.visit-ulcinj.com\/blog\/wp-content\/uploads\/2011\/10\/komuna-e-ulqinit2.jpg\" \/>\n<meta name=\"twitter:label1\" content=\"Written by\" \/>\n\t<meta name=\"twitter:data1\" content=\"ulqini\" \/>\n\t<meta name=\"twitter:label2\" content=\"Est. reading time\" \/>\n\t<meta name=\"twitter:data2\" content=\"1 minute\" \/>\n<script type=\"application\/ld+json\" class=\"yoast-schema-graph\">{\"@context\":\"https:\/\/schema.org\",\"@graph\":[{\"@type\":\"WebSite\",\"@id\":\"https:\/\/www.visit-ulcinj.com\/blog\/#website\",\"url\":\"https:\/\/www.visit-ulcinj.com\/blog\/\",\"name\":\"Lajme nga Ulqini\",\"description\":\"Lajme,Vijesti,Ulqini,Ulqin,Crna Gora,Mali i Zi\",\"potentialAction\":[{\"@type\":\"SearchAction\",\"target\":{\"@type\":\"EntryPoint\",\"urlTemplate\":\"https:\/\/www.visit-ulcinj.com\/blog\/?s={search_term_string}\"},\"query-input\":\"required name=search_term_string\"}],\"inLanguage\":\"en-US\"},{\"@type\":\"ImageObject\",\"inLanguage\":\"en-US\",\"@id\":\"https:\/\/www.visit-ulcinj.com\/blog\/2011\/10\/23\/krcmljenje-sikare\/#primaryimage\",\"url\":\"https:\/\/www.visit-ulcinj.com\/blog\/wp-content\/uploads\/2011\/10\/komuna-e-ulqinit2.jpg\",\"contentUrl\":\"https:\/\/www.visit-ulcinj.com\/blog\/wp-content\/uploads\/2011\/10\/komuna-e-ulqinit2.jpg\",\"width\":\"600\",\"height\":\"450\"},{\"@type\":\"WebPage\",\"@id\":\"https:\/\/www.visit-ulcinj.com\/blog\/2011\/10\/23\/krcmljenje-sikare\/#webpage\",\"url\":\"https:\/\/www.visit-ulcinj.com\/blog\/2011\/10\/23\/krcmljenje-sikare\/\",\"name\":\"Kr\u010dmljenje \u0161ikare - Lajme nga Ulqini\",\"isPartOf\":{\"@id\":\"https:\/\/www.visit-ulcinj.com\/blog\/#website\"},\"primaryImageOfPage\":{\"@id\":\"https:\/\/www.visit-ulcinj.com\/blog\/2011\/10\/23\/krcmljenje-sikare\/#primaryimage\"},\"datePublished\":\"2011-10-23T08:02:05+00:00\",\"dateModified\":\"2011-10-23T08:02:05+00:00\",\"author\":{\"@id\":\"https:\/\/www.visit-ulcinj.com\/blog\/#\/schema\/person\/dcab619c614d3038751c63bc2aadc06d\"},\"description\":\"\u201eU op\u0161tinskoj kasi nijesu ostavili prakti\u010dno ni\u0161ta. Potro\u0161ili su \u010dak i sredstva iz obavezne rezerve bud\u017eeta. I to samo \u010detiri-pet dana prije nego \u0161to su\",\"breadcrumb\":{\"@id\":\"https:\/\/www.visit-ulcinj.com\/blog\/2011\/10\/23\/krcmljenje-sikare\/#breadcrumb\"},\"inLanguage\":\"en-US\",\"potentialAction\":[{\"@type\":\"ReadAction\",\"target\":[\"https:\/\/www.visit-ulcinj.com\/blog\/2011\/10\/23\/krcmljenje-sikare\/\"]}]},{\"@type\":\"BreadcrumbList\",\"@id\":\"https:\/\/www.visit-ulcinj.com\/blog\/2011\/10\/23\/krcmljenje-sikare\/#breadcrumb\",\"itemListElement\":[{\"@type\":\"ListItem\",\"position\":1,\"name\":\"Kr\u010dmljenje \u0161ikare\"}]},{\"@type\":\"Person\",\"@id\":\"https:\/\/www.visit-ulcinj.com\/blog\/#\/schema\/person\/dcab619c614d3038751c63bc2aadc06d\",\"name\":\"ulqini\",\"sameAs\":[\"http:\/\/www.visit-ulcinj.com\"],\"url\":\"https:\/\/www.visit-ulcinj.com\/blog\/author\/admin\/\"}]}<\/script>\n<!-- \/ Yoast SEO plugin. -->","yoast_head_json":{"title":"Kr\u010dmljenje \u0161ikare - Lajme nga Ulqini","description":"\u201eU op\u0161tinskoj kasi nijesu ostavili prakti\u010dno ni\u0161ta. Potro\u0161ili su \u010dak i sredstva iz obavezne rezerve bud\u017eeta. I to samo \u010detiri-pet dana prije nego \u0161to su","robots":{"index":"index","follow":"follow","max-snippet":"max-snippet:-1","max-image-preview":"max-image-preview:large","max-video-preview":"max-video-preview:-1"},"canonical":"https:\/\/www.visit-ulcinj.com\/blog\/2011\/10\/23\/krcmljenje-sikare\/","og_locale":"en_US","og_type":"article","og_title":"Kr\u010dmljenje \u0161ikare - Lajme nga Ulqini","og_description":"\u201eU op\u0161tinskoj kasi nijesu ostavili prakti\u010dno ni\u0161ta. Potro\u0161ili su \u010dak i sredstva iz obavezne rezerve bud\u017eeta. I to samo \u010detiri-pet dana prije nego \u0161to su","og_url":"https:\/\/www.visit-ulcinj.com\/blog\/2011\/10\/23\/krcmljenje-sikare\/","og_site_name":"Lajme nga Ulqini","article_published_time":"2011-10-23T08:02:05+00:00","og_image":[{"url":"http:\/\/www.visit-ulcinj.com\/blog\/wp-content\/uploads\/2011\/10\/komuna-e-ulqinit2.jpg"}],"twitter_misc":{"Written by":"ulqini","Est. reading time":"1 minute"},"schema":{"@context":"https:\/\/schema.org","@graph":[{"@type":"WebSite","@id":"https:\/\/www.visit-ulcinj.com\/blog\/#website","url":"https:\/\/www.visit-ulcinj.com\/blog\/","name":"Lajme nga Ulqini","description":"Lajme,Vijesti,Ulqini,Ulqin,Crna Gora,Mali i Zi","potentialAction":[{"@type":"SearchAction","target":{"@type":"EntryPoint","urlTemplate":"https:\/\/www.visit-ulcinj.com\/blog\/?s={search_term_string}"},"query-input":"required name=search_term_string"}],"inLanguage":"en-US"},{"@type":"ImageObject","inLanguage":"en-US","@id":"https:\/\/www.visit-ulcinj.com\/blog\/2011\/10\/23\/krcmljenje-sikare\/#primaryimage","url":"https:\/\/www.visit-ulcinj.com\/blog\/wp-content\/uploads\/2011\/10\/komuna-e-ulqinit2.jpg","contentUrl":"https:\/\/www.visit-ulcinj.com\/blog\/wp-content\/uploads\/2011\/10\/komuna-e-ulqinit2.jpg","width":"600","height":"450"},{"@type":"WebPage","@id":"https:\/\/www.visit-ulcinj.com\/blog\/2011\/10\/23\/krcmljenje-sikare\/#webpage","url":"https:\/\/www.visit-ulcinj.com\/blog\/2011\/10\/23\/krcmljenje-sikare\/","name":"Kr\u010dmljenje \u0161ikare - Lajme nga Ulqini","isPartOf":{"@id":"https:\/\/www.visit-ulcinj.com\/blog\/#website"},"primaryImageOfPage":{"@id":"https:\/\/www.visit-ulcinj.com\/blog\/2011\/10\/23\/krcmljenje-sikare\/#primaryimage"},"datePublished":"2011-10-23T08:02:05+00:00","dateModified":"2011-10-23T08:02:05+00:00","author":{"@id":"https:\/\/www.visit-ulcinj.com\/blog\/#\/schema\/person\/dcab619c614d3038751c63bc2aadc06d"},"description":"\u201eU op\u0161tinskoj kasi nijesu ostavili prakti\u010dno ni\u0161ta. Potro\u0161ili su \u010dak i sredstva iz obavezne rezerve bud\u017eeta. I to samo \u010detiri-pet dana prije nego \u0161to su","breadcrumb":{"@id":"https:\/\/www.visit-ulcinj.com\/blog\/2011\/10\/23\/krcmljenje-sikare\/#breadcrumb"},"inLanguage":"en-US","potentialAction":[{"@type":"ReadAction","target":["https:\/\/www.visit-ulcinj.com\/blog\/2011\/10\/23\/krcmljenje-sikare\/"]}]},{"@type":"BreadcrumbList","@id":"https:\/\/www.visit-ulcinj.com\/blog\/2011\/10\/23\/krcmljenje-sikare\/#breadcrumb","itemListElement":[{"@type":"ListItem","position":1,"name":"Kr\u010dmljenje \u0161ikare"}]},{"@type":"Person","@id":"https:\/\/www.visit-ulcinj.com\/blog\/#\/schema\/person\/dcab619c614d3038751c63bc2aadc06d","name":"ulqini","sameAs":["http:\/\/www.visit-ulcinj.com"],"url":"https:\/\/www.visit-ulcinj.com\/blog\/author\/admin\/"}]}},"jetpack_featured_media_url":"","jetpack_sharing_enabled":true,"jetpack_shortlink":"https:\/\/wp.me\/pe6lTn-dAW","_links":{"self":[{"href":"https:\/\/www.visit-ulcinj.com\/blog\/wp-json\/wp\/v2\/posts\/52262"}],"collection":[{"href":"https:\/\/www.visit-ulcinj.com\/blog\/wp-json\/wp\/v2\/posts"}],"about":[{"href":"https:\/\/www.visit-ulcinj.com\/blog\/wp-json\/wp\/v2\/types\/post"}],"author":[{"embeddable":true,"href":"https:\/\/www.visit-ulcinj.com\/blog\/wp-json\/wp\/v2\/users\/1"}],"replies":[{"embeddable":true,"href":"https:\/\/www.visit-ulcinj.com\/blog\/wp-json\/wp\/v2\/comments?post=52262"}],"version-history":[{"count":1,"href":"https:\/\/www.visit-ulcinj.com\/blog\/wp-json\/wp\/v2\/posts\/52262\/revisions"}],"predecessor-version":[{"id":52264,"href":"https:\/\/www.visit-ulcinj.com\/blog\/wp-json\/wp\/v2\/posts\/52262\/revisions\/52264"}],"wp:attachment":[{"href":"https:\/\/www.visit-ulcinj.com\/blog\/wp-json\/wp\/v2\/media?parent=52262"}],"wp:term":[{"taxonomy":"category","embeddable":true,"href":"https:\/\/www.visit-ulcinj.com\/blog\/wp-json\/wp\/v2\/categories?post=52262"},{"taxonomy":"post_tag","embeddable":true,"href":"https:\/\/www.visit-ulcinj.com\/blog\/wp-json\/wp\/v2\/tags?post=52262"}],"curies":[{"name":"wp","href":"https:\/\/api.w.org\/{rel}","templated":true}]}}