{"id":5227,"date":"2008-11-01T14:32:59","date_gmt":"2008-11-01T19:32:59","guid":{"rendered":"http:\/\/www.visit-ulcinj.com\/blog\/?p=5227"},"modified":"2008-11-01T14:32:59","modified_gmt":"2008-11-01T19:32:59","slug":"liqeni-i-shkodres-ne-prag-te-katastrofes-ekologjike","status":"publish","type":"post","link":"https:\/\/www.visit-ulcinj.com\/blog\/2008\/11\/01\/liqeni-i-shkodres-ne-prag-te-katastrofes-ekologjike\/","title":{"rendered":"Liqeni i Shkodr\u00ebs, n\u00eb prag t\u00eb katastrof\u00ebs ekologjike"},"content":{"rendered":"<p><a href=\"http:\/\/www.discover-montenegro.com\/skadarsko-jezero\/skadarsko-jezero-7.jpg\"><img loading=\"lazy\" class=\"alignleft\" title=\"liqeni shkodres\" src=\"http:\/\/www.discover-montenegro.com\/skadarsko-jezero\/skadarsko-jezero-7.jpg\" alt=\"\" width=\"392\" height=\"262\" \/><\/a>Liqeni i Shkodr\u00ebs, m\u00eb i madhi n\u00eb Ballkan, \u00ebsht\u00eb n\u00eb prag katastrofe ekologjike. K\u00ebrc\u00ebnimi vjen nga shteti m\u00eb i vog\u00ebl i Ballkan, Mali t\u00eb Zi. Lumenjt\u00eb q\u00eb derdhen n\u00eb liqenin e Shkodr\u00ebs jan\u00eb t\u00eb ndotura me mbetje alumini, t\u00eb konsideruara si tep\u00ebr toksike. Alarmin e ka dh\u00ebn\u00eb drejtoresha e Zyr\u00ebs Rajonale t\u00eb Mjedisit n\u00eb qytetin e Shkodr\u00ebs, Diana Bejko.<br \/>\nAshtu si\u00e7 kishin paralajm\u00ebruar specialist\u00ebt vite m\u00eb par\u00eb, fabrika e aluminit n\u00eb kufi me Podgoric\u00ebn n\u00eb Mal t\u00eb Zi nuk \u00ebsht\u00eb m\u00eb nj\u00eb k\u00ebrc\u00ebnim por nj\u00eb \u201cp\u00ebrbind\u00ebsh\u201d. Fabrika derdh mbetjet e aluminit dhe kobaltit n\u00eb liqen duke e \u00e7uar drejt nj\u00eb katastrofe t\u00eb v\u00ebrtet\u00eb ekologjike.<br \/>\n\u201cMbetjet e fabrik\u00ebs s\u00eb aluminit n\u00eb Malin e Zi derdhen n\u00eb liqen. Kjo \u00ebsht\u00eb me t\u00eb v\u00ebrtet\u00eb ndotje e rrezikshme, pasi prezupozohet se ekzistenca e metaleve t\u00eb r\u00ebnda n\u00eb ujin e liqenit dhe sidomos p\u00ebrmbajtja e aluminit, krahasuar me normat e lejuara t\u00eb BE, i kalon shum\u00eb k\u00ebto shifra. Po k\u00ebshtu dhe mbetjet e kobaltit jan\u00eb p\u00ebrs\u00ebri mbi normat e cil\u00ebsis\u00eb s\u00eb uj\u00ebrave p\u00ebr standardet evropiane\u201d, ka deklaruar p\u00ebr televizionin Ne\u00ebs24, drejtoresha rajonale e mjedisit, Diana Bejko.<br \/>\nPo k\u00ebshtu lumenjt\u00eb q\u00eb furnizojn\u00eb liqenin e Shkodr\u00ebs nga Mali i Zi, Mora\u00e7a sjellin dhe ndotje urbane me vete. Por shk\u00eblqimin dhe pasurin\u00eb ekologjike p\u00ebr t\u00eb cil\u00ebn njihej liqeni m\u00eb i madh i Gadishullit t\u00eb Ballkanit, po d\u00ebmtohet dhe nga mbetjet e urbane q\u00eb hidhen nga komuniteti q\u00eb jeton p\u00ebrreth brigjeve t\u00eb liqenit t\u00eb Shkodr\u00ebs, nd\u00ebrtimet pa leje dhe prerja e pyjeve n\u00eb malin e Taraboshit.<br \/>\nBejko i ka b\u00ebr\u00eb apel Bashkis\u00eb p\u00ebr t\u00eb nd\u00ebrhyr\u00eb duke ushtruar presion ndaj kompanive t\u00eb nd\u00ebrtimit t\u00eb cil\u00ebt n\u00eb m\u00ebnyr\u00eb t\u00eb pap\u00ebrgjegjshme hedhin mbetjet inerte n\u00eb brigjet e k\u00ebtij liqeni.<br \/>\nLiqeni i Shkodr\u00ebs ndodhet n\u00eb veriper\u00ebndim t\u00eb Shqip\u00ebris\u00eb dhe \u00ebsht\u00eb liqeni m\u00eb i madh i Gadishullit t\u00eb Ballkanit. Ai \u00ebsht\u00eb pjes\u00eb e kufirit t\u00eb Shqip\u00ebris\u00eb me Malin e Zi dhe ka sip\u00ebrfaqe 368 km2, nga t\u00eb cilat 149 km2 ndodhen n\u00eb territorin administrativ t\u00eb Shqip\u00ebris\u00eb. Lumi Mora\u00e7a dhe ai Cem p\u00ebrb\u00ebjn\u00eb 60% t\u00eb prurjeve n\u00eb liqen. 30% e ujit vjen nga burimet n\u00ebntok\u00ebsore e p\u00ebrrenjt\u00eb dhe pjesa tjet\u00ebr nga malet dhe reshjet e shiut. Nyja ujore e hap\u00ebsir\u00ebs Bun\u00eb-Drin, luan rol t\u00eb r\u00ebnd\u00ebsish\u00ebm n\u00eb sistemin ujor t\u00eb liqenit.<br \/>\nDikur, nj\u00eb nga zonat m\u00eb t\u00eb populluara me pushues dhe turist\u00eb, liqeni i Shkodr\u00ebs ndihet i braktisur. Gjuetia e paligjshme e peshkut, p\u00ebrdorimi i mjeteve shfaros\u00ebse p\u00ebr z\u00ebnien e tij, jan\u00eb k\u00ebrc\u00ebnime t\u00eb tjera p\u00ebr k\u00ebt\u00eb liqen, t\u00eb cilat nga dita n\u00eb dit\u00eb po i zbehin shk\u00eblqimin e dikursh\u00ebm.<br \/>\n<strong>Burimi \/ Balkanweb<\/strong><\/p>\n<!--YouTube Error: bad URL entered-->\n","protected":false},"excerpt":{"rendered":"<p>Liqeni i Shkodr\u00ebs, m\u00eb i madhi n\u00eb Ballkan, \u00ebsht\u00eb n\u00eb prag katastrofe ekologjike. K\u00ebrc\u00ebnimi vjen nga shteti m\u00eb i vog\u00ebl i Ballkan, Mali t\u00eb Zi. Lumenjt\u00eb q\u00eb derdhen n\u00eb liqenin e Shkodr\u00ebs jan\u00eb t\u00eb ndotura me mbetje alumini, t\u00eb konsideruara si tep\u00ebr toksike. Alarmin e ka dh\u00ebn\u00eb drejtoresha e Zyr\u00ebs Rajonale t\u00eb Mjedisit n\u00eb qytetin [&hellip;]<\/p>\n","protected":false},"author":1,"featured_media":0,"comment_status":"open","ping_status":"closed","sticky":false,"template":"","format":"standard","meta":{"spay_email":"","jetpack_publicize_message":"","jetpack_is_tweetstorm":false,"jetpack_publicize_feature_enabled":true},"categories":[13,12],"tags":[4855,95,3617,50],"jetpack_publicize_connections":[],"yoast_head":"<!-- This site is optimized with the Yoast SEO plugin v19.1 - https:\/\/yoast.com\/wordpress\/plugins\/seo\/ -->\n<title>Liqeni i Shkodr\u00ebs, n\u00eb prag t\u00eb katastrof\u00ebs ekologjike - Lajme nga Ulqini<\/title>\n<meta name=\"description\" content=\"Liqeni i Shkodr\u00ebs, m\u00eb i madhi n\u00eb Ballkan, \u00ebsht\u00eb n\u00eb prag katastrofe ekologjike. K\u00ebrc\u00ebnimi vjen nga shteti m\u00eb i vog\u00ebl i Ballkan, Mali t\u00eb Zi. Lumenjt\u00eb q\u00eb\" \/>\n<meta name=\"robots\" content=\"index, follow, max-snippet:-1, max-image-preview:large, max-video-preview:-1\" \/>\n<link rel=\"canonical\" href=\"https:\/\/www.visit-ulcinj.com\/blog\/2008\/11\/01\/liqeni-i-shkodres-ne-prag-te-katastrofes-ekologjike\/\" \/>\n<meta property=\"og:locale\" content=\"en_US\" \/>\n<meta property=\"og:type\" content=\"article\" \/>\n<meta property=\"og:title\" content=\"Liqeni i Shkodr\u00ebs, n\u00eb prag t\u00eb katastrof\u00ebs ekologjike - Lajme nga Ulqini\" \/>\n<meta property=\"og:description\" content=\"Liqeni i Shkodr\u00ebs, m\u00eb i madhi n\u00eb Ballkan, \u00ebsht\u00eb n\u00eb prag katastrofe ekologjike. K\u00ebrc\u00ebnimi vjen nga shteti m\u00eb i vog\u00ebl i Ballkan, Mali t\u00eb Zi. Lumenjt\u00eb q\u00eb\" \/>\n<meta property=\"og:url\" content=\"https:\/\/www.visit-ulcinj.com\/blog\/2008\/11\/01\/liqeni-i-shkodres-ne-prag-te-katastrofes-ekologjike\/\" \/>\n<meta property=\"og:site_name\" content=\"Lajme nga Ulqini\" \/>\n<meta property=\"article:published_time\" content=\"2008-11-01T19:32:59+00:00\" \/>\n<meta property=\"og:image\" content=\"http:\/\/www.discover-montenegro.com\/skadarsko-jezero\/skadarsko-jezero-7.jpg\" \/>\n<meta name=\"twitter:label1\" content=\"Written by\" \/>\n\t<meta name=\"twitter:data1\" content=\"ulqini\" \/>\n\t<meta name=\"twitter:label2\" content=\"Est. reading time\" \/>\n\t<meta name=\"twitter:data2\" content=\"3 minutes\" \/>\n<script type=\"application\/ld+json\" class=\"yoast-schema-graph\">{\"@context\":\"https:\/\/schema.org\",\"@graph\":[{\"@type\":\"WebSite\",\"@id\":\"https:\/\/www.visit-ulcinj.com\/blog\/#website\",\"url\":\"https:\/\/www.visit-ulcinj.com\/blog\/\",\"name\":\"Lajme nga Ulqini\",\"description\":\"Lajme,Vijesti,Ulqini,Ulqin,Crna Gora,Mali i Zi\",\"potentialAction\":[{\"@type\":\"SearchAction\",\"target\":{\"@type\":\"EntryPoint\",\"urlTemplate\":\"https:\/\/www.visit-ulcinj.com\/blog\/?s={search_term_string}\"},\"query-input\":\"required name=search_term_string\"}],\"inLanguage\":\"en-US\"},{\"@type\":\"ImageObject\",\"inLanguage\":\"en-US\",\"@id\":\"https:\/\/www.visit-ulcinj.com\/blog\/2008\/11\/01\/liqeni-i-shkodres-ne-prag-te-katastrofes-ekologjike\/#primaryimage\",\"url\":\"http:\/\/www.discover-montenegro.com\/skadarsko-jezero\/skadarsko-jezero-7.jpg\",\"contentUrl\":\"http:\/\/www.discover-montenegro.com\/skadarsko-jezero\/skadarsko-jezero-7.jpg\"},{\"@type\":\"WebPage\",\"@id\":\"https:\/\/www.visit-ulcinj.com\/blog\/2008\/11\/01\/liqeni-i-shkodres-ne-prag-te-katastrofes-ekologjike\/#webpage\",\"url\":\"https:\/\/www.visit-ulcinj.com\/blog\/2008\/11\/01\/liqeni-i-shkodres-ne-prag-te-katastrofes-ekologjike\/\",\"name\":\"Liqeni i Shkodr\u00ebs, n\u00eb prag t\u00eb katastrof\u00ebs ekologjike - Lajme nga Ulqini\",\"isPartOf\":{\"@id\":\"https:\/\/www.visit-ulcinj.com\/blog\/#website\"},\"primaryImageOfPage\":{\"@id\":\"https:\/\/www.visit-ulcinj.com\/blog\/2008\/11\/01\/liqeni-i-shkodres-ne-prag-te-katastrofes-ekologjike\/#primaryimage\"},\"datePublished\":\"2008-11-01T19:32:59+00:00\",\"dateModified\":\"2008-11-01T19:32:59+00:00\",\"author\":{\"@id\":\"https:\/\/www.visit-ulcinj.com\/blog\/#\/schema\/person\/dcab619c614d3038751c63bc2aadc06d\"},\"description\":\"Liqeni i Shkodr\u00ebs, m\u00eb i madhi n\u00eb Ballkan, \u00ebsht\u00eb n\u00eb prag katastrofe ekologjike. K\u00ebrc\u00ebnimi vjen nga shteti m\u00eb i vog\u00ebl i Ballkan, Mali t\u00eb Zi. Lumenjt\u00eb q\u00eb\",\"breadcrumb\":{\"@id\":\"https:\/\/www.visit-ulcinj.com\/blog\/2008\/11\/01\/liqeni-i-shkodres-ne-prag-te-katastrofes-ekologjike\/#breadcrumb\"},\"inLanguage\":\"en-US\",\"potentialAction\":[{\"@type\":\"ReadAction\",\"target\":[\"https:\/\/www.visit-ulcinj.com\/blog\/2008\/11\/01\/liqeni-i-shkodres-ne-prag-te-katastrofes-ekologjike\/\"]}]},{\"@type\":\"BreadcrumbList\",\"@id\":\"https:\/\/www.visit-ulcinj.com\/blog\/2008\/11\/01\/liqeni-i-shkodres-ne-prag-te-katastrofes-ekologjike\/#breadcrumb\",\"itemListElement\":[{\"@type\":\"ListItem\",\"position\":1,\"name\":\"Liqeni i Shkodr\u00ebs, n\u00eb prag t\u00eb katastrof\u00ebs ekologjike\"}]},{\"@type\":\"Person\",\"@id\":\"https:\/\/www.visit-ulcinj.com\/blog\/#\/schema\/person\/dcab619c614d3038751c63bc2aadc06d\",\"name\":\"ulqini\",\"sameAs\":[\"http:\/\/www.visit-ulcinj.com\"],\"url\":\"https:\/\/www.visit-ulcinj.com\/blog\/author\/admin\/\"}]}<\/script>\n<!-- \/ Yoast SEO plugin. -->","yoast_head_json":{"title":"Liqeni i Shkodr\u00ebs, n\u00eb prag t\u00eb katastrof\u00ebs ekologjike - Lajme nga Ulqini","description":"Liqeni i Shkodr\u00ebs, m\u00eb i madhi n\u00eb Ballkan, \u00ebsht\u00eb n\u00eb prag katastrofe ekologjike. K\u00ebrc\u00ebnimi vjen nga shteti m\u00eb i vog\u00ebl i Ballkan, Mali t\u00eb Zi. Lumenjt\u00eb q\u00eb","robots":{"index":"index","follow":"follow","max-snippet":"max-snippet:-1","max-image-preview":"max-image-preview:large","max-video-preview":"max-video-preview:-1"},"canonical":"https:\/\/www.visit-ulcinj.com\/blog\/2008\/11\/01\/liqeni-i-shkodres-ne-prag-te-katastrofes-ekologjike\/","og_locale":"en_US","og_type":"article","og_title":"Liqeni i Shkodr\u00ebs, n\u00eb prag t\u00eb katastrof\u00ebs ekologjike - Lajme nga Ulqini","og_description":"Liqeni i Shkodr\u00ebs, m\u00eb i madhi n\u00eb Ballkan, \u00ebsht\u00eb n\u00eb prag katastrofe ekologjike. K\u00ebrc\u00ebnimi vjen nga shteti m\u00eb i vog\u00ebl i Ballkan, Mali t\u00eb Zi. Lumenjt\u00eb q\u00eb","og_url":"https:\/\/www.visit-ulcinj.com\/blog\/2008\/11\/01\/liqeni-i-shkodres-ne-prag-te-katastrofes-ekologjike\/","og_site_name":"Lajme nga Ulqini","article_published_time":"2008-11-01T19:32:59+00:00","og_image":[{"url":"http:\/\/www.discover-montenegro.com\/skadarsko-jezero\/skadarsko-jezero-7.jpg"}],"twitter_misc":{"Written by":"ulqini","Est. reading time":"3 minutes"},"schema":{"@context":"https:\/\/schema.org","@graph":[{"@type":"WebSite","@id":"https:\/\/www.visit-ulcinj.com\/blog\/#website","url":"https:\/\/www.visit-ulcinj.com\/blog\/","name":"Lajme nga Ulqini","description":"Lajme,Vijesti,Ulqini,Ulqin,Crna Gora,Mali i Zi","potentialAction":[{"@type":"SearchAction","target":{"@type":"EntryPoint","urlTemplate":"https:\/\/www.visit-ulcinj.com\/blog\/?s={search_term_string}"},"query-input":"required name=search_term_string"}],"inLanguage":"en-US"},{"@type":"ImageObject","inLanguage":"en-US","@id":"https:\/\/www.visit-ulcinj.com\/blog\/2008\/11\/01\/liqeni-i-shkodres-ne-prag-te-katastrofes-ekologjike\/#primaryimage","url":"http:\/\/www.discover-montenegro.com\/skadarsko-jezero\/skadarsko-jezero-7.jpg","contentUrl":"http:\/\/www.discover-montenegro.com\/skadarsko-jezero\/skadarsko-jezero-7.jpg"},{"@type":"WebPage","@id":"https:\/\/www.visit-ulcinj.com\/blog\/2008\/11\/01\/liqeni-i-shkodres-ne-prag-te-katastrofes-ekologjike\/#webpage","url":"https:\/\/www.visit-ulcinj.com\/blog\/2008\/11\/01\/liqeni-i-shkodres-ne-prag-te-katastrofes-ekologjike\/","name":"Liqeni i Shkodr\u00ebs, n\u00eb prag t\u00eb katastrof\u00ebs ekologjike - Lajme nga Ulqini","isPartOf":{"@id":"https:\/\/www.visit-ulcinj.com\/blog\/#website"},"primaryImageOfPage":{"@id":"https:\/\/www.visit-ulcinj.com\/blog\/2008\/11\/01\/liqeni-i-shkodres-ne-prag-te-katastrofes-ekologjike\/#primaryimage"},"datePublished":"2008-11-01T19:32:59+00:00","dateModified":"2008-11-01T19:32:59+00:00","author":{"@id":"https:\/\/www.visit-ulcinj.com\/blog\/#\/schema\/person\/dcab619c614d3038751c63bc2aadc06d"},"description":"Liqeni i Shkodr\u00ebs, m\u00eb i madhi n\u00eb Ballkan, \u00ebsht\u00eb n\u00eb prag katastrofe ekologjike. K\u00ebrc\u00ebnimi vjen nga shteti m\u00eb i vog\u00ebl i Ballkan, Mali t\u00eb Zi. Lumenjt\u00eb q\u00eb","breadcrumb":{"@id":"https:\/\/www.visit-ulcinj.com\/blog\/2008\/11\/01\/liqeni-i-shkodres-ne-prag-te-katastrofes-ekologjike\/#breadcrumb"},"inLanguage":"en-US","potentialAction":[{"@type":"ReadAction","target":["https:\/\/www.visit-ulcinj.com\/blog\/2008\/11\/01\/liqeni-i-shkodres-ne-prag-te-katastrofes-ekologjike\/"]}]},{"@type":"BreadcrumbList","@id":"https:\/\/www.visit-ulcinj.com\/blog\/2008\/11\/01\/liqeni-i-shkodres-ne-prag-te-katastrofes-ekologjike\/#breadcrumb","itemListElement":[{"@type":"ListItem","position":1,"name":"Liqeni i Shkodr\u00ebs, n\u00eb prag t\u00eb katastrof\u00ebs ekologjike"}]},{"@type":"Person","@id":"https:\/\/www.visit-ulcinj.com\/blog\/#\/schema\/person\/dcab619c614d3038751c63bc2aadc06d","name":"ulqini","sameAs":["http:\/\/www.visit-ulcinj.com"],"url":"https:\/\/www.visit-ulcinj.com\/blog\/author\/admin\/"}]}},"jetpack_featured_media_url":"","jetpack_sharing_enabled":true,"jetpack_shortlink":"https:\/\/wp.me\/pe6lTn-1mj","_links":{"self":[{"href":"https:\/\/www.visit-ulcinj.com\/blog\/wp-json\/wp\/v2\/posts\/5227"}],"collection":[{"href":"https:\/\/www.visit-ulcinj.com\/blog\/wp-json\/wp\/v2\/posts"}],"about":[{"href":"https:\/\/www.visit-ulcinj.com\/blog\/wp-json\/wp\/v2\/types\/post"}],"author":[{"embeddable":true,"href":"https:\/\/www.visit-ulcinj.com\/blog\/wp-json\/wp\/v2\/users\/1"}],"replies":[{"embeddable":true,"href":"https:\/\/www.visit-ulcinj.com\/blog\/wp-json\/wp\/v2\/comments?post=5227"}],"version-history":[{"count":0,"href":"https:\/\/www.visit-ulcinj.com\/blog\/wp-json\/wp\/v2\/posts\/5227\/revisions"}],"wp:attachment":[{"href":"https:\/\/www.visit-ulcinj.com\/blog\/wp-json\/wp\/v2\/media?parent=5227"}],"wp:term":[{"taxonomy":"category","embeddable":true,"href":"https:\/\/www.visit-ulcinj.com\/blog\/wp-json\/wp\/v2\/categories?post=5227"},{"taxonomy":"post_tag","embeddable":true,"href":"https:\/\/www.visit-ulcinj.com\/blog\/wp-json\/wp\/v2\/tags?post=5227"}],"curies":[{"name":"wp","href":"https:\/\/api.w.org\/{rel}","templated":true}]}}