{"id":52289,"date":"2011-10-24T21:47:11","date_gmt":"2011-10-24T20:47:11","guid":{"rendered":"http:\/\/www.visit-ulcinj.com\/blog\/?p=52289"},"modified":"2011-10-24T21:48:21","modified_gmt":"2011-10-24T20:48:21","slug":"cungu-u-opstini-gore-nego-sto-smo-ocekivali","status":"publish","type":"post","link":"https:\/\/www.visit-ulcinj.com\/blog\/2011\/10\/24\/cungu-u-opstini-gore-nego-sto-smo-ocekivali\/","title":{"rendered":"Cungu: U Op\u0161tini gore nego \u0161to smo o\u010dekivali"},"content":{"rendered":"<p><a href=\"http:\/\/www.visit-ulcinj.com\/blog\/wp-content\/uploads\/2011\/10\/NAZIF-CUNGU.jpg\"><img loading=\"lazy\" class=\"alignleft size-full wp-image-52290\" title=\"NAZIF CUNGU\" src=\"http:\/\/www.visit-ulcinj.com\/blog\/wp-content\/uploads\/2011\/10\/NAZIF-CUNGU.jpg\" alt=\"\" width=\"508\" height=\"380\" \/><\/a>ULCINj &#8211; Nakon petogodi\u0161njeg mandata na \u010delu op\u0161tine Ulcinj, Gzima Hajdinagu neo\u010dekivano je zamijenio Nazif Cungu, lider Nove demokratske snage Forca. Cungu je uz podr\u0161ku \u010detiri odbornika otcijepljenog krila DUA, i po jednog odbornika liste Perspektiva i PDP, formirao novu skup\u0161tinsku ve\u0107inu i preuzeo vlast u najju\u017enijoj op\u0161tini. Novoizabrani predsjednik op\u0161tine za \u201eDan&#8221; govori o trenutnoj situaciji u op\u0161tini, planovima nove vlasti, prioritetima&#8230;<\/p>\n<p><strong>~ Kakvo ste stanje zatekli kada ste stupili na du\u017enost predsjednika op\u0161tine?<\/strong><br \/>\nPrije stupanja na du\u017enost predsjednika op\u0161tine smatrao sam da kao odbornik imam dosta informacija o lo\u0161em stanju u lokalnoj upravi. Me\u0111utim, nakon manje od sedam dana upoznavanja sa dijelom stvarnog stanja, sti\u010dem utisak da su funkcionisanje administracije i stanje u bud\u017eetu mnogo lo\u0161iji od onoga \u0161to sam pretpostavljao.<\/p>\n<p><strong>~ Koliko je op\u0161tinska kasa u minusu, s obzirom da je nesporno da je prethodna vlast ostavila velike dugove?<\/strong><br \/>\nO tim dugovima jo\u0161 uvijek nemam prave informacije. Od Sekretarijata za finansije dobijam nepotpune podatke. Dugovi se procjenjuju na iznos od 13 do 20 miliona eura. Najvjerovatnije \u0107emo biti prinu\u0111eni da pristupimo reviziji bud\u017eeta.<\/p>\n<p><strong><a href=\"http:\/\/www.visit-ulcinj.com\/blog\/wp-content\/uploads\/2011\/10\/NAZIF-CUNGU.1.jpg\"><img loading=\"lazy\" class=\"alignleft size-full wp-image-52291\" title=\"NAZIF CUNGU.1\" src=\"http:\/\/www.visit-ulcinj.com\/blog\/wp-content\/uploads\/2011\/10\/NAZIF-CUNGU.1.jpg\" alt=\"\" width=\"320\" height=\"350\" \/><\/a>~Mandat ste po\u010deli podno\u0161enjem krivi\u010dne prijave protiv NN lica u lokalnoj upravi. Mo\u017ee li se o\u010dekivati da \u0107ete nastaviti da preispitujete sumnjive poslove prethodne vlasti ?<\/strong><br \/>\nKrivi\u010dna prijava je podnijeta zbog osnovane sumnje da je zbog \u010dinjenja ili ne\u010dinjenja odre\u0111enih slu\u017ebi o\u0161te\u0107ena Op\u0161tina, \u0161to \u0107e utvrditi nadle\u017eni organi kojima smo se obratili. Svako \u010dinjenje ili ne\u010dinjenje koje nije u skladu sa ustavom i zakonom tretira\u0107e se na isti na\u010din.<br \/>\n<strong>~Nezvani\u010dno se \u010duje da \u0107e nova vlast, koju su protivnici optu\u017eili da je jednonacionalna, u organe izvr\u0161ne vlasti uklju\u010diti Crnogorce, Srbe, Bo\u0161njake, Rome&#8230; Ima li istine u tome?<\/strong><br \/>\nMultinacionalni i multikonfesionalni sastav stanovni\u0161tva op\u0161tine Ulcinj je bogatstvo koje moramo da gajimo. Na\u0161 osnovni princip prilikom uklju\u010divanja u izvr\u0161nu vlast je stru\u010dna osposobljenost za obavljanje odre\u0111enih zadataka, a stru\u010dno osposobljenih ima me\u0111u pripadnicima svih nacionalnosti i svih vjerskih zajednica.<br \/>\n<strong>~\u0160ta planirate u narednom periodu?<\/strong><br \/>\nObim zadataka u op\u0161tinskoj administraciji, \u010dak i bez naslije\u0111enih ve\u0107ih problema, zahtijeva predan rad cijele rukovode\u0107e strukture. S obzirom da su ovdje problemi gomilani godinama, a moraju se \u0161to br\u017ee rje\u0161avati, neophodno je da se skoncentri\u0161em na kompletiranje ekipe u mom kabinetu i u sekretarijatima, kako se problemi ne bi i dalje gomilali.<br \/>\n<strong><a href=\"http:\/\/www.visit-ulcinj.com\/blog\/wp-content\/uploads\/2011\/10\/NAZIF-CUNGU.2.jpg\"><img loading=\"lazy\" class=\"alignleft size-full wp-image-52292\" title=\"NAZIF CUNGU.2\" src=\"http:\/\/www.visit-ulcinj.com\/blog\/wp-content\/uploads\/2011\/10\/NAZIF-CUNGU.2.jpg\" alt=\"\" width=\"300\" height=\"244\" \/><\/a>~ Koji su prioriteti nove vlasti?<\/strong><br \/>\nSaniranje i konsolidacija finansijskog stanja kroz uvo\u0111enje \u0161tednje u svakom sektoru, kroz omogu\u0107avanje ostvarivanja ravnomjernijeg raspore\u0111ivanja fiskalnih obaveza gra\u0111ana i pravnih lica, kroz efikasniju naplatu izvornih prihoda op\u0161tine i kroz pomo\u0107 Vlade Crne Gore i ostalih dr\u017eavnih organa i organizacija (JP &#8220;Morsko dobro&#8221;, Direkcija za javne radove, Egalizacioni fond itd.). Tako\u0111e, prioritet je i ubrzano usvajanje urbanisti\u010dkih planova i izdavanje odobrenja za gradnju koja je u postupku rje\u0161avanja. Prioritet su i pripreme za turisti\u010dku sezonu 2012. godine, koje smo po\u010deli akcijom \u010di\u0161\u0107enja cijele op\u0161tine 15. oktobra, kao i rje\u0161avanje infrastrukturnih problema u saobra\u0107aju, te pitanja snabdijevanja vodom za pi\u0107e u toku turisti\u010dke sezone, rje\u0161avanje problema otpadnih voda kroz izgradnju novih kanalizacionih trasa i funkcionisanje postoje\u0107ih kolektora, odnosno morskih ispusta. U na\u0161em radu u fokusu \u0107e biti i priprema planske dokumentacije za nala\u017eenje investitora, odnosno bespovratnih sredstava Evropske unije kroz efikasan pristup IPA fondovima, u cilju rje\u0161avanja problema potoka Bratica i kanala Port Milena, kao i saradnja sa Vladom u rje\u0161avanju otklanjanja opasnosti od poplava koje mo\u017ee uzrokovati izlivanje rijeke Bojane.<br \/>\nPrioritetni kratkoro\u010di, srednjoro\u010dni i permanentni ciljevi bi\u0107e i stvaranje povoljnog ambijenta za privla\u010denje stranih i doma\u0107ih ulaganja, u cilju otvaranja novih radnih mjesta i stvaranje povoljnog ambijenta za poslovanje postoje\u0107ih privrednih subjekata.<\/p>\n<p><a href=\"http:\/\/www.dan.co.me\/?nivo=3&amp;rubrika=Regioni&amp;datum=2011-10-24&amp;clanak=303033\" target=\"_blank\"><strong> M. Kne\u017devi\u0106<\/strong><\/a><\/p>\n<p><strong>Preispitati odnos sa &#8220;Morskim dobrom&#8221;<\/strong><br \/>\n~Da li \u0107ete preispitati odnos sa JP &#8220;Morsko dobro&#8221;, kao \u0161to ste ranije najavljivali ?<br \/>\nNa\u0161e programsko opredjeljenje je preispitivanje odnosa sa JP &#8220;Morsko dobro&#8221; i smatram da je to pitanje nezaobilazno. Pozitivni pomaci se ve\u0107 ostvaruju kroz iskazanu spremnost za saradnju na samom po\u010detku mog mandata, kroz prihvatanje &#8220;Morskog dobra&#8221; da u ime op\u0161tine Ulcinj zavr\u0161i neke finansijske obaveze koje nismo u stanju da izvr\u0161imo na\u0161im sredstvima zbog stanja u bud\u017eetu. Dugoro\u010dno, te odnose moramo rje\u0161avati na institucionalan na\u010din.<\/p>\n<p>&nbsp;<\/p>\n<p><a href=\"http:\/\/www.dan.co.me\/?nivo=3&amp;rubrika=Regioni&amp;datum=2011-10-24&amp;clanak=303033\" target=\"_blank\"><strong>Izvor: DAN<\/strong><\/a><strong><\/strong><\/p>\n","protected":false},"excerpt":{"rendered":"<p>ULCINj &#8211; Nakon petogodi\u0161njeg mandata na \u010delu op\u0161tine Ulcinj, Gzima Hajdinagu neo\u010dekivano je zamijenio Nazif Cungu, lider Nove demokratske snage Forca. Cungu je uz podr\u0161ku \u010detiri odbornika otcijepljenog krila DUA, i po jednog odbornika liste Perspektiva i PDP, formirao novu skup\u0161tinsku ve\u0107inu i preuzeo vlast u najju\u017enijoj op\u0161tini. Novoizabrani predsjednik op\u0161tine za \u201eDan&#8221; govori o [&hellip;]<\/p>\n","protected":false},"author":1,"featured_media":0,"comment_status":"open","ping_status":"closed","sticky":false,"template":"","format":"standard","meta":{"spay_email":"","jetpack_publicize_message":"","jetpack_is_tweetstorm":false,"jetpack_publicize_feature_enabled":true},"categories":[8337],"tags":[118,19],"jetpack_publicize_connections":[],"yoast_head":"<!-- This site is optimized with the Yoast SEO plugin v19.1 - https:\/\/yoast.com\/wordpress\/plugins\/seo\/ -->\n<title>Cungu: U Op\u0161tini gore nego \u0161to smo o\u010dekivali - Lajme nga Ulqini<\/title>\n<meta name=\"description\" content=\"ULCINj - Nakon petogodi\u0161njeg mandata na \u010delu op\u0161tine Ulcinj, Gzima Hajdinagu neo\u010dekivano je zamijenio Nazif Cungu, lider Nove demokratske snage Forca.\" \/>\n<meta name=\"robots\" content=\"index, follow, max-snippet:-1, max-image-preview:large, max-video-preview:-1\" \/>\n<link rel=\"canonical\" href=\"https:\/\/www.visit-ulcinj.com\/blog\/2011\/10\/24\/cungu-u-opstini-gore-nego-sto-smo-ocekivali\/\" \/>\n<meta property=\"og:locale\" content=\"en_US\" \/>\n<meta property=\"og:type\" content=\"article\" \/>\n<meta property=\"og:title\" content=\"Cungu: U Op\u0161tini gore nego \u0161to smo o\u010dekivali - Lajme nga Ulqini\" \/>\n<meta property=\"og:description\" content=\"ULCINj - Nakon petogodi\u0161njeg mandata na \u010delu op\u0161tine Ulcinj, Gzima Hajdinagu neo\u010dekivano je zamijenio Nazif Cungu, lider Nove demokratske snage Forca.\" \/>\n<meta property=\"og:url\" content=\"https:\/\/www.visit-ulcinj.com\/blog\/2011\/10\/24\/cungu-u-opstini-gore-nego-sto-smo-ocekivali\/\" \/>\n<meta property=\"og:site_name\" content=\"Lajme nga Ulqini\" \/>\n<meta property=\"article:published_time\" content=\"2011-10-24T20:47:11+00:00\" \/>\n<meta property=\"article:modified_time\" content=\"2011-10-24T20:48:21+00:00\" \/>\n<meta property=\"og:image\" content=\"http:\/\/www.visit-ulcinj.com\/blog\/wp-content\/uploads\/2011\/10\/NAZIF-CUNGU.jpg\" \/>\n<meta name=\"twitter:label1\" content=\"Written by\" \/>\n\t<meta name=\"twitter:data1\" content=\"ulqini\" \/>\n\t<meta name=\"twitter:label2\" content=\"Est. reading time\" \/>\n\t<meta name=\"twitter:data2\" content=\"4 minutes\" \/>\n<script type=\"application\/ld+json\" class=\"yoast-schema-graph\">{\"@context\":\"https:\/\/schema.org\",\"@graph\":[{\"@type\":\"WebSite\",\"@id\":\"https:\/\/www.visit-ulcinj.com\/blog\/#website\",\"url\":\"https:\/\/www.visit-ulcinj.com\/blog\/\",\"name\":\"Lajme nga Ulqini\",\"description\":\"Lajme,Vijesti,Ulqini,Ulqin,Crna Gora,Mali i Zi\",\"potentialAction\":[{\"@type\":\"SearchAction\",\"target\":{\"@type\":\"EntryPoint\",\"urlTemplate\":\"https:\/\/www.visit-ulcinj.com\/blog\/?s={search_term_string}\"},\"query-input\":\"required name=search_term_string\"}],\"inLanguage\":\"en-US\"},{\"@type\":\"ImageObject\",\"inLanguage\":\"en-US\",\"@id\":\"https:\/\/www.visit-ulcinj.com\/blog\/2011\/10\/24\/cungu-u-opstini-gore-nego-sto-smo-ocekivali\/#primaryimage\",\"url\":\"https:\/\/www.visit-ulcinj.com\/blog\/wp-content\/uploads\/2011\/10\/NAZIF-CUNGU.jpg\",\"contentUrl\":\"https:\/\/www.visit-ulcinj.com\/blog\/wp-content\/uploads\/2011\/10\/NAZIF-CUNGU.jpg\",\"width\":\"506\",\"height\":\"527\"},{\"@type\":\"WebPage\",\"@id\":\"https:\/\/www.visit-ulcinj.com\/blog\/2011\/10\/24\/cungu-u-opstini-gore-nego-sto-smo-ocekivali\/#webpage\",\"url\":\"https:\/\/www.visit-ulcinj.com\/blog\/2011\/10\/24\/cungu-u-opstini-gore-nego-sto-smo-ocekivali\/\",\"name\":\"Cungu: U Op\u0161tini gore nego \u0161to smo o\u010dekivali - Lajme nga Ulqini\",\"isPartOf\":{\"@id\":\"https:\/\/www.visit-ulcinj.com\/blog\/#website\"},\"primaryImageOfPage\":{\"@id\":\"https:\/\/www.visit-ulcinj.com\/blog\/2011\/10\/24\/cungu-u-opstini-gore-nego-sto-smo-ocekivali\/#primaryimage\"},\"datePublished\":\"2011-10-24T20:47:11+00:00\",\"dateModified\":\"2011-10-24T20:48:21+00:00\",\"author\":{\"@id\":\"https:\/\/www.visit-ulcinj.com\/blog\/#\/schema\/person\/dcab619c614d3038751c63bc2aadc06d\"},\"description\":\"ULCINj - Nakon petogodi\u0161njeg mandata na \u010delu op\u0161tine Ulcinj, Gzima Hajdinagu neo\u010dekivano je zamijenio Nazif Cungu, lider Nove demokratske snage Forca.\",\"breadcrumb\":{\"@id\":\"https:\/\/www.visit-ulcinj.com\/blog\/2011\/10\/24\/cungu-u-opstini-gore-nego-sto-smo-ocekivali\/#breadcrumb\"},\"inLanguage\":\"en-US\",\"potentialAction\":[{\"@type\":\"ReadAction\",\"target\":[\"https:\/\/www.visit-ulcinj.com\/blog\/2011\/10\/24\/cungu-u-opstini-gore-nego-sto-smo-ocekivali\/\"]}]},{\"@type\":\"BreadcrumbList\",\"@id\":\"https:\/\/www.visit-ulcinj.com\/blog\/2011\/10\/24\/cungu-u-opstini-gore-nego-sto-smo-ocekivali\/#breadcrumb\",\"itemListElement\":[{\"@type\":\"ListItem\",\"position\":1,\"name\":\"Cungu: U Op\u0161tini gore nego \u0161to smo o\u010dekivali\"}]},{\"@type\":\"Person\",\"@id\":\"https:\/\/www.visit-ulcinj.com\/blog\/#\/schema\/person\/dcab619c614d3038751c63bc2aadc06d\",\"name\":\"ulqini\",\"sameAs\":[\"http:\/\/www.visit-ulcinj.com\"],\"url\":\"https:\/\/www.visit-ulcinj.com\/blog\/author\/admin\/\"}]}<\/script>\n<!-- \/ Yoast SEO plugin. -->","yoast_head_json":{"title":"Cungu: U Op\u0161tini gore nego \u0161to smo o\u010dekivali - Lajme nga Ulqini","description":"ULCINj - Nakon petogodi\u0161njeg mandata na \u010delu op\u0161tine Ulcinj, Gzima Hajdinagu neo\u010dekivano je zamijenio Nazif Cungu, lider Nove demokratske snage Forca.","robots":{"index":"index","follow":"follow","max-snippet":"max-snippet:-1","max-image-preview":"max-image-preview:large","max-video-preview":"max-video-preview:-1"},"canonical":"https:\/\/www.visit-ulcinj.com\/blog\/2011\/10\/24\/cungu-u-opstini-gore-nego-sto-smo-ocekivali\/","og_locale":"en_US","og_type":"article","og_title":"Cungu: U Op\u0161tini gore nego \u0161to smo o\u010dekivali - Lajme nga Ulqini","og_description":"ULCINj - Nakon petogodi\u0161njeg mandata na \u010delu op\u0161tine Ulcinj, Gzima Hajdinagu neo\u010dekivano je zamijenio Nazif Cungu, lider Nove demokratske snage Forca.","og_url":"https:\/\/www.visit-ulcinj.com\/blog\/2011\/10\/24\/cungu-u-opstini-gore-nego-sto-smo-ocekivali\/","og_site_name":"Lajme nga Ulqini","article_published_time":"2011-10-24T20:47:11+00:00","article_modified_time":"2011-10-24T20:48:21+00:00","og_image":[{"url":"http:\/\/www.visit-ulcinj.com\/blog\/wp-content\/uploads\/2011\/10\/NAZIF-CUNGU.jpg"}],"twitter_misc":{"Written by":"ulqini","Est. reading time":"4 minutes"},"schema":{"@context":"https:\/\/schema.org","@graph":[{"@type":"WebSite","@id":"https:\/\/www.visit-ulcinj.com\/blog\/#website","url":"https:\/\/www.visit-ulcinj.com\/blog\/","name":"Lajme nga Ulqini","description":"Lajme,Vijesti,Ulqini,Ulqin,Crna Gora,Mali i Zi","potentialAction":[{"@type":"SearchAction","target":{"@type":"EntryPoint","urlTemplate":"https:\/\/www.visit-ulcinj.com\/blog\/?s={search_term_string}"},"query-input":"required name=search_term_string"}],"inLanguage":"en-US"},{"@type":"ImageObject","inLanguage":"en-US","@id":"https:\/\/www.visit-ulcinj.com\/blog\/2011\/10\/24\/cungu-u-opstini-gore-nego-sto-smo-ocekivali\/#primaryimage","url":"https:\/\/www.visit-ulcinj.com\/blog\/wp-content\/uploads\/2011\/10\/NAZIF-CUNGU.jpg","contentUrl":"https:\/\/www.visit-ulcinj.com\/blog\/wp-content\/uploads\/2011\/10\/NAZIF-CUNGU.jpg","width":"506","height":"527"},{"@type":"WebPage","@id":"https:\/\/www.visit-ulcinj.com\/blog\/2011\/10\/24\/cungu-u-opstini-gore-nego-sto-smo-ocekivali\/#webpage","url":"https:\/\/www.visit-ulcinj.com\/blog\/2011\/10\/24\/cungu-u-opstini-gore-nego-sto-smo-ocekivali\/","name":"Cungu: U Op\u0161tini gore nego \u0161to smo o\u010dekivali - Lajme nga Ulqini","isPartOf":{"@id":"https:\/\/www.visit-ulcinj.com\/blog\/#website"},"primaryImageOfPage":{"@id":"https:\/\/www.visit-ulcinj.com\/blog\/2011\/10\/24\/cungu-u-opstini-gore-nego-sto-smo-ocekivali\/#primaryimage"},"datePublished":"2011-10-24T20:47:11+00:00","dateModified":"2011-10-24T20:48:21+00:00","author":{"@id":"https:\/\/www.visit-ulcinj.com\/blog\/#\/schema\/person\/dcab619c614d3038751c63bc2aadc06d"},"description":"ULCINj - Nakon petogodi\u0161njeg mandata na \u010delu op\u0161tine Ulcinj, Gzima Hajdinagu neo\u010dekivano je zamijenio Nazif Cungu, lider Nove demokratske snage Forca.","breadcrumb":{"@id":"https:\/\/www.visit-ulcinj.com\/blog\/2011\/10\/24\/cungu-u-opstini-gore-nego-sto-smo-ocekivali\/#breadcrumb"},"inLanguage":"en-US","potentialAction":[{"@type":"ReadAction","target":["https:\/\/www.visit-ulcinj.com\/blog\/2011\/10\/24\/cungu-u-opstini-gore-nego-sto-smo-ocekivali\/"]}]},{"@type":"BreadcrumbList","@id":"https:\/\/www.visit-ulcinj.com\/blog\/2011\/10\/24\/cungu-u-opstini-gore-nego-sto-smo-ocekivali\/#breadcrumb","itemListElement":[{"@type":"ListItem","position":1,"name":"Cungu: U Op\u0161tini gore nego \u0161to smo o\u010dekivali"}]},{"@type":"Person","@id":"https:\/\/www.visit-ulcinj.com\/blog\/#\/schema\/person\/dcab619c614d3038751c63bc2aadc06d","name":"ulqini","sameAs":["http:\/\/www.visit-ulcinj.com"],"url":"https:\/\/www.visit-ulcinj.com\/blog\/author\/admin\/"}]}},"jetpack_featured_media_url":"","jetpack_sharing_enabled":true,"jetpack_shortlink":"https:\/\/wp.me\/pe6lTn-dBn","_links":{"self":[{"href":"https:\/\/www.visit-ulcinj.com\/blog\/wp-json\/wp\/v2\/posts\/52289"}],"collection":[{"href":"https:\/\/www.visit-ulcinj.com\/blog\/wp-json\/wp\/v2\/posts"}],"about":[{"href":"https:\/\/www.visit-ulcinj.com\/blog\/wp-json\/wp\/v2\/types\/post"}],"author":[{"embeddable":true,"href":"https:\/\/www.visit-ulcinj.com\/blog\/wp-json\/wp\/v2\/users\/1"}],"replies":[{"embeddable":true,"href":"https:\/\/www.visit-ulcinj.com\/blog\/wp-json\/wp\/v2\/comments?post=52289"}],"version-history":[{"count":2,"href":"https:\/\/www.visit-ulcinj.com\/blog\/wp-json\/wp\/v2\/posts\/52289\/revisions"}],"predecessor-version":[{"id":52294,"href":"https:\/\/www.visit-ulcinj.com\/blog\/wp-json\/wp\/v2\/posts\/52289\/revisions\/52294"}],"wp:attachment":[{"href":"https:\/\/www.visit-ulcinj.com\/blog\/wp-json\/wp\/v2\/media?parent=52289"}],"wp:term":[{"taxonomy":"category","embeddable":true,"href":"https:\/\/www.visit-ulcinj.com\/blog\/wp-json\/wp\/v2\/categories?post=52289"},{"taxonomy":"post_tag","embeddable":true,"href":"https:\/\/www.visit-ulcinj.com\/blog\/wp-json\/wp\/v2\/tags?post=52289"}],"curies":[{"name":"wp","href":"https:\/\/api.w.org\/{rel}","templated":true}]}}