{"id":5229,"date":"2008-11-01T15:03:54","date_gmt":"2008-11-01T20:03:54","guid":{"rendered":"http:\/\/www.visit-ulcinj.com\/blog\/?p=5229"},"modified":"2008-11-01T15:12:49","modified_gmt":"2008-11-01T20:12:49","slug":"arapi-dolaze-7-novembra-u-crnu-goru","status":"publish","type":"post","link":"https:\/\/www.visit-ulcinj.com\/blog\/2008\/11\/01\/arapi-dolaze-7-novembra-u-crnu-goru\/","title":{"rendered":"Arapi dolaze 7. novembra u Crnu Goru"},"content":{"rendered":"<p><a href=\"http:\/\/www.visit-ulcinj.com\/blog\/wp-content\/uploads\/2008\/06\/kanal-bojana_port-milena_velika-plaza1.jpg\"><img loading=\"lazy\" class=\"alignleft size-medium wp-image-1983\" title=\"VELIKA PLAZA ULCINJ\" src=\"http:\/\/www.visit-ulcinj.com\/blog\/wp-content\/uploads\/2008\/06\/kanal-bojana_port-milena_velika-plaza1.jpg\" alt=\"\" width=\"300\" height=\"201\" \/><\/a>Predstavnici Rojal grupe odlu?ili da ula\u017eu u bankarski i turisti?ki sektor Crne Gore<br \/>\nPODGORICA &#8211; Predstavnici arapskog investicionog giganta Royal Group (Rojal grupa) posjeti?e Crnu Goru 7. novembra kada bi trebao da bude postignut dogovor o njihovom ulaganju u bankarski sektor i turisti?ke kapacitete Ulcinja \u2013 saznaje Republika.<br \/>\n?elne ljude ove kompanije, koja je trenutno jedan od vode?ih svjetskih investitora, primi?e dr\u017eavni vrh Crne Gore.<br \/>\nOd ranije se zna, da je Rojal grupa zainteresovana za dokapitalizaciju i kupovinu akcija Prve banke, a Arapi planiraju ulaganje u valorizaciju Velike pla\u017ee i Ade Bojane vrijednu 10-ak milijardi eura.<br \/>\nIako se ulaganja arapskih investitora u medijima pominju ve? dvije godine, zvani?no oni nijesu imali niti jednu investiciju na tlu Crne Gore.<br \/>\nAkcionari Prve banke su pro\u0161log mjeseca jednoglasno donijeli odluku o novoj emisiji akcija u ukupnom iznosu od 20 miliona eura, a o?ekuje se da ?e Rojal grupa kupovinom tih dionica postati najve?i akcionar ove finansijske institucije.<br \/>\nMotivi ove dokapitalizacije, kako su saop\u0161tili iz te institucije, su dalje intenzivno ja?anje finansijske pozicije Prve banke CG, kao i uvo?enje strate\u0161kih partnera u cilju jo\u0161 presti\u017enijeg pozicioniranja banke ne samo na bankarskom tr\u017ei\u0161tu Crne Gore nego i \u0161ire.<\/p>\n<div id=\"attachment_5223\" style=\"width: 206px\" class=\"wp-caption alignright\"><a href=\"http:\/\/www.visit-ulcinj.com\/blog\/wp-content\/uploads\/2008\/11\/khalifa-bin-zayed-al-nahyan.jpg\"><img aria-describedby=\"caption-attachment-5223\" loading=\"lazy\" class=\"size-medium wp-image-5223\" title=\"khalifa-bin-zayed-al-nahyan\" src=\"http:\/\/www.visit-ulcinj.com\/blog\/wp-content\/uploads\/2008\/11\/khalifa-bin-zayed-al-nahyan.jpg\" alt=\"Khalifa Bin Zayed Al-Nahyan\" width=\"196\" height=\"300\" \/><\/a><p id=\"caption-attachment-5223\" class=\"wp-caption-text\">Khalifa Bin Zayed Al-Nahyan<\/p><\/div>\n<p>Crnogorski finansijski krugovi o?ekuju da ?e ulazak Rojal grupa u Prvu banku unijeti prijeko potrebni svje\u017e novac ?iji se nedostatak osje?a, uprkos sjajnim poslovnim rezultatima koje posti\u017ee Prva banka.<br \/>\nPrema podacima CBCG, Prva banka je za prvih pola godine ostvarila dobit od ?ak 2,83 miliona, 31 odsto vi\u0161e nego u prvoj polovini pro\u0161le godine.<br \/>\nS druge strane, Rojal Group je preko svoje podru\u017enice Hidra properties, na preliminarnom tenderu je dostavila pismo o zainteresovanosti za Veliku pla\u017eu.<br \/>\nPrema planovima Vlade, ulcinjska Velika pla\u017ea ?e biti izdata u dugoro?ni zakup, jer je procijenjeno da je taj model bolji od privatnog-javnog partnerstva sa investitorom.<br \/>\nVelika pla\u017ea, duga oko 13 kilometara, nalazi se izme?u grada Ulcinja i ostrva Ada Bojana. Ukupna povr\u0161ina je oko 19 miliona kvadrata, od ?ega je oko 75 odsto u vlasni\u0161tvu dr\u017eave.<br \/>\nPrema podacima iz Vlade, Hidra properties razvojna kompanija, koja realizuje veliki broj projekata u Ujedinjenim Arapskim Emiratima, SAD, Meksiku, Libiji, Kuvajtu, Pakistanu i Panami. Njihovi projekti su Hidra Village, Hidra City, Marina Spirit i Hidra Avenue u Abu Dabiju, kao i Hidra Waves u Meksiku, Marina u Kuvajtu, Hidra Pakistan u Lahoreu. Dobitnici su nagrade Arabian Business Award za najbolju kompaniju godine i nagrade CEO za 2007. godinu za kompanijsku viziju.<br \/>\nRojal Group je najrenomirana kompanija iz Abu Dabija u vlasni\u0161tvo kraljevske familije Al Nahijan. Vlasnik je, ili ima udio u vlasni\u0161tvu, u vi\u0161e firmi iz razli?itih oblasti, \u0161irom svijeta i jedan je od najve?ih investitora u svijetu.<br \/>\nPrema podacima sa sajta ove kompanije, Rojal grupa je konzorcijum sastavljen od 30 velikih kompanija koje su se specijalizirale za razli?ite vrste djelatnosti od medija pa do izgradnje ekskluzivnih turisti?kih kapaciteta.<br \/>\n<strong>P. Ze?evi?<br \/>\nIzvor \/ Republika<\/strong><\/p>\n<!-- vimeo error: not a vimeo video -->\n","protected":false},"excerpt":{"rendered":"<p>Predstavnici Rojal grupe odlu?ili da ula\u017eu u bankarski i turisti?ki sektor Crne Gore PODGORICA &#8211; Predstavnici arapskog investicionog giganta Royal Group (Rojal grupa) posjeti?e Crnu Goru 7. novembra kada bi trebao da bude postignut dogovor o njihovom ulaganju u bankarski sektor i turisti?ke kapacitete Ulcinja \u2013 saznaje Republika. ?elne ljude ove kompanije, koja je trenutno [&hellip;]<\/p>\n","protected":false},"author":1,"featured_media":0,"comment_status":"open","ping_status":"closed","sticky":false,"template":"","format":"standard","meta":{"spay_email":"","jetpack_publicize_message":"","jetpack_is_tweetstorm":false,"jetpack_publicize_feature_enabled":true},"categories":[12,15],"tags":[4525,20,4856,2890,19,4832],"jetpack_publicize_connections":[],"yoast_head":"<!-- This site is optimized with the Yoast SEO plugin v19.1 - https:\/\/yoast.com\/wordpress\/plugins\/seo\/ -->\n<title>Arapi dolaze 7. novembra u Crnu Goru - Lajme nga Ulqini<\/title>\n<meta name=\"description\" content=\"Predstavnici Rojal grupe odlu?ili da ula\u017eu u bankarski i turisti?ki sektor Crne Gore PODGORICA - Predstavnici arapskog investicionog giganta Royal Group\" \/>\n<meta name=\"robots\" content=\"index, follow, max-snippet:-1, max-image-preview:large, max-video-preview:-1\" \/>\n<link rel=\"canonical\" href=\"https:\/\/www.visit-ulcinj.com\/blog\/2008\/11\/01\/arapi-dolaze-7-novembra-u-crnu-goru\/\" \/>\n<meta property=\"og:locale\" content=\"en_US\" \/>\n<meta property=\"og:type\" content=\"article\" \/>\n<meta property=\"og:title\" content=\"Arapi dolaze 7. novembra u Crnu Goru - Lajme nga Ulqini\" \/>\n<meta property=\"og:description\" content=\"Predstavnici Rojal grupe odlu?ili da ula\u017eu u bankarski i turisti?ki sektor Crne Gore PODGORICA - Predstavnici arapskog investicionog giganta Royal Group\" \/>\n<meta property=\"og:url\" content=\"https:\/\/www.visit-ulcinj.com\/blog\/2008\/11\/01\/arapi-dolaze-7-novembra-u-crnu-goru\/\" \/>\n<meta property=\"og:site_name\" content=\"Lajme nga Ulqini\" \/>\n<meta property=\"article:published_time\" content=\"2008-11-01T20:03:54+00:00\" \/>\n<meta property=\"article:modified_time\" content=\"2008-11-01T20:12:49+00:00\" \/>\n<meta property=\"og:image\" content=\"http:\/\/www.visit-ulcinj.com\/blog\/wp-content\/uploads\/2008\/06\/kanal-bojana_port-milena_velika-plaza1.jpg\" \/>\n<meta name=\"twitter:label1\" content=\"Written by\" \/>\n\t<meta name=\"twitter:data1\" content=\"ulqini\" \/>\n\t<meta name=\"twitter:label2\" content=\"Est. reading time\" \/>\n\t<meta name=\"twitter:data2\" content=\"3 minutes\" \/>\n<script type=\"application\/ld+json\" class=\"yoast-schema-graph\">{\"@context\":\"https:\/\/schema.org\",\"@graph\":[{\"@type\":\"WebSite\",\"@id\":\"https:\/\/www.visit-ulcinj.com\/blog\/#website\",\"url\":\"https:\/\/www.visit-ulcinj.com\/blog\/\",\"name\":\"Lajme nga Ulqini\",\"description\":\"Lajme,Vijesti,Ulqini,Ulqin,Crna Gora,Mali i Zi\",\"potentialAction\":[{\"@type\":\"SearchAction\",\"target\":{\"@type\":\"EntryPoint\",\"urlTemplate\":\"https:\/\/www.visit-ulcinj.com\/blog\/?s={search_term_string}\"},\"query-input\":\"required name=search_term_string\"}],\"inLanguage\":\"en-US\"},{\"@type\":\"ImageObject\",\"inLanguage\":\"en-US\",\"@id\":\"https:\/\/www.visit-ulcinj.com\/blog\/2008\/11\/01\/arapi-dolaze-7-novembra-u-crnu-goru\/#primaryimage\",\"url\":\"http:\/\/www.visit-ulcinj.com\/blog\/wp-content\/uploads\/2008\/06\/kanal-bojana_port-milena_velika-plaza1.jpg\",\"contentUrl\":\"http:\/\/www.visit-ulcinj.com\/blog\/wp-content\/uploads\/2008\/06\/kanal-bojana_port-milena_velika-plaza1.jpg\"},{\"@type\":\"WebPage\",\"@id\":\"https:\/\/www.visit-ulcinj.com\/blog\/2008\/11\/01\/arapi-dolaze-7-novembra-u-crnu-goru\/#webpage\",\"url\":\"https:\/\/www.visit-ulcinj.com\/blog\/2008\/11\/01\/arapi-dolaze-7-novembra-u-crnu-goru\/\",\"name\":\"Arapi dolaze 7. novembra u Crnu Goru - Lajme nga Ulqini\",\"isPartOf\":{\"@id\":\"https:\/\/www.visit-ulcinj.com\/blog\/#website\"},\"primaryImageOfPage\":{\"@id\":\"https:\/\/www.visit-ulcinj.com\/blog\/2008\/11\/01\/arapi-dolaze-7-novembra-u-crnu-goru\/#primaryimage\"},\"datePublished\":\"2008-11-01T20:03:54+00:00\",\"dateModified\":\"2008-11-01T20:12:49+00:00\",\"author\":{\"@id\":\"https:\/\/www.visit-ulcinj.com\/blog\/#\/schema\/person\/dcab619c614d3038751c63bc2aadc06d\"},\"description\":\"Predstavnici Rojal grupe odlu?ili da ula\u017eu u bankarski i turisti?ki sektor Crne Gore PODGORICA - Predstavnici arapskog investicionog giganta Royal Group\",\"breadcrumb\":{\"@id\":\"https:\/\/www.visit-ulcinj.com\/blog\/2008\/11\/01\/arapi-dolaze-7-novembra-u-crnu-goru\/#breadcrumb\"},\"inLanguage\":\"en-US\",\"potentialAction\":[{\"@type\":\"ReadAction\",\"target\":[\"https:\/\/www.visit-ulcinj.com\/blog\/2008\/11\/01\/arapi-dolaze-7-novembra-u-crnu-goru\/\"]}]},{\"@type\":\"BreadcrumbList\",\"@id\":\"https:\/\/www.visit-ulcinj.com\/blog\/2008\/11\/01\/arapi-dolaze-7-novembra-u-crnu-goru\/#breadcrumb\",\"itemListElement\":[{\"@type\":\"ListItem\",\"position\":1,\"name\":\"Arapi dolaze 7. novembra u Crnu Goru\"}]},{\"@type\":\"Person\",\"@id\":\"https:\/\/www.visit-ulcinj.com\/blog\/#\/schema\/person\/dcab619c614d3038751c63bc2aadc06d\",\"name\":\"ulqini\",\"sameAs\":[\"http:\/\/www.visit-ulcinj.com\"],\"url\":\"https:\/\/www.visit-ulcinj.com\/blog\/author\/admin\/\"}]}<\/script>\n<!-- \/ Yoast SEO plugin. -->","yoast_head_json":{"title":"Arapi dolaze 7. novembra u Crnu Goru - Lajme nga Ulqini","description":"Predstavnici Rojal grupe odlu?ili da ula\u017eu u bankarski i turisti?ki sektor Crne Gore PODGORICA - Predstavnici arapskog investicionog giganta Royal Group","robots":{"index":"index","follow":"follow","max-snippet":"max-snippet:-1","max-image-preview":"max-image-preview:large","max-video-preview":"max-video-preview:-1"},"canonical":"https:\/\/www.visit-ulcinj.com\/blog\/2008\/11\/01\/arapi-dolaze-7-novembra-u-crnu-goru\/","og_locale":"en_US","og_type":"article","og_title":"Arapi dolaze 7. novembra u Crnu Goru - Lajme nga Ulqini","og_description":"Predstavnici Rojal grupe odlu?ili da ula\u017eu u bankarski i turisti?ki sektor Crne Gore PODGORICA - Predstavnici arapskog investicionog giganta Royal Group","og_url":"https:\/\/www.visit-ulcinj.com\/blog\/2008\/11\/01\/arapi-dolaze-7-novembra-u-crnu-goru\/","og_site_name":"Lajme nga Ulqini","article_published_time":"2008-11-01T20:03:54+00:00","article_modified_time":"2008-11-01T20:12:49+00:00","og_image":[{"url":"http:\/\/www.visit-ulcinj.com\/blog\/wp-content\/uploads\/2008\/06\/kanal-bojana_port-milena_velika-plaza1.jpg"}],"twitter_misc":{"Written by":"ulqini","Est. reading time":"3 minutes"},"schema":{"@context":"https:\/\/schema.org","@graph":[{"@type":"WebSite","@id":"https:\/\/www.visit-ulcinj.com\/blog\/#website","url":"https:\/\/www.visit-ulcinj.com\/blog\/","name":"Lajme nga Ulqini","description":"Lajme,Vijesti,Ulqini,Ulqin,Crna Gora,Mali i Zi","potentialAction":[{"@type":"SearchAction","target":{"@type":"EntryPoint","urlTemplate":"https:\/\/www.visit-ulcinj.com\/blog\/?s={search_term_string}"},"query-input":"required name=search_term_string"}],"inLanguage":"en-US"},{"@type":"ImageObject","inLanguage":"en-US","@id":"https:\/\/www.visit-ulcinj.com\/blog\/2008\/11\/01\/arapi-dolaze-7-novembra-u-crnu-goru\/#primaryimage","url":"http:\/\/www.visit-ulcinj.com\/blog\/wp-content\/uploads\/2008\/06\/kanal-bojana_port-milena_velika-plaza1.jpg","contentUrl":"http:\/\/www.visit-ulcinj.com\/blog\/wp-content\/uploads\/2008\/06\/kanal-bojana_port-milena_velika-plaza1.jpg"},{"@type":"WebPage","@id":"https:\/\/www.visit-ulcinj.com\/blog\/2008\/11\/01\/arapi-dolaze-7-novembra-u-crnu-goru\/#webpage","url":"https:\/\/www.visit-ulcinj.com\/blog\/2008\/11\/01\/arapi-dolaze-7-novembra-u-crnu-goru\/","name":"Arapi dolaze 7. novembra u Crnu Goru - Lajme nga Ulqini","isPartOf":{"@id":"https:\/\/www.visit-ulcinj.com\/blog\/#website"},"primaryImageOfPage":{"@id":"https:\/\/www.visit-ulcinj.com\/blog\/2008\/11\/01\/arapi-dolaze-7-novembra-u-crnu-goru\/#primaryimage"},"datePublished":"2008-11-01T20:03:54+00:00","dateModified":"2008-11-01T20:12:49+00:00","author":{"@id":"https:\/\/www.visit-ulcinj.com\/blog\/#\/schema\/person\/dcab619c614d3038751c63bc2aadc06d"},"description":"Predstavnici Rojal grupe odlu?ili da ula\u017eu u bankarski i turisti?ki sektor Crne Gore PODGORICA - Predstavnici arapskog investicionog giganta Royal Group","breadcrumb":{"@id":"https:\/\/www.visit-ulcinj.com\/blog\/2008\/11\/01\/arapi-dolaze-7-novembra-u-crnu-goru\/#breadcrumb"},"inLanguage":"en-US","potentialAction":[{"@type":"ReadAction","target":["https:\/\/www.visit-ulcinj.com\/blog\/2008\/11\/01\/arapi-dolaze-7-novembra-u-crnu-goru\/"]}]},{"@type":"BreadcrumbList","@id":"https:\/\/www.visit-ulcinj.com\/blog\/2008\/11\/01\/arapi-dolaze-7-novembra-u-crnu-goru\/#breadcrumb","itemListElement":[{"@type":"ListItem","position":1,"name":"Arapi dolaze 7. novembra u Crnu Goru"}]},{"@type":"Person","@id":"https:\/\/www.visit-ulcinj.com\/blog\/#\/schema\/person\/dcab619c614d3038751c63bc2aadc06d","name":"ulqini","sameAs":["http:\/\/www.visit-ulcinj.com"],"url":"https:\/\/www.visit-ulcinj.com\/blog\/author\/admin\/"}]}},"jetpack_featured_media_url":"","jetpack_sharing_enabled":true,"jetpack_shortlink":"https:\/\/wp.me\/pe6lTn-1ml","_links":{"self":[{"href":"https:\/\/www.visit-ulcinj.com\/blog\/wp-json\/wp\/v2\/posts\/5229"}],"collection":[{"href":"https:\/\/www.visit-ulcinj.com\/blog\/wp-json\/wp\/v2\/posts"}],"about":[{"href":"https:\/\/www.visit-ulcinj.com\/blog\/wp-json\/wp\/v2\/types\/post"}],"author":[{"embeddable":true,"href":"https:\/\/www.visit-ulcinj.com\/blog\/wp-json\/wp\/v2\/users\/1"}],"replies":[{"embeddable":true,"href":"https:\/\/www.visit-ulcinj.com\/blog\/wp-json\/wp\/v2\/comments?post=5229"}],"version-history":[{"count":0,"href":"https:\/\/www.visit-ulcinj.com\/blog\/wp-json\/wp\/v2\/posts\/5229\/revisions"}],"wp:attachment":[{"href":"https:\/\/www.visit-ulcinj.com\/blog\/wp-json\/wp\/v2\/media?parent=5229"}],"wp:term":[{"taxonomy":"category","embeddable":true,"href":"https:\/\/www.visit-ulcinj.com\/blog\/wp-json\/wp\/v2\/categories?post=5229"},{"taxonomy":"post_tag","embeddable":true,"href":"https:\/\/www.visit-ulcinj.com\/blog\/wp-json\/wp\/v2\/tags?post=5229"}],"curies":[{"name":"wp","href":"https:\/\/api.w.org\/{rel}","templated":true}]}}