{"id":52295,"date":"2011-10-25T14:30:08","date_gmt":"2011-10-25T13:30:08","guid":{"rendered":"http:\/\/www.visit-ulcinj.com\/blog\/?p=52295"},"modified":"2011-10-29T19:30:00","modified_gmt":"2011-10-29T18:30:00","slug":"emision-javor-ne-gjuhen-shqipe-%e2%80%9dmozaiku-60%e2%80%9d-reduktohet-nga-40-ne-25-minuta","status":"publish","type":"post","link":"https:\/\/www.visit-ulcinj.com\/blog\/2011\/10\/25\/emision-javor-ne-gjuhen-shqipe-%e2%80%9dmozaiku-60%e2%80%9d-reduktohet-nga-40-ne-25-minuta\/","title":{"rendered":"Emision javor n\u00eb gjuh\u00ebn shqipe \u201dMozaiku 60\u201d reduktohet nga 40 n\u00eb 25 minuta &#8211; Video"},"content":{"rendered":"<p><strong><a href=\"http:\/\/www.visit-ulcinj.com\/blog\/wp-content\/uploads\/2011\/10\/Mozaiku_60-_TVCG.jpg\"><img loading=\"lazy\" class=\"alignleft size-full wp-image-52296\" title=\"Mozaiku_60 _TVCG\" src=\"http:\/\/www.visit-ulcinj.com\/blog\/wp-content\/uploads\/2011\/10\/Mozaiku_60-_TVCG.jpg\" alt=\"\" width=\"508\" height=\"380\" srcset=\"https:\/\/www.visit-ulcinj.com\/blog\/wp-content\/uploads\/2011\/10\/Mozaiku_60-_TVCG.jpg 640w, https:\/\/www.visit-ulcinj.com\/blog\/wp-content\/uploads\/2011\/10\/Mozaiku_60-_TVCG-300x225.jpg 300w\" sizes=\"(max-width: 508px) 100vw, 508px\" \/><\/a>Sipas Skem\u00ebs s re Programore RTV-s\u00eb s\u00eb Malit t\u00eb Zi,Emision Javor n\u00eb Gjuh\u00ebn Shqipe \u201dMozaiku 60\u201d Reduktohet nga 40 n\u00eb 25 minuta !!!!<\/strong><strong><br \/>\n<strong>Tkurrje n\u00eb vend t\u00eb zgjerimit<\/strong><\/strong><br \/>\nEmisioni shqip n\u00eb TV-n\u00eb e Malit t\u00eb Zi, dikur \u201cKronika javore\u201d, themeluar n\u00eb vitin 1992, ishte emision mjaft i shikuar nga shqiptar\u00ebt e Malit t\u00eb Zi dhe zgjaste 30 minuta. Veprimtaria e k\u00ebsaj redaksie zgjati deri n\u00eb vitin 1998, q\u00eb kontribuoi mjaft p\u00ebr afirmimin e vlerave tona.<br \/>\nMe kompletimin e redaksis\u00eb, po k\u00ebt\u00eb vit, \u201cKronika javore\u201d u shnd\u00ebrrua n\u00eb \u201cMozaiku 60\u2033. Nd\u00ebrkaq, 4 vite m\u00eb von\u00eb, programi shqip zgjerohet edhe me lajmet ditore q\u00eb zgjasin 15 minuta. N\u00eb redaksin\u00eb shqip, por edhe n\u00eb K\u00ebshillin drejtues t\u00eb RTV MZ ka ekzistuar nj\u00eb frym\u00eb dhe d\u00ebshir\u00eb q\u00eb programi shqip t\u00eb zgjerohet edhe me ndonj\u00eb program tjet\u00ebr. Mir\u00ebpo, sipas skem\u00ebs se re programore t\u00eb TV-s\u00eb s\u00eb Malit t\u00eb Zi emisionijavor n\u00eb gjuh\u00ebn shqipe \u201cMozaiku 60\u2033 reduktohet nga 60 n\u00eb 40 e tani n\u00eb 25 minuta.<\/p>\n<p>Shqiptar\u00ebt n\u00eb Mal t\u00eb Zi \u00a0duhet t`i realizojn\u00eb t\u00eb drejtat e tyre konform standardeve nd\u00ebrkomb\u00ebtare p\u00ebr informim n\u00eb gjuh\u00ebn am\u00ebtare, n\u00eb k\u00ebt\u00eb rast n\u00eb informimin e pakicave n\u00eb gjuh\u00ebn e tyre.<\/p>\n<!--YouTube Error: bad URL entered-->\n","protected":false},"excerpt":{"rendered":"<p>Sipas Skem\u00ebs s re Programore RTV-s\u00eb s\u00eb Malit t\u00eb Zi,Emision Javor n\u00eb Gjuh\u00ebn Shqipe \u201dMozaiku 60\u201d Reduktohet nga 40 n\u00eb 25 minuta !!!! Tkurrje n\u00eb vend t\u00eb zgjerimit Emisioni shqip n\u00eb TV-n\u00eb e Malit t\u00eb Zi, dikur \u201cKronika javore\u201d, themeluar n\u00eb vitin 1992, ishte emision mjaft i shikuar nga shqiptar\u00ebt e Malit t\u00eb Zi dhe [&hellip;]<\/p>\n","protected":false},"author":1,"featured_media":0,"comment_status":"open","ping_status":"closed","sticky":false,"template":"","format":"standard","meta":{"spay_email":"","jetpack_publicize_message":"","jetpack_is_tweetstorm":false,"jetpack_publicize_feature_enabled":true},"categories":[1,6950],"tags":[12320,95,9620,19237],"jetpack_publicize_connections":[],"yoast_head":"<!-- This site is optimized with the Yoast SEO plugin v19.1 - https:\/\/yoast.com\/wordpress\/plugins\/seo\/ -->\n<title>Emision javor n\u00eb gjuh\u00ebn shqipe \u201dMozaiku 60\u201d reduktohet nga 40 n\u00eb 25 minuta - Video - Lajme nga Ulqini<\/title>\n<meta name=\"description\" content=\"Sipas Skem\u00ebs s re Programore RTV-s\u00eb s\u00eb Malit t\u00eb Zi,Emision Javor n\u00eb Gjuh\u00ebn Shqipe \u201dMozaiku 60\u201d Reduktohet nga 40 n\u00eb 25 minuta !!!! Tkurrje n\u00eb vend t\u00eb\" \/>\n<meta name=\"robots\" content=\"index, follow, max-snippet:-1, max-image-preview:large, max-video-preview:-1\" \/>\n<link rel=\"canonical\" href=\"https:\/\/www.visit-ulcinj.com\/blog\/2011\/10\/25\/emision-javor-ne-gjuhen-shqipe-\u201dmozaiku-60\u201d-reduktohet-nga-40-ne-25-minuta\/\" \/>\n<meta property=\"og:locale\" content=\"en_US\" \/>\n<meta property=\"og:type\" content=\"article\" \/>\n<meta property=\"og:title\" content=\"Emision javor n\u00eb gjuh\u00ebn shqipe \u201dMozaiku 60\u201d reduktohet nga 40 n\u00eb 25 minuta - Video - Lajme nga Ulqini\" \/>\n<meta property=\"og:description\" content=\"Sipas Skem\u00ebs s re Programore RTV-s\u00eb s\u00eb Malit t\u00eb Zi,Emision Javor n\u00eb Gjuh\u00ebn Shqipe \u201dMozaiku 60\u201d Reduktohet nga 40 n\u00eb 25 minuta !!!! Tkurrje n\u00eb vend t\u00eb\" \/>\n<meta property=\"og:url\" content=\"https:\/\/www.visit-ulcinj.com\/blog\/2011\/10\/25\/emision-javor-ne-gjuhen-shqipe-\u201dmozaiku-60\u201d-reduktohet-nga-40-ne-25-minuta\/\" \/>\n<meta property=\"og:site_name\" content=\"Lajme nga Ulqini\" \/>\n<meta property=\"article:published_time\" content=\"2011-10-25T13:30:08+00:00\" \/>\n<meta property=\"article:modified_time\" content=\"2011-10-29T18:30:00+00:00\" \/>\n<meta property=\"og:image\" content=\"http:\/\/www.visit-ulcinj.com\/blog\/wp-content\/uploads\/2011\/10\/Mozaiku_60-_TVCG.jpg\" \/>\n<meta name=\"twitter:label1\" content=\"Written by\" \/>\n\t<meta name=\"twitter:data1\" content=\"ulqini\" \/>\n\t<meta name=\"twitter:label2\" content=\"Est. reading time\" \/>\n\t<meta name=\"twitter:data2\" content=\"1 minute\" \/>\n<script type=\"application\/ld+json\" class=\"yoast-schema-graph\">{\"@context\":\"https:\/\/schema.org\",\"@graph\":[{\"@type\":\"WebSite\",\"@id\":\"https:\/\/www.visit-ulcinj.com\/blog\/#website\",\"url\":\"https:\/\/www.visit-ulcinj.com\/blog\/\",\"name\":\"Lajme nga Ulqini\",\"description\":\"Lajme,Vijesti,Ulqini,Ulqin,Crna Gora,Mali i Zi\",\"potentialAction\":[{\"@type\":\"SearchAction\",\"target\":{\"@type\":\"EntryPoint\",\"urlTemplate\":\"https:\/\/www.visit-ulcinj.com\/blog\/?s={search_term_string}\"},\"query-input\":\"required name=search_term_string\"}],\"inLanguage\":\"en-US\"},{\"@type\":\"ImageObject\",\"inLanguage\":\"en-US\",\"@id\":\"https:\/\/www.visit-ulcinj.com\/blog\/2011\/10\/25\/emision-javor-ne-gjuhen-shqipe-%e2%80%9dmozaiku-60%e2%80%9d-reduktohet-nga-40-ne-25-minuta\/#primaryimage\",\"url\":\"https:\/\/www.visit-ulcinj.com\/blog\/wp-content\/uploads\/2011\/10\/Mozaiku_60-_TVCG.jpg\",\"contentUrl\":\"https:\/\/www.visit-ulcinj.com\/blog\/wp-content\/uploads\/2011\/10\/Mozaiku_60-_TVCG.jpg\",\"width\":\"640\",\"height\":\"480\"},{\"@type\":\"WebPage\",\"@id\":\"https:\/\/www.visit-ulcinj.com\/blog\/2011\/10\/25\/emision-javor-ne-gjuhen-shqipe-%e2%80%9dmozaiku-60%e2%80%9d-reduktohet-nga-40-ne-25-minuta\/#webpage\",\"url\":\"https:\/\/www.visit-ulcinj.com\/blog\/2011\/10\/25\/emision-javor-ne-gjuhen-shqipe-%e2%80%9dmozaiku-60%e2%80%9d-reduktohet-nga-40-ne-25-minuta\/\",\"name\":\"Emision javor n\u00eb gjuh\u00ebn shqipe \u201dMozaiku 60\u201d reduktohet nga 40 n\u00eb 25 minuta - Video - Lajme nga Ulqini\",\"isPartOf\":{\"@id\":\"https:\/\/www.visit-ulcinj.com\/blog\/#website\"},\"primaryImageOfPage\":{\"@id\":\"https:\/\/www.visit-ulcinj.com\/blog\/2011\/10\/25\/emision-javor-ne-gjuhen-shqipe-%e2%80%9dmozaiku-60%e2%80%9d-reduktohet-nga-40-ne-25-minuta\/#primaryimage\"},\"datePublished\":\"2011-10-25T13:30:08+00:00\",\"dateModified\":\"2011-10-29T18:30:00+00:00\",\"author\":{\"@id\":\"https:\/\/www.visit-ulcinj.com\/blog\/#\/schema\/person\/dcab619c614d3038751c63bc2aadc06d\"},\"description\":\"Sipas Skem\u00ebs s re Programore RTV-s\u00eb s\u00eb Malit t\u00eb Zi,Emision Javor n\u00eb Gjuh\u00ebn Shqipe \u201dMozaiku 60\u201d Reduktohet nga 40 n\u00eb 25 minuta !!!! Tkurrje n\u00eb vend t\u00eb\",\"breadcrumb\":{\"@id\":\"https:\/\/www.visit-ulcinj.com\/blog\/2011\/10\/25\/emision-javor-ne-gjuhen-shqipe-%e2%80%9dmozaiku-60%e2%80%9d-reduktohet-nga-40-ne-25-minuta\/#breadcrumb\"},\"inLanguage\":\"en-US\",\"potentialAction\":[{\"@type\":\"ReadAction\",\"target\":[\"https:\/\/www.visit-ulcinj.com\/blog\/2011\/10\/25\/emision-javor-ne-gjuhen-shqipe-%e2%80%9dmozaiku-60%e2%80%9d-reduktohet-nga-40-ne-25-minuta\/\"]}]},{\"@type\":\"BreadcrumbList\",\"@id\":\"https:\/\/www.visit-ulcinj.com\/blog\/2011\/10\/25\/emision-javor-ne-gjuhen-shqipe-%e2%80%9dmozaiku-60%e2%80%9d-reduktohet-nga-40-ne-25-minuta\/#breadcrumb\",\"itemListElement\":[{\"@type\":\"ListItem\",\"position\":1,\"name\":\"Emision javor n\u00eb gjuh\u00ebn shqipe \u201dMozaiku 60\u201d reduktohet nga 40 n\u00eb 25 minuta &#8211; Video\"}]},{\"@type\":\"Person\",\"@id\":\"https:\/\/www.visit-ulcinj.com\/blog\/#\/schema\/person\/dcab619c614d3038751c63bc2aadc06d\",\"name\":\"ulqini\",\"sameAs\":[\"http:\/\/www.visit-ulcinj.com\"],\"url\":\"https:\/\/www.visit-ulcinj.com\/blog\/author\/admin\/\"}]}<\/script>\n<!-- \/ Yoast SEO plugin. -->","yoast_head_json":{"title":"Emision javor n\u00eb gjuh\u00ebn shqipe \u201dMozaiku 60\u201d reduktohet nga 40 n\u00eb 25 minuta - Video - Lajme nga Ulqini","description":"Sipas Skem\u00ebs s re Programore RTV-s\u00eb s\u00eb Malit t\u00eb Zi,Emision Javor n\u00eb Gjuh\u00ebn Shqipe \u201dMozaiku 60\u201d Reduktohet nga 40 n\u00eb 25 minuta !!!! Tkurrje n\u00eb vend t\u00eb","robots":{"index":"index","follow":"follow","max-snippet":"max-snippet:-1","max-image-preview":"max-image-preview:large","max-video-preview":"max-video-preview:-1"},"canonical":"https:\/\/www.visit-ulcinj.com\/blog\/2011\/10\/25\/emision-javor-ne-gjuhen-shqipe-\u201dmozaiku-60\u201d-reduktohet-nga-40-ne-25-minuta\/","og_locale":"en_US","og_type":"article","og_title":"Emision javor n\u00eb gjuh\u00ebn shqipe \u201dMozaiku 60\u201d reduktohet nga 40 n\u00eb 25 minuta - Video - Lajme nga Ulqini","og_description":"Sipas Skem\u00ebs s re Programore RTV-s\u00eb s\u00eb Malit t\u00eb Zi,Emision Javor n\u00eb Gjuh\u00ebn Shqipe \u201dMozaiku 60\u201d Reduktohet nga 40 n\u00eb 25 minuta !!!! Tkurrje n\u00eb vend t\u00eb","og_url":"https:\/\/www.visit-ulcinj.com\/blog\/2011\/10\/25\/emision-javor-ne-gjuhen-shqipe-\u201dmozaiku-60\u201d-reduktohet-nga-40-ne-25-minuta\/","og_site_name":"Lajme nga Ulqini","article_published_time":"2011-10-25T13:30:08+00:00","article_modified_time":"2011-10-29T18:30:00+00:00","og_image":[{"url":"http:\/\/www.visit-ulcinj.com\/blog\/wp-content\/uploads\/2011\/10\/Mozaiku_60-_TVCG.jpg"}],"twitter_misc":{"Written by":"ulqini","Est. reading time":"1 minute"},"schema":{"@context":"https:\/\/schema.org","@graph":[{"@type":"WebSite","@id":"https:\/\/www.visit-ulcinj.com\/blog\/#website","url":"https:\/\/www.visit-ulcinj.com\/blog\/","name":"Lajme nga Ulqini","description":"Lajme,Vijesti,Ulqini,Ulqin,Crna Gora,Mali i Zi","potentialAction":[{"@type":"SearchAction","target":{"@type":"EntryPoint","urlTemplate":"https:\/\/www.visit-ulcinj.com\/blog\/?s={search_term_string}"},"query-input":"required name=search_term_string"}],"inLanguage":"en-US"},{"@type":"ImageObject","inLanguage":"en-US","@id":"https:\/\/www.visit-ulcinj.com\/blog\/2011\/10\/25\/emision-javor-ne-gjuhen-shqipe-%e2%80%9dmozaiku-60%e2%80%9d-reduktohet-nga-40-ne-25-minuta\/#primaryimage","url":"https:\/\/www.visit-ulcinj.com\/blog\/wp-content\/uploads\/2011\/10\/Mozaiku_60-_TVCG.jpg","contentUrl":"https:\/\/www.visit-ulcinj.com\/blog\/wp-content\/uploads\/2011\/10\/Mozaiku_60-_TVCG.jpg","width":"640","height":"480"},{"@type":"WebPage","@id":"https:\/\/www.visit-ulcinj.com\/blog\/2011\/10\/25\/emision-javor-ne-gjuhen-shqipe-%e2%80%9dmozaiku-60%e2%80%9d-reduktohet-nga-40-ne-25-minuta\/#webpage","url":"https:\/\/www.visit-ulcinj.com\/blog\/2011\/10\/25\/emision-javor-ne-gjuhen-shqipe-%e2%80%9dmozaiku-60%e2%80%9d-reduktohet-nga-40-ne-25-minuta\/","name":"Emision javor n\u00eb gjuh\u00ebn shqipe \u201dMozaiku 60\u201d reduktohet nga 40 n\u00eb 25 minuta - Video - Lajme nga Ulqini","isPartOf":{"@id":"https:\/\/www.visit-ulcinj.com\/blog\/#website"},"primaryImageOfPage":{"@id":"https:\/\/www.visit-ulcinj.com\/blog\/2011\/10\/25\/emision-javor-ne-gjuhen-shqipe-%e2%80%9dmozaiku-60%e2%80%9d-reduktohet-nga-40-ne-25-minuta\/#primaryimage"},"datePublished":"2011-10-25T13:30:08+00:00","dateModified":"2011-10-29T18:30:00+00:00","author":{"@id":"https:\/\/www.visit-ulcinj.com\/blog\/#\/schema\/person\/dcab619c614d3038751c63bc2aadc06d"},"description":"Sipas Skem\u00ebs s re Programore RTV-s\u00eb s\u00eb Malit t\u00eb Zi,Emision Javor n\u00eb Gjuh\u00ebn Shqipe \u201dMozaiku 60\u201d Reduktohet nga 40 n\u00eb 25 minuta !!!! Tkurrje n\u00eb vend t\u00eb","breadcrumb":{"@id":"https:\/\/www.visit-ulcinj.com\/blog\/2011\/10\/25\/emision-javor-ne-gjuhen-shqipe-%e2%80%9dmozaiku-60%e2%80%9d-reduktohet-nga-40-ne-25-minuta\/#breadcrumb"},"inLanguage":"en-US","potentialAction":[{"@type":"ReadAction","target":["https:\/\/www.visit-ulcinj.com\/blog\/2011\/10\/25\/emision-javor-ne-gjuhen-shqipe-%e2%80%9dmozaiku-60%e2%80%9d-reduktohet-nga-40-ne-25-minuta\/"]}]},{"@type":"BreadcrumbList","@id":"https:\/\/www.visit-ulcinj.com\/blog\/2011\/10\/25\/emision-javor-ne-gjuhen-shqipe-%e2%80%9dmozaiku-60%e2%80%9d-reduktohet-nga-40-ne-25-minuta\/#breadcrumb","itemListElement":[{"@type":"ListItem","position":1,"name":"Emision javor n\u00eb gjuh\u00ebn shqipe \u201dMozaiku 60\u201d reduktohet nga 40 n\u00eb 25 minuta &#8211; Video"}]},{"@type":"Person","@id":"https:\/\/www.visit-ulcinj.com\/blog\/#\/schema\/person\/dcab619c614d3038751c63bc2aadc06d","name":"ulqini","sameAs":["http:\/\/www.visit-ulcinj.com"],"url":"https:\/\/www.visit-ulcinj.com\/blog\/author\/admin\/"}]}},"jetpack_featured_media_url":"","jetpack_sharing_enabled":true,"jetpack_shortlink":"https:\/\/wp.me\/pe6lTn-dBt","_links":{"self":[{"href":"https:\/\/www.visit-ulcinj.com\/blog\/wp-json\/wp\/v2\/posts\/52295"}],"collection":[{"href":"https:\/\/www.visit-ulcinj.com\/blog\/wp-json\/wp\/v2\/posts"}],"about":[{"href":"https:\/\/www.visit-ulcinj.com\/blog\/wp-json\/wp\/v2\/types\/post"}],"author":[{"embeddable":true,"href":"https:\/\/www.visit-ulcinj.com\/blog\/wp-json\/wp\/v2\/users\/1"}],"replies":[{"embeddable":true,"href":"https:\/\/www.visit-ulcinj.com\/blog\/wp-json\/wp\/v2\/comments?post=52295"}],"version-history":[{"count":5,"href":"https:\/\/www.visit-ulcinj.com\/blog\/wp-json\/wp\/v2\/posts\/52295\/revisions"}],"predecessor-version":[{"id":52534,"href":"https:\/\/www.visit-ulcinj.com\/blog\/wp-json\/wp\/v2\/posts\/52295\/revisions\/52534"}],"wp:attachment":[{"href":"https:\/\/www.visit-ulcinj.com\/blog\/wp-json\/wp\/v2\/media?parent=52295"}],"wp:term":[{"taxonomy":"category","embeddable":true,"href":"https:\/\/www.visit-ulcinj.com\/blog\/wp-json\/wp\/v2\/categories?post=52295"},{"taxonomy":"post_tag","embeddable":true,"href":"https:\/\/www.visit-ulcinj.com\/blog\/wp-json\/wp\/v2\/tags?post=52295"}],"curies":[{"name":"wp","href":"https:\/\/api.w.org\/{rel}","templated":true}]}}