{"id":52300,"date":"2011-10-25T19:17:11","date_gmt":"2011-10-25T18:17:11","guid":{"rendered":"http:\/\/www.visit-ulcinj.com\/blog\/?p=52300"},"modified":"2011-10-25T19:17:11","modified_gmt":"2011-10-25T18:17:11","slug":"glasaj-za-htp-%e2%80%9eulcinjska-rivijera-na-webfest-me","status":"publish","type":"post","link":"https:\/\/www.visit-ulcinj.com\/blog\/2011\/10\/25\/glasaj-za-htp-%e2%80%9eulcinjska-rivijera-na-webfest-me\/","title":{"rendered":"Glasaj za HTP \u201eUlcinjska rivijera na Webfest.me"},"content":{"rendered":"<p align=\"center\"><strong><a href=\"http:\/\/www.visit-ulcinj.com\/blog\/wp-content\/uploads\/2011\/10\/Ulcinjska-rivijera.jpg\"><img loading=\"lazy\" class=\"alignleft size-full wp-image-52301\" title=\"Ulcinjska rivijera\" src=\"http:\/\/www.visit-ulcinj.com\/blog\/wp-content\/uploads\/2011\/10\/Ulcinjska-rivijera.jpg\" alt=\"\" width=\"508\" height=\"380\" \/><\/a>Webfest.me<\/strong><\/p>\n<p>HTP \u201eUlcinjska rivijera\u201c se i ove godine prijavila na najve\u0107e regionalno takmi\u010denje za izbor najboljeg web sajta. Webfest.me je najve\u0107i regionalni internet festival posve\u0107en promociji i unapre\u0111enju interneta. Postoji ve\u0107 \u010detiri godine. Ove godine glasanje je jednostavnije nego ikada i otvoreno je do 10. novembra. Pozivamo Vas da svoj glas date sajtu Ulcinjske rivijere.<\/p>\n<p><strong>Glasajte putem linka:<\/strong><\/p>\n<p><strong><a href=\"http:\/\/webfest.nadlanu.com\/pocetna\/specijalno\/web-fest\/HTP-Ulcinjska-rivijera.wf-532.429.html\">http:\/\/webfest.nadlanu.com\/pocetna\/specijalno\/web-fest\/HTP-Ulcinjska-rivijera.wf-532.429.html<\/a><\/strong><\/p>\n<p>&nbsp;<\/p>\n","protected":false},"excerpt":{"rendered":"<p>Webfest.me HTP \u201eUlcinjska rivijera\u201c se i ove godine prijavila na najve\u0107e regionalno takmi\u010denje za izbor najboljeg web sajta. Webfest.me je najve\u0107i regionalni internet festival posve\u0107en promociji i unapre\u0111enju interneta. Postoji ve\u0107 \u010detiri godine. Ove godine glasanje je jednostavnije nego ikada i otvoreno je do 10. novembra. Pozivamo Vas da svoj glas date sajtu Ulcinjske rivijere. [&hellip;]<\/p>\n","protected":false},"author":1,"featured_media":0,"comment_status":"open","ping_status":"closed","sticky":false,"template":"","format":"standard","meta":{"spay_email":"","jetpack_publicize_message":"","jetpack_is_tweetstorm":false,"jetpack_publicize_feature_enabled":true},"categories":[6950],"tags":[19238,849],"jetpack_publicize_connections":[],"yoast_head":"<!-- This site is optimized with the Yoast SEO plugin v19.1 - https:\/\/yoast.com\/wordpress\/plugins\/seo\/ -->\n<title>Glasaj za HTP \u201eUlcinjska rivijera na Webfest.me - Lajme nga Ulqini<\/title>\n<meta name=\"description\" content=\"Webfest.me HTP \u201eUlcinjska rivijera\u201c se i ove godine prijavila na najve\u0107e regionalno takmi\u010denje za izbor najboljeg web sajta. Webfest.me je najve\u0107i\" \/>\n<meta name=\"robots\" content=\"index, follow, max-snippet:-1, max-image-preview:large, max-video-preview:-1\" \/>\n<link rel=\"canonical\" href=\"https:\/\/www.visit-ulcinj.com\/blog\/2011\/10\/25\/glasaj-za-htp-\u201eulcinjska-rivijera-na-webfest-me\/\" \/>\n<meta property=\"og:locale\" content=\"en_US\" \/>\n<meta property=\"og:type\" content=\"article\" \/>\n<meta property=\"og:title\" content=\"Glasaj za HTP \u201eUlcinjska rivijera na Webfest.me - Lajme nga Ulqini\" \/>\n<meta property=\"og:description\" content=\"Webfest.me HTP \u201eUlcinjska rivijera\u201c se i ove godine prijavila na najve\u0107e regionalno takmi\u010denje za izbor najboljeg web sajta. Webfest.me je najve\u0107i\" \/>\n<meta property=\"og:url\" content=\"https:\/\/www.visit-ulcinj.com\/blog\/2011\/10\/25\/glasaj-za-htp-\u201eulcinjska-rivijera-na-webfest-me\/\" \/>\n<meta property=\"og:site_name\" content=\"Lajme nga Ulqini\" \/>\n<meta property=\"article:published_time\" content=\"2011-10-25T18:17:11+00:00\" \/>\n<meta property=\"og:image\" content=\"http:\/\/www.visit-ulcinj.com\/blog\/wp-content\/uploads\/2011\/10\/Ulcinjska-rivijera.jpg\" \/>\n<meta name=\"twitter:label1\" content=\"Written by\" \/>\n\t<meta name=\"twitter:data1\" content=\"ulqini\" \/>\n<script type=\"application\/ld+json\" class=\"yoast-schema-graph\">{\"@context\":\"https:\/\/schema.org\",\"@graph\":[{\"@type\":\"WebSite\",\"@id\":\"https:\/\/www.visit-ulcinj.com\/blog\/#website\",\"url\":\"https:\/\/www.visit-ulcinj.com\/blog\/\",\"name\":\"Lajme nga Ulqini\",\"description\":\"Lajme,Vijesti,Ulqini,Ulqin,Crna Gora,Mali i Zi\",\"potentialAction\":[{\"@type\":\"SearchAction\",\"target\":{\"@type\":\"EntryPoint\",\"urlTemplate\":\"https:\/\/www.visit-ulcinj.com\/blog\/?s={search_term_string}\"},\"query-input\":\"required name=search_term_string\"}],\"inLanguage\":\"en-US\"},{\"@type\":\"ImageObject\",\"inLanguage\":\"en-US\",\"@id\":\"https:\/\/www.visit-ulcinj.com\/blog\/2011\/10\/25\/glasaj-za-htp-%e2%80%9eulcinjska-rivijera-na-webfest-me\/#primaryimage\",\"url\":\"https:\/\/www.visit-ulcinj.com\/blog\/wp-content\/uploads\/2011\/10\/Ulcinjska-rivijera.jpg\",\"contentUrl\":\"https:\/\/www.visit-ulcinj.com\/blog\/wp-content\/uploads\/2011\/10\/Ulcinjska-rivijera.jpg\",\"width\":\"720\",\"height\":\"557\"},{\"@type\":\"WebPage\",\"@id\":\"https:\/\/www.visit-ulcinj.com\/blog\/2011\/10\/25\/glasaj-za-htp-%e2%80%9eulcinjska-rivijera-na-webfest-me\/#webpage\",\"url\":\"https:\/\/www.visit-ulcinj.com\/blog\/2011\/10\/25\/glasaj-za-htp-%e2%80%9eulcinjska-rivijera-na-webfest-me\/\",\"name\":\"Glasaj za HTP \u201eUlcinjska rivijera na Webfest.me - Lajme nga Ulqini\",\"isPartOf\":{\"@id\":\"https:\/\/www.visit-ulcinj.com\/blog\/#website\"},\"primaryImageOfPage\":{\"@id\":\"https:\/\/www.visit-ulcinj.com\/blog\/2011\/10\/25\/glasaj-za-htp-%e2%80%9eulcinjska-rivijera-na-webfest-me\/#primaryimage\"},\"datePublished\":\"2011-10-25T18:17:11+00:00\",\"dateModified\":\"2011-10-25T18:17:11+00:00\",\"author\":{\"@id\":\"https:\/\/www.visit-ulcinj.com\/blog\/#\/schema\/person\/dcab619c614d3038751c63bc2aadc06d\"},\"description\":\"Webfest.me HTP \u201eUlcinjska rivijera\u201c se i ove godine prijavila na najve\u0107e regionalno takmi\u010denje za izbor najboljeg web sajta. Webfest.me je najve\u0107i\",\"breadcrumb\":{\"@id\":\"https:\/\/www.visit-ulcinj.com\/blog\/2011\/10\/25\/glasaj-za-htp-%e2%80%9eulcinjska-rivijera-na-webfest-me\/#breadcrumb\"},\"inLanguage\":\"en-US\",\"potentialAction\":[{\"@type\":\"ReadAction\",\"target\":[\"https:\/\/www.visit-ulcinj.com\/blog\/2011\/10\/25\/glasaj-za-htp-%e2%80%9eulcinjska-rivijera-na-webfest-me\/\"]}]},{\"@type\":\"BreadcrumbList\",\"@id\":\"https:\/\/www.visit-ulcinj.com\/blog\/2011\/10\/25\/glasaj-za-htp-%e2%80%9eulcinjska-rivijera-na-webfest-me\/#breadcrumb\",\"itemListElement\":[{\"@type\":\"ListItem\",\"position\":1,\"name\":\"Glasaj za HTP \u201eUlcinjska rivijera na Webfest.me\"}]},{\"@type\":\"Person\",\"@id\":\"https:\/\/www.visit-ulcinj.com\/blog\/#\/schema\/person\/dcab619c614d3038751c63bc2aadc06d\",\"name\":\"ulqini\",\"sameAs\":[\"http:\/\/www.visit-ulcinj.com\"],\"url\":\"https:\/\/www.visit-ulcinj.com\/blog\/author\/admin\/\"}]}<\/script>\n<!-- \/ Yoast SEO plugin. -->","yoast_head_json":{"title":"Glasaj za HTP \u201eUlcinjska rivijera na Webfest.me - Lajme nga Ulqini","description":"Webfest.me HTP \u201eUlcinjska rivijera\u201c se i ove godine prijavila na najve\u0107e regionalno takmi\u010denje za izbor najboljeg web sajta. Webfest.me je najve\u0107i","robots":{"index":"index","follow":"follow","max-snippet":"max-snippet:-1","max-image-preview":"max-image-preview:large","max-video-preview":"max-video-preview:-1"},"canonical":"https:\/\/www.visit-ulcinj.com\/blog\/2011\/10\/25\/glasaj-za-htp-\u201eulcinjska-rivijera-na-webfest-me\/","og_locale":"en_US","og_type":"article","og_title":"Glasaj za HTP \u201eUlcinjska rivijera na Webfest.me - Lajme nga Ulqini","og_description":"Webfest.me HTP \u201eUlcinjska rivijera\u201c se i ove godine prijavila na najve\u0107e regionalno takmi\u010denje za izbor najboljeg web sajta. Webfest.me je najve\u0107i","og_url":"https:\/\/www.visit-ulcinj.com\/blog\/2011\/10\/25\/glasaj-za-htp-\u201eulcinjska-rivijera-na-webfest-me\/","og_site_name":"Lajme nga Ulqini","article_published_time":"2011-10-25T18:17:11+00:00","og_image":[{"url":"http:\/\/www.visit-ulcinj.com\/blog\/wp-content\/uploads\/2011\/10\/Ulcinjska-rivijera.jpg"}],"twitter_misc":{"Written by":"ulqini"},"schema":{"@context":"https:\/\/schema.org","@graph":[{"@type":"WebSite","@id":"https:\/\/www.visit-ulcinj.com\/blog\/#website","url":"https:\/\/www.visit-ulcinj.com\/blog\/","name":"Lajme nga Ulqini","description":"Lajme,Vijesti,Ulqini,Ulqin,Crna Gora,Mali i Zi","potentialAction":[{"@type":"SearchAction","target":{"@type":"EntryPoint","urlTemplate":"https:\/\/www.visit-ulcinj.com\/blog\/?s={search_term_string}"},"query-input":"required name=search_term_string"}],"inLanguage":"en-US"},{"@type":"ImageObject","inLanguage":"en-US","@id":"https:\/\/www.visit-ulcinj.com\/blog\/2011\/10\/25\/glasaj-za-htp-%e2%80%9eulcinjska-rivijera-na-webfest-me\/#primaryimage","url":"https:\/\/www.visit-ulcinj.com\/blog\/wp-content\/uploads\/2011\/10\/Ulcinjska-rivijera.jpg","contentUrl":"https:\/\/www.visit-ulcinj.com\/blog\/wp-content\/uploads\/2011\/10\/Ulcinjska-rivijera.jpg","width":"720","height":"557"},{"@type":"WebPage","@id":"https:\/\/www.visit-ulcinj.com\/blog\/2011\/10\/25\/glasaj-za-htp-%e2%80%9eulcinjska-rivijera-na-webfest-me\/#webpage","url":"https:\/\/www.visit-ulcinj.com\/blog\/2011\/10\/25\/glasaj-za-htp-%e2%80%9eulcinjska-rivijera-na-webfest-me\/","name":"Glasaj za HTP \u201eUlcinjska rivijera na Webfest.me - Lajme nga Ulqini","isPartOf":{"@id":"https:\/\/www.visit-ulcinj.com\/blog\/#website"},"primaryImageOfPage":{"@id":"https:\/\/www.visit-ulcinj.com\/blog\/2011\/10\/25\/glasaj-za-htp-%e2%80%9eulcinjska-rivijera-na-webfest-me\/#primaryimage"},"datePublished":"2011-10-25T18:17:11+00:00","dateModified":"2011-10-25T18:17:11+00:00","author":{"@id":"https:\/\/www.visit-ulcinj.com\/blog\/#\/schema\/person\/dcab619c614d3038751c63bc2aadc06d"},"description":"Webfest.me HTP \u201eUlcinjska rivijera\u201c se i ove godine prijavila na najve\u0107e regionalno takmi\u010denje za izbor najboljeg web sajta. Webfest.me je najve\u0107i","breadcrumb":{"@id":"https:\/\/www.visit-ulcinj.com\/blog\/2011\/10\/25\/glasaj-za-htp-%e2%80%9eulcinjska-rivijera-na-webfest-me\/#breadcrumb"},"inLanguage":"en-US","potentialAction":[{"@type":"ReadAction","target":["https:\/\/www.visit-ulcinj.com\/blog\/2011\/10\/25\/glasaj-za-htp-%e2%80%9eulcinjska-rivijera-na-webfest-me\/"]}]},{"@type":"BreadcrumbList","@id":"https:\/\/www.visit-ulcinj.com\/blog\/2011\/10\/25\/glasaj-za-htp-%e2%80%9eulcinjska-rivijera-na-webfest-me\/#breadcrumb","itemListElement":[{"@type":"ListItem","position":1,"name":"Glasaj za HTP \u201eUlcinjska rivijera na Webfest.me"}]},{"@type":"Person","@id":"https:\/\/www.visit-ulcinj.com\/blog\/#\/schema\/person\/dcab619c614d3038751c63bc2aadc06d","name":"ulqini","sameAs":["http:\/\/www.visit-ulcinj.com"],"url":"https:\/\/www.visit-ulcinj.com\/blog\/author\/admin\/"}]}},"jetpack_featured_media_url":"","jetpack_sharing_enabled":true,"jetpack_shortlink":"https:\/\/wp.me\/pe6lTn-dBy","_links":{"self":[{"href":"https:\/\/www.visit-ulcinj.com\/blog\/wp-json\/wp\/v2\/posts\/52300"}],"collection":[{"href":"https:\/\/www.visit-ulcinj.com\/blog\/wp-json\/wp\/v2\/posts"}],"about":[{"href":"https:\/\/www.visit-ulcinj.com\/blog\/wp-json\/wp\/v2\/types\/post"}],"author":[{"embeddable":true,"href":"https:\/\/www.visit-ulcinj.com\/blog\/wp-json\/wp\/v2\/users\/1"}],"replies":[{"embeddable":true,"href":"https:\/\/www.visit-ulcinj.com\/blog\/wp-json\/wp\/v2\/comments?post=52300"}],"version-history":[{"count":1,"href":"https:\/\/www.visit-ulcinj.com\/blog\/wp-json\/wp\/v2\/posts\/52300\/revisions"}],"predecessor-version":[{"id":52302,"href":"https:\/\/www.visit-ulcinj.com\/blog\/wp-json\/wp\/v2\/posts\/52300\/revisions\/52302"}],"wp:attachment":[{"href":"https:\/\/www.visit-ulcinj.com\/blog\/wp-json\/wp\/v2\/media?parent=52300"}],"wp:term":[{"taxonomy":"category","embeddable":true,"href":"https:\/\/www.visit-ulcinj.com\/blog\/wp-json\/wp\/v2\/categories?post=52300"},{"taxonomy":"post_tag","embeddable":true,"href":"https:\/\/www.visit-ulcinj.com\/blog\/wp-json\/wp\/v2\/tags?post=52300"}],"curies":[{"name":"wp","href":"https:\/\/api.w.org\/{rel}","templated":true}]}}